{"id":150787,"date":"2020-07-11T16:43:44","date_gmt":"2020-07-11T14:43:44","guid":{"rendered":"https:\/\/www.prijedordanas.com\/?p=150787"},"modified":"2020-07-11T16:43:44","modified_gmt":"2020-07-11T14:43:44","slug":"sds-prijedor-na-petrovdan-obiljezavanje-jubileja-i-krsne-slave","status":"publish","type":"post","link":"https:\/\/www.prijedordanas.com\/?p=150787","title":{"rendered":"SDS Prijedor: Na Petrovdan obilje\u017eavanje jubileja i krsne slave"},"content":{"rendered":"<p><a href=\"https:\/\/www.prijedordanas.com\/wp-content\/uploads\/2019\/06\/sds-prijedor-gradski-odbor.jpg\"><img loading=\"lazy\" decoding=\"async\" src=\"https:\/\/www.prijedordanas.com\/wp-content\/uploads\/2019\/06\/sds-prijedor-gradski-odbor-300x229.jpg\" alt=\"\" width=\"300\" height=\"229\" class=\"alignleft size-medium wp-image-129318\" srcset=\"https:\/\/www.prijedordanas.com\/wp-content\/uploads\/2019\/06\/sds-prijedor-gradski-odbor-300x229.jpg 300w, https:\/\/www.prijedordanas.com\/wp-content\/uploads\/2019\/06\/sds-prijedor-gradski-odbor-100x76.jpg 100w, https:\/\/www.prijedordanas.com\/wp-content\/uploads\/2019\/06\/sds-prijedor-gradski-odbor.jpg 656w\" sizes=\"(max-width: 300px) 100vw, 300px\" \/><\/a>Gradski odbor SDS-a Prijedor najavio je da \u0107e u nedjelju, 12. jula, proslaviti krsnu slavu Petrovdan i veliki jubilej 30 godina postojanja.<\/p>\n<p>&#8220;Prethodnih godina smo nau\u010dili da se o ovom danu okupimo u molitvi, slavskom obredu i ru\u010dku. Ove godine, na\u017ealost, zbog epidemiolo\u0161ke situacije i mjera koje su na snazi skromno \u0107emo obilje\u017eiti ovaj, za nas veoma va\u017ean dan&#8221;, saop\u0161teno je danas iz prijedorskog SDS-a.<\/p>\n<p>U 9.00 \u010dasova bi\u0107e slu\u017eena liturgija i osve\u0161tanje slavskog kola\u010da u Crkvi Svete Trojice u Prijedoru, a u 11.00 \u010dasova polo\u017eeni vijenci na centralnom spomen- obilje\u017eju &#8220;Za Krst \u010dasni&#8221; i na spomen-bisti akademika Jovana Ra\u0161kovi\u0107a.<\/p>\n<p>Nakon polaganja vijenaca izjavu za medije da\u0107e predsjednik Gradskog odbora SDS-a Prijedor Milan Tubin. <\/p>\n<p>SRNA<br \/>\nFoto &#8211; ilustracija<\/p>\n","protected":false},"excerpt":{"rendered":"<p>Gradski odbor SDS-a Prijedor najavio je da \u0107e u nedjelju, 12. jula, proslaviti krsnu slavu Petrovdan i veliki jubilej 30 godina postojanja. &#8220;Prethodnih godina smo nau\u010dili da se o ovom [&hellip;]<\/p>\n","protected":false},"author":1,"featured_media":0,"comment_status":"closed","ping_status":"open","sticky":false,"template":"","format":"standard","meta":{"_monsterinsights_skip_tracking":false,"_monsterinsights_sitenote_active":false,"_monsterinsights_sitenote_note":"","_monsterinsights_sitenote_category":0,"footnotes":""},"categories":[8],"tags":[233],"yoast_head":"<!-- This site is optimized with the Yoast SEO plugin v21.6 - https:\/\/yoast.com\/wordpress\/plugins\/seo\/ -->\n<title>SDS Prijedor: Na Petrovdan obilje\u017eavanje jubileja i krsne slave - PrijedorDanas.com - Prijedorski gradski portal<\/title>\n<meta name=\"robots\" content=\"index, follow, max-snippet:-1, max-image-preview:large, max-video-preview:-1\" \/>\n<link rel=\"canonical\" href=\"https:\/\/www.prijedordanas.com\/?p=150787\" \/>\n<meta property=\"og:locale\" content=\"en_US\" \/>\n<meta property=\"og:type\" content=\"article\" \/>\n<meta property=\"og:title\" content=\"SDS Prijedor: Na Petrovdan obilje\u017eavanje jubileja i krsne slave - PrijedorDanas.com - Prijedorski gradski portal\" \/>\n<meta property=\"og:description\" content=\"Gradski odbor SDS-a Prijedor najavio je da \u0107e u nedjelju, 12. jula, proslaviti krsnu slavu Petrovdan i veliki jubilej 30 godina postojanja. &#8220;Prethodnih godina smo nau\u010dili da se o ovom [&hellip;]\" \/>\n<meta property=\"og:url\" content=\"https:\/\/www.prijedordanas.com\/?p=150787\" \/>\n<meta property=\"og:site_name\" content=\"PrijedorDanas.com - Prijedorski gradski portal\" \/>\n<meta property=\"article:publisher\" content=\"https:\/\/www.facebook.com\/PrijedorDanasCom\/\" \/>\n<meta property=\"article:published_time\" content=\"2020-07-11T14:43:44+00:00\" \/>\n<meta property=\"og:image\" content=\"https:\/\/www.prijedordanas.com\/wp-content\/uploads\/2019\/06\/sds-prijedor-gradski-odbor-300x229.jpg\" \/>\n<meta name=\"author\" content=\"admin\" \/>\n<meta name=\"twitter:card\" content=\"summary_large_image\" \/>\n<meta name=\"twitter:label1\" content=\"Written by\" \/>\n\t<meta name=\"twitter:data1\" content=\"admin\" \/>\n\t<meta name=\"twitter:label2\" content=\"Est. reading time\" \/>\n\t<meta name=\"twitter:data2\" content=\"1 minute\" \/>\n<script type=\"application\/ld+json\" class=\"yoast-schema-graph\">{\"@context\":\"https:\/\/schema.org\",\"@graph\":[{\"@type\":\"Article\",\"@id\":\"https:\/\/www.prijedordanas.com\/?p=150787#article\",\"isPartOf\":{\"@id\":\"https:\/\/www.prijedordanas.com\/?p=150787\"},\"author\":{\"name\":\"admin\",\"@id\":\"https:\/\/www.prijedordanas.com\/#\/schema\/person\/4e08ccf29b506ca916ff86d46bb700e6\"},\"headline\":\"SDS Prijedor: Na Petrovdan obilje\u017eavanje jubileja i krsne slave\",\"datePublished\":\"2020-07-11T14:43:44+00:00\",\"dateModified\":\"2020-07-11T14:43:44+00:00\",\"mainEntityOfPage\":{\"@id\":\"https:\/\/www.prijedordanas.com\/?p=150787\"},\"wordCount\":140,\"publisher\":{\"@id\":\"https:\/\/www.prijedordanas.com\/#organization\"},\"keywords\":[\"SDS Prijedor\"],\"articleSection\":[\"Svakodnevno\"],\"inLanguage\":\"en-US\"},{\"@type\":\"WebPage\",\"@id\":\"https:\/\/www.prijedordanas.com\/?p=150787\",\"url\":\"https:\/\/www.prijedordanas.com\/?p=150787\",\"name\":\"SDS Prijedor: Na Petrovdan obilje\u017eavanje jubileja i krsne slave - PrijedorDanas.com - Prijedorski gradski portal\",\"isPartOf\":{\"@id\":\"https:\/\/www.prijedordanas.com\/#website\"},\"datePublished\":\"2020-07-11T14:43:44+00:00\",\"dateModified\":\"2020-07-11T14:43:44+00:00\",\"breadcrumb\":{\"@id\":\"https:\/\/www.prijedordanas.com\/?p=150787#breadcrumb\"},\"inLanguage\":\"en-US\",\"potentialAction\":[{\"@type\":\"ReadAction\",\"target\":[\"https:\/\/www.prijedordanas.com\/?p=150787\"]}]},{\"@type\":\"BreadcrumbList\",\"@id\":\"https:\/\/www.prijedordanas.com\/?p=150787#breadcrumb\",\"itemListElement\":[{\"@type\":\"ListItem\",\"position\":1,\"name\":\"Home\",\"item\":\"https:\/\/www.prijedordanas.com\/\"},{\"@type\":\"ListItem\",\"position\":2,\"name\":\"SDS Prijedor: Na Petrovdan obilje\u017eavanje jubileja i krsne slave\"}]},{\"@type\":\"WebSite\",\"@id\":\"https:\/\/www.prijedordanas.com\/#website\",\"url\":\"https:\/\/www.prijedordanas.com\/\",\"name\":\"PrijedorDanas.com - Prijedorski gradski portal\",\"description\":\"Portal o doga\u0111anjima u gradu Prijedoru\",\"publisher\":{\"@id\":\"https:\/\/www.prijedordanas.com\/#organization\"},\"potentialAction\":[{\"@type\":\"SearchAction\",\"target\":{\"@type\":\"EntryPoint\",\"urlTemplate\":\"https:\/\/www.prijedordanas.com\/?s={search_term_string}\"},\"query-input\":\"required name=search_term_string\"}],\"inLanguage\":\"en-US\"},{\"@type\":\"Organization\",\"@id\":\"https:\/\/www.prijedordanas.com\/#organization\",\"name\":\"PrijedorDanas.com\",\"url\":\"https:\/\/www.prijedordanas.com\/\",\"logo\":{\"@type\":\"ImageObject\",\"inLanguage\":\"en-US\",\"@id\":\"https:\/\/www.prijedordanas.com\/#\/schema\/logo\/image\/\",\"url\":\"http:\/\/www.prijedordanas.com\/wp-content\/uploads\/2021\/12\/logopng.png\",\"contentUrl\":\"http:\/\/www.prijedordanas.com\/wp-content\/uploads\/2021\/12\/logopng.png\",\"width\":1019,\"height\":776,\"caption\":\"PrijedorDanas.com\"},\"image\":{\"@id\":\"https:\/\/www.prijedordanas.com\/#\/schema\/logo\/image\/\"},\"sameAs\":[\"https:\/\/www.facebook.com\/PrijedorDanasCom\/\"]},{\"@type\":\"Person\",\"@id\":\"https:\/\/www.prijedordanas.com\/#\/schema\/person\/4e08ccf29b506ca916ff86d46bb700e6\",\"name\":\"admin\",\"image\":{\"@type\":\"ImageObject\",\"inLanguage\":\"en-US\",\"@id\":\"https:\/\/www.prijedordanas.com\/#\/schema\/person\/image\/\",\"url\":\"https:\/\/secure.gravatar.com\/avatar\/1d3fc949d550f0b53a5f0d51e06dfd79?s=96&d=mm&r=g\",\"contentUrl\":\"https:\/\/secure.gravatar.com\/avatar\/1d3fc949d550f0b53a5f0d51e06dfd79?s=96&d=mm&r=g\",\"caption\":\"admin\"},\"url\":\"https:\/\/www.prijedordanas.com\/?author=1\"}]}<\/script>\n<!-- \/ Yoast SEO plugin. -->","yoast_head_json":{"title":"SDS Prijedor: Na Petrovdan obilje\u017eavanje jubileja i krsne slave - PrijedorDanas.com - Prijedorski gradski portal","robots":{"index":"index","follow":"follow","max-snippet":"max-snippet:-1","max-image-preview":"max-image-preview:large","max-video-preview":"max-video-preview:-1"},"canonical":"https:\/\/www.prijedordanas.com\/?p=150787","og_locale":"en_US","og_type":"article","og_title":"SDS Prijedor: Na Petrovdan obilje\u017eavanje jubileja i krsne slave - PrijedorDanas.com - Prijedorski gradski portal","og_description":"Gradski odbor SDS-a Prijedor najavio je da \u0107e u nedjelju, 12. jula, proslaviti krsnu slavu Petrovdan i veliki jubilej 30 godina postojanja. &#8220;Prethodnih godina smo nau\u010dili da se o ovom [&hellip;]","og_url":"https:\/\/www.prijedordanas.com\/?p=150787","og_site_name":"PrijedorDanas.com - Prijedorski gradski portal","article_publisher":"https:\/\/www.facebook.com\/PrijedorDanasCom\/","article_published_time":"2020-07-11T14:43:44+00:00","og_image":[{"url":"https:\/\/www.prijedordanas.com\/wp-content\/uploads\/2019\/06\/sds-prijedor-gradski-odbor-300x229.jpg"}],"author":"admin","twitter_card":"summary_large_image","twitter_misc":{"Written by":"admin","Est. reading time":"1 minute"},"schema":{"@context":"https:\/\/schema.org","@graph":[{"@type":"Article","@id":"https:\/\/www.prijedordanas.com\/?p=150787#article","isPartOf":{"@id":"https:\/\/www.prijedordanas.com\/?p=150787"},"author":{"name":"admin","@id":"https:\/\/www.prijedordanas.com\/#\/schema\/person\/4e08ccf29b506ca916ff86d46bb700e6"},"headline":"SDS Prijedor: Na Petrovdan obilje\u017eavanje jubileja i krsne slave","datePublished":"2020-07-11T14:43:44+00:00","dateModified":"2020-07-11T14:43:44+00:00","mainEntityOfPage":{"@id":"https:\/\/www.prijedordanas.com\/?p=150787"},"wordCount":140,"publisher":{"@id":"https:\/\/www.prijedordanas.com\/#organization"},"keywords":["SDS Prijedor"],"articleSection":["Svakodnevno"],"inLanguage":"en-US"},{"@type":"WebPage","@id":"https:\/\/www.prijedordanas.com\/?p=150787","url":"https:\/\/www.prijedordanas.com\/?p=150787","name":"SDS Prijedor: Na Petrovdan obilje\u017eavanje jubileja i krsne slave - PrijedorDanas.com - Prijedorski gradski portal","isPartOf":{"@id":"https:\/\/www.prijedordanas.com\/#website"},"datePublished":"2020-07-11T14:43:44+00:00","dateModified":"2020-07-11T14:43:44+00:00","breadcrumb":{"@id":"https:\/\/www.prijedordanas.com\/?p=150787#breadcrumb"},"inLanguage":"en-US","potentialAction":[{"@type":"ReadAction","target":["https:\/\/www.prijedordanas.com\/?p=150787"]}]},{"@type":"BreadcrumbList","@id":"https:\/\/www.prijedordanas.com\/?p=150787#breadcrumb","itemListElement":[{"@type":"ListItem","position":1,"name":"Home","item":"https:\/\/www.prijedordanas.com\/"},{"@type":"ListItem","position":2,"name":"SDS Prijedor: Na Petrovdan obilje\u017eavanje jubileja i krsne slave"}]},{"@type":"WebSite","@id":"https:\/\/www.prijedordanas.com\/#website","url":"https:\/\/www.prijedordanas.com\/","name":"PrijedorDanas.com - Prijedorski gradski portal","description":"Portal o doga\u0111anjima u gradu Prijedoru","publisher":{"@id":"https:\/\/www.prijedordanas.com\/#organization"},"potentialAction":[{"@type":"SearchAction","target":{"@type":"EntryPoint","urlTemplate":"https:\/\/www.prijedordanas.com\/?s={search_term_string}"},"query-input":"required name=search_term_string"}],"inLanguage":"en-US"},{"@type":"Organization","@id":"https:\/\/www.prijedordanas.com\/#organization","name":"PrijedorDanas.com","url":"https:\/\/www.prijedordanas.com\/","logo":{"@type":"ImageObject","inLanguage":"en-US","@id":"https:\/\/www.prijedordanas.com\/#\/schema\/logo\/image\/","url":"http:\/\/www.prijedordanas.com\/wp-content\/uploads\/2021\/12\/logopng.png","contentUrl":"http:\/\/www.prijedordanas.com\/wp-content\/uploads\/2021\/12\/logopng.png","width":1019,"height":776,"caption":"PrijedorDanas.com"},"image":{"@id":"https:\/\/www.prijedordanas.com\/#\/schema\/logo\/image\/"},"sameAs":["https:\/\/www.facebook.com\/PrijedorDanasCom\/"]},{"@type":"Person","@id":"https:\/\/www.prijedordanas.com\/#\/schema\/person\/4e08ccf29b506ca916ff86d46bb700e6","name":"admin","image":{"@type":"ImageObject","inLanguage":"en-US","@id":"https:\/\/www.prijedordanas.com\/#\/schema\/person\/image\/","url":"https:\/\/secure.gravatar.com\/avatar\/1d3fc949d550f0b53a5f0d51e06dfd79?s=96&d=mm&r=g","contentUrl":"https:\/\/secure.gravatar.com\/avatar\/1d3fc949d550f0b53a5f0d51e06dfd79?s=96&d=mm&r=g","caption":"admin"},"url":"https:\/\/www.prijedordanas.com\/?author=1"}]}},"_links":{"self":[{"href":"https:\/\/www.prijedordanas.com\/index.php?rest_route=\/wp\/v2\/posts\/150787"}],"collection":[{"href":"https:\/\/www.prijedordanas.com\/index.php?rest_route=\/wp\/v2\/posts"}],"about":[{"href":"https:\/\/www.prijedordanas.com\/index.php?rest_route=\/wp\/v2\/types\/post"}],"author":[{"embeddable":true,"href":"https:\/\/www.prijedordanas.com\/index.php?rest_route=\/wp\/v2\/users\/1"}],"replies":[{"embeddable":true,"href":"https:\/\/www.prijedordanas.com\/index.php?rest_route=%2Fwp%2Fv2%2Fcomments&post=150787"}],"version-history":[{"count":1,"href":"https:\/\/www.prijedordanas.com\/index.php?rest_route=\/wp\/v2\/posts\/150787\/revisions"}],"predecessor-version":[{"id":150788,"href":"https:\/\/www.prijedordanas.com\/index.php?rest_route=\/wp\/v2\/posts\/150787\/revisions\/150788"}],"wp:attachment":[{"href":"https:\/\/www.prijedordanas.com\/index.php?rest_route=%2Fwp%2Fv2%2Fmedia&parent=150787"}],"wp:term":[{"taxonomy":"category","embeddable":true,"href":"https:\/\/www.prijedordanas.com\/index.php?rest_route=%2Fwp%2Fv2%2Fcategories&post=150787"},{"taxonomy":"post_tag","embeddable":true,"href":"https:\/\/www.prijedordanas.com\/index.php?rest_route=%2Fwp%2Fv2%2Ftags&post=150787"}],"curies":[{"name":"wp","href":"https:\/\/api.w.org\/{rel}","templated":true}]}}