{"id":150732,"date":"2020-07-09T21:56:23","date_gmt":"2020-07-09T19:56:23","guid":{"rendered":"https:\/\/www.prijedordanas.com\/?p=150732"},"modified":"2020-07-09T21:56:23","modified_gmt":"2020-07-09T19:56:23","slug":"prijedor-maloljetnicka-delinkvencija-u-blagom-padu","status":"publish","type":"post","link":"https:\/\/www.prijedordanas.com\/?p=150732","title":{"rendered":"Prijedor: Maloljetni\u010dka delinkvencija u blagom padu"},"content":{"rendered":"<p><a href=\"https:\/\/www.prijedordanas.com\/wp-content\/uploads\/2020\/07\/ilustracija-maloljetnicka-delinkvencija.jpg\"><img loading=\"lazy\" decoding=\"async\" src=\"https:\/\/www.prijedordanas.com\/wp-content\/uploads\/2020\/07\/ilustracija-maloljetnicka-delinkvencija-300x223.jpg\" alt=\"\" width=\"300\" height=\"223\" class=\"alignleft size-medium wp-image-150733\" srcset=\"https:\/\/www.prijedordanas.com\/wp-content\/uploads\/2020\/07\/ilustracija-maloljetnicka-delinkvencija-300x223.jpg 300w, https:\/\/www.prijedordanas.com\/wp-content\/uploads\/2020\/07\/ilustracija-maloljetnicka-delinkvencija.jpg 674w\" sizes=\"(max-width: 300px) 100vw, 300px\" \/><\/a>Na podru\u010dju Prijedora lani su zabilje\u017eena 43 slu\u010daja maloljetni\u010dke delinkvencije, i to 23 krivi\u010dna djela i 20 preka\u0161aja, dok ih je u prethodnoj godini bilo 45 \u2013 27 krivi\u010dnih djela i 18 prekr\u0161aja, podaci su izvje\u0161taja o sprovo\u0111enju Akcionog plana za spre\u010davanje i suzbijanje maloljetni\u010dke delinkvencije i primjenu alternativnih mjera na podru\u010dju Prijedora 2018-2019.<\/p>\n<p>&#8220;Pretpostavka je da su razlozi ovakvom trendu u organizovanom i sistemati\u010dnom pristupu prevenciji maloljetni\u010dkog prestupni\u0161tva, umre\u017eenom i koordinisanom djelovanju institucija koje se bave ovom problematikom i stvaranju uslova za adekvatniju primjenu zakonskih odredaba koje reguli\u0161u ovu oblast&#8221;, navedeno je u izvje\u0161taju.<\/p>\n<p>U 2019. godini evidentirano je \u010detvoro djece mla\u0111e od 14 godina, 26 starijih maloljetnika i 13 mla\u0111ih maloljetnih lica, dok je u 2018. godini bilo desetoro po\u010dinilaca mla\u0111ih od 14 godina, sedam mla\u0111ih i 28 starijih maloljetnika.<\/p>\n<p>&#8220;Vi\u0161e pa\u017enje se mora posvetiti ranoj dijagnostici i intervenciji odnosno djeci mla\u0111oj od 14 godina, kod kojih su prisutni po\u010detni oblici asocijalnog pona\u0161anja, kao i intenzivnijem radu sa roditeljima, odnosno ja\u010danju kapaciteta porodice i vra\u0107anju porodi\u010dnih vrijednosti i moralnih normi u okvire adekvatnog vaspitanja djece&#8221;, navedeno je u izvje\u0161taju.<\/p>\n<p>U izvje\u0161taju je ukazano da je evidentna potreba zapo\u0161ljavanja stru\u010dnih radnika socijalnih djelatnosti u policiji, sudu ili tu\u017eila\u0161tvu, kako bi se rasteretili organi starateljstva u postupcima uzimanja izjava i saslu\u0161avanja djece i maloljetnih lica, budu\u0107i da su stru\u010dni radnici bili prisutni u policijskoj stanici u 49 slu\u010dajeva krivi\u010dnih djela u kojima su maloljetna lica po\u010dinioci, \u017ertve ili svjedoci krivi\u010dnih djela.<\/p>\n<p>&#8220;Zabrinjavaju\u0107e je da veliki broj predmeta nije sudski okon\u010dan, odnosno nisu izre\u010dene vaspitne mjere. Tokom 2018. godine izre\u010dene su \u010detiri mjere i 11 naredbi o nepokretanju postupka, a u 2019. deset postupaka je okon\u010dano naredbom o nepokretanju postupka, dok je izre\u010den samo jedan ukor Op\u0161tinskog suda u Sanskom Mostu u prekr\u0161ajnom postupku. Osnovni sud u Prijedoru nam nije dostavio nijedno rje\u0161enje o izre\u010denoj mjeri, iako su na sve zahtjeve uredno dostavljeni tra\u017eeni podaci o maloljetniku i prijedlog mjere&#8221;, navedeno je u izvje\u0161taju.<\/p>\n<p>Akcioni plan za spre\u010davanje i suzbijanje maloljetni\u010dke delinkvencije i primjenu alternativnih mjera na podru\u010dju grada Prijedora 2018-2019. godine donijela je Skup\u0161tina grada Prijedora kao nastavak aktivnosti iz Akcionog plana 2014-2016, koji je nastao u okviru UNICEF-ovog projekta &#8220;Pravda za svako dijete \u2013 za\u0161tita djece izlo\u017eene riziku i djece u kontaktu sa pravosudnim sistemom u BiH&#8221;. <\/p>\n<p>SRNA<br \/>\nFoto &#8211; ilustracija<\/p>\n","protected":false},"excerpt":{"rendered":"<p>Na podru\u010dju Prijedora lani su zabilje\u017eena 43 slu\u010daja maloljetni\u010dke delinkvencije, i to 23 krivi\u010dna djela i 20 preka\u0161aja, dok ih je u prethodnoj godini bilo 45 \u2013 27 krivi\u010dnih djela [&hellip;]<\/p>\n","protected":false},"author":1,"featured_media":0,"comment_status":"closed","ping_status":"open","sticky":false,"template":"","format":"standard","meta":{"_monsterinsights_skip_tracking":false,"_monsterinsights_sitenote_active":false,"_monsterinsights_sitenote_note":"","_monsterinsights_sitenote_category":0,"footnotes":""},"categories":[7518],"tags":[6906],"yoast_head":"<!-- This site is optimized with the Yoast SEO plugin v21.6 - https:\/\/yoast.com\/wordpress\/plugins\/seo\/ -->\n<title>Prijedor: Maloljetni\u010dka delinkvencija u blagom padu - PrijedorDanas.com - Prijedorski gradski portal<\/title>\n<meta name=\"robots\" content=\"index, follow, max-snippet:-1, max-image-preview:large, max-video-preview:-1\" \/>\n<link rel=\"canonical\" href=\"https:\/\/www.prijedordanas.com\/?p=150732\" \/>\n<meta property=\"og:locale\" content=\"en_US\" \/>\n<meta property=\"og:type\" content=\"article\" \/>\n<meta property=\"og:title\" content=\"Prijedor: Maloljetni\u010dka delinkvencija u blagom padu - PrijedorDanas.com - Prijedorski gradski portal\" \/>\n<meta property=\"og:description\" content=\"Na podru\u010dju Prijedora lani su zabilje\u017eena 43 slu\u010daja maloljetni\u010dke delinkvencije, i to 23 krivi\u010dna djela i 20 preka\u0161aja, dok ih je u prethodnoj godini bilo 45 \u2013 27 krivi\u010dnih djela [&hellip;]\" \/>\n<meta property=\"og:url\" content=\"https:\/\/www.prijedordanas.com\/?p=150732\" \/>\n<meta property=\"og:site_name\" content=\"PrijedorDanas.com - Prijedorski gradski portal\" \/>\n<meta property=\"article:publisher\" content=\"https:\/\/www.facebook.com\/PrijedorDanasCom\/\" \/>\n<meta property=\"article:published_time\" content=\"2020-07-09T19:56:23+00:00\" \/>\n<meta property=\"og:image\" content=\"https:\/\/www.prijedordanas.com\/wp-content\/uploads\/2020\/07\/ilustracija-maloljetnicka-delinkvencija-300x223.jpg\" \/>\n<meta name=\"author\" content=\"admin\" \/>\n<meta name=\"twitter:card\" content=\"summary_large_image\" \/>\n<meta name=\"twitter:label1\" content=\"Written by\" \/>\n\t<meta name=\"twitter:data1\" content=\"admin\" \/>\n\t<meta name=\"twitter:label2\" content=\"Est. reading time\" \/>\n\t<meta name=\"twitter:data2\" content=\"2 minutes\" \/>\n<script type=\"application\/ld+json\" class=\"yoast-schema-graph\">{\"@context\":\"https:\/\/schema.org\",\"@graph\":[{\"@type\":\"Article\",\"@id\":\"https:\/\/www.prijedordanas.com\/?p=150732#article\",\"isPartOf\":{\"@id\":\"https:\/\/www.prijedordanas.com\/?p=150732\"},\"author\":{\"name\":\"admin\",\"@id\":\"https:\/\/www.prijedordanas.com\/#\/schema\/person\/4e08ccf29b506ca916ff86d46bb700e6\"},\"headline\":\"Prijedor: Maloljetni\u010dka delinkvencija u blagom padu\",\"datePublished\":\"2020-07-09T19:56:23+00:00\",\"dateModified\":\"2020-07-09T19:56:23+00:00\",\"mainEntityOfPage\":{\"@id\":\"https:\/\/www.prijedordanas.com\/?p=150732\"},\"wordCount\":432,\"publisher\":{\"@id\":\"https:\/\/www.prijedordanas.com\/#organization\"},\"keywords\":[\"maloljetni\u010dka delinkvencija\"],\"articleSection\":[\"Mladi\"],\"inLanguage\":\"en-US\"},{\"@type\":\"WebPage\",\"@id\":\"https:\/\/www.prijedordanas.com\/?p=150732\",\"url\":\"https:\/\/www.prijedordanas.com\/?p=150732\",\"name\":\"Prijedor: Maloljetni\u010dka delinkvencija u blagom padu - PrijedorDanas.com - Prijedorski gradski portal\",\"isPartOf\":{\"@id\":\"https:\/\/www.prijedordanas.com\/#website\"},\"datePublished\":\"2020-07-09T19:56:23+00:00\",\"dateModified\":\"2020-07-09T19:56:23+00:00\",\"breadcrumb\":{\"@id\":\"https:\/\/www.prijedordanas.com\/?p=150732#breadcrumb\"},\"inLanguage\":\"en-US\",\"potentialAction\":[{\"@type\":\"ReadAction\",\"target\":[\"https:\/\/www.prijedordanas.com\/?p=150732\"]}]},{\"@type\":\"BreadcrumbList\",\"@id\":\"https:\/\/www.prijedordanas.com\/?p=150732#breadcrumb\",\"itemListElement\":[{\"@type\":\"ListItem\",\"position\":1,\"name\":\"Home\",\"item\":\"https:\/\/www.prijedordanas.com\/\"},{\"@type\":\"ListItem\",\"position\":2,\"name\":\"Prijedor: Maloljetni\u010dka delinkvencija u blagom padu\"}]},{\"@type\":\"WebSite\",\"@id\":\"https:\/\/www.prijedordanas.com\/#website\",\"url\":\"https:\/\/www.prijedordanas.com\/\",\"name\":\"PrijedorDanas.com - Prijedorski gradski portal\",\"description\":\"Portal o doga\u0111anjima u gradu Prijedoru\",\"publisher\":{\"@id\":\"https:\/\/www.prijedordanas.com\/#organization\"},\"potentialAction\":[{\"@type\":\"SearchAction\",\"target\":{\"@type\":\"EntryPoint\",\"urlTemplate\":\"https:\/\/www.prijedordanas.com\/?s={search_term_string}\"},\"query-input\":\"required name=search_term_string\"}],\"inLanguage\":\"en-US\"},{\"@type\":\"Organization\",\"@id\":\"https:\/\/www.prijedordanas.com\/#organization\",\"name\":\"PrijedorDanas.com\",\"url\":\"https:\/\/www.prijedordanas.com\/\",\"logo\":{\"@type\":\"ImageObject\",\"inLanguage\":\"en-US\",\"@id\":\"https:\/\/www.prijedordanas.com\/#\/schema\/logo\/image\/\",\"url\":\"http:\/\/www.prijedordanas.com\/wp-content\/uploads\/2021\/12\/logopng.png\",\"contentUrl\":\"http:\/\/www.prijedordanas.com\/wp-content\/uploads\/2021\/12\/logopng.png\",\"width\":1019,\"height\":776,\"caption\":\"PrijedorDanas.com\"},\"image\":{\"@id\":\"https:\/\/www.prijedordanas.com\/#\/schema\/logo\/image\/\"},\"sameAs\":[\"https:\/\/www.facebook.com\/PrijedorDanasCom\/\"]},{\"@type\":\"Person\",\"@id\":\"https:\/\/www.prijedordanas.com\/#\/schema\/person\/4e08ccf29b506ca916ff86d46bb700e6\",\"name\":\"admin\",\"image\":{\"@type\":\"ImageObject\",\"inLanguage\":\"en-US\",\"@id\":\"https:\/\/www.prijedordanas.com\/#\/schema\/person\/image\/\",\"url\":\"https:\/\/secure.gravatar.com\/avatar\/1d3fc949d550f0b53a5f0d51e06dfd79?s=96&d=mm&r=g\",\"contentUrl\":\"https:\/\/secure.gravatar.com\/avatar\/1d3fc949d550f0b53a5f0d51e06dfd79?s=96&d=mm&r=g\",\"caption\":\"admin\"},\"url\":\"https:\/\/www.prijedordanas.com\/?author=1\"}]}<\/script>\n<!-- \/ Yoast SEO plugin. -->","yoast_head_json":{"title":"Prijedor: Maloljetni\u010dka delinkvencija u blagom padu - PrijedorDanas.com - Prijedorski gradski portal","robots":{"index":"index","follow":"follow","max-snippet":"max-snippet:-1","max-image-preview":"max-image-preview:large","max-video-preview":"max-video-preview:-1"},"canonical":"https:\/\/www.prijedordanas.com\/?p=150732","og_locale":"en_US","og_type":"article","og_title":"Prijedor: Maloljetni\u010dka delinkvencija u blagom padu - PrijedorDanas.com - Prijedorski gradski portal","og_description":"Na podru\u010dju Prijedora lani su zabilje\u017eena 43 slu\u010daja maloljetni\u010dke delinkvencije, i to 23 krivi\u010dna djela i 20 preka\u0161aja, dok ih je u prethodnoj godini bilo 45 \u2013 27 krivi\u010dnih djela [&hellip;]","og_url":"https:\/\/www.prijedordanas.com\/?p=150732","og_site_name":"PrijedorDanas.com - Prijedorski gradski portal","article_publisher":"https:\/\/www.facebook.com\/PrijedorDanasCom\/","article_published_time":"2020-07-09T19:56:23+00:00","og_image":[{"url":"https:\/\/www.prijedordanas.com\/wp-content\/uploads\/2020\/07\/ilustracija-maloljetnicka-delinkvencija-300x223.jpg"}],"author":"admin","twitter_card":"summary_large_image","twitter_misc":{"Written by":"admin","Est. reading time":"2 minutes"},"schema":{"@context":"https:\/\/schema.org","@graph":[{"@type":"Article","@id":"https:\/\/www.prijedordanas.com\/?p=150732#article","isPartOf":{"@id":"https:\/\/www.prijedordanas.com\/?p=150732"},"author":{"name":"admin","@id":"https:\/\/www.prijedordanas.com\/#\/schema\/person\/4e08ccf29b506ca916ff86d46bb700e6"},"headline":"Prijedor: Maloljetni\u010dka delinkvencija u blagom padu","datePublished":"2020-07-09T19:56:23+00:00","dateModified":"2020-07-09T19:56:23+00:00","mainEntityOfPage":{"@id":"https:\/\/www.prijedordanas.com\/?p=150732"},"wordCount":432,"publisher":{"@id":"https:\/\/www.prijedordanas.com\/#organization"},"keywords":["maloljetni\u010dka delinkvencija"],"articleSection":["Mladi"],"inLanguage":"en-US"},{"@type":"WebPage","@id":"https:\/\/www.prijedordanas.com\/?p=150732","url":"https:\/\/www.prijedordanas.com\/?p=150732","name":"Prijedor: Maloljetni\u010dka delinkvencija u blagom padu - PrijedorDanas.com - Prijedorski gradski portal","isPartOf":{"@id":"https:\/\/www.prijedordanas.com\/#website"},"datePublished":"2020-07-09T19:56:23+00:00","dateModified":"2020-07-09T19:56:23+00:00","breadcrumb":{"@id":"https:\/\/www.prijedordanas.com\/?p=150732#breadcrumb"},"inLanguage":"en-US","potentialAction":[{"@type":"ReadAction","target":["https:\/\/www.prijedordanas.com\/?p=150732"]}]},{"@type":"BreadcrumbList","@id":"https:\/\/www.prijedordanas.com\/?p=150732#breadcrumb","itemListElement":[{"@type":"ListItem","position":1,"name":"Home","item":"https:\/\/www.prijedordanas.com\/"},{"@type":"ListItem","position":2,"name":"Prijedor: Maloljetni\u010dka delinkvencija u blagom padu"}]},{"@type":"WebSite","@id":"https:\/\/www.prijedordanas.com\/#website","url":"https:\/\/www.prijedordanas.com\/","name":"PrijedorDanas.com - Prijedorski gradski portal","description":"Portal o doga\u0111anjima u gradu Prijedoru","publisher":{"@id":"https:\/\/www.prijedordanas.com\/#organization"},"potentialAction":[{"@type":"SearchAction","target":{"@type":"EntryPoint","urlTemplate":"https:\/\/www.prijedordanas.com\/?s={search_term_string}"},"query-input":"required name=search_term_string"}],"inLanguage":"en-US"},{"@type":"Organization","@id":"https:\/\/www.prijedordanas.com\/#organization","name":"PrijedorDanas.com","url":"https:\/\/www.prijedordanas.com\/","logo":{"@type":"ImageObject","inLanguage":"en-US","@id":"https:\/\/www.prijedordanas.com\/#\/schema\/logo\/image\/","url":"http:\/\/www.prijedordanas.com\/wp-content\/uploads\/2021\/12\/logopng.png","contentUrl":"http:\/\/www.prijedordanas.com\/wp-content\/uploads\/2021\/12\/logopng.png","width":1019,"height":776,"caption":"PrijedorDanas.com"},"image":{"@id":"https:\/\/www.prijedordanas.com\/#\/schema\/logo\/image\/"},"sameAs":["https:\/\/www.facebook.com\/PrijedorDanasCom\/"]},{"@type":"Person","@id":"https:\/\/www.prijedordanas.com\/#\/schema\/person\/4e08ccf29b506ca916ff86d46bb700e6","name":"admin","image":{"@type":"ImageObject","inLanguage":"en-US","@id":"https:\/\/www.prijedordanas.com\/#\/schema\/person\/image\/","url":"https:\/\/secure.gravatar.com\/avatar\/1d3fc949d550f0b53a5f0d51e06dfd79?s=96&d=mm&r=g","contentUrl":"https:\/\/secure.gravatar.com\/avatar\/1d3fc949d550f0b53a5f0d51e06dfd79?s=96&d=mm&r=g","caption":"admin"},"url":"https:\/\/www.prijedordanas.com\/?author=1"}]}},"_links":{"self":[{"href":"https:\/\/www.prijedordanas.com\/index.php?rest_route=\/wp\/v2\/posts\/150732"}],"collection":[{"href":"https:\/\/www.prijedordanas.com\/index.php?rest_route=\/wp\/v2\/posts"}],"about":[{"href":"https:\/\/www.prijedordanas.com\/index.php?rest_route=\/wp\/v2\/types\/post"}],"author":[{"embeddable":true,"href":"https:\/\/www.prijedordanas.com\/index.php?rest_route=\/wp\/v2\/users\/1"}],"replies":[{"embeddable":true,"href":"https:\/\/www.prijedordanas.com\/index.php?rest_route=%2Fwp%2Fv2%2Fcomments&post=150732"}],"version-history":[{"count":1,"href":"https:\/\/www.prijedordanas.com\/index.php?rest_route=\/wp\/v2\/posts\/150732\/revisions"}],"predecessor-version":[{"id":150734,"href":"https:\/\/www.prijedordanas.com\/index.php?rest_route=\/wp\/v2\/posts\/150732\/revisions\/150734"}],"wp:attachment":[{"href":"https:\/\/www.prijedordanas.com\/index.php?rest_route=%2Fwp%2Fv2%2Fmedia&parent=150732"}],"wp:term":[{"taxonomy":"category","embeddable":true,"href":"https:\/\/www.prijedordanas.com\/index.php?rest_route=%2Fwp%2Fv2%2Fcategories&post=150732"},{"taxonomy":"post_tag","embeddable":true,"href":"https:\/\/www.prijedordanas.com\/index.php?rest_route=%2Fwp%2Fv2%2Ftags&post=150732"}],"curies":[{"name":"wp","href":"https:\/\/api.w.org\/{rel}","templated":true}]}}