{"id":150362,"date":"2020-07-01T13:59:08","date_gmt":"2020-07-01T11:59:08","guid":{"rendered":"https:\/\/www.prijedordanas.com\/?p=150362"},"modified":"2020-07-01T13:59:08","modified_gmt":"2020-07-01T11:59:08","slug":"sinisa-sanicanin-osvajanje-kupa-veliki-uspjeh-u-narednoj-sezoni-mozemo-do-titule-sampiona","status":"publish","type":"post","link":"https:\/\/www.prijedordanas.com\/?p=150362","title":{"rendered":"Sini\u0161a Sani\u010danin: Osvajanje Kupa veliki uspjeh, u narednoj sezoni mo\u017eemo do titule \u0161ampiona"},"content":{"rendered":"<p><a href=\"https:\/\/www.prijedordanas.com\/wp-content\/uploads\/2020\/07\/vojvodina-osvajac-kupa-srbije-2020-1.jpg\"><img loading=\"lazy\" decoding=\"async\" class=\"alignleft size-medium wp-image-150364\" src=\"https:\/\/www.prijedordanas.com\/wp-content\/uploads\/2020\/07\/vojvodina-osvajac-kupa-srbije-2020-1-300x300.jpg\" alt=\"\" width=\"300\" height=\"300\" srcset=\"https:\/\/www.prijedordanas.com\/wp-content\/uploads\/2020\/07\/vojvodina-osvajac-kupa-srbije-2020-1-300x300.jpg 300w, https:\/\/www.prijedordanas.com\/wp-content\/uploads\/2020\/07\/vojvodina-osvajac-kupa-srbije-2020-1-150x150.jpg 150w, https:\/\/www.prijedordanas.com\/wp-content\/uploads\/2020\/07\/vojvodina-osvajac-kupa-srbije-2020-1-50x50.jpg 50w, https:\/\/www.prijedordanas.com\/wp-content\/uploads\/2020\/07\/vojvodina-osvajac-kupa-srbije-2020-1.jpg 600w\" sizes=\"(max-width: 300px) 100vw, 300px\" \/><\/a>Sini\u0161a Sani\u010danin je vodio veliku borbu sa ofanzivnom linijom Partizana, prije svih sa Umarom Sadikom, u finalu Kupa Srbije u kom je Vojvodina stigla do trofeja, drugog u ovom takmi\u010denju u istoriji kluba. U \u201eStaroj Dami\u201c srpskog fudbalu svi su presre\u0107ni i zadovoljni poslije uspjeha na ni\u0161kom \u201e\u010cairu\u201c.<\/p>\n<p>\u2013 Ovo je velika stvar za nas igra\u010de, stru\u010dni \u0161tab, sve ljude u klubu, na\u0161e navija\u010de i grad Novi Sad. Mislim da nas je Bog nagradio za veliku borbu i trud, te da smo potpuno zaslu\u017eeno do\u0161li do pehara Kupa, drugog u istoriji kluba. Osje\u0107aj je fenomenalan. Meni je ovo prvi trofej u karijeri, nadam se da \u0107e ih biti jo\u0161, ali \u0107e ovaj svakako da bude najsla\u0111i i najdra\u017ei. Vodili smo 2:0, Partizan je izjedna\u010dio, ali na kraju smo stigli do pehara poslije penala. Bilo je napeto i uzbudljivo, a smatram da smo zaslu\u017eili tu sre\u0107u u udarcima sa bijele ta\u010dke. Dobro je i to \u0161to smo ovim trijumfom presko\u010dili prvo kolo kvalifikacija za Ligu Evrope \u2013 istakao je Sani\u010danin za \u201eEuroBlic\u201c.<\/p>\n<p><a href=\"https:\/\/www.prijedordanas.com\/wp-content\/uploads\/2020\/07\/vojvodina-osvajac-kupa-srbije-2020-3.jpg\"><img loading=\"lazy\" decoding=\"async\" class=\"alignleft size-medium wp-image-150365\" src=\"https:\/\/www.prijedordanas.com\/wp-content\/uploads\/2020\/07\/vojvodina-osvajac-kupa-srbije-2020-3-300x240.jpg\" alt=\"\" width=\"300\" height=\"240\" srcset=\"https:\/\/www.prijedordanas.com\/wp-content\/uploads\/2020\/07\/vojvodina-osvajac-kupa-srbije-2020-3-300x240.jpg 300w, https:\/\/www.prijedordanas.com\/wp-content\/uploads\/2020\/07\/vojvodina-osvajac-kupa-srbije-2020-3.jpg 625w\" sizes=\"(max-width: 300px) 100vw, 300px\" \/><\/a>Stameni Prijedor\u010danin je istakao ogromnu ulogu Nenada Lalatovi\u0107a, trenera novosadskog kluba.<\/p>\n<p>\u2013 O \u0161efu Lalatovi\u0107u mogu da ka\u017eem sve najbolje. Ima tu harizmu i pod navodnicima luda\u010dku energiju koju uspje\u0161no prenosi na nas igra\u010de. Ne mogu zaista da se sjetim svega \u0161to nam je rekao pred susret i pred izvo\u0111enje penala, ali je sigurno mnogo uticao na to da odigramo veoma dobro i osvojimo Kup. Nevjerovatan je motivator i svakako je zadovoljstvo i velika \u010dast raditi s njim \u2013 dodao je 25-godi\u0161nji \u0161toper.<\/p>\n<p>Sani\u010danin smatra da Vojvodina u narednoj sezoni mo\u017ee da se upusti u borbu za titulu ukoliko ovaj tim ostane na okupu i do\u0111u dva-tri poja\u010danja.<\/p>\n<p><a href=\"https:\/\/www.prijedordanas.com\/wp-content\/uploads\/2020\/07\/vojvodina-osvajac-kupa-srbije-2020-2.jpg\"><img loading=\"lazy\" decoding=\"async\" src=\"https:\/\/www.prijedordanas.com\/wp-content\/uploads\/2020\/07\/vojvodina-osvajac-kupa-srbije-2020-2-300x169.jpg\" alt=\"\" width=\"300\" height=\"169\" class=\"alignleft size-medium wp-image-150366\" srcset=\"https:\/\/www.prijedordanas.com\/wp-content\/uploads\/2020\/07\/vojvodina-osvajac-kupa-srbije-2020-2-300x169.jpg 300w, https:\/\/www.prijedordanas.com\/wp-content\/uploads\/2020\/07\/vojvodina-osvajac-kupa-srbije-2020-2.jpg 600w\" sizes=\"(max-width: 300px) 100vw, 300px\" \/><\/a>\u2013 Mislim da smo u posljednjim utakmicama pokazali da zaista posjedujemo kvalitet. Uz to imamo nevjerovatnu hemiju u ekipi, tvrdim da su svi na\u0161i igra\u010di veoma dobri momci, a na terenu ginemo jedni za druge. Uz stru\u010dni \u0161tab na \u010delu sa \u0161efom Lalatovi\u0107em zaista imamo kompaktnu cjelinu. Ne znam \u0161ta \u0107e da bude u prelaznom roku, ali ukoliko bi ostali na okupu te doveli nekoliko kvalitetnih poja\u010danja vjerujem da bi naredne sezone mogli da se umije\u0161amo u borbu za titulu.<\/p>\n<p>Nekada\u0161nji fudbaler Rudar Prijedora, banjalu\u010dkog Borca i Mladosti iz Lu\u010dana je u karijeri i\u0161ao stepenik po stepenik i nada se da \u0107e tako biti ubudu\u0107e.<\/p>\n<p>\u2013 Imam ugovor sa Vojvodinom jo\u0161 godinu dana, bila bi mi velika \u010dast igrati sa ovim timom u Evropi. Me\u0111utim, ve\u0107 postoje neka interesovanja i zaista ne znam \u0161ta \u0107e da se desi. Ako do\u0111e neka ponuda koja je dobra i za klub i za mene ne bih imao ni\u0161ta protiv da odem u neku ja\u010du ligu, ali ne\u0107u i\u0107i po svaku cenu. Nadam se da \u0107u jednog dana zaigrati u nekom kvalitetnijem takmi\u010denju, me\u0111utim ne mora to da bude odmah. Vojvodini sam svakako zahvalan za sve, igrama u njoj sam zaslu\u017eio i poziv u A selekciju BiH, a na\u017ealost zbog korona virusa reprezentativne akcije su odgo\u0111ene. Nadam se da \u0107u nastaviti sa kvalitetnim partijama i u narednom periodu kako bi poziv opet stigao kada se stanje oko reprezentativnih utakmica normalizuje \u2013 zavr\u0161io je Sani\u010danin.<\/p>\n<p>EuroBlic-srpskainfo.com<\/p>\n<p><iframe loading=\"lazy\" title=\"Sini\u0161a Sani\u010danin | Finale Kupa Srbije: Vojvodina - Partizan 6:4 (24.6.2020.)\" width=\"500\" height=\"281\" src=\"https:\/\/www.youtube.com\/embed\/hAHtQcLyHGI?feature=oembed\" frameborder=\"0\" allow=\"accelerometer; autoplay; encrypted-media; gyroscope; picture-in-picture\" allowfullscreen><\/iframe><\/p>\n","protected":false},"excerpt":{"rendered":"<p>Sini\u0161a Sani\u010danin je vodio veliku borbu sa ofanzivnom linijom Partizana, prije svih sa Umarom Sadikom, u finalu Kupa Srbije u kom je Vojvodina stigla do trofeja, drugog u ovom takmi\u010denju [&hellip;]<\/p>\n","protected":false},"author":1,"featured_media":0,"comment_status":"closed","ping_status":"open","sticky":false,"template":"","format":"standard","meta":{"_monsterinsights_skip_tracking":false,"_monsterinsights_sitenote_active":false,"_monsterinsights_sitenote_note":"","_monsterinsights_sitenote_category":0,"footnotes":""},"categories":[7],"tags":[1014],"yoast_head":"<!-- This site is optimized with the Yoast SEO plugin v21.6 - https:\/\/yoast.com\/wordpress\/plugins\/seo\/ -->\n<title>Sini\u0161a Sani\u010danin: Osvajanje Kupa veliki uspjeh, u narednoj sezoni mo\u017eemo do titule \u0161ampiona - PrijedorDanas.com - Prijedorski gradski portal<\/title>\n<meta name=\"robots\" content=\"index, follow, max-snippet:-1, max-image-preview:large, max-video-preview:-1\" \/>\n<link rel=\"canonical\" href=\"https:\/\/www.prijedordanas.com\/?p=150362\" \/>\n<meta property=\"og:locale\" content=\"en_US\" \/>\n<meta property=\"og:type\" content=\"article\" \/>\n<meta property=\"og:title\" content=\"Sini\u0161a Sani\u010danin: Osvajanje Kupa veliki uspjeh, u narednoj sezoni mo\u017eemo do titule \u0161ampiona - PrijedorDanas.com - Prijedorski gradski portal\" \/>\n<meta property=\"og:description\" content=\"Sini\u0161a Sani\u010danin je vodio veliku borbu sa ofanzivnom linijom Partizana, prije svih sa Umarom Sadikom, u finalu Kupa Srbije u kom je Vojvodina stigla do trofeja, drugog u ovom takmi\u010denju [&hellip;]\" \/>\n<meta property=\"og:url\" content=\"https:\/\/www.prijedordanas.com\/?p=150362\" \/>\n<meta property=\"og:site_name\" content=\"PrijedorDanas.com - Prijedorski gradski portal\" \/>\n<meta property=\"article:publisher\" content=\"https:\/\/www.facebook.com\/PrijedorDanasCom\/\" \/>\n<meta property=\"article:published_time\" content=\"2020-07-01T11:59:08+00:00\" \/>\n<meta property=\"og:image\" content=\"https:\/\/www.prijedordanas.com\/wp-content\/uploads\/2020\/07\/vojvodina-osvajac-kupa-srbije-2020-1-300x300.jpg\" \/>\n<meta name=\"author\" content=\"admin\" \/>\n<meta name=\"twitter:card\" content=\"summary_large_image\" \/>\n<meta name=\"twitter:label1\" content=\"Written by\" \/>\n\t<meta name=\"twitter:data1\" content=\"admin\" \/>\n\t<meta name=\"twitter:label2\" content=\"Est. reading time\" \/>\n\t<meta name=\"twitter:data2\" content=\"3 minutes\" \/>\n<script type=\"application\/ld+json\" class=\"yoast-schema-graph\">{\"@context\":\"https:\/\/schema.org\",\"@graph\":[{\"@type\":\"Article\",\"@id\":\"https:\/\/www.prijedordanas.com\/?p=150362#article\",\"isPartOf\":{\"@id\":\"https:\/\/www.prijedordanas.com\/?p=150362\"},\"author\":{\"name\":\"admin\",\"@id\":\"https:\/\/www.prijedordanas.com\/#\/schema\/person\/4e08ccf29b506ca916ff86d46bb700e6\"},\"headline\":\"Sini\u0161a Sani\u010danin: Osvajanje Kupa veliki uspjeh, u narednoj sezoni mo\u017eemo do titule \u0161ampiona\",\"datePublished\":\"2020-07-01T11:59:08+00:00\",\"dateModified\":\"2020-07-01T11:59:08+00:00\",\"mainEntityOfPage\":{\"@id\":\"https:\/\/www.prijedordanas.com\/?p=150362\"},\"wordCount\":590,\"publisher\":{\"@id\":\"https:\/\/www.prijedordanas.com\/#organization\"},\"keywords\":[\"Sini\u0161a Sani\u010danin\"],\"articleSection\":[\"Sport\"],\"inLanguage\":\"en-US\"},{\"@type\":\"WebPage\",\"@id\":\"https:\/\/www.prijedordanas.com\/?p=150362\",\"url\":\"https:\/\/www.prijedordanas.com\/?p=150362\",\"name\":\"Sini\u0161a Sani\u010danin: Osvajanje Kupa veliki uspjeh, u narednoj sezoni mo\u017eemo do titule \u0161ampiona - PrijedorDanas.com - Prijedorski gradski portal\",\"isPartOf\":{\"@id\":\"https:\/\/www.prijedordanas.com\/#website\"},\"datePublished\":\"2020-07-01T11:59:08+00:00\",\"dateModified\":\"2020-07-01T11:59:08+00:00\",\"breadcrumb\":{\"@id\":\"https:\/\/www.prijedordanas.com\/?p=150362#breadcrumb\"},\"inLanguage\":\"en-US\",\"potentialAction\":[{\"@type\":\"ReadAction\",\"target\":[\"https:\/\/www.prijedordanas.com\/?p=150362\"]}]},{\"@type\":\"BreadcrumbList\",\"@id\":\"https:\/\/www.prijedordanas.com\/?p=150362#breadcrumb\",\"itemListElement\":[{\"@type\":\"ListItem\",\"position\":1,\"name\":\"Home\",\"item\":\"https:\/\/www.prijedordanas.com\/\"},{\"@type\":\"ListItem\",\"position\":2,\"name\":\"Sini\u0161a Sani\u010danin: Osvajanje Kupa veliki uspjeh, u narednoj sezoni mo\u017eemo do titule \u0161ampiona\"}]},{\"@type\":\"WebSite\",\"@id\":\"https:\/\/www.prijedordanas.com\/#website\",\"url\":\"https:\/\/www.prijedordanas.com\/\",\"name\":\"PrijedorDanas.com - Prijedorski gradski portal\",\"description\":\"Portal o doga\u0111anjima u gradu Prijedoru\",\"publisher\":{\"@id\":\"https:\/\/www.prijedordanas.com\/#organization\"},\"potentialAction\":[{\"@type\":\"SearchAction\",\"target\":{\"@type\":\"EntryPoint\",\"urlTemplate\":\"https:\/\/www.prijedordanas.com\/?s={search_term_string}\"},\"query-input\":\"required name=search_term_string\"}],\"inLanguage\":\"en-US\"},{\"@type\":\"Organization\",\"@id\":\"https:\/\/www.prijedordanas.com\/#organization\",\"name\":\"PrijedorDanas.com\",\"url\":\"https:\/\/www.prijedordanas.com\/\",\"logo\":{\"@type\":\"ImageObject\",\"inLanguage\":\"en-US\",\"@id\":\"https:\/\/www.prijedordanas.com\/#\/schema\/logo\/image\/\",\"url\":\"http:\/\/www.prijedordanas.com\/wp-content\/uploads\/2021\/12\/logopng.png\",\"contentUrl\":\"http:\/\/www.prijedordanas.com\/wp-content\/uploads\/2021\/12\/logopng.png\",\"width\":1019,\"height\":776,\"caption\":\"PrijedorDanas.com\"},\"image\":{\"@id\":\"https:\/\/www.prijedordanas.com\/#\/schema\/logo\/image\/\"},\"sameAs\":[\"https:\/\/www.facebook.com\/PrijedorDanasCom\/\"]},{\"@type\":\"Person\",\"@id\":\"https:\/\/www.prijedordanas.com\/#\/schema\/person\/4e08ccf29b506ca916ff86d46bb700e6\",\"name\":\"admin\",\"image\":{\"@type\":\"ImageObject\",\"inLanguage\":\"en-US\",\"@id\":\"https:\/\/www.prijedordanas.com\/#\/schema\/person\/image\/\",\"url\":\"https:\/\/secure.gravatar.com\/avatar\/1d3fc949d550f0b53a5f0d51e06dfd79?s=96&d=mm&r=g\",\"contentUrl\":\"https:\/\/secure.gravatar.com\/avatar\/1d3fc949d550f0b53a5f0d51e06dfd79?s=96&d=mm&r=g\",\"caption\":\"admin\"},\"url\":\"https:\/\/www.prijedordanas.com\/?author=1\"}]}<\/script>\n<!-- \/ Yoast SEO plugin. -->","yoast_head_json":{"title":"Sini\u0161a Sani\u010danin: Osvajanje Kupa veliki uspjeh, u narednoj sezoni mo\u017eemo do titule \u0161ampiona - PrijedorDanas.com - Prijedorski gradski portal","robots":{"index":"index","follow":"follow","max-snippet":"max-snippet:-1","max-image-preview":"max-image-preview:large","max-video-preview":"max-video-preview:-1"},"canonical":"https:\/\/www.prijedordanas.com\/?p=150362","og_locale":"en_US","og_type":"article","og_title":"Sini\u0161a Sani\u010danin: Osvajanje Kupa veliki uspjeh, u narednoj sezoni mo\u017eemo do titule \u0161ampiona - PrijedorDanas.com - Prijedorski gradski portal","og_description":"Sini\u0161a Sani\u010danin je vodio veliku borbu sa ofanzivnom linijom Partizana, prije svih sa Umarom Sadikom, u finalu Kupa Srbije u kom je Vojvodina stigla do trofeja, drugog u ovom takmi\u010denju [&hellip;]","og_url":"https:\/\/www.prijedordanas.com\/?p=150362","og_site_name":"PrijedorDanas.com - Prijedorski gradski portal","article_publisher":"https:\/\/www.facebook.com\/PrijedorDanasCom\/","article_published_time":"2020-07-01T11:59:08+00:00","og_image":[{"url":"https:\/\/www.prijedordanas.com\/wp-content\/uploads\/2020\/07\/vojvodina-osvajac-kupa-srbije-2020-1-300x300.jpg"}],"author":"admin","twitter_card":"summary_large_image","twitter_misc":{"Written by":"admin","Est. reading time":"3 minutes"},"schema":{"@context":"https:\/\/schema.org","@graph":[{"@type":"Article","@id":"https:\/\/www.prijedordanas.com\/?p=150362#article","isPartOf":{"@id":"https:\/\/www.prijedordanas.com\/?p=150362"},"author":{"name":"admin","@id":"https:\/\/www.prijedordanas.com\/#\/schema\/person\/4e08ccf29b506ca916ff86d46bb700e6"},"headline":"Sini\u0161a Sani\u010danin: Osvajanje Kupa veliki uspjeh, u narednoj sezoni mo\u017eemo do titule \u0161ampiona","datePublished":"2020-07-01T11:59:08+00:00","dateModified":"2020-07-01T11:59:08+00:00","mainEntityOfPage":{"@id":"https:\/\/www.prijedordanas.com\/?p=150362"},"wordCount":590,"publisher":{"@id":"https:\/\/www.prijedordanas.com\/#organization"},"keywords":["Sini\u0161a Sani\u010danin"],"articleSection":["Sport"],"inLanguage":"en-US"},{"@type":"WebPage","@id":"https:\/\/www.prijedordanas.com\/?p=150362","url":"https:\/\/www.prijedordanas.com\/?p=150362","name":"Sini\u0161a Sani\u010danin: Osvajanje Kupa veliki uspjeh, u narednoj sezoni mo\u017eemo do titule \u0161ampiona - PrijedorDanas.com - Prijedorski gradski portal","isPartOf":{"@id":"https:\/\/www.prijedordanas.com\/#website"},"datePublished":"2020-07-01T11:59:08+00:00","dateModified":"2020-07-01T11:59:08+00:00","breadcrumb":{"@id":"https:\/\/www.prijedordanas.com\/?p=150362#breadcrumb"},"inLanguage":"en-US","potentialAction":[{"@type":"ReadAction","target":["https:\/\/www.prijedordanas.com\/?p=150362"]}]},{"@type":"BreadcrumbList","@id":"https:\/\/www.prijedordanas.com\/?p=150362#breadcrumb","itemListElement":[{"@type":"ListItem","position":1,"name":"Home","item":"https:\/\/www.prijedordanas.com\/"},{"@type":"ListItem","position":2,"name":"Sini\u0161a Sani\u010danin: Osvajanje Kupa veliki uspjeh, u narednoj sezoni mo\u017eemo do titule \u0161ampiona"}]},{"@type":"WebSite","@id":"https:\/\/www.prijedordanas.com\/#website","url":"https:\/\/www.prijedordanas.com\/","name":"PrijedorDanas.com - Prijedorski gradski portal","description":"Portal o doga\u0111anjima u gradu Prijedoru","publisher":{"@id":"https:\/\/www.prijedordanas.com\/#organization"},"potentialAction":[{"@type":"SearchAction","target":{"@type":"EntryPoint","urlTemplate":"https:\/\/www.prijedordanas.com\/?s={search_term_string}"},"query-input":"required name=search_term_string"}],"inLanguage":"en-US"},{"@type":"Organization","@id":"https:\/\/www.prijedordanas.com\/#organization","name":"PrijedorDanas.com","url":"https:\/\/www.prijedordanas.com\/","logo":{"@type":"ImageObject","inLanguage":"en-US","@id":"https:\/\/www.prijedordanas.com\/#\/schema\/logo\/image\/","url":"http:\/\/www.prijedordanas.com\/wp-content\/uploads\/2021\/12\/logopng.png","contentUrl":"http:\/\/www.prijedordanas.com\/wp-content\/uploads\/2021\/12\/logopng.png","width":1019,"height":776,"caption":"PrijedorDanas.com"},"image":{"@id":"https:\/\/www.prijedordanas.com\/#\/schema\/logo\/image\/"},"sameAs":["https:\/\/www.facebook.com\/PrijedorDanasCom\/"]},{"@type":"Person","@id":"https:\/\/www.prijedordanas.com\/#\/schema\/person\/4e08ccf29b506ca916ff86d46bb700e6","name":"admin","image":{"@type":"ImageObject","inLanguage":"en-US","@id":"https:\/\/www.prijedordanas.com\/#\/schema\/person\/image\/","url":"https:\/\/secure.gravatar.com\/avatar\/1d3fc949d550f0b53a5f0d51e06dfd79?s=96&d=mm&r=g","contentUrl":"https:\/\/secure.gravatar.com\/avatar\/1d3fc949d550f0b53a5f0d51e06dfd79?s=96&d=mm&r=g","caption":"admin"},"url":"https:\/\/www.prijedordanas.com\/?author=1"}]}},"_links":{"self":[{"href":"https:\/\/www.prijedordanas.com\/index.php?rest_route=\/wp\/v2\/posts\/150362"}],"collection":[{"href":"https:\/\/www.prijedordanas.com\/index.php?rest_route=\/wp\/v2\/posts"}],"about":[{"href":"https:\/\/www.prijedordanas.com\/index.php?rest_route=\/wp\/v2\/types\/post"}],"author":[{"embeddable":true,"href":"https:\/\/www.prijedordanas.com\/index.php?rest_route=\/wp\/v2\/users\/1"}],"replies":[{"embeddable":true,"href":"https:\/\/www.prijedordanas.com\/index.php?rest_route=%2Fwp%2Fv2%2Fcomments&post=150362"}],"version-history":[{"count":1,"href":"https:\/\/www.prijedordanas.com\/index.php?rest_route=\/wp\/v2\/posts\/150362\/revisions"}],"predecessor-version":[{"id":150367,"href":"https:\/\/www.prijedordanas.com\/index.php?rest_route=\/wp\/v2\/posts\/150362\/revisions\/150367"}],"wp:attachment":[{"href":"https:\/\/www.prijedordanas.com\/index.php?rest_route=%2Fwp%2Fv2%2Fmedia&parent=150362"}],"wp:term":[{"taxonomy":"category","embeddable":true,"href":"https:\/\/www.prijedordanas.com\/index.php?rest_route=%2Fwp%2Fv2%2Fcategories&post=150362"},{"taxonomy":"post_tag","embeddable":true,"href":"https:\/\/www.prijedordanas.com\/index.php?rest_route=%2Fwp%2Fv2%2Ftags&post=150362"}],"curies":[{"name":"wp","href":"https:\/\/api.w.org\/{rel}","templated":true}]}}