{"id":150140,"date":"2020-06-27T08:31:21","date_gmt":"2020-06-27T06:31:21","guid":{"rendered":"https:\/\/www.prijedordanas.com\/?p=150140"},"modified":"2020-06-27T08:31:21","modified_gmt":"2020-06-27T06:31:21","slug":"sudenje-pavic-izricanje-presude-za-zlocin-u-prijedoru-16-jula","status":"publish","type":"post","link":"https:\/\/www.prijedordanas.com\/?p=150140","title":{"rendered":"Su\u0111enje Pavi\u0107: Izricanje presude za zlo\u010din u Prijedoru 16. jula"},"content":{"rendered":"<p><a href=\"https:\/\/www.prijedordanas.com\/wp-content\/uploads\/2018\/05\/sud-bih-sudjenje-pavic.jpg\"><img loading=\"lazy\" decoding=\"async\" src=\"https:\/\/www.prijedordanas.com\/wp-content\/uploads\/2018\/05\/sud-bih-sudjenje-pavic-300x222.jpg\" alt=\"\" width=\"300\" height=\"222\" class=\"alignleft size-medium wp-image-105245\" srcset=\"https:\/\/www.prijedordanas.com\/wp-content\/uploads\/2018\/05\/sud-bih-sudjenje-pavic-300x222.jpg 300w, https:\/\/www.prijedordanas.com\/wp-content\/uploads\/2018\/05\/sud-bih-sudjenje-pavic-100x74.jpg 100w, https:\/\/www.prijedordanas.com\/wp-content\/uploads\/2018\/05\/sud-bih-sudjenje-pavic.jpg 675w\" sizes=\"(max-width: 300px) 100vw, 300px\" \/><\/a>Apelaciono vije\u0107e Suda Bosne i Hercegovine izre\u0107i \u0107e 16. jula presudu Sretku Pavi\u0107u za zlo\u010din protiv \u010dovje\u010dnosti po\u010dinjen na podru\u010dju Prijedora 1992. godine.<\/p>\n<p>Tu\u017eila\u0161tvo BiH je tra\u017eilo da Sud BiH Pavi\u0107a proglasi krivim i kazni po zakonu, dok je Odbrana tra\u017eila od Suda da ga oslobodi krivice.<\/p>\n<p>Pred Apelacionim vije\u0107em odr\u017eano je su\u0111enje Pavi\u0107u nakon \u0161to je ukinuta prvostepena presuda od 24. juna 2019. godine kojom je bio osu\u0111en na 13 godina za u\u010de\u0161\u0107e u ubistvima pet civila iz porodice \u010cau\u0161evi\u0107 po\u010dinjenim u prijedorskom selu Rizvanovi\u0107i.<\/p>\n<p>U prvostepenoj presudi je navedeno da su civili u drugoj polovini jula 1992. prona\u0111eni u \u0161umi i zatvoreni u objekat pored punkta u Rizvanovi\u0107ima, a dan nakon njihovog odvo\u0111enja, kako je tada utvrdilo Sudsko vije\u0107e, Pavi\u0107 i preminuli Pero Stevandi\u0107 izveli su civile i ubili ih nedaleko od obli\u017enje \u0161kole.<\/p>\n<p>Pavi\u0107 je optu\u017een da je ovaj zlo\u010din po\u010dinio kao biv\u0161i pripadnik Volarske \u010dete 6. ljubijskog bataljona Vojske Republike Srpske (VRS).<\/p>\n<p>Sedin Idrizovi\u0107, tu\u017eilac Tu\u017eila\u0161tva BiH, kazao je da ostaje kod zavr\u0161nih rije\u010di koji je iznio u prvostepenom postupku i koje su Sudu dostavljene u pismenoj formi, ali je kratko precizirao koji dokazi potvr\u0111uju inkriminaciju optu\u017eenog.<\/p>\n<p>\u201cSvjedok S-1 je detaljno opisao doga\u0111aj. Tu\u017eila\u0161tvo ne nalazi ni\u0161ta \u0161to bi dovelo u sumnju vjerodostojnost tog iskaza koji je saglasan s iskazima drugih svjedoka S-2 , \u0110ure Adamovi\u0107a i Damira Muhi\u0107a. Damir Muhi\u0107 je vidio kako se kre\u0107u \u017ertve i za njima idu dvojica naoru\u017eanih vojnika. Upravo ovo opisali su i ostali svjedoci me\u0111u kojima je bio i S-2\u201d, naveo je Idrizovi\u0107.<\/p>\n<p>Naglasio je da se ne mogu na\u0107i neprotivrje\u010dnosti ili nelogi\u010dnosti izme\u0111u ovih svjedoka.<\/p>\n<p>\u201cMaterijalna dokumentacija o ekshumaciji i obdukciji potvr\u0111uje da je uzrok smrti vi\u0161e projektila iz vatrenog oru\u017eja. Svi dokazi sa potpunom sigurno\u0161\u0107u potvr\u0111uju sve odlu\u010dne \u010dinjenice\u201d, kazao je Idrizovi\u0107.<\/p>\n<p>Ranko Daki\u0107, Pavi\u0107ev branilac, zatra\u017eio je da Sud oslobodi Pavi\u0107a navode\u0107i da nije kriv za djelo koje mu Optu\u017eba stavlja na teret.<\/p>\n<p>\u201cS-1 je dao la\u017ean iskaz u cilju izbjegavanja vlastite odgovornosti i na takvom iskazu se ne mo\u017ee zasnivati osu\u0111uju\u0107a presuda\u201d, rekao je Daki\u0107 u zavr\u0161nim rije\u010dima.<\/p>\n<p>Naglasio je da se ubistva \u010cau\u0161evi\u0107a nisu desila kako je S-1 opisao \u2013 da Sreto Pavi\u0107 nije ubio porodicu \u010cau\u0161evi\u0107.<\/p>\n<p>\u201cIskaz S-1 je kontradiktoran iskazima ostalih svjedoka\u201d, kazao je Daki\u0107.<\/p>\n<p>Istakao je da su iskazi svjedoka S-2 i Adamovi\u0107a kontradiktorni izme\u0111u sebe i davani u cilju izbjegavanja krivi\u010dne odgovornosti.<\/p>\n<p>BIRN<\/p>\n","protected":false},"excerpt":{"rendered":"<p>Apelaciono vije\u0107e Suda Bosne i Hercegovine izre\u0107i \u0107e 16. jula presudu Sretku Pavi\u0107u za zlo\u010din protiv \u010dovje\u010dnosti po\u010dinjen na podru\u010dju Prijedora 1992. godine. Tu\u017eila\u0161tvo BiH je tra\u017eilo da Sud BiH [&hellip;]<\/p>\n","protected":false},"author":1,"featured_media":0,"comment_status":"closed","ping_status":"open","sticky":false,"template":"","format":"standard","meta":{"_monsterinsights_skip_tracking":false,"_monsterinsights_sitenote_active":false,"_monsterinsights_sitenote_note":"","_monsterinsights_sitenote_category":0,"footnotes":""},"categories":[5],"tags":[531],"yoast_head":"<!-- This site is optimized with the Yoast SEO plugin v21.6 - https:\/\/yoast.com\/wordpress\/plugins\/seo\/ -->\n<title>Su\u0111enje Pavi\u0107: Izricanje presude za zlo\u010din u Prijedoru 16. jula - PrijedorDanas.com - Prijedorski gradski portal<\/title>\n<meta name=\"robots\" content=\"index, follow, max-snippet:-1, max-image-preview:large, max-video-preview:-1\" \/>\n<link rel=\"canonical\" href=\"https:\/\/www.prijedordanas.com\/?p=150140\" \/>\n<meta property=\"og:locale\" content=\"en_US\" \/>\n<meta property=\"og:type\" content=\"article\" \/>\n<meta property=\"og:title\" content=\"Su\u0111enje Pavi\u0107: Izricanje presude za zlo\u010din u Prijedoru 16. jula - PrijedorDanas.com - Prijedorski gradski portal\" \/>\n<meta property=\"og:description\" content=\"Apelaciono vije\u0107e Suda Bosne i Hercegovine izre\u0107i \u0107e 16. jula presudu Sretku Pavi\u0107u za zlo\u010din protiv \u010dovje\u010dnosti po\u010dinjen na podru\u010dju Prijedora 1992. godine. Tu\u017eila\u0161tvo BiH je tra\u017eilo da Sud BiH [&hellip;]\" \/>\n<meta property=\"og:url\" content=\"https:\/\/www.prijedordanas.com\/?p=150140\" \/>\n<meta property=\"og:site_name\" content=\"PrijedorDanas.com - Prijedorski gradski portal\" \/>\n<meta property=\"article:publisher\" content=\"https:\/\/www.facebook.com\/PrijedorDanasCom\/\" \/>\n<meta property=\"article:published_time\" content=\"2020-06-27T06:31:21+00:00\" \/>\n<meta property=\"og:image\" content=\"https:\/\/www.prijedordanas.com\/wp-content\/uploads\/2018\/05\/sud-bih-sudjenje-pavic-300x222.jpg\" \/>\n<meta name=\"author\" content=\"admin\" \/>\n<meta name=\"twitter:card\" content=\"summary_large_image\" \/>\n<meta name=\"twitter:label1\" content=\"Written by\" \/>\n\t<meta name=\"twitter:data1\" content=\"admin\" \/>\n\t<meta name=\"twitter:label2\" content=\"Est. reading time\" \/>\n\t<meta name=\"twitter:data2\" content=\"2 minutes\" \/>\n<script type=\"application\/ld+json\" class=\"yoast-schema-graph\">{\"@context\":\"https:\/\/schema.org\",\"@graph\":[{\"@type\":\"Article\",\"@id\":\"https:\/\/www.prijedordanas.com\/?p=150140#article\",\"isPartOf\":{\"@id\":\"https:\/\/www.prijedordanas.com\/?p=150140\"},\"author\":{\"name\":\"admin\",\"@id\":\"https:\/\/www.prijedordanas.com\/#\/schema\/person\/4e08ccf29b506ca916ff86d46bb700e6\"},\"headline\":\"Su\u0111enje Pavi\u0107: Izricanje presude za zlo\u010din u Prijedoru 16. jula\",\"datePublished\":\"2020-06-27T06:31:21+00:00\",\"dateModified\":\"2020-06-27T06:31:21+00:00\",\"mainEntityOfPage\":{\"@id\":\"https:\/\/www.prijedordanas.com\/?p=150140\"},\"wordCount\":469,\"publisher\":{\"@id\":\"https:\/\/www.prijedordanas.com\/#organization\"},\"keywords\":[\"Sud BiH\"],\"articleSection\":[\"Hronika\"],\"inLanguage\":\"en-US\"},{\"@type\":\"WebPage\",\"@id\":\"https:\/\/www.prijedordanas.com\/?p=150140\",\"url\":\"https:\/\/www.prijedordanas.com\/?p=150140\",\"name\":\"Su\u0111enje Pavi\u0107: Izricanje presude za zlo\u010din u Prijedoru 16. jula - PrijedorDanas.com - Prijedorski gradski portal\",\"isPartOf\":{\"@id\":\"https:\/\/www.prijedordanas.com\/#website\"},\"datePublished\":\"2020-06-27T06:31:21+00:00\",\"dateModified\":\"2020-06-27T06:31:21+00:00\",\"breadcrumb\":{\"@id\":\"https:\/\/www.prijedordanas.com\/?p=150140#breadcrumb\"},\"inLanguage\":\"en-US\",\"potentialAction\":[{\"@type\":\"ReadAction\",\"target\":[\"https:\/\/www.prijedordanas.com\/?p=150140\"]}]},{\"@type\":\"BreadcrumbList\",\"@id\":\"https:\/\/www.prijedordanas.com\/?p=150140#breadcrumb\",\"itemListElement\":[{\"@type\":\"ListItem\",\"position\":1,\"name\":\"Home\",\"item\":\"https:\/\/www.prijedordanas.com\/\"},{\"@type\":\"ListItem\",\"position\":2,\"name\":\"Su\u0111enje Pavi\u0107: Izricanje presude za zlo\u010din u Prijedoru 16. jula\"}]},{\"@type\":\"WebSite\",\"@id\":\"https:\/\/www.prijedordanas.com\/#website\",\"url\":\"https:\/\/www.prijedordanas.com\/\",\"name\":\"PrijedorDanas.com - Prijedorski gradski portal\",\"description\":\"Portal o doga\u0111anjima u gradu Prijedoru\",\"publisher\":{\"@id\":\"https:\/\/www.prijedordanas.com\/#organization\"},\"potentialAction\":[{\"@type\":\"SearchAction\",\"target\":{\"@type\":\"EntryPoint\",\"urlTemplate\":\"https:\/\/www.prijedordanas.com\/?s={search_term_string}\"},\"query-input\":\"required name=search_term_string\"}],\"inLanguage\":\"en-US\"},{\"@type\":\"Organization\",\"@id\":\"https:\/\/www.prijedordanas.com\/#organization\",\"name\":\"PrijedorDanas.com\",\"url\":\"https:\/\/www.prijedordanas.com\/\",\"logo\":{\"@type\":\"ImageObject\",\"inLanguage\":\"en-US\",\"@id\":\"https:\/\/www.prijedordanas.com\/#\/schema\/logo\/image\/\",\"url\":\"http:\/\/www.prijedordanas.com\/wp-content\/uploads\/2021\/12\/logopng.png\",\"contentUrl\":\"http:\/\/www.prijedordanas.com\/wp-content\/uploads\/2021\/12\/logopng.png\",\"width\":1019,\"height\":776,\"caption\":\"PrijedorDanas.com\"},\"image\":{\"@id\":\"https:\/\/www.prijedordanas.com\/#\/schema\/logo\/image\/\"},\"sameAs\":[\"https:\/\/www.facebook.com\/PrijedorDanasCom\/\"]},{\"@type\":\"Person\",\"@id\":\"https:\/\/www.prijedordanas.com\/#\/schema\/person\/4e08ccf29b506ca916ff86d46bb700e6\",\"name\":\"admin\",\"image\":{\"@type\":\"ImageObject\",\"inLanguage\":\"en-US\",\"@id\":\"https:\/\/www.prijedordanas.com\/#\/schema\/person\/image\/\",\"url\":\"https:\/\/secure.gravatar.com\/avatar\/1d3fc949d550f0b53a5f0d51e06dfd79?s=96&d=mm&r=g\",\"contentUrl\":\"https:\/\/secure.gravatar.com\/avatar\/1d3fc949d550f0b53a5f0d51e06dfd79?s=96&d=mm&r=g\",\"caption\":\"admin\"},\"url\":\"https:\/\/www.prijedordanas.com\/?author=1\"}]}<\/script>\n<!-- \/ Yoast SEO plugin. -->","yoast_head_json":{"title":"Su\u0111enje Pavi\u0107: Izricanje presude za zlo\u010din u Prijedoru 16. jula - PrijedorDanas.com - Prijedorski gradski portal","robots":{"index":"index","follow":"follow","max-snippet":"max-snippet:-1","max-image-preview":"max-image-preview:large","max-video-preview":"max-video-preview:-1"},"canonical":"https:\/\/www.prijedordanas.com\/?p=150140","og_locale":"en_US","og_type":"article","og_title":"Su\u0111enje Pavi\u0107: Izricanje presude za zlo\u010din u Prijedoru 16. jula - PrijedorDanas.com - Prijedorski gradski portal","og_description":"Apelaciono vije\u0107e Suda Bosne i Hercegovine izre\u0107i \u0107e 16. jula presudu Sretku Pavi\u0107u za zlo\u010din protiv \u010dovje\u010dnosti po\u010dinjen na podru\u010dju Prijedora 1992. godine. Tu\u017eila\u0161tvo BiH je tra\u017eilo da Sud BiH [&hellip;]","og_url":"https:\/\/www.prijedordanas.com\/?p=150140","og_site_name":"PrijedorDanas.com - Prijedorski gradski portal","article_publisher":"https:\/\/www.facebook.com\/PrijedorDanasCom\/","article_published_time":"2020-06-27T06:31:21+00:00","og_image":[{"url":"https:\/\/www.prijedordanas.com\/wp-content\/uploads\/2018\/05\/sud-bih-sudjenje-pavic-300x222.jpg"}],"author":"admin","twitter_card":"summary_large_image","twitter_misc":{"Written by":"admin","Est. reading time":"2 minutes"},"schema":{"@context":"https:\/\/schema.org","@graph":[{"@type":"Article","@id":"https:\/\/www.prijedordanas.com\/?p=150140#article","isPartOf":{"@id":"https:\/\/www.prijedordanas.com\/?p=150140"},"author":{"name":"admin","@id":"https:\/\/www.prijedordanas.com\/#\/schema\/person\/4e08ccf29b506ca916ff86d46bb700e6"},"headline":"Su\u0111enje Pavi\u0107: Izricanje presude za zlo\u010din u Prijedoru 16. jula","datePublished":"2020-06-27T06:31:21+00:00","dateModified":"2020-06-27T06:31:21+00:00","mainEntityOfPage":{"@id":"https:\/\/www.prijedordanas.com\/?p=150140"},"wordCount":469,"publisher":{"@id":"https:\/\/www.prijedordanas.com\/#organization"},"keywords":["Sud BiH"],"articleSection":["Hronika"],"inLanguage":"en-US"},{"@type":"WebPage","@id":"https:\/\/www.prijedordanas.com\/?p=150140","url":"https:\/\/www.prijedordanas.com\/?p=150140","name":"Su\u0111enje Pavi\u0107: Izricanje presude za zlo\u010din u Prijedoru 16. jula - PrijedorDanas.com - Prijedorski gradski portal","isPartOf":{"@id":"https:\/\/www.prijedordanas.com\/#website"},"datePublished":"2020-06-27T06:31:21+00:00","dateModified":"2020-06-27T06:31:21+00:00","breadcrumb":{"@id":"https:\/\/www.prijedordanas.com\/?p=150140#breadcrumb"},"inLanguage":"en-US","potentialAction":[{"@type":"ReadAction","target":["https:\/\/www.prijedordanas.com\/?p=150140"]}]},{"@type":"BreadcrumbList","@id":"https:\/\/www.prijedordanas.com\/?p=150140#breadcrumb","itemListElement":[{"@type":"ListItem","position":1,"name":"Home","item":"https:\/\/www.prijedordanas.com\/"},{"@type":"ListItem","position":2,"name":"Su\u0111enje Pavi\u0107: Izricanje presude za zlo\u010din u Prijedoru 16. jula"}]},{"@type":"WebSite","@id":"https:\/\/www.prijedordanas.com\/#website","url":"https:\/\/www.prijedordanas.com\/","name":"PrijedorDanas.com - Prijedorski gradski portal","description":"Portal o doga\u0111anjima u gradu Prijedoru","publisher":{"@id":"https:\/\/www.prijedordanas.com\/#organization"},"potentialAction":[{"@type":"SearchAction","target":{"@type":"EntryPoint","urlTemplate":"https:\/\/www.prijedordanas.com\/?s={search_term_string}"},"query-input":"required name=search_term_string"}],"inLanguage":"en-US"},{"@type":"Organization","@id":"https:\/\/www.prijedordanas.com\/#organization","name":"PrijedorDanas.com","url":"https:\/\/www.prijedordanas.com\/","logo":{"@type":"ImageObject","inLanguage":"en-US","@id":"https:\/\/www.prijedordanas.com\/#\/schema\/logo\/image\/","url":"http:\/\/www.prijedordanas.com\/wp-content\/uploads\/2021\/12\/logopng.png","contentUrl":"http:\/\/www.prijedordanas.com\/wp-content\/uploads\/2021\/12\/logopng.png","width":1019,"height":776,"caption":"PrijedorDanas.com"},"image":{"@id":"https:\/\/www.prijedordanas.com\/#\/schema\/logo\/image\/"},"sameAs":["https:\/\/www.facebook.com\/PrijedorDanasCom\/"]},{"@type":"Person","@id":"https:\/\/www.prijedordanas.com\/#\/schema\/person\/4e08ccf29b506ca916ff86d46bb700e6","name":"admin","image":{"@type":"ImageObject","inLanguage":"en-US","@id":"https:\/\/www.prijedordanas.com\/#\/schema\/person\/image\/","url":"https:\/\/secure.gravatar.com\/avatar\/1d3fc949d550f0b53a5f0d51e06dfd79?s=96&d=mm&r=g","contentUrl":"https:\/\/secure.gravatar.com\/avatar\/1d3fc949d550f0b53a5f0d51e06dfd79?s=96&d=mm&r=g","caption":"admin"},"url":"https:\/\/www.prijedordanas.com\/?author=1"}]}},"_links":{"self":[{"href":"https:\/\/www.prijedordanas.com\/index.php?rest_route=\/wp\/v2\/posts\/150140"}],"collection":[{"href":"https:\/\/www.prijedordanas.com\/index.php?rest_route=\/wp\/v2\/posts"}],"about":[{"href":"https:\/\/www.prijedordanas.com\/index.php?rest_route=\/wp\/v2\/types\/post"}],"author":[{"embeddable":true,"href":"https:\/\/www.prijedordanas.com\/index.php?rest_route=\/wp\/v2\/users\/1"}],"replies":[{"embeddable":true,"href":"https:\/\/www.prijedordanas.com\/index.php?rest_route=%2Fwp%2Fv2%2Fcomments&post=150140"}],"version-history":[{"count":1,"href":"https:\/\/www.prijedordanas.com\/index.php?rest_route=\/wp\/v2\/posts\/150140\/revisions"}],"predecessor-version":[{"id":150141,"href":"https:\/\/www.prijedordanas.com\/index.php?rest_route=\/wp\/v2\/posts\/150140\/revisions\/150141"}],"wp:attachment":[{"href":"https:\/\/www.prijedordanas.com\/index.php?rest_route=%2Fwp%2Fv2%2Fmedia&parent=150140"}],"wp:term":[{"taxonomy":"category","embeddable":true,"href":"https:\/\/www.prijedordanas.com\/index.php?rest_route=%2Fwp%2Fv2%2Fcategories&post=150140"},{"taxonomy":"post_tag","embeddable":true,"href":"https:\/\/www.prijedordanas.com\/index.php?rest_route=%2Fwp%2Fv2%2Ftags&post=150140"}],"curies":[{"name":"wp","href":"https:\/\/api.w.org\/{rel}","templated":true}]}}