{"id":149802,"date":"2020-06-20T14:34:13","date_gmt":"2020-06-20T12:34:13","guid":{"rendered":"https:\/\/www.prijedordanas.com\/?p=149802"},"modified":"2020-06-20T14:34:13","modified_gmt":"2020-06-20T12:34:13","slug":"vlasnik-popularnog-prijedorskog-kafica-demantuje-tv-prilog-u-intermecu-su-svi-radnici-zdravi-i-niko-nije-pozitivan-na-korona-virus","status":"publish","type":"post","link":"https:\/\/www.prijedordanas.com\/?p=149802","title":{"rendered":"Vlasnik popularnog prijedorskog kafi\u0107a demantuje TV prilog: U \u201eIntermecu\u201c su svi radnici zdravi i niko nije pozitivan na korona virus"},"content":{"rendered":"<p><a href=\"https:\/\/www.prijedordanas.com\/wp-content\/uploads\/2020\/06\/intermeco-prijedor-1.jpg\"><img loading=\"lazy\" decoding=\"async\" class=\"alignleft size-medium wp-image-149803\" src=\"https:\/\/www.prijedordanas.com\/wp-content\/uploads\/2020\/06\/intermeco-prijedor-1-300x217.jpg\" alt=\"\" width=\"300\" height=\"217\" srcset=\"https:\/\/www.prijedordanas.com\/wp-content\/uploads\/2020\/06\/intermeco-prijedor-1-300x217.jpg 300w, https:\/\/www.prijedordanas.com\/wp-content\/uploads\/2020\/06\/intermeco-prijedor-1.jpg 690w\" sizes=\"(max-width: 300px) 100vw, 300px\" \/><\/a>Na na\u0161u adresu je stiglo pismo-demant Prijedor\u010danina Gorana Radakovi\u0107a, vlasnika popularnog ugostiteljskog objekta &#8220;Intermeco&#8221; u na\u0161em gradu.<\/p>\n<p>On se u ovom demantu, objavljenom na li\u010dnom Facebook profilu te u grupi <a href=\"https:\/\/www.facebook.com\/groups\/111373292244671\/\" target=\"_blank\" rel=\"noopener noreferrer\">Caffe Intermezzo Prijedor<\/a> osvrnuo na prilog BN TV.<\/p>\n<p>U nastavku u cijelosti prenosimo pomenuti demant.<\/p>\n<p>Demant<\/p>\n<p>Svako vrijeme ima svoje breme. Ovo na\u0161e vrijeme dodatno je opteretila pandemija virusa korona. Nikome nije lako. Najte\u017ee je onima koji su izgubili svoje najmilije, i sa njima smo u mislima svakodnevno kada se isti\u010de bilans \u017ertava virusa korona. Nije lako ni oboljelima, ali ni onima koji, pridr\u017eavaju\u0107i se propisanih mjera, poku\u0161avaju da rade i obezbijede egzistenciju za sebe i svoje porodice. Ono \u0161to mene kao gra\u0111anina ovog grada i malog privrednika zabrinjava su ljudi koji svim silama nastoje da nam bude jo\u0161 gore i nikako mi nije jasno za\u0161to to \u010dine. Tragaju\u0107i za odgovorom, od ju\u010de se pitam kome je cilj da ne\u0161to \u0161to je pozitivno mora da padne na dno. Naime, na BN televiziji koja se gleda i na podru\u010dju Prijedora, ju\u010de je u informativnim emisijama osvanuo prilog iz na\u0161eg grada gdje se pojavljuju neke informacije vezane za epidemiolo\u0161ku situaciju, koje su u suprotnosti sa nekim podacima koji su saop\u0161teni u drugim medijima. A da zlo bude ve\u0107e, ne navode\u0107i ime, ve\u0107 samo da je \u201ekako smo nezvani\u010dno saznali u jednom poznatom prijedorskom ugostiteljskom objektu zara\u017eeno je \u010dak \u010ditavo osoblje\u201c i vidi se slika objekta \u201eIntermeco\u201c.<\/p>\n<p><a href=\"https:\/\/www.prijedordanas.com\/wp-content\/uploads\/2020\/06\/intermeco-prijedor-2.jpg\"><img loading=\"lazy\" decoding=\"async\" src=\"https:\/\/www.prijedordanas.com\/wp-content\/uploads\/2020\/06\/intermeco-prijedor-2-300x225.jpg\" alt=\"\" width=\"300\" height=\"225\" class=\"alignleft size-medium wp-image-149804\" srcset=\"https:\/\/www.prijedordanas.com\/wp-content\/uploads\/2020\/06\/intermeco-prijedor-2-300x225.jpg 300w, https:\/\/www.prijedordanas.com\/wp-content\/uploads\/2020\/06\/intermeco-prijedor-2-640x480.jpg 640w, https:\/\/www.prijedordanas.com\/wp-content\/uploads\/2020\/06\/intermeco-prijedor-2.jpg 667w\" sizes=\"(max-width: 300px) 100vw, 300px\" \/><\/a>Veoma te\u0161ke rije\u010di u jednoj informativnoj emisiji. Moram da ka\u017eem da prema, u ovom slu\u010daju zvani\u010dnoj informaciji, kompletno osoblje pomenutog ugostiteljskog objekta broji 15 radnika.<\/p>\n<p>I svi su sino\u0107 bili, nakon tog tv priloga, na svom radnom mjestu.<\/p>\n<p>Ovim putem \u017eelim da javno demantujem da je u prikazanom i kako je navedeno \u201epoznatom ugostiteljskom objektu\u201c zara\u017eeno ijedno lice il \u010dlanovi njihovih porodica. Nije sramota biti bolestan u vrijeme pandemije, ali je sramota \u0161iriti neprovjerene informacije i dovoditi u neprijatnost osoblje, a i na\u0161e redovne goste.<\/p>\n<p>Za pomenutu televiziju slijedi tu\u017eba, a za autora priloga i privatna tu\u017eba za ovo neprimjereno postupanje i nano\u0161enje nesagledivih posljedica kako za mene li\u010dno, tako i za sve zaposlene u ovom objektu.<\/p>\n<p>Na\u0161 ugostiteljski objekat jeste poznat i prepoznatljiv, jer iako nije navedeno njegovo ime, slika je bila dovoljna da se zaposleni, kao prepoznatljiva lica, neugodno osje\u0107aju na drugim mjestima u gradu.<\/p>\n<p>Nije mi jasno koji je bio motiv da se plasira, ova slobodno mogu re\u0107i gnusna la\u017e, ali vjerujem da \u0107e pravda pobijediti i da \u0107e istina iza\u0107i na vidjelo. Ni sanjao nisam da mi se ovo mo\u017ee dogoditi u mom gradu, ali sada vidim da je sve mogu\u0107e.<\/p>\n<p>Iskreno se nadam da \u0107emo uskoro pobijediti koronu, ali i sve one koji zarad nekog svog interesa mrze ljude i \u017eele im zlo.<\/p>\n<p>Na\u0161e goste pozivamo da slobodno navrate do nas, jer znaju gdje smo,a vjerujte svi smo tamo, \u017eivi, zdravi i nasmijani, spremni da vas ugostimo i da zajedno provodimo va\u0161e slobodno vrijeme. Ne\u0107e nas slomiti ni poraziti, a mo\u017ee ih samo biti sram.<\/p>\n<p>Goran Radakovi\u0107<\/p>\n","protected":false},"excerpt":{"rendered":"<p>Na na\u0161u adresu je stiglo pismo-demant Prijedor\u010danina Gorana Radakovi\u0107a, vlasnika popularnog ugostiteljskog objekta &#8220;Intermeco&#8221; u na\u0161em gradu. On se u ovom demantu, objavljenom na li\u010dnom Facebook profilu te u grupi [&hellip;]<\/p>\n","protected":false},"author":1,"featured_media":0,"comment_status":"closed","ping_status":"open","sticky":false,"template":"","format":"standard","meta":{"_monsterinsights_skip_tracking":false,"_monsterinsights_sitenote_active":false,"_monsterinsights_sitenote_note":"","_monsterinsights_sitenote_category":0,"footnotes":""},"categories":[3],"tags":[4396],"yoast_head":"<!-- This site is optimized with the Yoast SEO plugin v21.6 - https:\/\/yoast.com\/wordpress\/plugins\/seo\/ -->\n<title>Vlasnik popularnog prijedorskog kafi\u0107a demantuje TV prilog: U \u201eIntermecu\u201c su svi radnici zdravi i niko nije pozitivan na korona virus - PrijedorDanas.com - Prijedorski gradski portal<\/title>\n<meta name=\"robots\" content=\"index, follow, max-snippet:-1, max-image-preview:large, max-video-preview:-1\" \/>\n<link rel=\"canonical\" href=\"https:\/\/www.prijedordanas.com\/?p=149802\" \/>\n<meta property=\"og:locale\" content=\"en_US\" \/>\n<meta property=\"og:type\" content=\"article\" \/>\n<meta property=\"og:title\" content=\"Vlasnik popularnog prijedorskog kafi\u0107a demantuje TV prilog: U \u201eIntermecu\u201c su svi radnici zdravi i niko nije pozitivan na korona virus - PrijedorDanas.com - Prijedorski gradski portal\" \/>\n<meta property=\"og:description\" content=\"Na na\u0161u adresu je stiglo pismo-demant Prijedor\u010danina Gorana Radakovi\u0107a, vlasnika popularnog ugostiteljskog objekta &#8220;Intermeco&#8221; u na\u0161em gradu. On se u ovom demantu, objavljenom na li\u010dnom Facebook profilu te u grupi [&hellip;]\" \/>\n<meta property=\"og:url\" content=\"https:\/\/www.prijedordanas.com\/?p=149802\" \/>\n<meta property=\"og:site_name\" content=\"PrijedorDanas.com - Prijedorski gradski portal\" \/>\n<meta property=\"article:publisher\" content=\"https:\/\/www.facebook.com\/PrijedorDanasCom\/\" \/>\n<meta property=\"article:published_time\" content=\"2020-06-20T12:34:13+00:00\" \/>\n<meta property=\"og:image\" content=\"https:\/\/www.prijedordanas.com\/wp-content\/uploads\/2020\/06\/intermeco-prijedor-1-300x217.jpg\" \/>\n<meta name=\"author\" content=\"admin\" \/>\n<meta name=\"twitter:card\" content=\"summary_large_image\" \/>\n<meta name=\"twitter:label1\" content=\"Written by\" \/>\n\t<meta name=\"twitter:data1\" content=\"admin\" \/>\n\t<meta name=\"twitter:label2\" content=\"Est. reading time\" \/>\n\t<meta name=\"twitter:data2\" content=\"3 minutes\" \/>\n<script type=\"application\/ld+json\" class=\"yoast-schema-graph\">{\"@context\":\"https:\/\/schema.org\",\"@graph\":[{\"@type\":\"Article\",\"@id\":\"https:\/\/www.prijedordanas.com\/?p=149802#article\",\"isPartOf\":{\"@id\":\"https:\/\/www.prijedordanas.com\/?p=149802\"},\"author\":{\"name\":\"admin\",\"@id\":\"https:\/\/www.prijedordanas.com\/#\/schema\/person\/4e08ccf29b506ca916ff86d46bb700e6\"},\"headline\":\"Vlasnik popularnog prijedorskog kafi\u0107a demantuje TV prilog: U \u201eIntermecu\u201c su svi radnici zdravi i niko nije pozitivan na korona virus\",\"datePublished\":\"2020-06-20T12:34:13+00:00\",\"dateModified\":\"2020-06-20T12:34:13+00:00\",\"mainEntityOfPage\":{\"@id\":\"https:\/\/www.prijedordanas.com\/?p=149802\"},\"wordCount\":562,\"publisher\":{\"@id\":\"https:\/\/www.prijedordanas.com\/#organization\"},\"keywords\":[\"demant\"],\"articleSection\":[\"\u017divot\"],\"inLanguage\":\"en-US\"},{\"@type\":\"WebPage\",\"@id\":\"https:\/\/www.prijedordanas.com\/?p=149802\",\"url\":\"https:\/\/www.prijedordanas.com\/?p=149802\",\"name\":\"Vlasnik popularnog prijedorskog kafi\u0107a demantuje TV prilog: U \u201eIntermecu\u201c su svi radnici zdravi i niko nije pozitivan na korona virus - PrijedorDanas.com - Prijedorski gradski portal\",\"isPartOf\":{\"@id\":\"https:\/\/www.prijedordanas.com\/#website\"},\"datePublished\":\"2020-06-20T12:34:13+00:00\",\"dateModified\":\"2020-06-20T12:34:13+00:00\",\"breadcrumb\":{\"@id\":\"https:\/\/www.prijedordanas.com\/?p=149802#breadcrumb\"},\"inLanguage\":\"en-US\",\"potentialAction\":[{\"@type\":\"ReadAction\",\"target\":[\"https:\/\/www.prijedordanas.com\/?p=149802\"]}]},{\"@type\":\"BreadcrumbList\",\"@id\":\"https:\/\/www.prijedordanas.com\/?p=149802#breadcrumb\",\"itemListElement\":[{\"@type\":\"ListItem\",\"position\":1,\"name\":\"Home\",\"item\":\"https:\/\/www.prijedordanas.com\/\"},{\"@type\":\"ListItem\",\"position\":2,\"name\":\"Vlasnik popularnog prijedorskog kafi\u0107a demantuje TV prilog: U \u201eIntermecu\u201c su svi radnici zdravi i niko nije pozitivan na korona virus\"}]},{\"@type\":\"WebSite\",\"@id\":\"https:\/\/www.prijedordanas.com\/#website\",\"url\":\"https:\/\/www.prijedordanas.com\/\",\"name\":\"PrijedorDanas.com - Prijedorski gradski portal\",\"description\":\"Portal o doga\u0111anjima u gradu Prijedoru\",\"publisher\":{\"@id\":\"https:\/\/www.prijedordanas.com\/#organization\"},\"potentialAction\":[{\"@type\":\"SearchAction\",\"target\":{\"@type\":\"EntryPoint\",\"urlTemplate\":\"https:\/\/www.prijedordanas.com\/?s={search_term_string}\"},\"query-input\":\"required name=search_term_string\"}],\"inLanguage\":\"en-US\"},{\"@type\":\"Organization\",\"@id\":\"https:\/\/www.prijedordanas.com\/#organization\",\"name\":\"PrijedorDanas.com\",\"url\":\"https:\/\/www.prijedordanas.com\/\",\"logo\":{\"@type\":\"ImageObject\",\"inLanguage\":\"en-US\",\"@id\":\"https:\/\/www.prijedordanas.com\/#\/schema\/logo\/image\/\",\"url\":\"http:\/\/www.prijedordanas.com\/wp-content\/uploads\/2021\/12\/logopng.png\",\"contentUrl\":\"http:\/\/www.prijedordanas.com\/wp-content\/uploads\/2021\/12\/logopng.png\",\"width\":1019,\"height\":776,\"caption\":\"PrijedorDanas.com\"},\"image\":{\"@id\":\"https:\/\/www.prijedordanas.com\/#\/schema\/logo\/image\/\"},\"sameAs\":[\"https:\/\/www.facebook.com\/PrijedorDanasCom\/\"]},{\"@type\":\"Person\",\"@id\":\"https:\/\/www.prijedordanas.com\/#\/schema\/person\/4e08ccf29b506ca916ff86d46bb700e6\",\"name\":\"admin\",\"image\":{\"@type\":\"ImageObject\",\"inLanguage\":\"en-US\",\"@id\":\"https:\/\/www.prijedordanas.com\/#\/schema\/person\/image\/\",\"url\":\"https:\/\/secure.gravatar.com\/avatar\/1d3fc949d550f0b53a5f0d51e06dfd79?s=96&d=mm&r=g\",\"contentUrl\":\"https:\/\/secure.gravatar.com\/avatar\/1d3fc949d550f0b53a5f0d51e06dfd79?s=96&d=mm&r=g\",\"caption\":\"admin\"},\"url\":\"https:\/\/www.prijedordanas.com\/?author=1\"}]}<\/script>\n<!-- \/ Yoast SEO plugin. -->","yoast_head_json":{"title":"Vlasnik popularnog prijedorskog kafi\u0107a demantuje TV prilog: U \u201eIntermecu\u201c su svi radnici zdravi i niko nije pozitivan na korona virus - PrijedorDanas.com - Prijedorski gradski portal","robots":{"index":"index","follow":"follow","max-snippet":"max-snippet:-1","max-image-preview":"max-image-preview:large","max-video-preview":"max-video-preview:-1"},"canonical":"https:\/\/www.prijedordanas.com\/?p=149802","og_locale":"en_US","og_type":"article","og_title":"Vlasnik popularnog prijedorskog kafi\u0107a demantuje TV prilog: U \u201eIntermecu\u201c su svi radnici zdravi i niko nije pozitivan na korona virus - PrijedorDanas.com - Prijedorski gradski portal","og_description":"Na na\u0161u adresu je stiglo pismo-demant Prijedor\u010danina Gorana Radakovi\u0107a, vlasnika popularnog ugostiteljskog objekta &#8220;Intermeco&#8221; u na\u0161em gradu. On se u ovom demantu, objavljenom na li\u010dnom Facebook profilu te u grupi [&hellip;]","og_url":"https:\/\/www.prijedordanas.com\/?p=149802","og_site_name":"PrijedorDanas.com - Prijedorski gradski portal","article_publisher":"https:\/\/www.facebook.com\/PrijedorDanasCom\/","article_published_time":"2020-06-20T12:34:13+00:00","og_image":[{"url":"https:\/\/www.prijedordanas.com\/wp-content\/uploads\/2020\/06\/intermeco-prijedor-1-300x217.jpg"}],"author":"admin","twitter_card":"summary_large_image","twitter_misc":{"Written by":"admin","Est. reading time":"3 minutes"},"schema":{"@context":"https:\/\/schema.org","@graph":[{"@type":"Article","@id":"https:\/\/www.prijedordanas.com\/?p=149802#article","isPartOf":{"@id":"https:\/\/www.prijedordanas.com\/?p=149802"},"author":{"name":"admin","@id":"https:\/\/www.prijedordanas.com\/#\/schema\/person\/4e08ccf29b506ca916ff86d46bb700e6"},"headline":"Vlasnik popularnog prijedorskog kafi\u0107a demantuje TV prilog: U \u201eIntermecu\u201c su svi radnici zdravi i niko nije pozitivan na korona virus","datePublished":"2020-06-20T12:34:13+00:00","dateModified":"2020-06-20T12:34:13+00:00","mainEntityOfPage":{"@id":"https:\/\/www.prijedordanas.com\/?p=149802"},"wordCount":562,"publisher":{"@id":"https:\/\/www.prijedordanas.com\/#organization"},"keywords":["demant"],"articleSection":["\u017divot"],"inLanguage":"en-US"},{"@type":"WebPage","@id":"https:\/\/www.prijedordanas.com\/?p=149802","url":"https:\/\/www.prijedordanas.com\/?p=149802","name":"Vlasnik popularnog prijedorskog kafi\u0107a demantuje TV prilog: U \u201eIntermecu\u201c su svi radnici zdravi i niko nije pozitivan na korona virus - PrijedorDanas.com - Prijedorski gradski portal","isPartOf":{"@id":"https:\/\/www.prijedordanas.com\/#website"},"datePublished":"2020-06-20T12:34:13+00:00","dateModified":"2020-06-20T12:34:13+00:00","breadcrumb":{"@id":"https:\/\/www.prijedordanas.com\/?p=149802#breadcrumb"},"inLanguage":"en-US","potentialAction":[{"@type":"ReadAction","target":["https:\/\/www.prijedordanas.com\/?p=149802"]}]},{"@type":"BreadcrumbList","@id":"https:\/\/www.prijedordanas.com\/?p=149802#breadcrumb","itemListElement":[{"@type":"ListItem","position":1,"name":"Home","item":"https:\/\/www.prijedordanas.com\/"},{"@type":"ListItem","position":2,"name":"Vlasnik popularnog prijedorskog kafi\u0107a demantuje TV prilog: U \u201eIntermecu\u201c su svi radnici zdravi i niko nije pozitivan na korona virus"}]},{"@type":"WebSite","@id":"https:\/\/www.prijedordanas.com\/#website","url":"https:\/\/www.prijedordanas.com\/","name":"PrijedorDanas.com - Prijedorski gradski portal","description":"Portal o doga\u0111anjima u gradu Prijedoru","publisher":{"@id":"https:\/\/www.prijedordanas.com\/#organization"},"potentialAction":[{"@type":"SearchAction","target":{"@type":"EntryPoint","urlTemplate":"https:\/\/www.prijedordanas.com\/?s={search_term_string}"},"query-input":"required name=search_term_string"}],"inLanguage":"en-US"},{"@type":"Organization","@id":"https:\/\/www.prijedordanas.com\/#organization","name":"PrijedorDanas.com","url":"https:\/\/www.prijedordanas.com\/","logo":{"@type":"ImageObject","inLanguage":"en-US","@id":"https:\/\/www.prijedordanas.com\/#\/schema\/logo\/image\/","url":"http:\/\/www.prijedordanas.com\/wp-content\/uploads\/2021\/12\/logopng.png","contentUrl":"http:\/\/www.prijedordanas.com\/wp-content\/uploads\/2021\/12\/logopng.png","width":1019,"height":776,"caption":"PrijedorDanas.com"},"image":{"@id":"https:\/\/www.prijedordanas.com\/#\/schema\/logo\/image\/"},"sameAs":["https:\/\/www.facebook.com\/PrijedorDanasCom\/"]},{"@type":"Person","@id":"https:\/\/www.prijedordanas.com\/#\/schema\/person\/4e08ccf29b506ca916ff86d46bb700e6","name":"admin","image":{"@type":"ImageObject","inLanguage":"en-US","@id":"https:\/\/www.prijedordanas.com\/#\/schema\/person\/image\/","url":"https:\/\/secure.gravatar.com\/avatar\/1d3fc949d550f0b53a5f0d51e06dfd79?s=96&d=mm&r=g","contentUrl":"https:\/\/secure.gravatar.com\/avatar\/1d3fc949d550f0b53a5f0d51e06dfd79?s=96&d=mm&r=g","caption":"admin"},"url":"https:\/\/www.prijedordanas.com\/?author=1"}]}},"_links":{"self":[{"href":"https:\/\/www.prijedordanas.com\/index.php?rest_route=\/wp\/v2\/posts\/149802"}],"collection":[{"href":"https:\/\/www.prijedordanas.com\/index.php?rest_route=\/wp\/v2\/posts"}],"about":[{"href":"https:\/\/www.prijedordanas.com\/index.php?rest_route=\/wp\/v2\/types\/post"}],"author":[{"embeddable":true,"href":"https:\/\/www.prijedordanas.com\/index.php?rest_route=\/wp\/v2\/users\/1"}],"replies":[{"embeddable":true,"href":"https:\/\/www.prijedordanas.com\/index.php?rest_route=%2Fwp%2Fv2%2Fcomments&post=149802"}],"version-history":[{"count":1,"href":"https:\/\/www.prijedordanas.com\/index.php?rest_route=\/wp\/v2\/posts\/149802\/revisions"}],"predecessor-version":[{"id":149805,"href":"https:\/\/www.prijedordanas.com\/index.php?rest_route=\/wp\/v2\/posts\/149802\/revisions\/149805"}],"wp:attachment":[{"href":"https:\/\/www.prijedordanas.com\/index.php?rest_route=%2Fwp%2Fv2%2Fmedia&parent=149802"}],"wp:term":[{"taxonomy":"category","embeddable":true,"href":"https:\/\/www.prijedordanas.com\/index.php?rest_route=%2Fwp%2Fv2%2Fcategories&post=149802"},{"taxonomy":"post_tag","embeddable":true,"href":"https:\/\/www.prijedordanas.com\/index.php?rest_route=%2Fwp%2Fv2%2Ftags&post=149802"}],"curies":[{"name":"wp","href":"https:\/\/api.w.org\/{rel}","templated":true}]}}