{"id":149729,"date":"2020-06-19T09:47:01","date_gmt":"2020-06-19T07:47:01","guid":{"rendered":"https:\/\/www.prijedordanas.com\/?p=149729"},"modified":"2020-06-19T09:47:01","modified_gmt":"2020-06-19T07:47:01","slug":"projekat-crno-vrelo-u-zavrsnoj-fazi-foto","status":"publish","type":"post","link":"https:\/\/www.prijedordanas.com\/?p=149729","title":{"rendered":"Projekat \u201cCrno vrelo\u201d u zavr\u0161noj fazi &#8211; FOTO"},"content":{"rendered":"<p><a href=\"https:\/\/www.prijedordanas.com\/wp-content\/uploads\/2020\/06\/vodovod-prijedor-crno-vrelo-zavrsna-faza-1.jpg\"><img loading=\"lazy\" decoding=\"async\" class=\"alignleft size-medium wp-image-149730\" src=\"https:\/\/www.prijedordanas.com\/wp-content\/uploads\/2020\/06\/vodovod-prijedor-crno-vrelo-zavrsna-faza-1-300x269.jpg\" alt=\"\" width=\"300\" height=\"269\" srcset=\"https:\/\/www.prijedordanas.com\/wp-content\/uploads\/2020\/06\/vodovod-prijedor-crno-vrelo-zavrsna-faza-1-300x269.jpg 300w, https:\/\/www.prijedordanas.com\/wp-content\/uploads\/2020\/06\/vodovod-prijedor-crno-vrelo-zavrsna-faza-1.jpg 558w\" sizes=\"(max-width: 300px) 100vw, 300px\" \/><\/a>Izvo\u0111enje radova na izgradnji regionalnog sistema vodosnabdijevanja \u201eCrno vrelo\u201c, koji se gradi zajedno sa Gradom Banja Luka, je u zavr\u0161noj fazi.<\/p>\n<p>Kada je grad Prijedor u pitanju, \u201eCrno vrelo\u201c obezbijedi\u0107e uredno snabdijevanje za naselja Jeli\u0107ka, Gradina, Mari\u0107ka, Krivaja, Ni\u0161evi\u0107i, Bistrica, Omarska, Lamovita, Kevljani, Petrov Gaj i Kami\u010dani.<\/p>\n<p>U toku je izvo\u0111enje radova na tercijarnoj mre\u017ei i ku\u0107nim priklju\u010dcima. Od ukupno 280 km vodovodne mre\u017ee i ku\u0107nih priklju\u010daka, do sada je izvedeno oko 140 km i spojeno je oko 970 doma\u0107instava. Radovi su zavr\u0161eni u naseljima Jeli\u0107ka i Gradina, a u naseljima Mari\u0107ka, Krivaja, Petrov Gaj, Omarska i Lamovita radovi su u toku.<\/p>\n<p><a href=\"https:\/\/www.prijedordanas.com\/wp-content\/uploads\/2020\/06\/vodovod-prijedor-crno-vrelo-zavrsna-faza-6.jpg\"><img loading=\"lazy\" decoding=\"async\" src=\"https:\/\/www.prijedordanas.com\/wp-content\/uploads\/2020\/06\/vodovod-prijedor-crno-vrelo-zavrsna-faza-6-300x225.jpg\" alt=\"\" width=\"300\" height=\"225\" class=\"alignleft size-medium wp-image-149731\" srcset=\"https:\/\/www.prijedordanas.com\/wp-content\/uploads\/2020\/06\/vodovod-prijedor-crno-vrelo-zavrsna-faza-6-300x225.jpg 300w, https:\/\/www.prijedordanas.com\/wp-content\/uploads\/2020\/06\/vodovod-prijedor-crno-vrelo-zavrsna-faza-6.jpg 600w\" sizes=\"(max-width: 300px) 100vw, 300px\" \/><\/a>Do sada je podneseno oko 2100 zahteva gra\u0111ana za priklju\u010denje na ovaj vodovodni sistem. Ovim putem pozivamo sve gra\u0111ane koji \u017eele da se spoje na sistem vodosnabdijevanja sa \u201eCrnog vrela\u201c da \u0161to prije podnesu zahtjeve za prilju\u010denje u svojim mjesnim zajednicama, gdje \u0107e dobiti detaljna uputstva vezana za proceduru priklju\u010denja.<\/p>\n<p>Projektom je predvi\u0111eno da se na ovaj sistem vodosnabdijevanja spoji oko 4200 doma\u0107instava na podru\u010dju Prijedora.<\/p>\n<p>Vodovodni sistem \u201eCrno vrelo\u201c je od izuzetne va\u017enosti, jer \u0107e njegovim zavr\u0161etkom oko 20.000 stanovnika sa rubnih podru\u010dja Prijedora i Banjaluke dobiti pitku vodu.<\/p>\n<p>Vodovod Prijedor<\/p>\n<p><a href=\"https:\/\/www.prijedordanas.com\/wp-content\/uploads\/2020\/06\/vodovod-prijedor-crno-vrelo-zavrsna-faza-2.jpg\"><img loading=\"lazy\" decoding=\"async\" src=\"https:\/\/www.prijedordanas.com\/wp-content\/uploads\/2020\/06\/vodovod-prijedor-crno-vrelo-zavrsna-faza-2-225x300.jpg\" alt=\"\" width=\"225\" height=\"300\" class=\"alignleft size-medium wp-image-149732\" srcset=\"https:\/\/www.prijedordanas.com\/wp-content\/uploads\/2020\/06\/vodovod-prijedor-crno-vrelo-zavrsna-faza-2-225x300.jpg 225w, https:\/\/www.prijedordanas.com\/wp-content\/uploads\/2020\/06\/vodovod-prijedor-crno-vrelo-zavrsna-faza-2.jpg 450w\" sizes=\"(max-width: 225px) 100vw, 225px\" \/><\/a> <a href=\"https:\/\/www.prijedordanas.com\/wp-content\/uploads\/2020\/06\/vodovod-prijedor-crno-vrelo-zavrsna-faza-3.jpg\"><img loading=\"lazy\" decoding=\"async\" src=\"https:\/\/www.prijedordanas.com\/wp-content\/uploads\/2020\/06\/vodovod-prijedor-crno-vrelo-zavrsna-faza-3-225x300.jpg\" alt=\"\" width=\"225\" height=\"300\" class=\"alignleft size-medium wp-image-149733\" srcset=\"https:\/\/www.prijedordanas.com\/wp-content\/uploads\/2020\/06\/vodovod-prijedor-crno-vrelo-zavrsna-faza-3-225x300.jpg 225w, https:\/\/www.prijedordanas.com\/wp-content\/uploads\/2020\/06\/vodovod-prijedor-crno-vrelo-zavrsna-faza-3.jpg 450w\" sizes=\"(max-width: 225px) 100vw, 225px\" \/><\/a> <a href=\"https:\/\/www.prijedordanas.com\/wp-content\/uploads\/2020\/06\/vodovod-prijedor-crno-vrelo-zavrsna-faza-4.jpg\"><img loading=\"lazy\" decoding=\"async\" src=\"https:\/\/www.prijedordanas.com\/wp-content\/uploads\/2020\/06\/vodovod-prijedor-crno-vrelo-zavrsna-faza-4-225x300.jpg\" alt=\"\" width=\"225\" height=\"300\" class=\"alignleft size-medium wp-image-149734\" srcset=\"https:\/\/www.prijedordanas.com\/wp-content\/uploads\/2020\/06\/vodovod-prijedor-crno-vrelo-zavrsna-faza-4-225x300.jpg 225w, https:\/\/www.prijedordanas.com\/wp-content\/uploads\/2020\/06\/vodovod-prijedor-crno-vrelo-zavrsna-faza-4.jpg 450w\" sizes=\"(max-width: 225px) 100vw, 225px\" \/><\/a> <a href=\"https:\/\/www.prijedordanas.com\/wp-content\/uploads\/2020\/06\/vodovod-prijedor-crno-vrelo-zavrsna-faza-5.jpg\"><img loading=\"lazy\" decoding=\"async\" src=\"https:\/\/www.prijedordanas.com\/wp-content\/uploads\/2020\/06\/vodovod-prijedor-crno-vrelo-zavrsna-faza-5-225x300.jpg\" alt=\"\" width=\"225\" height=\"300\" class=\"alignleft size-medium wp-image-149735\" srcset=\"https:\/\/www.prijedordanas.com\/wp-content\/uploads\/2020\/06\/vodovod-prijedor-crno-vrelo-zavrsna-faza-5-225x300.jpg 225w, https:\/\/www.prijedordanas.com\/wp-content\/uploads\/2020\/06\/vodovod-prijedor-crno-vrelo-zavrsna-faza-5.jpg 450w\" sizes=\"(max-width: 225px) 100vw, 225px\" \/><\/a><\/p>\n","protected":false},"excerpt":{"rendered":"<p>Izvo\u0111enje radova na izgradnji regionalnog sistema vodosnabdijevanja \u201eCrno vrelo\u201c, koji se gradi zajedno sa Gradom Banja Luka, je u zavr\u0161noj fazi. Kada je grad Prijedor u pitanju, \u201eCrno vrelo\u201c obezbijedi\u0107e [&hellip;]<\/p>\n","protected":false},"author":1,"featured_media":0,"comment_status":"closed","ping_status":"open","sticky":false,"template":"","format":"standard","meta":{"_monsterinsights_skip_tracking":false,"_monsterinsights_sitenote_active":false,"_monsterinsights_sitenote_note":"","_monsterinsights_sitenote_category":0,"footnotes":""},"categories":[8],"tags":[41,3474],"yoast_head":"<!-- This site is optimized with the Yoast SEO plugin v21.6 - https:\/\/yoast.com\/wordpress\/plugins\/seo\/ -->\n<title>Projekat \u201cCrno vrelo\u201d u zavr\u0161noj fazi - FOTO - PrijedorDanas.com - Prijedorski gradski portal<\/title>\n<meta name=\"robots\" content=\"index, follow, max-snippet:-1, max-image-preview:large, max-video-preview:-1\" \/>\n<link rel=\"canonical\" href=\"https:\/\/www.prijedordanas.com\/?p=149729\" \/>\n<meta property=\"og:locale\" content=\"en_US\" \/>\n<meta property=\"og:type\" content=\"article\" \/>\n<meta property=\"og:title\" content=\"Projekat \u201cCrno vrelo\u201d u zavr\u0161noj fazi - FOTO - PrijedorDanas.com - Prijedorski gradski portal\" \/>\n<meta property=\"og:description\" content=\"Izvo\u0111enje radova na izgradnji regionalnog sistema vodosnabdijevanja \u201eCrno vrelo\u201c, koji se gradi zajedno sa Gradom Banja Luka, je u zavr\u0161noj fazi. Kada je grad Prijedor u pitanju, \u201eCrno vrelo\u201c obezbijedi\u0107e [&hellip;]\" \/>\n<meta property=\"og:url\" content=\"https:\/\/www.prijedordanas.com\/?p=149729\" \/>\n<meta property=\"og:site_name\" content=\"PrijedorDanas.com - Prijedorski gradski portal\" \/>\n<meta property=\"article:publisher\" content=\"https:\/\/www.facebook.com\/PrijedorDanasCom\/\" \/>\n<meta property=\"article:published_time\" content=\"2020-06-19T07:47:01+00:00\" \/>\n<meta property=\"og:image\" content=\"https:\/\/www.prijedordanas.com\/wp-content\/uploads\/2020\/06\/vodovod-prijedor-crno-vrelo-zavrsna-faza-1-300x269.jpg\" \/>\n<meta name=\"author\" content=\"admin\" \/>\n<meta name=\"twitter:card\" content=\"summary_large_image\" \/>\n<meta name=\"twitter:label1\" content=\"Written by\" \/>\n\t<meta name=\"twitter:data1\" content=\"admin\" \/>\n\t<meta name=\"twitter:label2\" content=\"Est. reading time\" \/>\n\t<meta name=\"twitter:data2\" content=\"1 minute\" \/>\n<script type=\"application\/ld+json\" class=\"yoast-schema-graph\">{\"@context\":\"https:\/\/schema.org\",\"@graph\":[{\"@type\":\"Article\",\"@id\":\"https:\/\/www.prijedordanas.com\/?p=149729#article\",\"isPartOf\":{\"@id\":\"https:\/\/www.prijedordanas.com\/?p=149729\"},\"author\":{\"name\":\"admin\",\"@id\":\"https:\/\/www.prijedordanas.com\/#\/schema\/person\/4e08ccf29b506ca916ff86d46bb700e6\"},\"headline\":\"Projekat \u201cCrno vrelo\u201d u zavr\u0161noj fazi &#8211; FOTO\",\"datePublished\":\"2020-06-19T07:47:01+00:00\",\"dateModified\":\"2020-06-19T07:47:01+00:00\",\"mainEntityOfPage\":{\"@id\":\"https:\/\/www.prijedordanas.com\/?p=149729\"},\"wordCount\":227,\"publisher\":{\"@id\":\"https:\/\/www.prijedordanas.com\/#organization\"},\"keywords\":[\"Crno Vrelo\",\"vodosnabdijevanje\"],\"articleSection\":[\"Svakodnevno\"],\"inLanguage\":\"en-US\"},{\"@type\":\"WebPage\",\"@id\":\"https:\/\/www.prijedordanas.com\/?p=149729\",\"url\":\"https:\/\/www.prijedordanas.com\/?p=149729\",\"name\":\"Projekat \u201cCrno vrelo\u201d u zavr\u0161noj fazi - FOTO - PrijedorDanas.com - Prijedorski gradski portal\",\"isPartOf\":{\"@id\":\"https:\/\/www.prijedordanas.com\/#website\"},\"datePublished\":\"2020-06-19T07:47:01+00:00\",\"dateModified\":\"2020-06-19T07:47:01+00:00\",\"breadcrumb\":{\"@id\":\"https:\/\/www.prijedordanas.com\/?p=149729#breadcrumb\"},\"inLanguage\":\"en-US\",\"potentialAction\":[{\"@type\":\"ReadAction\",\"target\":[\"https:\/\/www.prijedordanas.com\/?p=149729\"]}]},{\"@type\":\"BreadcrumbList\",\"@id\":\"https:\/\/www.prijedordanas.com\/?p=149729#breadcrumb\",\"itemListElement\":[{\"@type\":\"ListItem\",\"position\":1,\"name\":\"Home\",\"item\":\"https:\/\/www.prijedordanas.com\/\"},{\"@type\":\"ListItem\",\"position\":2,\"name\":\"Projekat \u201cCrno vrelo\u201d u zavr\u0161noj fazi &#8211; FOTO\"}]},{\"@type\":\"WebSite\",\"@id\":\"https:\/\/www.prijedordanas.com\/#website\",\"url\":\"https:\/\/www.prijedordanas.com\/\",\"name\":\"PrijedorDanas.com - Prijedorski gradski portal\",\"description\":\"Portal o doga\u0111anjima u gradu Prijedoru\",\"publisher\":{\"@id\":\"https:\/\/www.prijedordanas.com\/#organization\"},\"potentialAction\":[{\"@type\":\"SearchAction\",\"target\":{\"@type\":\"EntryPoint\",\"urlTemplate\":\"https:\/\/www.prijedordanas.com\/?s={search_term_string}\"},\"query-input\":\"required name=search_term_string\"}],\"inLanguage\":\"en-US\"},{\"@type\":\"Organization\",\"@id\":\"https:\/\/www.prijedordanas.com\/#organization\",\"name\":\"PrijedorDanas.com\",\"url\":\"https:\/\/www.prijedordanas.com\/\",\"logo\":{\"@type\":\"ImageObject\",\"inLanguage\":\"en-US\",\"@id\":\"https:\/\/www.prijedordanas.com\/#\/schema\/logo\/image\/\",\"url\":\"http:\/\/www.prijedordanas.com\/wp-content\/uploads\/2021\/12\/logopng.png\",\"contentUrl\":\"http:\/\/www.prijedordanas.com\/wp-content\/uploads\/2021\/12\/logopng.png\",\"width\":1019,\"height\":776,\"caption\":\"PrijedorDanas.com\"},\"image\":{\"@id\":\"https:\/\/www.prijedordanas.com\/#\/schema\/logo\/image\/\"},\"sameAs\":[\"https:\/\/www.facebook.com\/PrijedorDanasCom\/\"]},{\"@type\":\"Person\",\"@id\":\"https:\/\/www.prijedordanas.com\/#\/schema\/person\/4e08ccf29b506ca916ff86d46bb700e6\",\"name\":\"admin\",\"image\":{\"@type\":\"ImageObject\",\"inLanguage\":\"en-US\",\"@id\":\"https:\/\/www.prijedordanas.com\/#\/schema\/person\/image\/\",\"url\":\"https:\/\/secure.gravatar.com\/avatar\/1d3fc949d550f0b53a5f0d51e06dfd79?s=96&d=mm&r=g\",\"contentUrl\":\"https:\/\/secure.gravatar.com\/avatar\/1d3fc949d550f0b53a5f0d51e06dfd79?s=96&d=mm&r=g\",\"caption\":\"admin\"},\"url\":\"https:\/\/www.prijedordanas.com\/?author=1\"}]}<\/script>\n<!-- \/ Yoast SEO plugin. -->","yoast_head_json":{"title":"Projekat \u201cCrno vrelo\u201d u zavr\u0161noj fazi - FOTO - PrijedorDanas.com - Prijedorski gradski portal","robots":{"index":"index","follow":"follow","max-snippet":"max-snippet:-1","max-image-preview":"max-image-preview:large","max-video-preview":"max-video-preview:-1"},"canonical":"https:\/\/www.prijedordanas.com\/?p=149729","og_locale":"en_US","og_type":"article","og_title":"Projekat \u201cCrno vrelo\u201d u zavr\u0161noj fazi - FOTO - PrijedorDanas.com - Prijedorski gradski portal","og_description":"Izvo\u0111enje radova na izgradnji regionalnog sistema vodosnabdijevanja \u201eCrno vrelo\u201c, koji se gradi zajedno sa Gradom Banja Luka, je u zavr\u0161noj fazi. Kada je grad Prijedor u pitanju, \u201eCrno vrelo\u201c obezbijedi\u0107e [&hellip;]","og_url":"https:\/\/www.prijedordanas.com\/?p=149729","og_site_name":"PrijedorDanas.com - Prijedorski gradski portal","article_publisher":"https:\/\/www.facebook.com\/PrijedorDanasCom\/","article_published_time":"2020-06-19T07:47:01+00:00","og_image":[{"url":"https:\/\/www.prijedordanas.com\/wp-content\/uploads\/2020\/06\/vodovod-prijedor-crno-vrelo-zavrsna-faza-1-300x269.jpg"}],"author":"admin","twitter_card":"summary_large_image","twitter_misc":{"Written by":"admin","Est. reading time":"1 minute"},"schema":{"@context":"https:\/\/schema.org","@graph":[{"@type":"Article","@id":"https:\/\/www.prijedordanas.com\/?p=149729#article","isPartOf":{"@id":"https:\/\/www.prijedordanas.com\/?p=149729"},"author":{"name":"admin","@id":"https:\/\/www.prijedordanas.com\/#\/schema\/person\/4e08ccf29b506ca916ff86d46bb700e6"},"headline":"Projekat \u201cCrno vrelo\u201d u zavr\u0161noj fazi &#8211; FOTO","datePublished":"2020-06-19T07:47:01+00:00","dateModified":"2020-06-19T07:47:01+00:00","mainEntityOfPage":{"@id":"https:\/\/www.prijedordanas.com\/?p=149729"},"wordCount":227,"publisher":{"@id":"https:\/\/www.prijedordanas.com\/#organization"},"keywords":["Crno Vrelo","vodosnabdijevanje"],"articleSection":["Svakodnevno"],"inLanguage":"en-US"},{"@type":"WebPage","@id":"https:\/\/www.prijedordanas.com\/?p=149729","url":"https:\/\/www.prijedordanas.com\/?p=149729","name":"Projekat \u201cCrno vrelo\u201d u zavr\u0161noj fazi - FOTO - PrijedorDanas.com - Prijedorski gradski portal","isPartOf":{"@id":"https:\/\/www.prijedordanas.com\/#website"},"datePublished":"2020-06-19T07:47:01+00:00","dateModified":"2020-06-19T07:47:01+00:00","breadcrumb":{"@id":"https:\/\/www.prijedordanas.com\/?p=149729#breadcrumb"},"inLanguage":"en-US","potentialAction":[{"@type":"ReadAction","target":["https:\/\/www.prijedordanas.com\/?p=149729"]}]},{"@type":"BreadcrumbList","@id":"https:\/\/www.prijedordanas.com\/?p=149729#breadcrumb","itemListElement":[{"@type":"ListItem","position":1,"name":"Home","item":"https:\/\/www.prijedordanas.com\/"},{"@type":"ListItem","position":2,"name":"Projekat \u201cCrno vrelo\u201d u zavr\u0161noj fazi &#8211; FOTO"}]},{"@type":"WebSite","@id":"https:\/\/www.prijedordanas.com\/#website","url":"https:\/\/www.prijedordanas.com\/","name":"PrijedorDanas.com - Prijedorski gradski portal","description":"Portal o doga\u0111anjima u gradu Prijedoru","publisher":{"@id":"https:\/\/www.prijedordanas.com\/#organization"},"potentialAction":[{"@type":"SearchAction","target":{"@type":"EntryPoint","urlTemplate":"https:\/\/www.prijedordanas.com\/?s={search_term_string}"},"query-input":"required name=search_term_string"}],"inLanguage":"en-US"},{"@type":"Organization","@id":"https:\/\/www.prijedordanas.com\/#organization","name":"PrijedorDanas.com","url":"https:\/\/www.prijedordanas.com\/","logo":{"@type":"ImageObject","inLanguage":"en-US","@id":"https:\/\/www.prijedordanas.com\/#\/schema\/logo\/image\/","url":"http:\/\/www.prijedordanas.com\/wp-content\/uploads\/2021\/12\/logopng.png","contentUrl":"http:\/\/www.prijedordanas.com\/wp-content\/uploads\/2021\/12\/logopng.png","width":1019,"height":776,"caption":"PrijedorDanas.com"},"image":{"@id":"https:\/\/www.prijedordanas.com\/#\/schema\/logo\/image\/"},"sameAs":["https:\/\/www.facebook.com\/PrijedorDanasCom\/"]},{"@type":"Person","@id":"https:\/\/www.prijedordanas.com\/#\/schema\/person\/4e08ccf29b506ca916ff86d46bb700e6","name":"admin","image":{"@type":"ImageObject","inLanguage":"en-US","@id":"https:\/\/www.prijedordanas.com\/#\/schema\/person\/image\/","url":"https:\/\/secure.gravatar.com\/avatar\/1d3fc949d550f0b53a5f0d51e06dfd79?s=96&d=mm&r=g","contentUrl":"https:\/\/secure.gravatar.com\/avatar\/1d3fc949d550f0b53a5f0d51e06dfd79?s=96&d=mm&r=g","caption":"admin"},"url":"https:\/\/www.prijedordanas.com\/?author=1"}]}},"_links":{"self":[{"href":"https:\/\/www.prijedordanas.com\/index.php?rest_route=\/wp\/v2\/posts\/149729"}],"collection":[{"href":"https:\/\/www.prijedordanas.com\/index.php?rest_route=\/wp\/v2\/posts"}],"about":[{"href":"https:\/\/www.prijedordanas.com\/index.php?rest_route=\/wp\/v2\/types\/post"}],"author":[{"embeddable":true,"href":"https:\/\/www.prijedordanas.com\/index.php?rest_route=\/wp\/v2\/users\/1"}],"replies":[{"embeddable":true,"href":"https:\/\/www.prijedordanas.com\/index.php?rest_route=%2Fwp%2Fv2%2Fcomments&post=149729"}],"version-history":[{"count":1,"href":"https:\/\/www.prijedordanas.com\/index.php?rest_route=\/wp\/v2\/posts\/149729\/revisions"}],"predecessor-version":[{"id":149736,"href":"https:\/\/www.prijedordanas.com\/index.php?rest_route=\/wp\/v2\/posts\/149729\/revisions\/149736"}],"wp:attachment":[{"href":"https:\/\/www.prijedordanas.com\/index.php?rest_route=%2Fwp%2Fv2%2Fmedia&parent=149729"}],"wp:term":[{"taxonomy":"category","embeddable":true,"href":"https:\/\/www.prijedordanas.com\/index.php?rest_route=%2Fwp%2Fv2%2Fcategories&post=149729"},{"taxonomy":"post_tag","embeddable":true,"href":"https:\/\/www.prijedordanas.com\/index.php?rest_route=%2Fwp%2Fv2%2Ftags&post=149729"}],"curies":[{"name":"wp","href":"https:\/\/api.w.org\/{rel}","templated":true}]}}