{"id":149725,"date":"2020-06-19T09:39:27","date_gmt":"2020-06-19T07:39:27","guid":{"rendered":"https:\/\/www.prijedordanas.com\/?p=149725"},"modified":"2020-06-19T09:39:27","modified_gmt":"2020-06-19T07:39:27","slug":"kozarcanin-zaposljava-25-ljudi-u-austriji","status":"publish","type":"post","link":"https:\/\/www.prijedordanas.com\/?p=149725","title":{"rendered":"Kozar\u010danin zapo\u0161ljava 25 ljudi u Austriji"},"content":{"rendered":"<p><a href=\"https:\/\/www.prijedordanas.com\/wp-content\/uploads\/2020\/06\/edis-blazevic-dachtech-1.jpg\"><img loading=\"lazy\" decoding=\"async\" class=\"alignleft size-medium wp-image-149726\" src=\"https:\/\/www.prijedordanas.com\/wp-content\/uploads\/2020\/06\/edis-blazevic-dachtech-1-300x218.jpg\" alt=\"\" width=\"300\" height=\"218\" srcset=\"https:\/\/www.prijedordanas.com\/wp-content\/uploads\/2020\/06\/edis-blazevic-dachtech-1-300x218.jpg 300w, https:\/\/www.prijedordanas.com\/wp-content\/uploads\/2020\/06\/edis-blazevic-dachtech-1.jpg 689w\" sizes=\"(max-width: 300px) 100vw, 300px\" \/><\/a>Kozarac mnogi smatraju inatom Bosanske krajine. To je mali grad koji ima bogatu dijasporu koja kao da \u017eivi u Kozarcu. Kapitalom te dijaspore je otvoreno desetak preduze\u0107a koja zapo\u0161ljavaju stotine radnika, a tokom protekle dvije decenije obnovljeno je hiljade ku\u0107a.<\/p>\n<p>\u2013 O mom rodnom gradu mogao bi se snimiti film, a o uspje\u0161nim ljudima koji \u017eive \u0161irom svijeta serija od stotinu nastavaka \u2013 ka\u017ee Edis Bla\u017eevi\u0107 koji \u017eivi i radi u Astenu kod Linza.<\/p>\n<p>Edis je kao tinejd\u017eer 1990. godine oti\u0161ao u Austriju, gdje je zavr\u0161io zanat za limara, a ve\u0107 pet godina vlasnik je firme Dachtech koja upo\u0161ljava 25 radnika.<\/p>\n<p><a href=\"https:\/\/www.prijedordanas.com\/wp-content\/uploads\/2020\/06\/edis-blazevic-dachtech-2.jpg\"><img loading=\"lazy\" decoding=\"async\" class=\"alignleft size-medium wp-image-149727\" src=\"https:\/\/www.prijedordanas.com\/wp-content\/uploads\/2020\/06\/edis-blazevic-dachtech-2-300x173.jpg\" alt=\"\" width=\"300\" height=\"173\" srcset=\"https:\/\/www.prijedordanas.com\/wp-content\/uploads\/2020\/06\/edis-blazevic-dachtech-2-300x173.jpg 300w, https:\/\/www.prijedordanas.com\/wp-content\/uploads\/2020\/06\/edis-blazevic-dachtech-2.jpg 600w\" sizes=\"(max-width: 300px) 100vw, 300px\" \/><\/a>\u2013 Limarstvo je u na\u0161oj porodici ve\u0107 tri generacije. Ljubav prema ovom zanatu sam naslijedio od oca, a tradiciju nastavlja i moj sin Ermin. On u\u010di zanat u drugoj firmi. Tako je bolje. Za godinu dana planiram da do\u0111e kod mene da vidim \u0161ta je nau\u010dio, pa da se dalje usavr\u0161ava. Ako bude dobar, jednog dana \u0107e naslijediti firmu kada odem u penziju \u2013 nastavlja Bla\u017eevi\u0107.<\/p>\n<p>U njegovoj firmi rade Bosanci i Hercegovci, ali i limari iz Srbije, Hrvatske, Austrije i Poljske.<\/p>\n<p>\u2013 Bosanci i Hercegovci su vrijedni radnici i zbog toga uspiju gdje god na svijetu da \u017eive. Mi imamo radne navike i spremni smo da u\u010dimo. Imam dobru saradnju sa firmama, a posebno bih istakao Limometal koji je u BiH, ali i okolnim zemljama ima najbolji omjer cijene i kvaliteta. Vremenom sam se sprijateljio sa vlasnikom Mensurom Mulali\u0107em i puno sara\u0111ujemo. Posljednjih godina idemo zajedno i na sajmove u Austriju, Njema\u010dku, BiH, Srbiju i Hrvatsku \u2013 ka\u017ee vlasnik firme Dachtech.<\/p>\n<p>biznisinfo.ba<\/p>\n","protected":false},"excerpt":{"rendered":"<p>Kozarac mnogi smatraju inatom Bosanske krajine. To je mali grad koji ima bogatu dijasporu koja kao da \u017eivi u Kozarcu. Kapitalom te dijaspore je otvoreno desetak preduze\u0107a koja zapo\u0161ljavaju stotine [&hellip;]<\/p>\n","protected":false},"author":1,"featured_media":0,"comment_status":"closed","ping_status":"open","sticky":false,"template":"","format":"standard","meta":{"_monsterinsights_skip_tracking":false,"_monsterinsights_sitenote_active":false,"_monsterinsights_sitenote_note":"","_monsterinsights_sitenote_category":0,"footnotes":""},"categories":[8],"tags":[827],"yoast_head":"<!-- This site is optimized with the Yoast SEO plugin v21.6 - https:\/\/yoast.com\/wordpress\/plugins\/seo\/ -->\n<title>Kozar\u010danin zapo\u0161ljava 25 ljudi u Austriji - PrijedorDanas.com - Prijedorski gradski portal<\/title>\n<meta name=\"robots\" content=\"index, follow, max-snippet:-1, max-image-preview:large, max-video-preview:-1\" \/>\n<link rel=\"canonical\" href=\"https:\/\/www.prijedordanas.com\/?p=149725\" \/>\n<meta property=\"og:locale\" content=\"en_US\" \/>\n<meta property=\"og:type\" content=\"article\" \/>\n<meta property=\"og:title\" content=\"Kozar\u010danin zapo\u0161ljava 25 ljudi u Austriji - PrijedorDanas.com - Prijedorski gradski portal\" \/>\n<meta property=\"og:description\" content=\"Kozarac mnogi smatraju inatom Bosanske krajine. To je mali grad koji ima bogatu dijasporu koja kao da \u017eivi u Kozarcu. Kapitalom te dijaspore je otvoreno desetak preduze\u0107a koja zapo\u0161ljavaju stotine [&hellip;]\" \/>\n<meta property=\"og:url\" content=\"https:\/\/www.prijedordanas.com\/?p=149725\" \/>\n<meta property=\"og:site_name\" content=\"PrijedorDanas.com - Prijedorski gradski portal\" \/>\n<meta property=\"article:publisher\" content=\"https:\/\/www.facebook.com\/PrijedorDanasCom\/\" \/>\n<meta property=\"article:published_time\" content=\"2020-06-19T07:39:27+00:00\" \/>\n<meta property=\"og:image\" content=\"https:\/\/www.prijedordanas.com\/wp-content\/uploads\/2020\/06\/edis-blazevic-dachtech-1-300x218.jpg\" \/>\n<meta name=\"author\" content=\"admin\" \/>\n<meta name=\"twitter:card\" content=\"summary_large_image\" \/>\n<meta name=\"twitter:label1\" content=\"Written by\" \/>\n\t<meta name=\"twitter:data1\" content=\"admin\" \/>\n\t<meta name=\"twitter:label2\" content=\"Est. reading time\" \/>\n\t<meta name=\"twitter:data2\" content=\"1 minute\" \/>\n<script type=\"application\/ld+json\" class=\"yoast-schema-graph\">{\"@context\":\"https:\/\/schema.org\",\"@graph\":[{\"@type\":\"Article\",\"@id\":\"https:\/\/www.prijedordanas.com\/?p=149725#article\",\"isPartOf\":{\"@id\":\"https:\/\/www.prijedordanas.com\/?p=149725\"},\"author\":{\"name\":\"admin\",\"@id\":\"https:\/\/www.prijedordanas.com\/#\/schema\/person\/4e08ccf29b506ca916ff86d46bb700e6\"},\"headline\":\"Kozar\u010danin zapo\u0161ljava 25 ljudi u Austriji\",\"datePublished\":\"2020-06-19T07:39:27+00:00\",\"dateModified\":\"2020-06-19T07:39:27+00:00\",\"mainEntityOfPage\":{\"@id\":\"https:\/\/www.prijedordanas.com\/?p=149725\"},\"wordCount\":285,\"publisher\":{\"@id\":\"https:\/\/www.prijedordanas.com\/#organization\"},\"keywords\":[\"zapo\u0161ljavanje\"],\"articleSection\":[\"Svakodnevno\"],\"inLanguage\":\"en-US\"},{\"@type\":\"WebPage\",\"@id\":\"https:\/\/www.prijedordanas.com\/?p=149725\",\"url\":\"https:\/\/www.prijedordanas.com\/?p=149725\",\"name\":\"Kozar\u010danin zapo\u0161ljava 25 ljudi u Austriji - PrijedorDanas.com - Prijedorski gradski portal\",\"isPartOf\":{\"@id\":\"https:\/\/www.prijedordanas.com\/#website\"},\"datePublished\":\"2020-06-19T07:39:27+00:00\",\"dateModified\":\"2020-06-19T07:39:27+00:00\",\"breadcrumb\":{\"@id\":\"https:\/\/www.prijedordanas.com\/?p=149725#breadcrumb\"},\"inLanguage\":\"en-US\",\"potentialAction\":[{\"@type\":\"ReadAction\",\"target\":[\"https:\/\/www.prijedordanas.com\/?p=149725\"]}]},{\"@type\":\"BreadcrumbList\",\"@id\":\"https:\/\/www.prijedordanas.com\/?p=149725#breadcrumb\",\"itemListElement\":[{\"@type\":\"ListItem\",\"position\":1,\"name\":\"Home\",\"item\":\"https:\/\/www.prijedordanas.com\/\"},{\"@type\":\"ListItem\",\"position\":2,\"name\":\"Kozar\u010danin zapo\u0161ljava 25 ljudi u Austriji\"}]},{\"@type\":\"WebSite\",\"@id\":\"https:\/\/www.prijedordanas.com\/#website\",\"url\":\"https:\/\/www.prijedordanas.com\/\",\"name\":\"PrijedorDanas.com - Prijedorski gradski portal\",\"description\":\"Portal o doga\u0111anjima u gradu Prijedoru\",\"publisher\":{\"@id\":\"https:\/\/www.prijedordanas.com\/#organization\"},\"potentialAction\":[{\"@type\":\"SearchAction\",\"target\":{\"@type\":\"EntryPoint\",\"urlTemplate\":\"https:\/\/www.prijedordanas.com\/?s={search_term_string}\"},\"query-input\":\"required name=search_term_string\"}],\"inLanguage\":\"en-US\"},{\"@type\":\"Organization\",\"@id\":\"https:\/\/www.prijedordanas.com\/#organization\",\"name\":\"PrijedorDanas.com\",\"url\":\"https:\/\/www.prijedordanas.com\/\",\"logo\":{\"@type\":\"ImageObject\",\"inLanguage\":\"en-US\",\"@id\":\"https:\/\/www.prijedordanas.com\/#\/schema\/logo\/image\/\",\"url\":\"http:\/\/www.prijedordanas.com\/wp-content\/uploads\/2021\/12\/logopng.png\",\"contentUrl\":\"http:\/\/www.prijedordanas.com\/wp-content\/uploads\/2021\/12\/logopng.png\",\"width\":1019,\"height\":776,\"caption\":\"PrijedorDanas.com\"},\"image\":{\"@id\":\"https:\/\/www.prijedordanas.com\/#\/schema\/logo\/image\/\"},\"sameAs\":[\"https:\/\/www.facebook.com\/PrijedorDanasCom\/\"]},{\"@type\":\"Person\",\"@id\":\"https:\/\/www.prijedordanas.com\/#\/schema\/person\/4e08ccf29b506ca916ff86d46bb700e6\",\"name\":\"admin\",\"image\":{\"@type\":\"ImageObject\",\"inLanguage\":\"en-US\",\"@id\":\"https:\/\/www.prijedordanas.com\/#\/schema\/person\/image\/\",\"url\":\"https:\/\/secure.gravatar.com\/avatar\/1d3fc949d550f0b53a5f0d51e06dfd79?s=96&d=mm&r=g\",\"contentUrl\":\"https:\/\/secure.gravatar.com\/avatar\/1d3fc949d550f0b53a5f0d51e06dfd79?s=96&d=mm&r=g\",\"caption\":\"admin\"},\"url\":\"https:\/\/www.prijedordanas.com\/?author=1\"}]}<\/script>\n<!-- \/ Yoast SEO plugin. -->","yoast_head_json":{"title":"Kozar\u010danin zapo\u0161ljava 25 ljudi u Austriji - PrijedorDanas.com - Prijedorski gradski portal","robots":{"index":"index","follow":"follow","max-snippet":"max-snippet:-1","max-image-preview":"max-image-preview:large","max-video-preview":"max-video-preview:-1"},"canonical":"https:\/\/www.prijedordanas.com\/?p=149725","og_locale":"en_US","og_type":"article","og_title":"Kozar\u010danin zapo\u0161ljava 25 ljudi u Austriji - PrijedorDanas.com - Prijedorski gradski portal","og_description":"Kozarac mnogi smatraju inatom Bosanske krajine. To je mali grad koji ima bogatu dijasporu koja kao da \u017eivi u Kozarcu. Kapitalom te dijaspore je otvoreno desetak preduze\u0107a koja zapo\u0161ljavaju stotine [&hellip;]","og_url":"https:\/\/www.prijedordanas.com\/?p=149725","og_site_name":"PrijedorDanas.com - Prijedorski gradski portal","article_publisher":"https:\/\/www.facebook.com\/PrijedorDanasCom\/","article_published_time":"2020-06-19T07:39:27+00:00","og_image":[{"url":"https:\/\/www.prijedordanas.com\/wp-content\/uploads\/2020\/06\/edis-blazevic-dachtech-1-300x218.jpg"}],"author":"admin","twitter_card":"summary_large_image","twitter_misc":{"Written by":"admin","Est. reading time":"1 minute"},"schema":{"@context":"https:\/\/schema.org","@graph":[{"@type":"Article","@id":"https:\/\/www.prijedordanas.com\/?p=149725#article","isPartOf":{"@id":"https:\/\/www.prijedordanas.com\/?p=149725"},"author":{"name":"admin","@id":"https:\/\/www.prijedordanas.com\/#\/schema\/person\/4e08ccf29b506ca916ff86d46bb700e6"},"headline":"Kozar\u010danin zapo\u0161ljava 25 ljudi u Austriji","datePublished":"2020-06-19T07:39:27+00:00","dateModified":"2020-06-19T07:39:27+00:00","mainEntityOfPage":{"@id":"https:\/\/www.prijedordanas.com\/?p=149725"},"wordCount":285,"publisher":{"@id":"https:\/\/www.prijedordanas.com\/#organization"},"keywords":["zapo\u0161ljavanje"],"articleSection":["Svakodnevno"],"inLanguage":"en-US"},{"@type":"WebPage","@id":"https:\/\/www.prijedordanas.com\/?p=149725","url":"https:\/\/www.prijedordanas.com\/?p=149725","name":"Kozar\u010danin zapo\u0161ljava 25 ljudi u Austriji - PrijedorDanas.com - Prijedorski gradski portal","isPartOf":{"@id":"https:\/\/www.prijedordanas.com\/#website"},"datePublished":"2020-06-19T07:39:27+00:00","dateModified":"2020-06-19T07:39:27+00:00","breadcrumb":{"@id":"https:\/\/www.prijedordanas.com\/?p=149725#breadcrumb"},"inLanguage":"en-US","potentialAction":[{"@type":"ReadAction","target":["https:\/\/www.prijedordanas.com\/?p=149725"]}]},{"@type":"BreadcrumbList","@id":"https:\/\/www.prijedordanas.com\/?p=149725#breadcrumb","itemListElement":[{"@type":"ListItem","position":1,"name":"Home","item":"https:\/\/www.prijedordanas.com\/"},{"@type":"ListItem","position":2,"name":"Kozar\u010danin zapo\u0161ljava 25 ljudi u Austriji"}]},{"@type":"WebSite","@id":"https:\/\/www.prijedordanas.com\/#website","url":"https:\/\/www.prijedordanas.com\/","name":"PrijedorDanas.com - Prijedorski gradski portal","description":"Portal o doga\u0111anjima u gradu Prijedoru","publisher":{"@id":"https:\/\/www.prijedordanas.com\/#organization"},"potentialAction":[{"@type":"SearchAction","target":{"@type":"EntryPoint","urlTemplate":"https:\/\/www.prijedordanas.com\/?s={search_term_string}"},"query-input":"required name=search_term_string"}],"inLanguage":"en-US"},{"@type":"Organization","@id":"https:\/\/www.prijedordanas.com\/#organization","name":"PrijedorDanas.com","url":"https:\/\/www.prijedordanas.com\/","logo":{"@type":"ImageObject","inLanguage":"en-US","@id":"https:\/\/www.prijedordanas.com\/#\/schema\/logo\/image\/","url":"http:\/\/www.prijedordanas.com\/wp-content\/uploads\/2021\/12\/logopng.png","contentUrl":"http:\/\/www.prijedordanas.com\/wp-content\/uploads\/2021\/12\/logopng.png","width":1019,"height":776,"caption":"PrijedorDanas.com"},"image":{"@id":"https:\/\/www.prijedordanas.com\/#\/schema\/logo\/image\/"},"sameAs":["https:\/\/www.facebook.com\/PrijedorDanasCom\/"]},{"@type":"Person","@id":"https:\/\/www.prijedordanas.com\/#\/schema\/person\/4e08ccf29b506ca916ff86d46bb700e6","name":"admin","image":{"@type":"ImageObject","inLanguage":"en-US","@id":"https:\/\/www.prijedordanas.com\/#\/schema\/person\/image\/","url":"https:\/\/secure.gravatar.com\/avatar\/1d3fc949d550f0b53a5f0d51e06dfd79?s=96&d=mm&r=g","contentUrl":"https:\/\/secure.gravatar.com\/avatar\/1d3fc949d550f0b53a5f0d51e06dfd79?s=96&d=mm&r=g","caption":"admin"},"url":"https:\/\/www.prijedordanas.com\/?author=1"}]}},"_links":{"self":[{"href":"https:\/\/www.prijedordanas.com\/index.php?rest_route=\/wp\/v2\/posts\/149725"}],"collection":[{"href":"https:\/\/www.prijedordanas.com\/index.php?rest_route=\/wp\/v2\/posts"}],"about":[{"href":"https:\/\/www.prijedordanas.com\/index.php?rest_route=\/wp\/v2\/types\/post"}],"author":[{"embeddable":true,"href":"https:\/\/www.prijedordanas.com\/index.php?rest_route=\/wp\/v2\/users\/1"}],"replies":[{"embeddable":true,"href":"https:\/\/www.prijedordanas.com\/index.php?rest_route=%2Fwp%2Fv2%2Fcomments&post=149725"}],"version-history":[{"count":1,"href":"https:\/\/www.prijedordanas.com\/index.php?rest_route=\/wp\/v2\/posts\/149725\/revisions"}],"predecessor-version":[{"id":149728,"href":"https:\/\/www.prijedordanas.com\/index.php?rest_route=\/wp\/v2\/posts\/149725\/revisions\/149728"}],"wp:attachment":[{"href":"https:\/\/www.prijedordanas.com\/index.php?rest_route=%2Fwp%2Fv2%2Fmedia&parent=149725"}],"wp:term":[{"taxonomy":"category","embeddable":true,"href":"https:\/\/www.prijedordanas.com\/index.php?rest_route=%2Fwp%2Fv2%2Fcategories&post=149725"},{"taxonomy":"post_tag","embeddable":true,"href":"https:\/\/www.prijedordanas.com\/index.php?rest_route=%2Fwp%2Fv2%2Ftags&post=149725"}],"curies":[{"name":"wp","href":"https:\/\/api.w.org\/{rel}","templated":true}]}}