{"id":149672,"date":"2020-06-18T14:00:27","date_gmt":"2020-06-18T12:00:27","guid":{"rendered":"https:\/\/www.prijedordanas.com\/?p=149672"},"modified":"2020-06-18T14:00:27","modified_gmt":"2020-06-18T12:00:27","slug":"gradonacelnik-dakovic-organizovao-prijem-za-osam-prosvjetnih-radnika-koji-su-snimali-casove-foto","status":"publish","type":"post","link":"https:\/\/www.prijedordanas.com\/?p=149672","title":{"rendered":"Gradona\u010delnik \u0110akovi\u0107 organizovao prijem za osam prosvjetnih radnika koji su snimali \u010dasove &#8211; FOTO"},"content":{"rendered":"<p><a href=\"https:\/\/www.prijedordanas.com\/wp-content\/uploads\/2020\/06\/djakovic-prijem-prosvjetni-radnici-1.jpg\"><img loading=\"lazy\" decoding=\"async\" class=\"alignleft size-medium wp-image-149673\" src=\"https:\/\/www.prijedordanas.com\/wp-content\/uploads\/2020\/06\/djakovic-prijem-prosvjetni-radnici-1-300x222.jpg\" alt=\"\" width=\"300\" height=\"222\" srcset=\"https:\/\/www.prijedordanas.com\/wp-content\/uploads\/2020\/06\/djakovic-prijem-prosvjetni-radnici-1-300x222.jpg 300w, https:\/\/www.prijedordanas.com\/wp-content\/uploads\/2020\/06\/djakovic-prijem-prosvjetni-radnici-1.jpg 675w\" sizes=\"(max-width: 300px) 100vw, 300px\" \/><\/a>Gradona\u010delnik Prijedora Milenko \u0110akovi\u0107 organizovao je prijem za osam prosvjetnih radnika koji su u\u010destvovali u nastavnom programu u\u010denje na daljinu i u znak zahvalnosti uru\u010dio im po 200 KM.<\/p>\n<p>\u0110acima je putem malih ekrana nastavu predavala i u\u010diteljica iz Osnovne \u0161kole &#8220;Jovan Cviji\u0107&#8221; iz Brezi\u010dana kod Prijedora Marina Kne\u017eevi\u0107.<\/p>\n<p>Ona se zahvalila roditeljima i u\u010denicima koji su potpuno nespremni u\u0161li u ovaj proces rada, kao i sami prosvjetni radnici.<\/p>\n<p>-Ministarstvo prosvjete i kulture RS je donijelo dobru odluku da se krene sa ovim, me\u0111utim, zaista veliki tim ljudi je morao da stane iza toga, prije svega, u\u010ditelji, nastavnici i profesori rukovo\u0111eni savjetnicima Republi\u010dkog pedago\u0161kog zavoda, i tako da smo morali sve to da organizujemo i realizujemo. Bilo je te\u0161ko, zaista, radili smo volonterski zato \u0161to je sve prelazilo van na\u0161ih 40 \u010dasovnih radnih nedelja i radili smo i kasno no\u0107u i tokom vikenda, ali prepuni entuzijazma i sa \u017eeljom da na\u0161i u\u010denici uspje\u0161no savladaju gradivo, i nadamo se da smo uspjeli-izjavila je Kne\u017eevi\u0107eva.<\/p>\n<p><a href=\"https:\/\/www.prijedordanas.com\/wp-content\/uploads\/2020\/06\/djakovic-prijem-prosvjetni-radnici-2.jpg\"><img loading=\"lazy\" decoding=\"async\" class=\"alignleft size-medium wp-image-149674\" src=\"https:\/\/www.prijedordanas.com\/wp-content\/uploads\/2020\/06\/djakovic-prijem-prosvjetni-radnici-2-300x222.jpg\" alt=\"\" width=\"300\" height=\"222\" srcset=\"https:\/\/www.prijedordanas.com\/wp-content\/uploads\/2020\/06\/djakovic-prijem-prosvjetni-radnici-2-300x222.jpg 300w, https:\/\/www.prijedordanas.com\/wp-content\/uploads\/2020\/06\/djakovic-prijem-prosvjetni-radnici-2.jpg 675w\" sizes=\"(max-width: 300px) 100vw, 300px\" \/><\/a>Ona je dodala da rad pred kamerama nije bio ono na \u0161ta su u\u010ditelji navikli.<\/p>\n<p>-U su\u0161tini nadamo se da je to bilo dobro za roditelji i u\u010denike, isti\u010dem za roditelje jer su oni morali da se na\u0111u pogotovo za ove manje uzraste kojima predajemo i pomognu djeci da savladaju nastavno gradivo-rekla je Kne\u017eevi\u0107eva.<\/p>\n<p>U nastavi na daljinu u\u010destvovala je i jedna od omiljenih u\u010diteljica iz prijedorske Osnovne \u0161kole &#8220;Petar Ko\u010di\u0107&#8221; Vesna Zekanovi\u0107.<\/p>\n<p>Ona poru\u010duje da je ovo za u\u010ditelje bilo veliko i nesvakida\u0161nje iskustvo.<\/p>\n<p><a href=\"https:\/\/www.prijedordanas.com\/wp-content\/uploads\/2020\/06\/djakovic-prijem-prosvjetni-radnici-3.jpg\"><img loading=\"lazy\" decoding=\"async\" class=\"alignleft size-medium wp-image-149675\" src=\"https:\/\/www.prijedordanas.com\/wp-content\/uploads\/2020\/06\/djakovic-prijem-prosvjetni-radnici-3-300x222.jpg\" alt=\"\" width=\"300\" height=\"222\" srcset=\"https:\/\/www.prijedordanas.com\/wp-content\/uploads\/2020\/06\/djakovic-prijem-prosvjetni-radnici-3-300x222.jpg 300w, https:\/\/www.prijedordanas.com\/wp-content\/uploads\/2020\/06\/djakovic-prijem-prosvjetni-radnici-3.jpg 675w\" sizes=\"(max-width: 300px) 100vw, 300px\" \/><\/a>-Te\u0161ko\u0107e su bile velike, dok nismo uspostavili kontakte sa svom djecom i organizovali nastavu, ali djeca su se dobro sna\u0161la, roditelji su pomogli i nisu izostali rezultati. Nije bilo stra\u0161no pred kamerama zamislila sam da su djeca sa druge strane i to je bilo dovoljno-tvrdi Zekanovi\u0107eva.<\/p>\n<p>Gradona\u010delnik Milenko \u0110akovi\u0107 podsjetio je da je u vrijeme epidemije korona virusa zaustavljen rad velikog broja institucija me\u0111u kojima su i \u0161kole.<\/p>\n<p>-Desila se novina u procesu u\u010denja na\u0161ih \u0111aka i predavanju u\u010ditelja, nastavnika i profesora. Iz Prijedora je u tu svrhu anga\u017eovano osam prosvjetnih radnika koji su vrijedno radili, bili su lica sa ekrana, ali i pru\u017eali podr\u0161ku i zavr\u0161en je taj posao. Odlu\u010dio sam da na\u0161e u\u010ditelje pozovem i da im se zahvalim za njihov trud u vrijeme epidemije kojim su pomogli da na\u0161i u\u010denici sti\u010du znanja jer to je budu\u0107nost ovog grada i po\u017eelio sam im dalji uspje\u0161an rad-izjavio je \u0110akovi\u0107.<\/p>\n<p>On je naveo da je za ove nastavnike grad obezbijedio i simboli\u010dne nov\u010dane nagrade.<\/p>\n<p>-Pored rije\u010di zahvalnosti koje im upu\u0107ujemo, nagradi\u0107emo ih sa po 200 KM jednostavno da osjete da je grad zadovoljan \u0161to su dali doprinos na\u0161im \u0111acima u sticanju novih znanja-rekao je \u0110akovi\u0107.<\/p>\n<p>www.prijedorgrad.org<\/p>\n<p><a href=\"https:\/\/www.prijedordanas.com\/wp-content\/uploads\/2020\/06\/djakovic-prijem-prosvjetni-radnici-4.jpg\"><img loading=\"lazy\" decoding=\"async\" src=\"https:\/\/www.prijedordanas.com\/wp-content\/uploads\/2020\/06\/djakovic-prijem-prosvjetni-radnici-4-300x200.jpg\" alt=\"\" width=\"300\" height=\"200\" class=\"alignleft size-medium wp-image-149676\" srcset=\"https:\/\/www.prijedordanas.com\/wp-content\/uploads\/2020\/06\/djakovic-prijem-prosvjetni-radnici-4-300x200.jpg 300w, https:\/\/www.prijedordanas.com\/wp-content\/uploads\/2020\/06\/djakovic-prijem-prosvjetni-radnici-4-480x320.jpg 480w, https:\/\/www.prijedordanas.com\/wp-content\/uploads\/2020\/06\/djakovic-prijem-prosvjetni-radnici-4.jpg 600w\" sizes=\"(max-width: 300px) 100vw, 300px\" \/><\/a> <a href=\"https:\/\/www.prijedordanas.com\/wp-content\/uploads\/2020\/06\/djakovic-prijem-prosvjetni-radnici-5.jpg\"><img loading=\"lazy\" decoding=\"async\" src=\"https:\/\/www.prijedordanas.com\/wp-content\/uploads\/2020\/06\/djakovic-prijem-prosvjetni-radnici-5-300x200.jpg\" alt=\"\" width=\"300\" height=\"200\" class=\"alignleft size-medium wp-image-149677\" srcset=\"https:\/\/www.prijedordanas.com\/wp-content\/uploads\/2020\/06\/djakovic-prijem-prosvjetni-radnici-5-300x200.jpg 300w, https:\/\/www.prijedordanas.com\/wp-content\/uploads\/2020\/06\/djakovic-prijem-prosvjetni-radnici-5-480x320.jpg 480w, https:\/\/www.prijedordanas.com\/wp-content\/uploads\/2020\/06\/djakovic-prijem-prosvjetni-radnici-5.jpg 600w\" sizes=\"(max-width: 300px) 100vw, 300px\" \/><\/a> <a href=\"https:\/\/www.prijedordanas.com\/wp-content\/uploads\/2020\/06\/djakovic-prijem-prosvjetni-radnici-6.jpg\"><img loading=\"lazy\" decoding=\"async\" src=\"https:\/\/www.prijedordanas.com\/wp-content\/uploads\/2020\/06\/djakovic-prijem-prosvjetni-radnici-6-300x200.jpg\" alt=\"\" width=\"300\" height=\"200\" class=\"alignleft size-medium wp-image-149678\" srcset=\"https:\/\/www.prijedordanas.com\/wp-content\/uploads\/2020\/06\/djakovic-prijem-prosvjetni-radnici-6-300x200.jpg 300w, https:\/\/www.prijedordanas.com\/wp-content\/uploads\/2020\/06\/djakovic-prijem-prosvjetni-radnici-6-480x320.jpg 480w, https:\/\/www.prijedordanas.com\/wp-content\/uploads\/2020\/06\/djakovic-prijem-prosvjetni-radnici-6.jpg 600w\" sizes=\"(max-width: 300px) 100vw, 300px\" \/><\/a> <a href=\"https:\/\/www.prijedordanas.com\/wp-content\/uploads\/2020\/06\/djakovic-prijem-prosvjetni-radnici-7.jpg\"><img loading=\"lazy\" decoding=\"async\" src=\"https:\/\/www.prijedordanas.com\/wp-content\/uploads\/2020\/06\/djakovic-prijem-prosvjetni-radnici-7-300x200.jpg\" alt=\"\" width=\"300\" height=\"200\" class=\"alignleft size-medium wp-image-149679\" srcset=\"https:\/\/www.prijedordanas.com\/wp-content\/uploads\/2020\/06\/djakovic-prijem-prosvjetni-radnici-7-300x200.jpg 300w, https:\/\/www.prijedordanas.com\/wp-content\/uploads\/2020\/06\/djakovic-prijem-prosvjetni-radnici-7-480x320.jpg 480w, https:\/\/www.prijedordanas.com\/wp-content\/uploads\/2020\/06\/djakovic-prijem-prosvjetni-radnici-7.jpg 600w\" sizes=\"(max-width: 300px) 100vw, 300px\" \/><\/a> <a href=\"https:\/\/www.prijedordanas.com\/wp-content\/uploads\/2020\/06\/djakovic-prijem-prosvjetni-radnici-8.jpg\"><img loading=\"lazy\" decoding=\"async\" src=\"https:\/\/www.prijedordanas.com\/wp-content\/uploads\/2020\/06\/djakovic-prijem-prosvjetni-radnici-8-300x200.jpg\" alt=\"\" width=\"300\" height=\"200\" class=\"alignleft size-medium wp-image-149680\" srcset=\"https:\/\/www.prijedordanas.com\/wp-content\/uploads\/2020\/06\/djakovic-prijem-prosvjetni-radnici-8-300x200.jpg 300w, https:\/\/www.prijedordanas.com\/wp-content\/uploads\/2020\/06\/djakovic-prijem-prosvjetni-radnici-8-480x320.jpg 480w, https:\/\/www.prijedordanas.com\/wp-content\/uploads\/2020\/06\/djakovic-prijem-prosvjetni-radnici-8.jpg 600w\" sizes=\"(max-width: 300px) 100vw, 300px\" \/><\/a> <a href=\"https:\/\/www.prijedordanas.com\/wp-content\/uploads\/2020\/06\/djakovic-prijem-prosvjetni-radnici-9.jpg\"><img loading=\"lazy\" decoding=\"async\" src=\"https:\/\/www.prijedordanas.com\/wp-content\/uploads\/2020\/06\/djakovic-prijem-prosvjetni-radnici-9-300x200.jpg\" alt=\"\" width=\"300\" height=\"200\" class=\"alignleft size-medium wp-image-149681\" srcset=\"https:\/\/www.prijedordanas.com\/wp-content\/uploads\/2020\/06\/djakovic-prijem-prosvjetni-radnici-9-300x200.jpg 300w, https:\/\/www.prijedordanas.com\/wp-content\/uploads\/2020\/06\/djakovic-prijem-prosvjetni-radnici-9-480x320.jpg 480w, https:\/\/www.prijedordanas.com\/wp-content\/uploads\/2020\/06\/djakovic-prijem-prosvjetni-radnici-9.jpg 600w\" sizes=\"(max-width: 300px) 100vw, 300px\" \/><\/a> <a href=\"https:\/\/www.prijedordanas.com\/wp-content\/uploads\/2020\/06\/djakovic-prijem-prosvjetni-radnici-10.jpg\"><img loading=\"lazy\" decoding=\"async\" src=\"https:\/\/www.prijedordanas.com\/wp-content\/uploads\/2020\/06\/djakovic-prijem-prosvjetni-radnici-10-300x200.jpg\" alt=\"\" width=\"300\" height=\"200\" class=\"alignleft size-medium wp-image-149682\" srcset=\"https:\/\/www.prijedordanas.com\/wp-content\/uploads\/2020\/06\/djakovic-prijem-prosvjetni-radnici-10-300x200.jpg 300w, https:\/\/www.prijedordanas.com\/wp-content\/uploads\/2020\/06\/djakovic-prijem-prosvjetni-radnici-10-480x320.jpg 480w, https:\/\/www.prijedordanas.com\/wp-content\/uploads\/2020\/06\/djakovic-prijem-prosvjetni-radnici-10.jpg 600w\" sizes=\"(max-width: 300px) 100vw, 300px\" \/><\/a> <a href=\"https:\/\/www.prijedordanas.com\/wp-content\/uploads\/2020\/06\/djakovic-prijem-prosvjetni-radnici-11.jpg\"><img loading=\"lazy\" decoding=\"async\" src=\"https:\/\/www.prijedordanas.com\/wp-content\/uploads\/2020\/06\/djakovic-prijem-prosvjetni-radnici-11-300x200.jpg\" alt=\"\" width=\"300\" height=\"200\" class=\"alignleft size-medium wp-image-149683\" srcset=\"https:\/\/www.prijedordanas.com\/wp-content\/uploads\/2020\/06\/djakovic-prijem-prosvjetni-radnici-11-300x200.jpg 300w, https:\/\/www.prijedordanas.com\/wp-content\/uploads\/2020\/06\/djakovic-prijem-prosvjetni-radnici-11-480x320.jpg 480w, https:\/\/www.prijedordanas.com\/wp-content\/uploads\/2020\/06\/djakovic-prijem-prosvjetni-radnici-11.jpg 600w\" sizes=\"(max-width: 300px) 100vw, 300px\" \/><\/a> <a href=\"https:\/\/www.prijedordanas.com\/wp-content\/uploads\/2020\/06\/djakovic-prijem-prosvjetni-radnici-12.jpg\"><img loading=\"lazy\" decoding=\"async\" src=\"https:\/\/www.prijedordanas.com\/wp-content\/uploads\/2020\/06\/djakovic-prijem-prosvjetni-radnici-12-300x200.jpg\" alt=\"\" width=\"300\" height=\"200\" class=\"alignleft size-medium wp-image-149684\" srcset=\"https:\/\/www.prijedordanas.com\/wp-content\/uploads\/2020\/06\/djakovic-prijem-prosvjetni-radnici-12-300x200.jpg 300w, https:\/\/www.prijedordanas.com\/wp-content\/uploads\/2020\/06\/djakovic-prijem-prosvjetni-radnici-12-480x320.jpg 480w, https:\/\/www.prijedordanas.com\/wp-content\/uploads\/2020\/06\/djakovic-prijem-prosvjetni-radnici-12.jpg 600w\" sizes=\"(max-width: 300px) 100vw, 300px\" \/><\/a> <a href=\"https:\/\/www.prijedordanas.com\/wp-content\/uploads\/2020\/06\/djakovic-prijem-prosvjetni-radnici-13.jpg\"><img loading=\"lazy\" decoding=\"async\" src=\"https:\/\/www.prijedordanas.com\/wp-content\/uploads\/2020\/06\/djakovic-prijem-prosvjetni-radnici-13-300x200.jpg\" alt=\"\" width=\"300\" height=\"200\" class=\"alignleft size-medium wp-image-149685\" srcset=\"https:\/\/www.prijedordanas.com\/wp-content\/uploads\/2020\/06\/djakovic-prijem-prosvjetni-radnici-13-300x200.jpg 300w, https:\/\/www.prijedordanas.com\/wp-content\/uploads\/2020\/06\/djakovic-prijem-prosvjetni-radnici-13-480x320.jpg 480w, https:\/\/www.prijedordanas.com\/wp-content\/uploads\/2020\/06\/djakovic-prijem-prosvjetni-radnici-13.jpg 600w\" sizes=\"(max-width: 300px) 100vw, 300px\" \/><\/a> <a href=\"https:\/\/www.prijedordanas.com\/wp-content\/uploads\/2020\/06\/djakovic-prijem-prosvjetni-radnici-14.jpg\"><img loading=\"lazy\" decoding=\"async\" src=\"https:\/\/www.prijedordanas.com\/wp-content\/uploads\/2020\/06\/djakovic-prijem-prosvjetni-radnici-14-300x200.jpg\" alt=\"\" width=\"300\" height=\"200\" class=\"alignleft size-medium wp-image-149686\" srcset=\"https:\/\/www.prijedordanas.com\/wp-content\/uploads\/2020\/06\/djakovic-prijem-prosvjetni-radnici-14-300x200.jpg 300w, https:\/\/www.prijedordanas.com\/wp-content\/uploads\/2020\/06\/djakovic-prijem-prosvjetni-radnici-14-480x320.jpg 480w, https:\/\/www.prijedordanas.com\/wp-content\/uploads\/2020\/06\/djakovic-prijem-prosvjetni-radnici-14.jpg 600w\" sizes=\"(max-width: 300px) 100vw, 300px\" \/><\/a> <a href=\"https:\/\/www.prijedordanas.com\/wp-content\/uploads\/2020\/06\/djakovic-prijem-prosvjetni-radnici-15.jpg\"><img loading=\"lazy\" decoding=\"async\" src=\"https:\/\/www.prijedordanas.com\/wp-content\/uploads\/2020\/06\/djakovic-prijem-prosvjetni-radnici-15-300x200.jpg\" alt=\"\" width=\"300\" height=\"200\" class=\"alignleft size-medium wp-image-149687\" srcset=\"https:\/\/www.prijedordanas.com\/wp-content\/uploads\/2020\/06\/djakovic-prijem-prosvjetni-radnici-15-300x200.jpg 300w, https:\/\/www.prijedordanas.com\/wp-content\/uploads\/2020\/06\/djakovic-prijem-prosvjetni-radnici-15-480x320.jpg 480w, https:\/\/www.prijedordanas.com\/wp-content\/uploads\/2020\/06\/djakovic-prijem-prosvjetni-radnici-15.jpg 600w\" sizes=\"(max-width: 300px) 100vw, 300px\" \/><\/a> <a href=\"https:\/\/www.prijedordanas.com\/wp-content\/uploads\/2020\/06\/djakovic-prijem-prosvjetni-radnici-16.jpg\"><img loading=\"lazy\" decoding=\"async\" src=\"https:\/\/www.prijedordanas.com\/wp-content\/uploads\/2020\/06\/djakovic-prijem-prosvjetni-radnici-16-300x200.jpg\" alt=\"\" width=\"300\" height=\"200\" class=\"alignleft size-medium wp-image-149688\" srcset=\"https:\/\/www.prijedordanas.com\/wp-content\/uploads\/2020\/06\/djakovic-prijem-prosvjetni-radnici-16-300x200.jpg 300w, https:\/\/www.prijedordanas.com\/wp-content\/uploads\/2020\/06\/djakovic-prijem-prosvjetni-radnici-16-480x320.jpg 480w, https:\/\/www.prijedordanas.com\/wp-content\/uploads\/2020\/06\/djakovic-prijem-prosvjetni-radnici-16.jpg 600w\" sizes=\"(max-width: 300px) 100vw, 300px\" \/><\/a><\/p>\n","protected":false},"excerpt":{"rendered":"<p>Gradona\u010delnik Prijedora Milenko \u0110akovi\u0107 organizovao je prijem za osam prosvjetnih radnika koji su u\u010destvovali u nastavnom programu u\u010denje na daljinu i u znak zahvalnosti uru\u010dio im po 200 KM. \u0110acima [&hellip;]<\/p>\n","protected":false},"author":1,"featured_media":0,"comment_status":"closed","ping_status":"open","sticky":false,"template":"","format":"standard","meta":{"_monsterinsights_skip_tracking":false,"_monsterinsights_sitenote_active":false,"_monsterinsights_sitenote_note":"","_monsterinsights_sitenote_category":0,"footnotes":""},"categories":[4],"tags":[9211,2026,2894,743],"yoast_head":"<!-- This site is optimized with the Yoast SEO plugin v21.6 - https:\/\/yoast.com\/wordpress\/plugins\/seo\/ -->\n<title>Gradona\u010delnik \u0110akovi\u0107 organizovao prijem za osam prosvjetnih radnika koji su snimali \u010dasove - FOTO - PrijedorDanas.com - Prijedorski gradski portal<\/title>\n<meta name=\"robots\" content=\"index, follow, max-snippet:-1, max-image-preview:large, max-video-preview:-1\" \/>\n<link rel=\"canonical\" href=\"https:\/\/www.prijedordanas.com\/?p=149672\" \/>\n<meta property=\"og:locale\" content=\"en_US\" \/>\n<meta property=\"og:type\" content=\"article\" \/>\n<meta property=\"og:title\" content=\"Gradona\u010delnik \u0110akovi\u0107 organizovao prijem za osam prosvjetnih radnika koji su snimali \u010dasove - FOTO - PrijedorDanas.com - Prijedorski gradski portal\" \/>\n<meta property=\"og:description\" content=\"Gradona\u010delnik Prijedora Milenko \u0110akovi\u0107 organizovao je prijem za osam prosvjetnih radnika koji su u\u010destvovali u nastavnom programu u\u010denje na daljinu i u znak zahvalnosti uru\u010dio im po 200 KM. \u0110acima [&hellip;]\" \/>\n<meta property=\"og:url\" content=\"https:\/\/www.prijedordanas.com\/?p=149672\" \/>\n<meta property=\"og:site_name\" content=\"PrijedorDanas.com - Prijedorski gradski portal\" \/>\n<meta property=\"article:publisher\" content=\"https:\/\/www.facebook.com\/PrijedorDanasCom\/\" \/>\n<meta property=\"article:published_time\" content=\"2020-06-18T12:00:27+00:00\" \/>\n<meta property=\"og:image\" content=\"https:\/\/www.prijedordanas.com\/wp-content\/uploads\/2020\/06\/djakovic-prijem-prosvjetni-radnici-1-300x222.jpg\" \/>\n<meta name=\"author\" content=\"admin\" \/>\n<meta name=\"twitter:card\" content=\"summary_large_image\" \/>\n<meta name=\"twitter:label1\" content=\"Written by\" \/>\n\t<meta name=\"twitter:data1\" content=\"admin\" \/>\n\t<meta name=\"twitter:label2\" content=\"Est. reading time\" \/>\n\t<meta name=\"twitter:data2\" content=\"3 minutes\" \/>\n<script type=\"application\/ld+json\" class=\"yoast-schema-graph\">{\"@context\":\"https:\/\/schema.org\",\"@graph\":[{\"@type\":\"Article\",\"@id\":\"https:\/\/www.prijedordanas.com\/?p=149672#article\",\"isPartOf\":{\"@id\":\"https:\/\/www.prijedordanas.com\/?p=149672\"},\"author\":{\"name\":\"admin\",\"@id\":\"https:\/\/www.prijedordanas.com\/#\/schema\/person\/4e08ccf29b506ca916ff86d46bb700e6\"},\"headline\":\"Gradona\u010delnik \u0110akovi\u0107 organizovao prijem za osam prosvjetnih radnika koji su snimali \u010dasove &#8211; FOTO\",\"datePublished\":\"2020-06-18T12:00:27+00:00\",\"dateModified\":\"2020-06-18T12:00:27+00:00\",\"mainEntityOfPage\":{\"@id\":\"https:\/\/www.prijedordanas.com\/?p=149672\"},\"wordCount\":522,\"publisher\":{\"@id\":\"https:\/\/www.prijedordanas.com\/#organization\"},\"keywords\":[\"gradona\u010delnik Milenko \u0110akovi\u0107\",\"nagrada\",\"prijem\",\"prosvjetni radnici\"],\"articleSection\":[\"Dru\u0161tvo\"],\"inLanguage\":\"en-US\"},{\"@type\":\"WebPage\",\"@id\":\"https:\/\/www.prijedordanas.com\/?p=149672\",\"url\":\"https:\/\/www.prijedordanas.com\/?p=149672\",\"name\":\"Gradona\u010delnik \u0110akovi\u0107 organizovao prijem za osam prosvjetnih radnika koji su snimali \u010dasove - FOTO - PrijedorDanas.com - Prijedorski gradski portal\",\"isPartOf\":{\"@id\":\"https:\/\/www.prijedordanas.com\/#website\"},\"datePublished\":\"2020-06-18T12:00:27+00:00\",\"dateModified\":\"2020-06-18T12:00:27+00:00\",\"breadcrumb\":{\"@id\":\"https:\/\/www.prijedordanas.com\/?p=149672#breadcrumb\"},\"inLanguage\":\"en-US\",\"potentialAction\":[{\"@type\":\"ReadAction\",\"target\":[\"https:\/\/www.prijedordanas.com\/?p=149672\"]}]},{\"@type\":\"BreadcrumbList\",\"@id\":\"https:\/\/www.prijedordanas.com\/?p=149672#breadcrumb\",\"itemListElement\":[{\"@type\":\"ListItem\",\"position\":1,\"name\":\"Home\",\"item\":\"https:\/\/www.prijedordanas.com\/\"},{\"@type\":\"ListItem\",\"position\":2,\"name\":\"Gradona\u010delnik \u0110akovi\u0107 organizovao prijem za osam prosvjetnih radnika koji su snimali \u010dasove &#8211; FOTO\"}]},{\"@type\":\"WebSite\",\"@id\":\"https:\/\/www.prijedordanas.com\/#website\",\"url\":\"https:\/\/www.prijedordanas.com\/\",\"name\":\"PrijedorDanas.com - Prijedorski gradski portal\",\"description\":\"Portal o doga\u0111anjima u gradu Prijedoru\",\"publisher\":{\"@id\":\"https:\/\/www.prijedordanas.com\/#organization\"},\"potentialAction\":[{\"@type\":\"SearchAction\",\"target\":{\"@type\":\"EntryPoint\",\"urlTemplate\":\"https:\/\/www.prijedordanas.com\/?s={search_term_string}\"},\"query-input\":\"required name=search_term_string\"}],\"inLanguage\":\"en-US\"},{\"@type\":\"Organization\",\"@id\":\"https:\/\/www.prijedordanas.com\/#organization\",\"name\":\"PrijedorDanas.com\",\"url\":\"https:\/\/www.prijedordanas.com\/\",\"logo\":{\"@type\":\"ImageObject\",\"inLanguage\":\"en-US\",\"@id\":\"https:\/\/www.prijedordanas.com\/#\/schema\/logo\/image\/\",\"url\":\"http:\/\/www.prijedordanas.com\/wp-content\/uploads\/2021\/12\/logopng.png\",\"contentUrl\":\"http:\/\/www.prijedordanas.com\/wp-content\/uploads\/2021\/12\/logopng.png\",\"width\":1019,\"height\":776,\"caption\":\"PrijedorDanas.com\"},\"image\":{\"@id\":\"https:\/\/www.prijedordanas.com\/#\/schema\/logo\/image\/\"},\"sameAs\":[\"https:\/\/www.facebook.com\/PrijedorDanasCom\/\"]},{\"@type\":\"Person\",\"@id\":\"https:\/\/www.prijedordanas.com\/#\/schema\/person\/4e08ccf29b506ca916ff86d46bb700e6\",\"name\":\"admin\",\"image\":{\"@type\":\"ImageObject\",\"inLanguage\":\"en-US\",\"@id\":\"https:\/\/www.prijedordanas.com\/#\/schema\/person\/image\/\",\"url\":\"https:\/\/secure.gravatar.com\/avatar\/1d3fc949d550f0b53a5f0d51e06dfd79?s=96&d=mm&r=g\",\"contentUrl\":\"https:\/\/secure.gravatar.com\/avatar\/1d3fc949d550f0b53a5f0d51e06dfd79?s=96&d=mm&r=g\",\"caption\":\"admin\"},\"url\":\"https:\/\/www.prijedordanas.com\/?author=1\"}]}<\/script>\n<!-- \/ Yoast SEO plugin. -->","yoast_head_json":{"title":"Gradona\u010delnik \u0110akovi\u0107 organizovao prijem za osam prosvjetnih radnika koji su snimali \u010dasove - FOTO - PrijedorDanas.com - Prijedorski gradski portal","robots":{"index":"index","follow":"follow","max-snippet":"max-snippet:-1","max-image-preview":"max-image-preview:large","max-video-preview":"max-video-preview:-1"},"canonical":"https:\/\/www.prijedordanas.com\/?p=149672","og_locale":"en_US","og_type":"article","og_title":"Gradona\u010delnik \u0110akovi\u0107 organizovao prijem za osam prosvjetnih radnika koji su snimali \u010dasove - FOTO - PrijedorDanas.com - Prijedorski gradski portal","og_description":"Gradona\u010delnik Prijedora Milenko \u0110akovi\u0107 organizovao je prijem za osam prosvjetnih radnika koji su u\u010destvovali u nastavnom programu u\u010denje na daljinu i u znak zahvalnosti uru\u010dio im po 200 KM. \u0110acima [&hellip;]","og_url":"https:\/\/www.prijedordanas.com\/?p=149672","og_site_name":"PrijedorDanas.com - Prijedorski gradski portal","article_publisher":"https:\/\/www.facebook.com\/PrijedorDanasCom\/","article_published_time":"2020-06-18T12:00:27+00:00","og_image":[{"url":"https:\/\/www.prijedordanas.com\/wp-content\/uploads\/2020\/06\/djakovic-prijem-prosvjetni-radnici-1-300x222.jpg"}],"author":"admin","twitter_card":"summary_large_image","twitter_misc":{"Written by":"admin","Est. reading time":"3 minutes"},"schema":{"@context":"https:\/\/schema.org","@graph":[{"@type":"Article","@id":"https:\/\/www.prijedordanas.com\/?p=149672#article","isPartOf":{"@id":"https:\/\/www.prijedordanas.com\/?p=149672"},"author":{"name":"admin","@id":"https:\/\/www.prijedordanas.com\/#\/schema\/person\/4e08ccf29b506ca916ff86d46bb700e6"},"headline":"Gradona\u010delnik \u0110akovi\u0107 organizovao prijem za osam prosvjetnih radnika koji su snimali \u010dasove &#8211; FOTO","datePublished":"2020-06-18T12:00:27+00:00","dateModified":"2020-06-18T12:00:27+00:00","mainEntityOfPage":{"@id":"https:\/\/www.prijedordanas.com\/?p=149672"},"wordCount":522,"publisher":{"@id":"https:\/\/www.prijedordanas.com\/#organization"},"keywords":["gradona\u010delnik Milenko \u0110akovi\u0107","nagrada","prijem","prosvjetni radnici"],"articleSection":["Dru\u0161tvo"],"inLanguage":"en-US"},{"@type":"WebPage","@id":"https:\/\/www.prijedordanas.com\/?p=149672","url":"https:\/\/www.prijedordanas.com\/?p=149672","name":"Gradona\u010delnik \u0110akovi\u0107 organizovao prijem za osam prosvjetnih radnika koji su snimali \u010dasove - FOTO - PrijedorDanas.com - Prijedorski gradski portal","isPartOf":{"@id":"https:\/\/www.prijedordanas.com\/#website"},"datePublished":"2020-06-18T12:00:27+00:00","dateModified":"2020-06-18T12:00:27+00:00","breadcrumb":{"@id":"https:\/\/www.prijedordanas.com\/?p=149672#breadcrumb"},"inLanguage":"en-US","potentialAction":[{"@type":"ReadAction","target":["https:\/\/www.prijedordanas.com\/?p=149672"]}]},{"@type":"BreadcrumbList","@id":"https:\/\/www.prijedordanas.com\/?p=149672#breadcrumb","itemListElement":[{"@type":"ListItem","position":1,"name":"Home","item":"https:\/\/www.prijedordanas.com\/"},{"@type":"ListItem","position":2,"name":"Gradona\u010delnik \u0110akovi\u0107 organizovao prijem za osam prosvjetnih radnika koji su snimali \u010dasove &#8211; FOTO"}]},{"@type":"WebSite","@id":"https:\/\/www.prijedordanas.com\/#website","url":"https:\/\/www.prijedordanas.com\/","name":"PrijedorDanas.com - Prijedorski gradski portal","description":"Portal o doga\u0111anjima u gradu Prijedoru","publisher":{"@id":"https:\/\/www.prijedordanas.com\/#organization"},"potentialAction":[{"@type":"SearchAction","target":{"@type":"EntryPoint","urlTemplate":"https:\/\/www.prijedordanas.com\/?s={search_term_string}"},"query-input":"required name=search_term_string"}],"inLanguage":"en-US"},{"@type":"Organization","@id":"https:\/\/www.prijedordanas.com\/#organization","name":"PrijedorDanas.com","url":"https:\/\/www.prijedordanas.com\/","logo":{"@type":"ImageObject","inLanguage":"en-US","@id":"https:\/\/www.prijedordanas.com\/#\/schema\/logo\/image\/","url":"http:\/\/www.prijedordanas.com\/wp-content\/uploads\/2021\/12\/logopng.png","contentUrl":"http:\/\/www.prijedordanas.com\/wp-content\/uploads\/2021\/12\/logopng.png","width":1019,"height":776,"caption":"PrijedorDanas.com"},"image":{"@id":"https:\/\/www.prijedordanas.com\/#\/schema\/logo\/image\/"},"sameAs":["https:\/\/www.facebook.com\/PrijedorDanasCom\/"]},{"@type":"Person","@id":"https:\/\/www.prijedordanas.com\/#\/schema\/person\/4e08ccf29b506ca916ff86d46bb700e6","name":"admin","image":{"@type":"ImageObject","inLanguage":"en-US","@id":"https:\/\/www.prijedordanas.com\/#\/schema\/person\/image\/","url":"https:\/\/secure.gravatar.com\/avatar\/1d3fc949d550f0b53a5f0d51e06dfd79?s=96&d=mm&r=g","contentUrl":"https:\/\/secure.gravatar.com\/avatar\/1d3fc949d550f0b53a5f0d51e06dfd79?s=96&d=mm&r=g","caption":"admin"},"url":"https:\/\/www.prijedordanas.com\/?author=1"}]}},"_links":{"self":[{"href":"https:\/\/www.prijedordanas.com\/index.php?rest_route=\/wp\/v2\/posts\/149672"}],"collection":[{"href":"https:\/\/www.prijedordanas.com\/index.php?rest_route=\/wp\/v2\/posts"}],"about":[{"href":"https:\/\/www.prijedordanas.com\/index.php?rest_route=\/wp\/v2\/types\/post"}],"author":[{"embeddable":true,"href":"https:\/\/www.prijedordanas.com\/index.php?rest_route=\/wp\/v2\/users\/1"}],"replies":[{"embeddable":true,"href":"https:\/\/www.prijedordanas.com\/index.php?rest_route=%2Fwp%2Fv2%2Fcomments&post=149672"}],"version-history":[{"count":1,"href":"https:\/\/www.prijedordanas.com\/index.php?rest_route=\/wp\/v2\/posts\/149672\/revisions"}],"predecessor-version":[{"id":149689,"href":"https:\/\/www.prijedordanas.com\/index.php?rest_route=\/wp\/v2\/posts\/149672\/revisions\/149689"}],"wp:attachment":[{"href":"https:\/\/www.prijedordanas.com\/index.php?rest_route=%2Fwp%2Fv2%2Fmedia&parent=149672"}],"wp:term":[{"taxonomy":"category","embeddable":true,"href":"https:\/\/www.prijedordanas.com\/index.php?rest_route=%2Fwp%2Fv2%2Fcategories&post=149672"},{"taxonomy":"post_tag","embeddable":true,"href":"https:\/\/www.prijedordanas.com\/index.php?rest_route=%2Fwp%2Fv2%2Ftags&post=149672"}],"curies":[{"name":"wp","href":"https:\/\/api.w.org\/{rel}","templated":true}]}}