{"id":149621,"date":"2020-06-17T12:03:23","date_gmt":"2020-06-17T10:03:23","guid":{"rendered":"https:\/\/www.prijedordanas.com\/?p=149621"},"modified":"2020-06-17T12:03:23","modified_gmt":"2020-06-17T10:03:23","slug":"prijedor-gradonacelnik-dakovic-moguce-da-ponovo-dode-do-zatvaranja-ugostiteljskih-objekata","status":"publish","type":"post","link":"https:\/\/www.prijedordanas.com\/?p=149621","title":{"rendered":"Prijedor-Gradona\u010delnik \u0110akovi\u0107: Mogu\u0107e da ponovo do\u0111e do zatvaranja ugostiteljskih objekata"},"content":{"rendered":"<p><a href=\"https:\/\/www.prijedordanas.com\/wp-content\/uploads\/2020\/06\/stab-17juni-4.jpg\"><img loading=\"lazy\" decoding=\"async\" class=\"alignleft size-medium wp-image-149622\" src=\"https:\/\/www.prijedordanas.com\/wp-content\/uploads\/2020\/06\/stab-17juni-4-300x222.jpg\" alt=\"\" width=\"300\" height=\"222\" srcset=\"https:\/\/www.prijedordanas.com\/wp-content\/uploads\/2020\/06\/stab-17juni-4-300x222.jpg 300w, https:\/\/www.prijedordanas.com\/wp-content\/uploads\/2020\/06\/stab-17juni-4.jpg 675w\" sizes=\"(max-width: 300px) 100vw, 300px\" \/><\/a>Gradona\u010delnik Prijedora Milenko \u0110akovi\u0107 rekao je da je objektivno o\u010dekivati pove\u0107an broj zara\u017eenih virusom korona jer su se mnogi ljudi opustili iako epidemija nije stala, te da je mogu\u0107e ponovno zatvaranje ugostiteljskih objekata.<\/p>\n<p>On je istakao da \u0107e danas kontrolni organi, policija i komunalna policija upozoravati jer su se mla\u0111i okupljali u lokalima i ugostiteljskim objektima u ve\u0107em broju od onog koji je Institut za javno zdravstvo propisao.<\/p>\n<p>&#8220;Ako se to nastavi do\u0107i \u0107e do zatvaranja objekata jer je \u010dinjenica da se ovo sve jo\u0161 de\u0161ava u progla\u0161enoj epidemiji&#8221;, rekao je \u0110akovi\u0107 novinarima u Prijedoru nakon sjednice \u0160taba za vanredne situacije.<\/p>\n<p>On je naveo da je trenutno pozitivnih iz Prijedora 14, oporavljeno je 44, a 12 preminulo. U ku\u0107noj izolaciji je 36 lica, a 1.933 su iza\u0161la iz zdravstvenog nadzora.<\/p>\n<p><a href=\"https:\/\/www.prijedordanas.com\/wp-content\/uploads\/2020\/06\/stab-17juni-3.jpg\"><img loading=\"lazy\" decoding=\"async\" src=\"https:\/\/www.prijedordanas.com\/wp-content\/uploads\/2020\/06\/stab-17juni-3-300x222.jpg\" alt=\"\" width=\"300\" height=\"222\" class=\"alignleft size-medium wp-image-149623\" srcset=\"https:\/\/www.prijedordanas.com\/wp-content\/uploads\/2020\/06\/stab-17juni-3-300x222.jpg 300w, https:\/\/www.prijedordanas.com\/wp-content\/uploads\/2020\/06\/stab-17juni-3.jpg 675w\" sizes=\"(max-width: 300px) 100vw, 300px\" \/><\/a>&#8220;U kovid bolnici su 22 pacijenta, od kojih 17 iz Kostajnice, \u010detiri iz Prijedora i jedan iz Novog Grada, a troje od njih ima te\u017eu klini\u010dku sliku&#8221;, ka\u017ee \u0110akovi\u0107 i dodaje da je jedno lice u izolaciji i o\u010dekuje se rezultat testa.<\/p>\n<p>On je najavio kolektivnu dezinfekciju, prije svega u mjesnim zajednicama gdje po\u010dinju raditi kulturno-umjetni\u010dka dru\u0161tva, a nakon toga \u0107e biti obaveza korisnika prostora da vr\u0161i dalju dezinfekciju.<\/p>\n<p>&#8220;Iako je trenutno zvani\u010dan podatak 70 \/slu\u010dajeva\/ do ovog trenutka, Prijedor je, ipak, po svemu sude\u0107i, obavio korektno svoje poslove u domenu borbe protiv epidemije i znatno je manji broj \/slu\u010dajeva\/ u odnosu na broj stanovnika u pore\u0111enju sa nekim drugim lokalnim zajednicama&#8221;, rekao je \u0110akovi\u0107.<\/p>\n<p>On je ponovio da su aktuelne mjere Republi\u010dkog \u0161taba za vanredne situacije na snazi do 22. juna, a da \u0107e odluke o postupanju nakon toga datuma, tako\u0111e, donijeti Republi\u010dki \u0161tab.<\/p>\n<p>SRNA<\/p>\n<p><a href=\"https:\/\/www.prijedordanas.com\/wp-content\/uploads\/2020\/06\/stab-17juni-7.jpg\"><img loading=\"lazy\" decoding=\"async\" src=\"https:\/\/www.prijedordanas.com\/wp-content\/uploads\/2020\/06\/stab-17juni-7-300x200.jpg\" alt=\"\" width=\"300\" height=\"200\" class=\"alignleft size-medium wp-image-149624\" srcset=\"https:\/\/www.prijedordanas.com\/wp-content\/uploads\/2020\/06\/stab-17juni-7-300x200.jpg 300w, https:\/\/www.prijedordanas.com\/wp-content\/uploads\/2020\/06\/stab-17juni-7-480x320.jpg 480w, https:\/\/www.prijedordanas.com\/wp-content\/uploads\/2020\/06\/stab-17juni-7.jpg 600w\" sizes=\"(max-width: 300px) 100vw, 300px\" \/><\/a> <a href=\"https:\/\/www.prijedordanas.com\/wp-content\/uploads\/2020\/06\/stab-17juni-8.jpg\"><img loading=\"lazy\" decoding=\"async\" src=\"https:\/\/www.prijedordanas.com\/wp-content\/uploads\/2020\/06\/stab-17juni-8-300x200.jpg\" alt=\"\" width=\"300\" height=\"200\" class=\"alignleft size-medium wp-image-149625\" srcset=\"https:\/\/www.prijedordanas.com\/wp-content\/uploads\/2020\/06\/stab-17juni-8-300x200.jpg 300w, https:\/\/www.prijedordanas.com\/wp-content\/uploads\/2020\/06\/stab-17juni-8-480x320.jpg 480w, https:\/\/www.prijedordanas.com\/wp-content\/uploads\/2020\/06\/stab-17juni-8.jpg 600w\" sizes=\"(max-width: 300px) 100vw, 300px\" \/><\/a><\/p>\n","protected":false},"excerpt":{"rendered":"<p>Gradona\u010delnik Prijedora Milenko \u0110akovi\u0107 rekao je da je objektivno o\u010dekivati pove\u0107an broj zara\u017eenih virusom korona jer su se mnogi ljudi opustili iako epidemija nije stala, te da je mogu\u0107e ponovno [&hellip;]<\/p>\n","protected":false},"author":1,"featured_media":0,"comment_status":"closed","ping_status":"open","sticky":false,"template":"","format":"standard","meta":{"_monsterinsights_skip_tracking":false,"_monsterinsights_sitenote_active":false,"_monsterinsights_sitenote_note":"","_monsterinsights_sitenote_category":0,"footnotes":""},"categories":[4],"tags":[11081,11120],"yoast_head":"<!-- This site is optimized with the Yoast SEO plugin v21.6 - https:\/\/yoast.com\/wordpress\/plugins\/seo\/ -->\n<title>Prijedor-Gradona\u010delnik \u0110akovi\u0107: Mogu\u0107e da ponovo do\u0111e do zatvaranja ugostiteljskih objekata - PrijedorDanas.com - Prijedorski gradski portal<\/title>\n<meta name=\"robots\" content=\"index, follow, max-snippet:-1, max-image-preview:large, max-video-preview:-1\" \/>\n<link rel=\"canonical\" href=\"https:\/\/www.prijedordanas.com\/?p=149621\" \/>\n<meta property=\"og:locale\" content=\"en_US\" \/>\n<meta property=\"og:type\" content=\"article\" \/>\n<meta property=\"og:title\" content=\"Prijedor-Gradona\u010delnik \u0110akovi\u0107: Mogu\u0107e da ponovo do\u0111e do zatvaranja ugostiteljskih objekata - PrijedorDanas.com - Prijedorski gradski portal\" \/>\n<meta property=\"og:description\" content=\"Gradona\u010delnik Prijedora Milenko \u0110akovi\u0107 rekao je da je objektivno o\u010dekivati pove\u0107an broj zara\u017eenih virusom korona jer su se mnogi ljudi opustili iako epidemija nije stala, te da je mogu\u0107e ponovno [&hellip;]\" \/>\n<meta property=\"og:url\" content=\"https:\/\/www.prijedordanas.com\/?p=149621\" \/>\n<meta property=\"og:site_name\" content=\"PrijedorDanas.com - Prijedorski gradski portal\" \/>\n<meta property=\"article:publisher\" content=\"https:\/\/www.facebook.com\/PrijedorDanasCom\/\" \/>\n<meta property=\"article:published_time\" content=\"2020-06-17T10:03:23+00:00\" \/>\n<meta property=\"og:image\" content=\"https:\/\/www.prijedordanas.com\/wp-content\/uploads\/2020\/06\/stab-17juni-4-300x222.jpg\" \/>\n<meta name=\"author\" content=\"admin\" \/>\n<meta name=\"twitter:card\" content=\"summary_large_image\" \/>\n<meta name=\"twitter:label1\" content=\"Written by\" \/>\n\t<meta name=\"twitter:data1\" content=\"admin\" \/>\n\t<meta name=\"twitter:label2\" content=\"Est. reading time\" \/>\n\t<meta name=\"twitter:data2\" content=\"1 minute\" \/>\n<script type=\"application\/ld+json\" class=\"yoast-schema-graph\">{\"@context\":\"https:\/\/schema.org\",\"@graph\":[{\"@type\":\"Article\",\"@id\":\"https:\/\/www.prijedordanas.com\/?p=149621#article\",\"isPartOf\":{\"@id\":\"https:\/\/www.prijedordanas.com\/?p=149621\"},\"author\":{\"name\":\"admin\",\"@id\":\"https:\/\/www.prijedordanas.com\/#\/schema\/person\/4e08ccf29b506ca916ff86d46bb700e6\"},\"headline\":\"Prijedor-Gradona\u010delnik \u0110akovi\u0107: Mogu\u0107e da ponovo do\u0111e do zatvaranja ugostiteljskih objekata\",\"datePublished\":\"2020-06-17T10:03:23+00:00\",\"dateModified\":\"2020-06-17T10:03:23+00:00\",\"mainEntityOfPage\":{\"@id\":\"https:\/\/www.prijedordanas.com\/?p=149621\"},\"wordCount\":308,\"publisher\":{\"@id\":\"https:\/\/www.prijedordanas.com\/#organization\"},\"keywords\":[\"korona\",\"\u0160tab za vanredne situacije grada Prijedora\"],\"articleSection\":[\"Dru\u0161tvo\"],\"inLanguage\":\"en-US\"},{\"@type\":\"WebPage\",\"@id\":\"https:\/\/www.prijedordanas.com\/?p=149621\",\"url\":\"https:\/\/www.prijedordanas.com\/?p=149621\",\"name\":\"Prijedor-Gradona\u010delnik \u0110akovi\u0107: Mogu\u0107e da ponovo do\u0111e do zatvaranja ugostiteljskih objekata - PrijedorDanas.com - Prijedorski gradski portal\",\"isPartOf\":{\"@id\":\"https:\/\/www.prijedordanas.com\/#website\"},\"datePublished\":\"2020-06-17T10:03:23+00:00\",\"dateModified\":\"2020-06-17T10:03:23+00:00\",\"breadcrumb\":{\"@id\":\"https:\/\/www.prijedordanas.com\/?p=149621#breadcrumb\"},\"inLanguage\":\"en-US\",\"potentialAction\":[{\"@type\":\"ReadAction\",\"target\":[\"https:\/\/www.prijedordanas.com\/?p=149621\"]}]},{\"@type\":\"BreadcrumbList\",\"@id\":\"https:\/\/www.prijedordanas.com\/?p=149621#breadcrumb\",\"itemListElement\":[{\"@type\":\"ListItem\",\"position\":1,\"name\":\"Home\",\"item\":\"https:\/\/www.prijedordanas.com\/\"},{\"@type\":\"ListItem\",\"position\":2,\"name\":\"Prijedor-Gradona\u010delnik \u0110akovi\u0107: Mogu\u0107e da ponovo do\u0111e do zatvaranja ugostiteljskih objekata\"}]},{\"@type\":\"WebSite\",\"@id\":\"https:\/\/www.prijedordanas.com\/#website\",\"url\":\"https:\/\/www.prijedordanas.com\/\",\"name\":\"PrijedorDanas.com - Prijedorski gradski portal\",\"description\":\"Portal o doga\u0111anjima u gradu Prijedoru\",\"publisher\":{\"@id\":\"https:\/\/www.prijedordanas.com\/#organization\"},\"potentialAction\":[{\"@type\":\"SearchAction\",\"target\":{\"@type\":\"EntryPoint\",\"urlTemplate\":\"https:\/\/www.prijedordanas.com\/?s={search_term_string}\"},\"query-input\":\"required name=search_term_string\"}],\"inLanguage\":\"en-US\"},{\"@type\":\"Organization\",\"@id\":\"https:\/\/www.prijedordanas.com\/#organization\",\"name\":\"PrijedorDanas.com\",\"url\":\"https:\/\/www.prijedordanas.com\/\",\"logo\":{\"@type\":\"ImageObject\",\"inLanguage\":\"en-US\",\"@id\":\"https:\/\/www.prijedordanas.com\/#\/schema\/logo\/image\/\",\"url\":\"http:\/\/www.prijedordanas.com\/wp-content\/uploads\/2021\/12\/logopng.png\",\"contentUrl\":\"http:\/\/www.prijedordanas.com\/wp-content\/uploads\/2021\/12\/logopng.png\",\"width\":1019,\"height\":776,\"caption\":\"PrijedorDanas.com\"},\"image\":{\"@id\":\"https:\/\/www.prijedordanas.com\/#\/schema\/logo\/image\/\"},\"sameAs\":[\"https:\/\/www.facebook.com\/PrijedorDanasCom\/\"]},{\"@type\":\"Person\",\"@id\":\"https:\/\/www.prijedordanas.com\/#\/schema\/person\/4e08ccf29b506ca916ff86d46bb700e6\",\"name\":\"admin\",\"image\":{\"@type\":\"ImageObject\",\"inLanguage\":\"en-US\",\"@id\":\"https:\/\/www.prijedordanas.com\/#\/schema\/person\/image\/\",\"url\":\"https:\/\/secure.gravatar.com\/avatar\/1d3fc949d550f0b53a5f0d51e06dfd79?s=96&d=mm&r=g\",\"contentUrl\":\"https:\/\/secure.gravatar.com\/avatar\/1d3fc949d550f0b53a5f0d51e06dfd79?s=96&d=mm&r=g\",\"caption\":\"admin\"},\"url\":\"https:\/\/www.prijedordanas.com\/?author=1\"}]}<\/script>\n<!-- \/ Yoast SEO plugin. -->","yoast_head_json":{"title":"Prijedor-Gradona\u010delnik \u0110akovi\u0107: Mogu\u0107e da ponovo do\u0111e do zatvaranja ugostiteljskih objekata - PrijedorDanas.com - Prijedorski gradski portal","robots":{"index":"index","follow":"follow","max-snippet":"max-snippet:-1","max-image-preview":"max-image-preview:large","max-video-preview":"max-video-preview:-1"},"canonical":"https:\/\/www.prijedordanas.com\/?p=149621","og_locale":"en_US","og_type":"article","og_title":"Prijedor-Gradona\u010delnik \u0110akovi\u0107: Mogu\u0107e da ponovo do\u0111e do zatvaranja ugostiteljskih objekata - PrijedorDanas.com - Prijedorski gradski portal","og_description":"Gradona\u010delnik Prijedora Milenko \u0110akovi\u0107 rekao je da je objektivno o\u010dekivati pove\u0107an broj zara\u017eenih virusom korona jer su se mnogi ljudi opustili iako epidemija nije stala, te da je mogu\u0107e ponovno [&hellip;]","og_url":"https:\/\/www.prijedordanas.com\/?p=149621","og_site_name":"PrijedorDanas.com - Prijedorski gradski portal","article_publisher":"https:\/\/www.facebook.com\/PrijedorDanasCom\/","article_published_time":"2020-06-17T10:03:23+00:00","og_image":[{"url":"https:\/\/www.prijedordanas.com\/wp-content\/uploads\/2020\/06\/stab-17juni-4-300x222.jpg"}],"author":"admin","twitter_card":"summary_large_image","twitter_misc":{"Written by":"admin","Est. reading time":"1 minute"},"schema":{"@context":"https:\/\/schema.org","@graph":[{"@type":"Article","@id":"https:\/\/www.prijedordanas.com\/?p=149621#article","isPartOf":{"@id":"https:\/\/www.prijedordanas.com\/?p=149621"},"author":{"name":"admin","@id":"https:\/\/www.prijedordanas.com\/#\/schema\/person\/4e08ccf29b506ca916ff86d46bb700e6"},"headline":"Prijedor-Gradona\u010delnik \u0110akovi\u0107: Mogu\u0107e da ponovo do\u0111e do zatvaranja ugostiteljskih objekata","datePublished":"2020-06-17T10:03:23+00:00","dateModified":"2020-06-17T10:03:23+00:00","mainEntityOfPage":{"@id":"https:\/\/www.prijedordanas.com\/?p=149621"},"wordCount":308,"publisher":{"@id":"https:\/\/www.prijedordanas.com\/#organization"},"keywords":["korona","\u0160tab za vanredne situacije grada Prijedora"],"articleSection":["Dru\u0161tvo"],"inLanguage":"en-US"},{"@type":"WebPage","@id":"https:\/\/www.prijedordanas.com\/?p=149621","url":"https:\/\/www.prijedordanas.com\/?p=149621","name":"Prijedor-Gradona\u010delnik \u0110akovi\u0107: Mogu\u0107e da ponovo do\u0111e do zatvaranja ugostiteljskih objekata - PrijedorDanas.com - Prijedorski gradski portal","isPartOf":{"@id":"https:\/\/www.prijedordanas.com\/#website"},"datePublished":"2020-06-17T10:03:23+00:00","dateModified":"2020-06-17T10:03:23+00:00","breadcrumb":{"@id":"https:\/\/www.prijedordanas.com\/?p=149621#breadcrumb"},"inLanguage":"en-US","potentialAction":[{"@type":"ReadAction","target":["https:\/\/www.prijedordanas.com\/?p=149621"]}]},{"@type":"BreadcrumbList","@id":"https:\/\/www.prijedordanas.com\/?p=149621#breadcrumb","itemListElement":[{"@type":"ListItem","position":1,"name":"Home","item":"https:\/\/www.prijedordanas.com\/"},{"@type":"ListItem","position":2,"name":"Prijedor-Gradona\u010delnik \u0110akovi\u0107: Mogu\u0107e da ponovo do\u0111e do zatvaranja ugostiteljskih objekata"}]},{"@type":"WebSite","@id":"https:\/\/www.prijedordanas.com\/#website","url":"https:\/\/www.prijedordanas.com\/","name":"PrijedorDanas.com - Prijedorski gradski portal","description":"Portal o doga\u0111anjima u gradu Prijedoru","publisher":{"@id":"https:\/\/www.prijedordanas.com\/#organization"},"potentialAction":[{"@type":"SearchAction","target":{"@type":"EntryPoint","urlTemplate":"https:\/\/www.prijedordanas.com\/?s={search_term_string}"},"query-input":"required name=search_term_string"}],"inLanguage":"en-US"},{"@type":"Organization","@id":"https:\/\/www.prijedordanas.com\/#organization","name":"PrijedorDanas.com","url":"https:\/\/www.prijedordanas.com\/","logo":{"@type":"ImageObject","inLanguage":"en-US","@id":"https:\/\/www.prijedordanas.com\/#\/schema\/logo\/image\/","url":"http:\/\/www.prijedordanas.com\/wp-content\/uploads\/2021\/12\/logopng.png","contentUrl":"http:\/\/www.prijedordanas.com\/wp-content\/uploads\/2021\/12\/logopng.png","width":1019,"height":776,"caption":"PrijedorDanas.com"},"image":{"@id":"https:\/\/www.prijedordanas.com\/#\/schema\/logo\/image\/"},"sameAs":["https:\/\/www.facebook.com\/PrijedorDanasCom\/"]},{"@type":"Person","@id":"https:\/\/www.prijedordanas.com\/#\/schema\/person\/4e08ccf29b506ca916ff86d46bb700e6","name":"admin","image":{"@type":"ImageObject","inLanguage":"en-US","@id":"https:\/\/www.prijedordanas.com\/#\/schema\/person\/image\/","url":"https:\/\/secure.gravatar.com\/avatar\/1d3fc949d550f0b53a5f0d51e06dfd79?s=96&d=mm&r=g","contentUrl":"https:\/\/secure.gravatar.com\/avatar\/1d3fc949d550f0b53a5f0d51e06dfd79?s=96&d=mm&r=g","caption":"admin"},"url":"https:\/\/www.prijedordanas.com\/?author=1"}]}},"_links":{"self":[{"href":"https:\/\/www.prijedordanas.com\/index.php?rest_route=\/wp\/v2\/posts\/149621"}],"collection":[{"href":"https:\/\/www.prijedordanas.com\/index.php?rest_route=\/wp\/v2\/posts"}],"about":[{"href":"https:\/\/www.prijedordanas.com\/index.php?rest_route=\/wp\/v2\/types\/post"}],"author":[{"embeddable":true,"href":"https:\/\/www.prijedordanas.com\/index.php?rest_route=\/wp\/v2\/users\/1"}],"replies":[{"embeddable":true,"href":"https:\/\/www.prijedordanas.com\/index.php?rest_route=%2Fwp%2Fv2%2Fcomments&post=149621"}],"version-history":[{"count":1,"href":"https:\/\/www.prijedordanas.com\/index.php?rest_route=\/wp\/v2\/posts\/149621\/revisions"}],"predecessor-version":[{"id":149626,"href":"https:\/\/www.prijedordanas.com\/index.php?rest_route=\/wp\/v2\/posts\/149621\/revisions\/149626"}],"wp:attachment":[{"href":"https:\/\/www.prijedordanas.com\/index.php?rest_route=%2Fwp%2Fv2%2Fmedia&parent=149621"}],"wp:term":[{"taxonomy":"category","embeddable":true,"href":"https:\/\/www.prijedordanas.com\/index.php?rest_route=%2Fwp%2Fv2%2Fcategories&post=149621"},{"taxonomy":"post_tag","embeddable":true,"href":"https:\/\/www.prijedordanas.com\/index.php?rest_route=%2Fwp%2Fv2%2Ftags&post=149621"}],"curies":[{"name":"wp","href":"https:\/\/api.w.org\/{rel}","templated":true}]}}