{"id":149567,"date":"2020-06-16T16:40:18","date_gmt":"2020-06-16T14:40:18","guid":{"rendered":"https:\/\/www.prijedordanas.com\/?p=149567"},"modified":"2020-06-16T16:40:18","modified_gmt":"2020-06-16T14:40:18","slug":"prijedor-potpisani-ugovori-za-doobuku-osam-radnika-kod-pet-poslodavaca-foto","status":"publish","type":"post","link":"https:\/\/www.prijedordanas.com\/?p=149567","title":{"rendered":"Prijedor: Potpisani ugovori za doobuku osam radnika kod pet poslodavaca &#8211; FOTO"},"content":{"rendered":"<p><a href=\"https:\/\/www.prijedordanas.com\/wp-content\/uploads\/2020\/06\/pro-poso-2020-potpisivanje-ugovora-1.jpg\"><img loading=\"lazy\" decoding=\"async\" class=\"alignleft size-medium wp-image-149572\" src=\"https:\/\/www.prijedordanas.com\/wp-content\/uploads\/2020\/06\/pro-poso-2020-potpisivanje-ugovora-1-300x222.jpg\" alt=\"\" width=\"300\" height=\"222\" srcset=\"https:\/\/www.prijedordanas.com\/wp-content\/uploads\/2020\/06\/pro-poso-2020-potpisivanje-ugovora-1-300x222.jpg 300w, https:\/\/www.prijedordanas.com\/wp-content\/uploads\/2020\/06\/pro-poso-2020-potpisivanje-ugovora-1.jpg 675w\" sizes=\"(max-width: 300px) 100vw, 300px\" \/><\/a>U Prijedoru je u okviru projekta &#8220;Pro poso&#8221; danas osam radnika potpisalo ugovore za prakti\u010dnu obuku kod pet poslodavaca.<\/p>\n<p>Ugovore sa odabranim poslodavcima i radnicima potpisali su gradona\u010delnik Prijedora Milenko \u0110akovi\u0107, predstavnici Fondacije &#8220;Vings of houp&#8221; iz Minhena i Udru\u017eenja za psihosocijalnu podr\u0161ku i bolju budu\u0107nost&#8221; Progres&#8221; iz Sarajeva koji zajedni\u010dkim snagama realizuju ovaj projekat.<\/p>\n<p>Pravo na podsticaje putem javnog poziva ostvarile su firme &#8220;Brakom&#8221;, &#8220;GP Kne\u017eevi\u0107&#8221;, zanatska radnja &#8220;Final&#8221;, ugostiteljska radnja &#8220;Preduze\u0107e&#8221; i &#8220;Topi\u0107 kompani&#8221;, koje \u0107e na obuku primiti po dva elektri\u010dara i metaloprera\u0111iva\u010da, te po jednog tesara, armira\u010da, stolara i konobara.<\/p>\n<p><a href=\"https:\/\/www.prijedordanas.com\/wp-content\/uploads\/2020\/06\/pro-poso-2020-potpisivanje-ugovora-2.jpg\"><img loading=\"lazy\" decoding=\"async\" class=\"alignleft size-medium wp-image-149573\" src=\"https:\/\/www.prijedordanas.com\/wp-content\/uploads\/2020\/06\/pro-poso-2020-potpisivanje-ugovora-2-300x200.jpg\" alt=\"\" width=\"300\" height=\"200\" srcset=\"https:\/\/www.prijedordanas.com\/wp-content\/uploads\/2020\/06\/pro-poso-2020-potpisivanje-ugovora-2-300x200.jpg 300w, https:\/\/www.prijedordanas.com\/wp-content\/uploads\/2020\/06\/pro-poso-2020-potpisivanje-ugovora-2-480x320.jpg 480w, https:\/\/www.prijedordanas.com\/wp-content\/uploads\/2020\/06\/pro-poso-2020-potpisivanje-ugovora-2.jpg 600w\" sizes=\"(max-width: 300px) 100vw, 300px\" \/><\/a>Koordinator projekta &#8220;Pro poso&#8221; i predsjednik Udru\u017eenja &#8220;Progres&#8221; iz Sarajeva Elvir \u010cau\u0161evi\u0107 ka\u017ee da saradnja sa gradom Prjedorom traje od 2012. od kada grad sufinansira ovaj projekat.<\/p>\n<p>-S tim da je Udru\u017eenje &#8220;Progres&#8221; i na\u0161a fondacija &#8220;Vings of houp&#8221; od 2010. krenula sa realizacijom projektom u regiji Prijedor. Glavni finansijer je Ministarstvo vanjskih poslova Njema\u010dke. U periodu od 2010. zavr\u0161no sa 2019. godinom zajedno sa anga\u017eovanim poslodavcima, investirali smo oko 280.000 KM u prakti\u010dnu obuku i stru\u010dno osposobljavanje za 76 osoba koje su pro\u0161le kroz ovaj program u Prijedoru-izjavio je \u010cau\u0161evi\u0107.<\/p>\n<p>On je istakao da je osnovni cilj projekta da se u periodu od \u0161est mjeseci pro\u0111e kroz jedan proces u\u010denja.<\/p>\n<p><a href=\"https:\/\/www.prijedordanas.com\/wp-content\/uploads\/2020\/06\/pro-poso-2020-potpisivanje-ugovora-3.jpg\"><img loading=\"lazy\" decoding=\"async\" class=\"alignleft size-medium wp-image-149574\" src=\"https:\/\/www.prijedordanas.com\/wp-content\/uploads\/2020\/06\/pro-poso-2020-potpisivanje-ugovora-3-300x200.jpg\" alt=\"\" width=\"300\" height=\"200\" srcset=\"https:\/\/www.prijedordanas.com\/wp-content\/uploads\/2020\/06\/pro-poso-2020-potpisivanje-ugovora-3-300x200.jpg 300w, https:\/\/www.prijedordanas.com\/wp-content\/uploads\/2020\/06\/pro-poso-2020-potpisivanje-ugovora-3-480x320.jpg 480w, https:\/\/www.prijedordanas.com\/wp-content\/uploads\/2020\/06\/pro-poso-2020-potpisivanje-ugovora-3.jpg 600w\" sizes=\"(max-width: 300px) 100vw, 300px\" \/><\/a>-Akcenat stavljamo na izra\u017eenu mentorsku notu poslodavaca koji su se prijavili za u\u010de\u0161\u0107e u ovom projektu jer nam je zaista bitno da \u0161to ve\u0107i broj mladih ljudi koji pro\u0111u kroz ovaj program ostanu zaposleni kod ovih poslodavaca. Ono \u0161to nam je jo\u0161 malo va\u017enije je da budu osposobljeniji i konkurentniji na tr\u017ei\u0161tu rada ukoliko se ne stvore pretpostavke da ostanu kod ovog poslodavca da mogu da lak\u0161e na\u0107i posao kod drugog poslodavca-rekao je on.<\/p>\n<p>\u010cau\u0161evi\u0107 je dodao da je drugi dio projekta stipendiranje u\u010denika srednjih stru\u010dnih \u0161kola koji izvode prakti\u010dnu nastavu kod poslodavca u saradnji sa Ma\u0161inskom i Elektrotehni\u010dkom \u0161kolom u Prijedoru.<\/p>\n<p><a href=\"https:\/\/www.prijedordanas.com\/wp-content\/uploads\/2020\/06\/pro-poso-2020-potpisivanje-ugovora-5.jpg\"><img loading=\"lazy\" decoding=\"async\" src=\"https:\/\/www.prijedordanas.com\/wp-content\/uploads\/2020\/06\/pro-poso-2020-potpisivanje-ugovora-5-300x200.jpg\" alt=\"\" width=\"300\" height=\"200\" class=\"alignleft size-medium wp-image-149575\" srcset=\"https:\/\/www.prijedordanas.com\/wp-content\/uploads\/2020\/06\/pro-poso-2020-potpisivanje-ugovora-5-300x200.jpg 300w, https:\/\/www.prijedordanas.com\/wp-content\/uploads\/2020\/06\/pro-poso-2020-potpisivanje-ugovora-5-480x320.jpg 480w, https:\/\/www.prijedordanas.com\/wp-content\/uploads\/2020\/06\/pro-poso-2020-potpisivanje-ugovora-5.jpg 600w\" sizes=\"(max-width: 300px) 100vw, 300px\" \/><\/a>Vrijednost ovogodi\u0161njeg projekta &#8220;Pro poso&#8221; u Prijedoru je oko 40.000 KM. Po 10.000 KM za obuku izdvajaju grad Prijedor i partnerska fondacija &#8220;Vings of houp&#8221; preko Ministarstva vanjskih poslova Njema\u010dke, a ostatak novca \u010dine doprinosi i porezi koji su poslodavci u obavezi izdvojiti na platu.<\/p>\n<p>Gradona\u010delnik Prijedora Milenko \u0110akovi\u0107 podsjetio je da ovaj projekat traje 10 godina tokom kojih je obuku kod poslodavaca pro\u0161lo 76 nezaposlenih Prijedor\u010dana.<\/p>\n<p>-Fondacija i Grad u\u010destvuju sa 50 odsto u finansiranju projekta i danas \u0107emo potpisati ugovor sa pet poslodavaca i osam radnika koji \u0107e biti obu\u010deni i zaposleni na period od \u0161est mjeseci. Generalno gledaju\u0107i podatke za poslednjih 10 godina oko 70 odsto u\u010desnika u ovim projektima je na\u0161lo zaposljenje u gradu Prijedoru i inostranstvu, a ovo 30 odsto ostalih su u raznim statusima-izjavio je \u0110akovi\u0107.<\/p>\n<p>Pored regije Prijedor projekat &#8220;Pro poso&#8221; se realizuje u jo\u0161 \u0161est regija u Federaciji BiH i \u010detiri u RS.<\/p>\n<p>www.prijedorgrad.org<\/p>\n<p><a href=\"https:\/\/www.prijedordanas.com\/wp-content\/uploads\/2020\/06\/pro-poso-2020-potpisivanje-ugovora-4.jpg\"><img loading=\"lazy\" decoding=\"async\" src=\"https:\/\/www.prijedordanas.com\/wp-content\/uploads\/2020\/06\/pro-poso-2020-potpisivanje-ugovora-4-300x200.jpg\" alt=\"\" width=\"300\" height=\"200\" class=\"alignleft size-medium wp-image-149576\" srcset=\"https:\/\/www.prijedordanas.com\/wp-content\/uploads\/2020\/06\/pro-poso-2020-potpisivanje-ugovora-4-300x200.jpg 300w, https:\/\/www.prijedordanas.com\/wp-content\/uploads\/2020\/06\/pro-poso-2020-potpisivanje-ugovora-4-480x320.jpg 480w, https:\/\/www.prijedordanas.com\/wp-content\/uploads\/2020\/06\/pro-poso-2020-potpisivanje-ugovora-4.jpg 600w\" sizes=\"(max-width: 300px) 100vw, 300px\" \/><\/a> <a href=\"https:\/\/www.prijedordanas.com\/wp-content\/uploads\/2020\/06\/pro-poso-2020-potpisivanje-ugovora-6.jpg\"><img loading=\"lazy\" decoding=\"async\" src=\"https:\/\/www.prijedordanas.com\/wp-content\/uploads\/2020\/06\/pro-poso-2020-potpisivanje-ugovora-6-300x200.jpg\" alt=\"\" width=\"300\" height=\"200\" class=\"alignleft size-medium wp-image-149577\" srcset=\"https:\/\/www.prijedordanas.com\/wp-content\/uploads\/2020\/06\/pro-poso-2020-potpisivanje-ugovora-6-300x200.jpg 300w, https:\/\/www.prijedordanas.com\/wp-content\/uploads\/2020\/06\/pro-poso-2020-potpisivanje-ugovora-6-480x320.jpg 480w, https:\/\/www.prijedordanas.com\/wp-content\/uploads\/2020\/06\/pro-poso-2020-potpisivanje-ugovora-6.jpg 600w\" sizes=\"(max-width: 300px) 100vw, 300px\" \/><\/a> <a href=\"https:\/\/www.prijedordanas.com\/wp-content\/uploads\/2020\/06\/pro-poso-2020-potpisivanje-ugovora-7.jpg\"><img loading=\"lazy\" decoding=\"async\" src=\"https:\/\/www.prijedordanas.com\/wp-content\/uploads\/2020\/06\/pro-poso-2020-potpisivanje-ugovora-7-300x200.jpg\" alt=\"\" width=\"300\" height=\"200\" class=\"alignleft size-medium wp-image-149578\" srcset=\"https:\/\/www.prijedordanas.com\/wp-content\/uploads\/2020\/06\/pro-poso-2020-potpisivanje-ugovora-7-300x200.jpg 300w, https:\/\/www.prijedordanas.com\/wp-content\/uploads\/2020\/06\/pro-poso-2020-potpisivanje-ugovora-7-480x320.jpg 480w, https:\/\/www.prijedordanas.com\/wp-content\/uploads\/2020\/06\/pro-poso-2020-potpisivanje-ugovora-7.jpg 600w\" sizes=\"(max-width: 300px) 100vw, 300px\" \/><\/a> <a href=\"https:\/\/www.prijedordanas.com\/wp-content\/uploads\/2020\/06\/pro-poso-2020-potpisivanje-ugovora-8.jpg\"><img loading=\"lazy\" decoding=\"async\" src=\"https:\/\/www.prijedordanas.com\/wp-content\/uploads\/2020\/06\/pro-poso-2020-potpisivanje-ugovora-8-300x200.jpg\" alt=\"\" width=\"300\" height=\"200\" class=\"alignleft size-medium wp-image-149579\" srcset=\"https:\/\/www.prijedordanas.com\/wp-content\/uploads\/2020\/06\/pro-poso-2020-potpisivanje-ugovora-8-300x200.jpg 300w, https:\/\/www.prijedordanas.com\/wp-content\/uploads\/2020\/06\/pro-poso-2020-potpisivanje-ugovora-8-480x320.jpg 480w, https:\/\/www.prijedordanas.com\/wp-content\/uploads\/2020\/06\/pro-poso-2020-potpisivanje-ugovora-8.jpg 600w\" sizes=\"(max-width: 300px) 100vw, 300px\" \/><\/a><\/p>\n","protected":false},"excerpt":{"rendered":"<p>U Prijedoru je u okviru projekta &#8220;Pro poso&#8221; danas osam radnika potpisalo ugovore za prakti\u010dnu obuku kod pet poslodavaca. Ugovore sa odabranim poslodavcima i radnicima potpisali su gradona\u010delnik Prijedora Milenko [&hellip;]<\/p>\n","protected":false},"author":1,"featured_media":0,"comment_status":"closed","ping_status":"open","sticky":false,"template":"","format":"standard","meta":{"_monsterinsights_skip_tracking":false,"_monsterinsights_sitenote_active":false,"_monsterinsights_sitenote_note":"","_monsterinsights_sitenote_category":0,"footnotes":""},"categories":[4],"tags":[713,9211,5413,10417,2159],"yoast_head":"<!-- This site is optimized with the Yoast SEO plugin v21.6 - https:\/\/yoast.com\/wordpress\/plugins\/seo\/ -->\n<title>Prijedor: Potpisani ugovori za doobuku osam radnika kod pet poslodavaca - FOTO - PrijedorDanas.com - Prijedorski gradski portal<\/title>\n<meta name=\"robots\" content=\"index, follow, max-snippet:-1, max-image-preview:large, max-video-preview:-1\" \/>\n<link rel=\"canonical\" href=\"https:\/\/www.prijedordanas.com\/?p=149567\" \/>\n<meta property=\"og:locale\" content=\"en_US\" \/>\n<meta property=\"og:type\" content=\"article\" \/>\n<meta property=\"og:title\" content=\"Prijedor: Potpisani ugovori za doobuku osam radnika kod pet poslodavaca - FOTO - PrijedorDanas.com - Prijedorski gradski portal\" \/>\n<meta property=\"og:description\" content=\"U Prijedoru je u okviru projekta &#8220;Pro poso&#8221; danas osam radnika potpisalo ugovore za prakti\u010dnu obuku kod pet poslodavaca. Ugovore sa odabranim poslodavcima i radnicima potpisali su gradona\u010delnik Prijedora Milenko [&hellip;]\" \/>\n<meta property=\"og:url\" content=\"https:\/\/www.prijedordanas.com\/?p=149567\" \/>\n<meta property=\"og:site_name\" content=\"PrijedorDanas.com - Prijedorski gradski portal\" \/>\n<meta property=\"article:publisher\" content=\"https:\/\/www.facebook.com\/PrijedorDanasCom\/\" \/>\n<meta property=\"article:published_time\" content=\"2020-06-16T14:40:18+00:00\" \/>\n<meta property=\"og:image\" content=\"https:\/\/www.prijedordanas.com\/wp-content\/uploads\/2020\/06\/pro-poso-2020-potpisivanje-ugovora-1-300x222.jpg\" \/>\n<meta name=\"author\" content=\"admin\" \/>\n<meta name=\"twitter:card\" content=\"summary_large_image\" \/>\n<meta name=\"twitter:label1\" content=\"Written by\" \/>\n\t<meta name=\"twitter:data1\" content=\"admin\" \/>\n\t<meta name=\"twitter:label2\" content=\"Est. reading time\" \/>\n\t<meta name=\"twitter:data2\" content=\"2 minutes\" \/>\n<script type=\"application\/ld+json\" class=\"yoast-schema-graph\">{\"@context\":\"https:\/\/schema.org\",\"@graph\":[{\"@type\":\"Article\",\"@id\":\"https:\/\/www.prijedordanas.com\/?p=149567#article\",\"isPartOf\":{\"@id\":\"https:\/\/www.prijedordanas.com\/?p=149567\"},\"author\":{\"name\":\"admin\",\"@id\":\"https:\/\/www.prijedordanas.com\/#\/schema\/person\/4e08ccf29b506ca916ff86d46bb700e6\"},\"headline\":\"Prijedor: Potpisani ugovori za doobuku osam radnika kod pet poslodavaca &#8211; FOTO\",\"datePublished\":\"2020-06-16T14:40:18+00:00\",\"dateModified\":\"2020-06-16T14:40:18+00:00\",\"mainEntityOfPage\":{\"@id\":\"https:\/\/www.prijedordanas.com\/?p=149567\"},\"wordCount\":511,\"publisher\":{\"@id\":\"https:\/\/www.prijedordanas.com\/#organization\"},\"keywords\":[\"doobuka\",\"gradona\u010delnik Milenko \u0110akovi\u0107\",\"poslodavci\",\"PRO-POSO\",\"radnici\"],\"articleSection\":[\"Dru\u0161tvo\"],\"inLanguage\":\"en-US\"},{\"@type\":\"WebPage\",\"@id\":\"https:\/\/www.prijedordanas.com\/?p=149567\",\"url\":\"https:\/\/www.prijedordanas.com\/?p=149567\",\"name\":\"Prijedor: Potpisani ugovori za doobuku osam radnika kod pet poslodavaca - FOTO - PrijedorDanas.com - Prijedorski gradski portal\",\"isPartOf\":{\"@id\":\"https:\/\/www.prijedordanas.com\/#website\"},\"datePublished\":\"2020-06-16T14:40:18+00:00\",\"dateModified\":\"2020-06-16T14:40:18+00:00\",\"breadcrumb\":{\"@id\":\"https:\/\/www.prijedordanas.com\/?p=149567#breadcrumb\"},\"inLanguage\":\"en-US\",\"potentialAction\":[{\"@type\":\"ReadAction\",\"target\":[\"https:\/\/www.prijedordanas.com\/?p=149567\"]}]},{\"@type\":\"BreadcrumbList\",\"@id\":\"https:\/\/www.prijedordanas.com\/?p=149567#breadcrumb\",\"itemListElement\":[{\"@type\":\"ListItem\",\"position\":1,\"name\":\"Home\",\"item\":\"https:\/\/www.prijedordanas.com\/\"},{\"@type\":\"ListItem\",\"position\":2,\"name\":\"Prijedor: Potpisani ugovori za doobuku osam radnika kod pet poslodavaca &#8211; FOTO\"}]},{\"@type\":\"WebSite\",\"@id\":\"https:\/\/www.prijedordanas.com\/#website\",\"url\":\"https:\/\/www.prijedordanas.com\/\",\"name\":\"PrijedorDanas.com - Prijedorski gradski portal\",\"description\":\"Portal o doga\u0111anjima u gradu Prijedoru\",\"publisher\":{\"@id\":\"https:\/\/www.prijedordanas.com\/#organization\"},\"potentialAction\":[{\"@type\":\"SearchAction\",\"target\":{\"@type\":\"EntryPoint\",\"urlTemplate\":\"https:\/\/www.prijedordanas.com\/?s={search_term_string}\"},\"query-input\":\"required name=search_term_string\"}],\"inLanguage\":\"en-US\"},{\"@type\":\"Organization\",\"@id\":\"https:\/\/www.prijedordanas.com\/#organization\",\"name\":\"PrijedorDanas.com\",\"url\":\"https:\/\/www.prijedordanas.com\/\",\"logo\":{\"@type\":\"ImageObject\",\"inLanguage\":\"en-US\",\"@id\":\"https:\/\/www.prijedordanas.com\/#\/schema\/logo\/image\/\",\"url\":\"http:\/\/www.prijedordanas.com\/wp-content\/uploads\/2021\/12\/logopng.png\",\"contentUrl\":\"http:\/\/www.prijedordanas.com\/wp-content\/uploads\/2021\/12\/logopng.png\",\"width\":1019,\"height\":776,\"caption\":\"PrijedorDanas.com\"},\"image\":{\"@id\":\"https:\/\/www.prijedordanas.com\/#\/schema\/logo\/image\/\"},\"sameAs\":[\"https:\/\/www.facebook.com\/PrijedorDanasCom\/\"]},{\"@type\":\"Person\",\"@id\":\"https:\/\/www.prijedordanas.com\/#\/schema\/person\/4e08ccf29b506ca916ff86d46bb700e6\",\"name\":\"admin\",\"image\":{\"@type\":\"ImageObject\",\"inLanguage\":\"en-US\",\"@id\":\"https:\/\/www.prijedordanas.com\/#\/schema\/person\/image\/\",\"url\":\"https:\/\/secure.gravatar.com\/avatar\/1d3fc949d550f0b53a5f0d51e06dfd79?s=96&d=mm&r=g\",\"contentUrl\":\"https:\/\/secure.gravatar.com\/avatar\/1d3fc949d550f0b53a5f0d51e06dfd79?s=96&d=mm&r=g\",\"caption\":\"admin\"},\"url\":\"https:\/\/www.prijedordanas.com\/?author=1\"}]}<\/script>\n<!-- \/ Yoast SEO plugin. -->","yoast_head_json":{"title":"Prijedor: Potpisani ugovori za doobuku osam radnika kod pet poslodavaca - FOTO - PrijedorDanas.com - Prijedorski gradski portal","robots":{"index":"index","follow":"follow","max-snippet":"max-snippet:-1","max-image-preview":"max-image-preview:large","max-video-preview":"max-video-preview:-1"},"canonical":"https:\/\/www.prijedordanas.com\/?p=149567","og_locale":"en_US","og_type":"article","og_title":"Prijedor: Potpisani ugovori za doobuku osam radnika kod pet poslodavaca - FOTO - PrijedorDanas.com - Prijedorski gradski portal","og_description":"U Prijedoru je u okviru projekta &#8220;Pro poso&#8221; danas osam radnika potpisalo ugovore za prakti\u010dnu obuku kod pet poslodavaca. Ugovore sa odabranim poslodavcima i radnicima potpisali su gradona\u010delnik Prijedora Milenko [&hellip;]","og_url":"https:\/\/www.prijedordanas.com\/?p=149567","og_site_name":"PrijedorDanas.com - Prijedorski gradski portal","article_publisher":"https:\/\/www.facebook.com\/PrijedorDanasCom\/","article_published_time":"2020-06-16T14:40:18+00:00","og_image":[{"url":"https:\/\/www.prijedordanas.com\/wp-content\/uploads\/2020\/06\/pro-poso-2020-potpisivanje-ugovora-1-300x222.jpg"}],"author":"admin","twitter_card":"summary_large_image","twitter_misc":{"Written by":"admin","Est. reading time":"2 minutes"},"schema":{"@context":"https:\/\/schema.org","@graph":[{"@type":"Article","@id":"https:\/\/www.prijedordanas.com\/?p=149567#article","isPartOf":{"@id":"https:\/\/www.prijedordanas.com\/?p=149567"},"author":{"name":"admin","@id":"https:\/\/www.prijedordanas.com\/#\/schema\/person\/4e08ccf29b506ca916ff86d46bb700e6"},"headline":"Prijedor: Potpisani ugovori za doobuku osam radnika kod pet poslodavaca &#8211; FOTO","datePublished":"2020-06-16T14:40:18+00:00","dateModified":"2020-06-16T14:40:18+00:00","mainEntityOfPage":{"@id":"https:\/\/www.prijedordanas.com\/?p=149567"},"wordCount":511,"publisher":{"@id":"https:\/\/www.prijedordanas.com\/#organization"},"keywords":["doobuka","gradona\u010delnik Milenko \u0110akovi\u0107","poslodavci","PRO-POSO","radnici"],"articleSection":["Dru\u0161tvo"],"inLanguage":"en-US"},{"@type":"WebPage","@id":"https:\/\/www.prijedordanas.com\/?p=149567","url":"https:\/\/www.prijedordanas.com\/?p=149567","name":"Prijedor: Potpisani ugovori za doobuku osam radnika kod pet poslodavaca - FOTO - PrijedorDanas.com - Prijedorski gradski portal","isPartOf":{"@id":"https:\/\/www.prijedordanas.com\/#website"},"datePublished":"2020-06-16T14:40:18+00:00","dateModified":"2020-06-16T14:40:18+00:00","breadcrumb":{"@id":"https:\/\/www.prijedordanas.com\/?p=149567#breadcrumb"},"inLanguage":"en-US","potentialAction":[{"@type":"ReadAction","target":["https:\/\/www.prijedordanas.com\/?p=149567"]}]},{"@type":"BreadcrumbList","@id":"https:\/\/www.prijedordanas.com\/?p=149567#breadcrumb","itemListElement":[{"@type":"ListItem","position":1,"name":"Home","item":"https:\/\/www.prijedordanas.com\/"},{"@type":"ListItem","position":2,"name":"Prijedor: Potpisani ugovori za doobuku osam radnika kod pet poslodavaca &#8211; FOTO"}]},{"@type":"WebSite","@id":"https:\/\/www.prijedordanas.com\/#website","url":"https:\/\/www.prijedordanas.com\/","name":"PrijedorDanas.com - Prijedorski gradski portal","description":"Portal o doga\u0111anjima u gradu Prijedoru","publisher":{"@id":"https:\/\/www.prijedordanas.com\/#organization"},"potentialAction":[{"@type":"SearchAction","target":{"@type":"EntryPoint","urlTemplate":"https:\/\/www.prijedordanas.com\/?s={search_term_string}"},"query-input":"required name=search_term_string"}],"inLanguage":"en-US"},{"@type":"Organization","@id":"https:\/\/www.prijedordanas.com\/#organization","name":"PrijedorDanas.com","url":"https:\/\/www.prijedordanas.com\/","logo":{"@type":"ImageObject","inLanguage":"en-US","@id":"https:\/\/www.prijedordanas.com\/#\/schema\/logo\/image\/","url":"http:\/\/www.prijedordanas.com\/wp-content\/uploads\/2021\/12\/logopng.png","contentUrl":"http:\/\/www.prijedordanas.com\/wp-content\/uploads\/2021\/12\/logopng.png","width":1019,"height":776,"caption":"PrijedorDanas.com"},"image":{"@id":"https:\/\/www.prijedordanas.com\/#\/schema\/logo\/image\/"},"sameAs":["https:\/\/www.facebook.com\/PrijedorDanasCom\/"]},{"@type":"Person","@id":"https:\/\/www.prijedordanas.com\/#\/schema\/person\/4e08ccf29b506ca916ff86d46bb700e6","name":"admin","image":{"@type":"ImageObject","inLanguage":"en-US","@id":"https:\/\/www.prijedordanas.com\/#\/schema\/person\/image\/","url":"https:\/\/secure.gravatar.com\/avatar\/1d3fc949d550f0b53a5f0d51e06dfd79?s=96&d=mm&r=g","contentUrl":"https:\/\/secure.gravatar.com\/avatar\/1d3fc949d550f0b53a5f0d51e06dfd79?s=96&d=mm&r=g","caption":"admin"},"url":"https:\/\/www.prijedordanas.com\/?author=1"}]}},"_links":{"self":[{"href":"https:\/\/www.prijedordanas.com\/index.php?rest_route=\/wp\/v2\/posts\/149567"}],"collection":[{"href":"https:\/\/www.prijedordanas.com\/index.php?rest_route=\/wp\/v2\/posts"}],"about":[{"href":"https:\/\/www.prijedordanas.com\/index.php?rest_route=\/wp\/v2\/types\/post"}],"author":[{"embeddable":true,"href":"https:\/\/www.prijedordanas.com\/index.php?rest_route=\/wp\/v2\/users\/1"}],"replies":[{"embeddable":true,"href":"https:\/\/www.prijedordanas.com\/index.php?rest_route=%2Fwp%2Fv2%2Fcomments&post=149567"}],"version-history":[{"count":2,"href":"https:\/\/www.prijedordanas.com\/index.php?rest_route=\/wp\/v2\/posts\/149567\/revisions"}],"predecessor-version":[{"id":149580,"href":"https:\/\/www.prijedordanas.com\/index.php?rest_route=\/wp\/v2\/posts\/149567\/revisions\/149580"}],"wp:attachment":[{"href":"https:\/\/www.prijedordanas.com\/index.php?rest_route=%2Fwp%2Fv2%2Fmedia&parent=149567"}],"wp:term":[{"taxonomy":"category","embeddable":true,"href":"https:\/\/www.prijedordanas.com\/index.php?rest_route=%2Fwp%2Fv2%2Fcategories&post=149567"},{"taxonomy":"post_tag","embeddable":true,"href":"https:\/\/www.prijedordanas.com\/index.php?rest_route=%2Fwp%2Fv2%2Ftags&post=149567"}],"curies":[{"name":"wp","href":"https:\/\/api.w.org\/{rel}","templated":true}]}}