{"id":149422,"date":"2020-06-12T22:57:36","date_gmt":"2020-06-12T20:57:36","guid":{"rendered":"https:\/\/www.prijedordanas.com\/?p=149422"},"modified":"2020-06-12T22:57:36","modified_gmt":"2020-06-12T20:57:36","slug":"na-covid-odjeljenju-prijedorske-bolnice-smjesteno-13-lica-zarazenih-korona-virusom-zakljucci-staba-za-vanredne-situacije-za-12-juni","status":"publish","type":"post","link":"https:\/\/www.prijedordanas.com\/?p=149422","title":{"rendered":"Na COVID odjeljenju prijedorske bolnice smje\u0161teno 13 lica zara\u017eenih korona virusom: Zaklju\u010dci \u0160taba za vanredne situacije za 12. juni"},"content":{"rendered":"<p><a href=\"https:\/\/www.prijedordanas.com\/wp-content\/uploads\/2020\/06\/stab-12juni-4.jpg\"><img loading=\"lazy\" decoding=\"async\" src=\"https:\/\/www.prijedordanas.com\/wp-content\/uploads\/2020\/06\/stab-12juni-4-300x222.jpg\" alt=\"\" width=\"300\" height=\"222\" class=\"alignleft size-medium wp-image-149423\" srcset=\"https:\/\/www.prijedordanas.com\/wp-content\/uploads\/2020\/06\/stab-12juni-4-300x222.jpg 300w, https:\/\/www.prijedordanas.com\/wp-content\/uploads\/2020\/06\/stab-12juni-4.jpg 675w\" sizes=\"(max-width: 300px) 100vw, 300px\" \/><\/a>GRADSKI \u0160TAB ZA VANREDNE SITUACIJE<\/p>\n<p>Na osnovu \u010dlana 39. stav 3. i \u010dlana 40. stav b., Zakona o za\u0161titi i spasavanju u vanrednim situacijama (&#8220;Slu\u017ebeni glasnik Republike Srpske&#8221;, broj: 121\/12) i \u010dlana 12. stav 3., Odluke o organizovanju i funkcionisanju civilne za\u0161tite u oblasti za\u0161tite i spasavanja Grada Prijedora (&#8220;Slu\u017ebeni glasnik Grada Prijedora&#8221;, broj: 7\/13), na sjednici odr\u017eanoj dana 12.06.2020. godine Gradski \u0161tab za vanredne situacije Grada Prijedora, donosi slijede\u0107e:<\/p>\n<p>ZAKLJU\u010cKE<\/p>\n<p>Gradski \u0161tab za vanredne situacije konstatuje:<br \/>\n<a href=\"https:\/\/www.prijedordanas.com\/wp-content\/uploads\/2020\/06\/stab-12juni-8.jpg\"><img loading=\"lazy\" decoding=\"async\" src=\"https:\/\/www.prijedordanas.com\/wp-content\/uploads\/2020\/06\/stab-12juni-8-300x200.jpg\" alt=\"\" width=\"300\" height=\"200\" class=\"alignleft size-medium wp-image-149424\" srcset=\"https:\/\/www.prijedordanas.com\/wp-content\/uploads\/2020\/06\/stab-12juni-8-300x200.jpg 300w, https:\/\/www.prijedordanas.com\/wp-content\/uploads\/2020\/06\/stab-12juni-8-480x320.jpg 480w, https:\/\/www.prijedordanas.com\/wp-content\/uploads\/2020\/06\/stab-12juni-8.jpg 600w\" sizes=\"(max-width: 300px) 100vw, 300px\" \/><\/a>1. Na podru\u010dju grada Prijedora u posljednja 24 sata registrovan je jo\u0161 jedan slu\u010daj sa pozitivnim testom na novi virus korona. Trenutno je 10 lica sa pozitivnim testom na virus korona. Do sada su se 44 lica oporavila od oboljenja uzrokovanog virusom korona, a 12 lica je preminulo. Pod zdravstvenim nadzorom &#8211; u ku\u0107noj izolaciji je 38 lica. Zdravstveni nadzor je prestao za 1920 lica.<br \/>\nU JZU Bolnicu &#8220;Dr Mladen Stojanovi\u0107&#8221; Prijedor &#8211; COVID odjeljenje radi lije\u010denja smje\u0161teno je 13 lica sa utvr\u0111enim oboljenjem od novog virusa korona, od kojih su 3 lica iz Prijedora, 8 lica iz Kostajnice i po jedno lice iz Novog Grada i Kozarske Dubice.<br \/>\n2. Gradski \u0161tab za vanredne situacije je u dosada\u0161njem radu blagovremeno i potpuno informisao javnost o stanju i broju oboljelih lica uz po\u0161tivanje obaveze za\u0161tite privatnosti oboljelih lica koja je utvr\u0111ena Zakonom, kao i sprovedenim mjerama za\u0161tite i mjerama za spre\u010davanje pojave i \u0161irenja novog virusa korona.<br \/>\n3. \u0160tab \u0107e i dalje aktivno pratiti razvoj situacije u vezi sa pojavom i \u0161irenjem korona virusa i u skladu sa razvojem doga\u0111aja blagovremeno donositi zaklju\u010dke i usmjeravati rad nadle\u017enih slu\u017ebi.<\/p>\n<p>Naredbe, zadu\u017eenja i preporuke<br \/>\n1. Obavezuju se kontrolni i nadzorni organi na podru\u010dju grada Prijedora da vr\u0161e poja\u010dane kontrole rada ugostiteljskih objekata u vezi sa po\u0161tivanjem radnog vremena i drugih mjera nalo\u017eenih od strane Republi\u010dkog \u0161taba za vanredne situacije, kao i obaveznog sprovo\u0111enja mjera propisanih u Uputstvu JZU &#8221; Institut za javno zdravstvo Republike Srpske&#8221; za spre\u010davanje pojave i \u0161irenja virusa korona na radnom mjestu.<\/p>\n<p>Za realizaciju ovih zaklju\u010daka zadu\u017euju se organi i slu\u017ebe Gradske uprave Prijedor, privredna dru\u0161tva, javne ustanove i institucije na podru\u010dju grada Prijedora.<\/p>\n<p>Broj: 02-sl-62\/20<br \/>\nDatum: 12.06.2020. godine<\/p>\n<p>KOMANDANT<br \/>\nMilenko \u0110akovi\u0107<\/p>\n","protected":false},"excerpt":{"rendered":"<p>GRADSKI \u0160TAB ZA VANREDNE SITUACIJE Na osnovu \u010dlana 39. stav 3. i \u010dlana 40. stav b., Zakona o za\u0161titi i spasavanju u vanrednim situacijama (&#8220;Slu\u017ebeni glasnik Republike Srpske&#8221;, broj: 121\/12) [&hellip;]<\/p>\n","protected":false},"author":1,"featured_media":0,"comment_status":"closed","ping_status":"open","sticky":false,"template":"","format":"standard","meta":{"_monsterinsights_skip_tracking":false,"_monsterinsights_sitenote_active":false,"_monsterinsights_sitenote_note":"","_monsterinsights_sitenote_category":0,"footnotes":""},"categories":[4],"tags":[11081,11120],"yoast_head":"<!-- This site is optimized with the Yoast SEO plugin v21.6 - https:\/\/yoast.com\/wordpress\/plugins\/seo\/ -->\n<title>Na COVID odjeljenju prijedorske bolnice smje\u0161teno 13 lica zara\u017eenih korona virusom: Zaklju\u010dci \u0160taba za vanredne situacije za 12. juni - PrijedorDanas.com - Prijedorski gradski portal<\/title>\n<meta name=\"robots\" content=\"index, follow, max-snippet:-1, max-image-preview:large, max-video-preview:-1\" \/>\n<link rel=\"canonical\" href=\"https:\/\/www.prijedordanas.com\/?p=149422\" \/>\n<meta property=\"og:locale\" content=\"en_US\" \/>\n<meta property=\"og:type\" content=\"article\" \/>\n<meta property=\"og:title\" content=\"Na COVID odjeljenju prijedorske bolnice smje\u0161teno 13 lica zara\u017eenih korona virusom: Zaklju\u010dci \u0160taba za vanredne situacije za 12. juni - PrijedorDanas.com - Prijedorski gradski portal\" \/>\n<meta property=\"og:description\" content=\"GRADSKI \u0160TAB ZA VANREDNE SITUACIJE Na osnovu \u010dlana 39. stav 3. i \u010dlana 40. stav b., Zakona o za\u0161titi i spasavanju u vanrednim situacijama (&#8220;Slu\u017ebeni glasnik Republike Srpske&#8221;, broj: 121\/12) [&hellip;]\" \/>\n<meta property=\"og:url\" content=\"https:\/\/www.prijedordanas.com\/?p=149422\" \/>\n<meta property=\"og:site_name\" content=\"PrijedorDanas.com - Prijedorski gradski portal\" \/>\n<meta property=\"article:publisher\" content=\"https:\/\/www.facebook.com\/PrijedorDanasCom\/\" \/>\n<meta property=\"article:published_time\" content=\"2020-06-12T20:57:36+00:00\" \/>\n<meta property=\"og:image\" content=\"https:\/\/www.prijedordanas.com\/wp-content\/uploads\/2020\/06\/stab-12juni-4-300x222.jpg\" \/>\n<meta name=\"author\" content=\"admin\" \/>\n<meta name=\"twitter:card\" content=\"summary_large_image\" \/>\n<meta name=\"twitter:label1\" content=\"Written by\" \/>\n\t<meta name=\"twitter:data1\" content=\"admin\" \/>\n\t<meta name=\"twitter:label2\" content=\"Est. reading time\" \/>\n\t<meta name=\"twitter:data2\" content=\"2 minutes\" \/>\n<script type=\"application\/ld+json\" class=\"yoast-schema-graph\">{\"@context\":\"https:\/\/schema.org\",\"@graph\":[{\"@type\":\"Article\",\"@id\":\"https:\/\/www.prijedordanas.com\/?p=149422#article\",\"isPartOf\":{\"@id\":\"https:\/\/www.prijedordanas.com\/?p=149422\"},\"author\":{\"name\":\"admin\",\"@id\":\"https:\/\/www.prijedordanas.com\/#\/schema\/person\/4e08ccf29b506ca916ff86d46bb700e6\"},\"headline\":\"Na COVID odjeljenju prijedorske bolnice smje\u0161teno 13 lica zara\u017eenih korona virusom: Zaklju\u010dci \u0160taba za vanredne situacije za 12. juni\",\"datePublished\":\"2020-06-12T20:57:36+00:00\",\"dateModified\":\"2020-06-12T20:57:36+00:00\",\"mainEntityOfPage\":{\"@id\":\"https:\/\/www.prijedordanas.com\/?p=149422\"},\"wordCount\":394,\"publisher\":{\"@id\":\"https:\/\/www.prijedordanas.com\/#organization\"},\"keywords\":[\"korona\",\"\u0160tab za vanredne situacije grada Prijedora\"],\"articleSection\":[\"Dru\u0161tvo\"],\"inLanguage\":\"en-US\"},{\"@type\":\"WebPage\",\"@id\":\"https:\/\/www.prijedordanas.com\/?p=149422\",\"url\":\"https:\/\/www.prijedordanas.com\/?p=149422\",\"name\":\"Na COVID odjeljenju prijedorske bolnice smje\u0161teno 13 lica zara\u017eenih korona virusom: Zaklju\u010dci \u0160taba za vanredne situacije za 12. juni - PrijedorDanas.com - Prijedorski gradski portal\",\"isPartOf\":{\"@id\":\"https:\/\/www.prijedordanas.com\/#website\"},\"datePublished\":\"2020-06-12T20:57:36+00:00\",\"dateModified\":\"2020-06-12T20:57:36+00:00\",\"breadcrumb\":{\"@id\":\"https:\/\/www.prijedordanas.com\/?p=149422#breadcrumb\"},\"inLanguage\":\"en-US\",\"potentialAction\":[{\"@type\":\"ReadAction\",\"target\":[\"https:\/\/www.prijedordanas.com\/?p=149422\"]}]},{\"@type\":\"BreadcrumbList\",\"@id\":\"https:\/\/www.prijedordanas.com\/?p=149422#breadcrumb\",\"itemListElement\":[{\"@type\":\"ListItem\",\"position\":1,\"name\":\"Home\",\"item\":\"https:\/\/www.prijedordanas.com\/\"},{\"@type\":\"ListItem\",\"position\":2,\"name\":\"Na COVID odjeljenju prijedorske bolnice smje\u0161teno 13 lica zara\u017eenih korona virusom: Zaklju\u010dci \u0160taba za vanredne situacije za 12. juni\"}]},{\"@type\":\"WebSite\",\"@id\":\"https:\/\/www.prijedordanas.com\/#website\",\"url\":\"https:\/\/www.prijedordanas.com\/\",\"name\":\"PrijedorDanas.com - Prijedorski gradski portal\",\"description\":\"Portal o doga\u0111anjima u gradu Prijedoru\",\"publisher\":{\"@id\":\"https:\/\/www.prijedordanas.com\/#organization\"},\"potentialAction\":[{\"@type\":\"SearchAction\",\"target\":{\"@type\":\"EntryPoint\",\"urlTemplate\":\"https:\/\/www.prijedordanas.com\/?s={search_term_string}\"},\"query-input\":\"required name=search_term_string\"}],\"inLanguage\":\"en-US\"},{\"@type\":\"Organization\",\"@id\":\"https:\/\/www.prijedordanas.com\/#organization\",\"name\":\"PrijedorDanas.com\",\"url\":\"https:\/\/www.prijedordanas.com\/\",\"logo\":{\"@type\":\"ImageObject\",\"inLanguage\":\"en-US\",\"@id\":\"https:\/\/www.prijedordanas.com\/#\/schema\/logo\/image\/\",\"url\":\"http:\/\/www.prijedordanas.com\/wp-content\/uploads\/2021\/12\/logopng.png\",\"contentUrl\":\"http:\/\/www.prijedordanas.com\/wp-content\/uploads\/2021\/12\/logopng.png\",\"width\":1019,\"height\":776,\"caption\":\"PrijedorDanas.com\"},\"image\":{\"@id\":\"https:\/\/www.prijedordanas.com\/#\/schema\/logo\/image\/\"},\"sameAs\":[\"https:\/\/www.facebook.com\/PrijedorDanasCom\/\"]},{\"@type\":\"Person\",\"@id\":\"https:\/\/www.prijedordanas.com\/#\/schema\/person\/4e08ccf29b506ca916ff86d46bb700e6\",\"name\":\"admin\",\"image\":{\"@type\":\"ImageObject\",\"inLanguage\":\"en-US\",\"@id\":\"https:\/\/www.prijedordanas.com\/#\/schema\/person\/image\/\",\"url\":\"https:\/\/secure.gravatar.com\/avatar\/1d3fc949d550f0b53a5f0d51e06dfd79?s=96&d=mm&r=g\",\"contentUrl\":\"https:\/\/secure.gravatar.com\/avatar\/1d3fc949d550f0b53a5f0d51e06dfd79?s=96&d=mm&r=g\",\"caption\":\"admin\"},\"url\":\"https:\/\/www.prijedordanas.com\/?author=1\"}]}<\/script>\n<!-- \/ Yoast SEO plugin. -->","yoast_head_json":{"title":"Na COVID odjeljenju prijedorske bolnice smje\u0161teno 13 lica zara\u017eenih korona virusom: Zaklju\u010dci \u0160taba za vanredne situacije za 12. juni - PrijedorDanas.com - Prijedorski gradski portal","robots":{"index":"index","follow":"follow","max-snippet":"max-snippet:-1","max-image-preview":"max-image-preview:large","max-video-preview":"max-video-preview:-1"},"canonical":"https:\/\/www.prijedordanas.com\/?p=149422","og_locale":"en_US","og_type":"article","og_title":"Na COVID odjeljenju prijedorske bolnice smje\u0161teno 13 lica zara\u017eenih korona virusom: Zaklju\u010dci \u0160taba za vanredne situacije za 12. juni - PrijedorDanas.com - Prijedorski gradski portal","og_description":"GRADSKI \u0160TAB ZA VANREDNE SITUACIJE Na osnovu \u010dlana 39. stav 3. i \u010dlana 40. stav b., Zakona o za\u0161titi i spasavanju u vanrednim situacijama (&#8220;Slu\u017ebeni glasnik Republike Srpske&#8221;, broj: 121\/12) [&hellip;]","og_url":"https:\/\/www.prijedordanas.com\/?p=149422","og_site_name":"PrijedorDanas.com - Prijedorski gradski portal","article_publisher":"https:\/\/www.facebook.com\/PrijedorDanasCom\/","article_published_time":"2020-06-12T20:57:36+00:00","og_image":[{"url":"https:\/\/www.prijedordanas.com\/wp-content\/uploads\/2020\/06\/stab-12juni-4-300x222.jpg"}],"author":"admin","twitter_card":"summary_large_image","twitter_misc":{"Written by":"admin","Est. reading time":"2 minutes"},"schema":{"@context":"https:\/\/schema.org","@graph":[{"@type":"Article","@id":"https:\/\/www.prijedordanas.com\/?p=149422#article","isPartOf":{"@id":"https:\/\/www.prijedordanas.com\/?p=149422"},"author":{"name":"admin","@id":"https:\/\/www.prijedordanas.com\/#\/schema\/person\/4e08ccf29b506ca916ff86d46bb700e6"},"headline":"Na COVID odjeljenju prijedorske bolnice smje\u0161teno 13 lica zara\u017eenih korona virusom: Zaklju\u010dci \u0160taba za vanredne situacije za 12. juni","datePublished":"2020-06-12T20:57:36+00:00","dateModified":"2020-06-12T20:57:36+00:00","mainEntityOfPage":{"@id":"https:\/\/www.prijedordanas.com\/?p=149422"},"wordCount":394,"publisher":{"@id":"https:\/\/www.prijedordanas.com\/#organization"},"keywords":["korona","\u0160tab za vanredne situacije grada Prijedora"],"articleSection":["Dru\u0161tvo"],"inLanguage":"en-US"},{"@type":"WebPage","@id":"https:\/\/www.prijedordanas.com\/?p=149422","url":"https:\/\/www.prijedordanas.com\/?p=149422","name":"Na COVID odjeljenju prijedorske bolnice smje\u0161teno 13 lica zara\u017eenih korona virusom: Zaklju\u010dci \u0160taba za vanredne situacije za 12. juni - PrijedorDanas.com - Prijedorski gradski portal","isPartOf":{"@id":"https:\/\/www.prijedordanas.com\/#website"},"datePublished":"2020-06-12T20:57:36+00:00","dateModified":"2020-06-12T20:57:36+00:00","breadcrumb":{"@id":"https:\/\/www.prijedordanas.com\/?p=149422#breadcrumb"},"inLanguage":"en-US","potentialAction":[{"@type":"ReadAction","target":["https:\/\/www.prijedordanas.com\/?p=149422"]}]},{"@type":"BreadcrumbList","@id":"https:\/\/www.prijedordanas.com\/?p=149422#breadcrumb","itemListElement":[{"@type":"ListItem","position":1,"name":"Home","item":"https:\/\/www.prijedordanas.com\/"},{"@type":"ListItem","position":2,"name":"Na COVID odjeljenju prijedorske bolnice smje\u0161teno 13 lica zara\u017eenih korona virusom: Zaklju\u010dci \u0160taba za vanredne situacije za 12. juni"}]},{"@type":"WebSite","@id":"https:\/\/www.prijedordanas.com\/#website","url":"https:\/\/www.prijedordanas.com\/","name":"PrijedorDanas.com - Prijedorski gradski portal","description":"Portal o doga\u0111anjima u gradu Prijedoru","publisher":{"@id":"https:\/\/www.prijedordanas.com\/#organization"},"potentialAction":[{"@type":"SearchAction","target":{"@type":"EntryPoint","urlTemplate":"https:\/\/www.prijedordanas.com\/?s={search_term_string}"},"query-input":"required name=search_term_string"}],"inLanguage":"en-US"},{"@type":"Organization","@id":"https:\/\/www.prijedordanas.com\/#organization","name":"PrijedorDanas.com","url":"https:\/\/www.prijedordanas.com\/","logo":{"@type":"ImageObject","inLanguage":"en-US","@id":"https:\/\/www.prijedordanas.com\/#\/schema\/logo\/image\/","url":"http:\/\/www.prijedordanas.com\/wp-content\/uploads\/2021\/12\/logopng.png","contentUrl":"http:\/\/www.prijedordanas.com\/wp-content\/uploads\/2021\/12\/logopng.png","width":1019,"height":776,"caption":"PrijedorDanas.com"},"image":{"@id":"https:\/\/www.prijedordanas.com\/#\/schema\/logo\/image\/"},"sameAs":["https:\/\/www.facebook.com\/PrijedorDanasCom\/"]},{"@type":"Person","@id":"https:\/\/www.prijedordanas.com\/#\/schema\/person\/4e08ccf29b506ca916ff86d46bb700e6","name":"admin","image":{"@type":"ImageObject","inLanguage":"en-US","@id":"https:\/\/www.prijedordanas.com\/#\/schema\/person\/image\/","url":"https:\/\/secure.gravatar.com\/avatar\/1d3fc949d550f0b53a5f0d51e06dfd79?s=96&d=mm&r=g","contentUrl":"https:\/\/secure.gravatar.com\/avatar\/1d3fc949d550f0b53a5f0d51e06dfd79?s=96&d=mm&r=g","caption":"admin"},"url":"https:\/\/www.prijedordanas.com\/?author=1"}]}},"_links":{"self":[{"href":"https:\/\/www.prijedordanas.com\/index.php?rest_route=\/wp\/v2\/posts\/149422"}],"collection":[{"href":"https:\/\/www.prijedordanas.com\/index.php?rest_route=\/wp\/v2\/posts"}],"about":[{"href":"https:\/\/www.prijedordanas.com\/index.php?rest_route=\/wp\/v2\/types\/post"}],"author":[{"embeddable":true,"href":"https:\/\/www.prijedordanas.com\/index.php?rest_route=\/wp\/v2\/users\/1"}],"replies":[{"embeddable":true,"href":"https:\/\/www.prijedordanas.com\/index.php?rest_route=%2Fwp%2Fv2%2Fcomments&post=149422"}],"version-history":[{"count":1,"href":"https:\/\/www.prijedordanas.com\/index.php?rest_route=\/wp\/v2\/posts\/149422\/revisions"}],"predecessor-version":[{"id":149425,"href":"https:\/\/www.prijedordanas.com\/index.php?rest_route=\/wp\/v2\/posts\/149422\/revisions\/149425"}],"wp:attachment":[{"href":"https:\/\/www.prijedordanas.com\/index.php?rest_route=%2Fwp%2Fv2%2Fmedia&parent=149422"}],"wp:term":[{"taxonomy":"category","embeddable":true,"href":"https:\/\/www.prijedordanas.com\/index.php?rest_route=%2Fwp%2Fv2%2Fcategories&post=149422"},{"taxonomy":"post_tag","embeddable":true,"href":"https:\/\/www.prijedordanas.com\/index.php?rest_route=%2Fwp%2Fv2%2Ftags&post=149422"}],"curies":[{"name":"wp","href":"https:\/\/api.w.org\/{rel}","templated":true}]}}