{"id":149349,"date":"2020-06-11T17:09:54","date_gmt":"2020-06-11T15:09:54","guid":{"rendered":"https:\/\/www.prijedordanas.com\/?p=149349"},"modified":"2020-06-11T17:09:54","modified_gmt":"2020-06-11T15:09:54","slug":"povecan-broj-saobracajnih-nesreca-17-mrtvih-za-mjesec-dana-na-cestama-u-bih","status":"publish","type":"post","link":"https:\/\/www.prijedordanas.com\/?p=149349","title":{"rendered":"Pove\u0107an broj saobra\u0107ajnih nesre\u0107a: 17 mrtvih za mjesec dana na cestama u BiH"},"content":{"rendered":"<p><a href=\"https:\/\/www.prijedordanas.com\/wp-content\/uploads\/2020\/06\/avaz-saobracajka.jpg\"><img loading=\"lazy\" decoding=\"async\" class=\"alignleft size-medium wp-image-149351\" src=\"https:\/\/www.prijedordanas.com\/wp-content\/uploads\/2020\/06\/avaz-saobracajka-300x217.jpg\" alt=\"\" width=\"300\" height=\"217\" srcset=\"https:\/\/www.prijedordanas.com\/wp-content\/uploads\/2020\/06\/avaz-saobracajka-300x217.jpg 300w, https:\/\/www.prijedordanas.com\/wp-content\/uploads\/2020\/06\/avaz-saobracajka.jpg 690w\" sizes=\"(max-width: 300px) 100vw, 300px\" \/><\/a>Samo u posljednjih 30 dana 17 osoba je smrtno stradalo u saobra\u0107ajnim nesre\u0107ama na cestama u Bosni i Hercegovini.<\/p>\n<p>Smanjeno kretanje<\/p>\n<p>Veliki broj nesre\u0107a s ovako te\u0161kim posljedicama uslijedio je nakon \u0161to su ukinute mjere ograni\u010denja kretanja zbog pandemije koronavirusa.<\/p>\n<p>Iz Sektora za sigurnost prometa BIHAMK-a upozoravaju na pove\u0107an broj saobra\u0107ajnih nesre\u0107a, kako u posljednje vrijeme, tako i za mart i april, kada su vladale mjere ograni\u010denja kretanja.<\/p>\n<p><a href=\"https:\/\/www.prijedordanas.com\/wp-content\/uploads\/2020\/06\/saobracajka-lasva.jpg\"><img loading=\"lazy\" decoding=\"async\" class=\"alignleft size-medium wp-image-149350\" src=\"https:\/\/www.prijedordanas.com\/wp-content\/uploads\/2020\/06\/saobracajka-lasva-300x218.jpg\" alt=\"\" width=\"300\" height=\"218\" srcset=\"https:\/\/www.prijedordanas.com\/wp-content\/uploads\/2020\/06\/saobracajka-lasva-300x218.jpg 300w, https:\/\/www.prijedordanas.com\/wp-content\/uploads\/2020\/06\/saobracajka-lasva.jpg 689w\" sizes=\"(max-width: 300px) 100vw, 300px\" \/><\/a>Iznijeli su podatak da se u martu i aprilu dogodila 3.531 psaobra\u0107ajna nesre\u0107a \u0161to je u odnosu na isti period 2019. godine smanjenje od 1.831 saobra\u0107ajne nesre\u0107e, odnosno 33,4 posto.<\/p>\n<p>Maja Domazet-\u010cupovi\u0107 iz BIHAMK-a navela je da je tokom progla\u0161enja stanja nesre\u0107e na cestama u BiH poginulo 29 osoba, dok je u istom razdoblju 2019. godine smrtno stradalo 47 osoba, \u0161to je smanjenje za 38,3 posto.<\/p>\n<p>U tom periodu cestovni promet bio je mnogo slabiji te je zbog toga broj poginulih u odnosu na prosje\u010dni dnevni saobra\u0107aj zna\u010dajno ve\u0107i nego pro\u0161le godine.<\/p>\n<p><a href=\"https:\/\/www.prijedordanas.com\/wp-content\/uploads\/2020\/05\/saobracajka-traktor-maslovare-1.jpg\"><img loading=\"lazy\" decoding=\"async\" src=\"https:\/\/www.prijedordanas.com\/wp-content\/uploads\/2020\/05\/saobracajka-traktor-maslovare-1-300x222.jpg\" alt=\"\" width=\"300\" height=\"222\" class=\"alignleft size-medium wp-image-148335\" srcset=\"https:\/\/www.prijedordanas.com\/wp-content\/uploads\/2020\/05\/saobracajka-traktor-maslovare-1-300x222.jpg 300w, https:\/\/www.prijedordanas.com\/wp-content\/uploads\/2020\/05\/saobracajka-traktor-maslovare-1.jpg 675w\" sizes=\"(max-width: 300px) 100vw, 300px\" \/><\/a>Naj\u010de\u0161\u0107i uzroci<\/p>\n<p>&#8211; Na osnovu medijskih izvje\u0161taja nakon prestanka progla\u0161enja stanja nesre\u0107e u BiH, primijetili smo da je do\u0161lo do zna\u010dajnog pove\u0107anja broja poginulih osoba u saobra\u0107ajnim nesre\u0107ama te apeliramo na voza\u010de da voze oprezno i po\u0161tuju saobra\u0107ajna pravila i propise &#8211; istakla je Domazet-\u010cupovi\u0107.<\/p>\n<p>Naj\u010de\u0161\u0107i uzrok nesre\u0107a je brzina, zatim vo\u017enja pod utjecajem alkohola te nepo\u0161tivanje saobra\u0107ajnih propisa.<\/p>\n<p>Smrt na motociklu<\/p>\n<p>U mjestu Me\u0111uvo\u0111e, na magistralnom putu Prijedor &#8211; Kozarska Dubica, u subotu u 21.55 sati desila se te\u0161ka saobra\u0107ajna nesre\u0107a u kojoj je poginuo motociklista. Do\u0161lo je do sudara motocikla Honda, kojim je upravljao nastradali S.M., i Golfa 2, koji je vozio B. A. iz Kozarske Dubice. Policija je obavila uvi\u0111aj.<\/p>\n<p>Nastradali u posljednjih 30 dana<br \/>\n&#8211; U Prijedoru 6. juna motociklista S. M. poginuo u sudaru.<\/p>\n<p>&#8211; Motociklista Jovica Laziki\u0107 podlegao povredama 6. juna.<\/p>\n<p>&#8211; Kod Lukavca 3. juna u Citroenu poginuli Drago Timarac, B. Sevli\u0107 i M. Selvi\u0107, svi iz Prijedora.<\/p>\n<p>&#8211; Kod Busova\u010de 4. juna u nastradao Admin M. iz Visokog.<\/p>\n<p>&#8211; U Kiseljaku 2. juna u Golfu stradao Adem Junuzovi\u0107 iz Kazagi\u0107a.<\/p>\n<p>&#8211; Rakitnom kod Posu\u0161ja 1. juna poginuo Ivan P. za volanom Golfa.<\/p>\n<p>&#8211; Kod Novog Grada 30. maja smrtno stradao dje\u010dak u prevrtanju traktora.<\/p>\n<p>&#8211; U sudaru 26. maja kod Srebrenika poginuli Edin Fazli\u0107 i Ade Buljuba\u0161i\u0107.<\/p>\n<p>&#8211; U Sarajevu 26. maja poginuo H. H., voza\u010d Renaulta.<\/p>\n<p>&#8211; Kod Kne\u017eeva 25. maja smrtno stradao D. M., voza\u010d Opel Vectre.<\/p>\n<p>&#8211; U Bijeljini 23. maja u slijetanju vozila smrtno stradala Z. B., koja je vozila \u0160kodu Fabiju.<\/p>\n<p>&#8211; U Grada\u010dcu 18. maja poginuo M. S., koji je upravljao Golfom.<\/p>\n<p>&#8211; Kod Ljubu\u0161kog 13. maja u Golfu nastradao Kristian Bebi\u0107 iz Graba.<\/p>\n<p>&#8211; Kod Lakta\u0161a 11. maja u prevrtanju traktora nastradao Miodrag Crnadak.<\/p>\n","protected":false},"excerpt":{"rendered":"<p>Samo u posljednjih 30 dana 17 osoba je smrtno stradalo u saobra\u0107ajnim nesre\u0107ama na cestama u Bosni i Hercegovini. Smanjeno kretanje Veliki broj nesre\u0107a s ovako te\u0161kim posljedicama uslijedio je [&hellip;]<\/p>\n","protected":false},"author":1,"featured_media":0,"comment_status":"closed","ping_status":"open","sticky":false,"template":"","format":"standard","meta":{"_monsterinsights_skip_tracking":false,"_monsterinsights_sitenote_active":false,"_monsterinsights_sitenote_note":"","_monsterinsights_sitenote_category":0,"footnotes":""},"categories":[5],"tags":[3137],"yoast_head":"<!-- This site is optimized with the Yoast SEO plugin v21.6 - https:\/\/yoast.com\/wordpress\/plugins\/seo\/ -->\n<title>Pove\u0107an broj saobra\u0107ajnih nesre\u0107a: 17 mrtvih za mjesec dana na cestama u BiH - PrijedorDanas.com - Prijedorski gradski portal<\/title>\n<meta name=\"robots\" content=\"index, follow, max-snippet:-1, max-image-preview:large, max-video-preview:-1\" \/>\n<link rel=\"canonical\" href=\"https:\/\/www.prijedordanas.com\/?p=149349\" \/>\n<meta property=\"og:locale\" content=\"en_US\" \/>\n<meta property=\"og:type\" content=\"article\" \/>\n<meta property=\"og:title\" content=\"Pove\u0107an broj saobra\u0107ajnih nesre\u0107a: 17 mrtvih za mjesec dana na cestama u BiH - PrijedorDanas.com - Prijedorski gradski portal\" \/>\n<meta property=\"og:description\" content=\"Samo u posljednjih 30 dana 17 osoba je smrtno stradalo u saobra\u0107ajnim nesre\u0107ama na cestama u Bosni i Hercegovini. Smanjeno kretanje Veliki broj nesre\u0107a s ovako te\u0161kim posljedicama uslijedio je [&hellip;]\" \/>\n<meta property=\"og:url\" content=\"https:\/\/www.prijedordanas.com\/?p=149349\" \/>\n<meta property=\"og:site_name\" content=\"PrijedorDanas.com - Prijedorski gradski portal\" \/>\n<meta property=\"article:publisher\" content=\"https:\/\/www.facebook.com\/PrijedorDanasCom\/\" \/>\n<meta property=\"article:published_time\" content=\"2020-06-11T15:09:54+00:00\" \/>\n<meta property=\"og:image\" content=\"https:\/\/www.prijedordanas.com\/wp-content\/uploads\/2020\/06\/avaz-saobracajka-300x217.jpg\" \/>\n<meta name=\"author\" content=\"admin\" \/>\n<meta name=\"twitter:card\" content=\"summary_large_image\" \/>\n<meta name=\"twitter:label1\" content=\"Written by\" \/>\n\t<meta name=\"twitter:data1\" content=\"admin\" \/>\n\t<meta name=\"twitter:label2\" content=\"Est. reading time\" \/>\n\t<meta name=\"twitter:data2\" content=\"2 minutes\" \/>\n<script type=\"application\/ld+json\" class=\"yoast-schema-graph\">{\"@context\":\"https:\/\/schema.org\",\"@graph\":[{\"@type\":\"Article\",\"@id\":\"https:\/\/www.prijedordanas.com\/?p=149349#article\",\"isPartOf\":{\"@id\":\"https:\/\/www.prijedordanas.com\/?p=149349\"},\"author\":{\"name\":\"admin\",\"@id\":\"https:\/\/www.prijedordanas.com\/#\/schema\/person\/4e08ccf29b506ca916ff86d46bb700e6\"},\"headline\":\"Pove\u0107an broj saobra\u0107ajnih nesre\u0107a: 17 mrtvih za mjesec dana na cestama u BiH\",\"datePublished\":\"2020-06-11T15:09:54+00:00\",\"dateModified\":\"2020-06-11T15:09:54+00:00\",\"mainEntityOfPage\":{\"@id\":\"https:\/\/www.prijedordanas.com\/?p=149349\"},\"wordCount\":495,\"publisher\":{\"@id\":\"https:\/\/www.prijedordanas.com\/#organization\"},\"keywords\":[\"saobra\u0107ajke\"],\"articleSection\":[\"Hronika\"],\"inLanguage\":\"en-US\"},{\"@type\":\"WebPage\",\"@id\":\"https:\/\/www.prijedordanas.com\/?p=149349\",\"url\":\"https:\/\/www.prijedordanas.com\/?p=149349\",\"name\":\"Pove\u0107an broj saobra\u0107ajnih nesre\u0107a: 17 mrtvih za mjesec dana na cestama u BiH - PrijedorDanas.com - Prijedorski gradski portal\",\"isPartOf\":{\"@id\":\"https:\/\/www.prijedordanas.com\/#website\"},\"datePublished\":\"2020-06-11T15:09:54+00:00\",\"dateModified\":\"2020-06-11T15:09:54+00:00\",\"breadcrumb\":{\"@id\":\"https:\/\/www.prijedordanas.com\/?p=149349#breadcrumb\"},\"inLanguage\":\"en-US\",\"potentialAction\":[{\"@type\":\"ReadAction\",\"target\":[\"https:\/\/www.prijedordanas.com\/?p=149349\"]}]},{\"@type\":\"BreadcrumbList\",\"@id\":\"https:\/\/www.prijedordanas.com\/?p=149349#breadcrumb\",\"itemListElement\":[{\"@type\":\"ListItem\",\"position\":1,\"name\":\"Home\",\"item\":\"https:\/\/www.prijedordanas.com\/\"},{\"@type\":\"ListItem\",\"position\":2,\"name\":\"Pove\u0107an broj saobra\u0107ajnih nesre\u0107a: 17 mrtvih za mjesec dana na cestama u BiH\"}]},{\"@type\":\"WebSite\",\"@id\":\"https:\/\/www.prijedordanas.com\/#website\",\"url\":\"https:\/\/www.prijedordanas.com\/\",\"name\":\"PrijedorDanas.com - Prijedorski gradski portal\",\"description\":\"Portal o doga\u0111anjima u gradu Prijedoru\",\"publisher\":{\"@id\":\"https:\/\/www.prijedordanas.com\/#organization\"},\"potentialAction\":[{\"@type\":\"SearchAction\",\"target\":{\"@type\":\"EntryPoint\",\"urlTemplate\":\"https:\/\/www.prijedordanas.com\/?s={search_term_string}\"},\"query-input\":\"required name=search_term_string\"}],\"inLanguage\":\"en-US\"},{\"@type\":\"Organization\",\"@id\":\"https:\/\/www.prijedordanas.com\/#organization\",\"name\":\"PrijedorDanas.com\",\"url\":\"https:\/\/www.prijedordanas.com\/\",\"logo\":{\"@type\":\"ImageObject\",\"inLanguage\":\"en-US\",\"@id\":\"https:\/\/www.prijedordanas.com\/#\/schema\/logo\/image\/\",\"url\":\"http:\/\/www.prijedordanas.com\/wp-content\/uploads\/2021\/12\/logopng.png\",\"contentUrl\":\"http:\/\/www.prijedordanas.com\/wp-content\/uploads\/2021\/12\/logopng.png\",\"width\":1019,\"height\":776,\"caption\":\"PrijedorDanas.com\"},\"image\":{\"@id\":\"https:\/\/www.prijedordanas.com\/#\/schema\/logo\/image\/\"},\"sameAs\":[\"https:\/\/www.facebook.com\/PrijedorDanasCom\/\"]},{\"@type\":\"Person\",\"@id\":\"https:\/\/www.prijedordanas.com\/#\/schema\/person\/4e08ccf29b506ca916ff86d46bb700e6\",\"name\":\"admin\",\"image\":{\"@type\":\"ImageObject\",\"inLanguage\":\"en-US\",\"@id\":\"https:\/\/www.prijedordanas.com\/#\/schema\/person\/image\/\",\"url\":\"https:\/\/secure.gravatar.com\/avatar\/1d3fc949d550f0b53a5f0d51e06dfd79?s=96&d=mm&r=g\",\"contentUrl\":\"https:\/\/secure.gravatar.com\/avatar\/1d3fc949d550f0b53a5f0d51e06dfd79?s=96&d=mm&r=g\",\"caption\":\"admin\"},\"url\":\"https:\/\/www.prijedordanas.com\/?author=1\"}]}<\/script>\n<!-- \/ Yoast SEO plugin. -->","yoast_head_json":{"title":"Pove\u0107an broj saobra\u0107ajnih nesre\u0107a: 17 mrtvih za mjesec dana na cestama u BiH - PrijedorDanas.com - Prijedorski gradski portal","robots":{"index":"index","follow":"follow","max-snippet":"max-snippet:-1","max-image-preview":"max-image-preview:large","max-video-preview":"max-video-preview:-1"},"canonical":"https:\/\/www.prijedordanas.com\/?p=149349","og_locale":"en_US","og_type":"article","og_title":"Pove\u0107an broj saobra\u0107ajnih nesre\u0107a: 17 mrtvih za mjesec dana na cestama u BiH - PrijedorDanas.com - Prijedorski gradski portal","og_description":"Samo u posljednjih 30 dana 17 osoba je smrtno stradalo u saobra\u0107ajnim nesre\u0107ama na cestama u Bosni i Hercegovini. Smanjeno kretanje Veliki broj nesre\u0107a s ovako te\u0161kim posljedicama uslijedio je [&hellip;]","og_url":"https:\/\/www.prijedordanas.com\/?p=149349","og_site_name":"PrijedorDanas.com - Prijedorski gradski portal","article_publisher":"https:\/\/www.facebook.com\/PrijedorDanasCom\/","article_published_time":"2020-06-11T15:09:54+00:00","og_image":[{"url":"https:\/\/www.prijedordanas.com\/wp-content\/uploads\/2020\/06\/avaz-saobracajka-300x217.jpg"}],"author":"admin","twitter_card":"summary_large_image","twitter_misc":{"Written by":"admin","Est. reading time":"2 minutes"},"schema":{"@context":"https:\/\/schema.org","@graph":[{"@type":"Article","@id":"https:\/\/www.prijedordanas.com\/?p=149349#article","isPartOf":{"@id":"https:\/\/www.prijedordanas.com\/?p=149349"},"author":{"name":"admin","@id":"https:\/\/www.prijedordanas.com\/#\/schema\/person\/4e08ccf29b506ca916ff86d46bb700e6"},"headline":"Pove\u0107an broj saobra\u0107ajnih nesre\u0107a: 17 mrtvih za mjesec dana na cestama u BiH","datePublished":"2020-06-11T15:09:54+00:00","dateModified":"2020-06-11T15:09:54+00:00","mainEntityOfPage":{"@id":"https:\/\/www.prijedordanas.com\/?p=149349"},"wordCount":495,"publisher":{"@id":"https:\/\/www.prijedordanas.com\/#organization"},"keywords":["saobra\u0107ajke"],"articleSection":["Hronika"],"inLanguage":"en-US"},{"@type":"WebPage","@id":"https:\/\/www.prijedordanas.com\/?p=149349","url":"https:\/\/www.prijedordanas.com\/?p=149349","name":"Pove\u0107an broj saobra\u0107ajnih nesre\u0107a: 17 mrtvih za mjesec dana na cestama u BiH - PrijedorDanas.com - Prijedorski gradski portal","isPartOf":{"@id":"https:\/\/www.prijedordanas.com\/#website"},"datePublished":"2020-06-11T15:09:54+00:00","dateModified":"2020-06-11T15:09:54+00:00","breadcrumb":{"@id":"https:\/\/www.prijedordanas.com\/?p=149349#breadcrumb"},"inLanguage":"en-US","potentialAction":[{"@type":"ReadAction","target":["https:\/\/www.prijedordanas.com\/?p=149349"]}]},{"@type":"BreadcrumbList","@id":"https:\/\/www.prijedordanas.com\/?p=149349#breadcrumb","itemListElement":[{"@type":"ListItem","position":1,"name":"Home","item":"https:\/\/www.prijedordanas.com\/"},{"@type":"ListItem","position":2,"name":"Pove\u0107an broj saobra\u0107ajnih nesre\u0107a: 17 mrtvih za mjesec dana na cestama u BiH"}]},{"@type":"WebSite","@id":"https:\/\/www.prijedordanas.com\/#website","url":"https:\/\/www.prijedordanas.com\/","name":"PrijedorDanas.com - Prijedorski gradski portal","description":"Portal o doga\u0111anjima u gradu Prijedoru","publisher":{"@id":"https:\/\/www.prijedordanas.com\/#organization"},"potentialAction":[{"@type":"SearchAction","target":{"@type":"EntryPoint","urlTemplate":"https:\/\/www.prijedordanas.com\/?s={search_term_string}"},"query-input":"required name=search_term_string"}],"inLanguage":"en-US"},{"@type":"Organization","@id":"https:\/\/www.prijedordanas.com\/#organization","name":"PrijedorDanas.com","url":"https:\/\/www.prijedordanas.com\/","logo":{"@type":"ImageObject","inLanguage":"en-US","@id":"https:\/\/www.prijedordanas.com\/#\/schema\/logo\/image\/","url":"http:\/\/www.prijedordanas.com\/wp-content\/uploads\/2021\/12\/logopng.png","contentUrl":"http:\/\/www.prijedordanas.com\/wp-content\/uploads\/2021\/12\/logopng.png","width":1019,"height":776,"caption":"PrijedorDanas.com"},"image":{"@id":"https:\/\/www.prijedordanas.com\/#\/schema\/logo\/image\/"},"sameAs":["https:\/\/www.facebook.com\/PrijedorDanasCom\/"]},{"@type":"Person","@id":"https:\/\/www.prijedordanas.com\/#\/schema\/person\/4e08ccf29b506ca916ff86d46bb700e6","name":"admin","image":{"@type":"ImageObject","inLanguage":"en-US","@id":"https:\/\/www.prijedordanas.com\/#\/schema\/person\/image\/","url":"https:\/\/secure.gravatar.com\/avatar\/1d3fc949d550f0b53a5f0d51e06dfd79?s=96&d=mm&r=g","contentUrl":"https:\/\/secure.gravatar.com\/avatar\/1d3fc949d550f0b53a5f0d51e06dfd79?s=96&d=mm&r=g","caption":"admin"},"url":"https:\/\/www.prijedordanas.com\/?author=1"}]}},"_links":{"self":[{"href":"https:\/\/www.prijedordanas.com\/index.php?rest_route=\/wp\/v2\/posts\/149349"}],"collection":[{"href":"https:\/\/www.prijedordanas.com\/index.php?rest_route=\/wp\/v2\/posts"}],"about":[{"href":"https:\/\/www.prijedordanas.com\/index.php?rest_route=\/wp\/v2\/types\/post"}],"author":[{"embeddable":true,"href":"https:\/\/www.prijedordanas.com\/index.php?rest_route=\/wp\/v2\/users\/1"}],"replies":[{"embeddable":true,"href":"https:\/\/www.prijedordanas.com\/index.php?rest_route=%2Fwp%2Fv2%2Fcomments&post=149349"}],"version-history":[{"count":1,"href":"https:\/\/www.prijedordanas.com\/index.php?rest_route=\/wp\/v2\/posts\/149349\/revisions"}],"predecessor-version":[{"id":149352,"href":"https:\/\/www.prijedordanas.com\/index.php?rest_route=\/wp\/v2\/posts\/149349\/revisions\/149352"}],"wp:attachment":[{"href":"https:\/\/www.prijedordanas.com\/index.php?rest_route=%2Fwp%2Fv2%2Fmedia&parent=149349"}],"wp:term":[{"taxonomy":"category","embeddable":true,"href":"https:\/\/www.prijedordanas.com\/index.php?rest_route=%2Fwp%2Fv2%2Fcategories&post=149349"},{"taxonomy":"post_tag","embeddable":true,"href":"https:\/\/www.prijedordanas.com\/index.php?rest_route=%2Fwp%2Fv2%2Ftags&post=149349"}],"curies":[{"name":"wp","href":"https:\/\/api.w.org\/{rel}","templated":true}]}}