{"id":149261,"date":"2020-06-10T13:59:06","date_gmt":"2020-06-10T11:59:06","guid":{"rendered":"https:\/\/www.prijedordanas.com\/?p=149261"},"modified":"2020-06-10T13:59:06","modified_gmt":"2020-06-10T11:59:06","slug":"brzo-testiranje-na-ulazu-u-bolnicu-u-prijedoru-u-dva-dana-cetiri-osobe-zarazene-korona-virusom","status":"publish","type":"post","link":"https:\/\/www.prijedordanas.com\/?p=149261","title":{"rendered":"Brzo testiranje na ulazu u bolnicu: U Prijedoru u dva dana \u010detiri osobe zara\u017eene korona virusom"},"content":{"rendered":"<p><a href=\"https:\/\/www.prijedordanas.com\/wp-content\/uploads\/2020\/06\/stab-10juni-1.jpg\"><img loading=\"lazy\" decoding=\"async\" class=\"alignleft size-medium wp-image-149263\" src=\"https:\/\/www.prijedordanas.com\/wp-content\/uploads\/2020\/06\/stab-10juni-1-300x222.jpg\" alt=\"\" width=\"300\" height=\"222\" srcset=\"https:\/\/www.prijedordanas.com\/wp-content\/uploads\/2020\/06\/stab-10juni-1-300x222.jpg 300w, https:\/\/www.prijedordanas.com\/wp-content\/uploads\/2020\/06\/stab-10juni-1.jpg 675w\" sizes=\"(max-width: 300px) 100vw, 300px\" \/><\/a>U Prijedoru su danas utvr\u0111ena dva nova slu\u010daja zaraze korona virusom, dok je i ju\u010de korona virus potvr\u0111en kod dvije \u017eenske osobe koje su porodi\u010dni kontakti sa ranije zara\u017eenim Prijedor\u010daninom.<\/p>\n<p>Gradona\u010delnik Prijedora Milenko \u0110akovi\u0107 je nakon dana\u0161nje sjednice \u0160taba za vanredne situacije saop\u0161tio da se u ovom gradu od virusa korona oporavilo 43 Prijedor\u010dana, a da je 12 preminulih.<\/p>\n<p>-Pod zdravstvenim nadzorom je 40 osoba, a iz nadzora je iza\u0161lo 1.918 osoba. U prijedorskoj bolnici na kovid odjeljenju je sedam pacijenata, tri su iz Prijedora, dva iz Novog Grada i po jedan iz Kozarske Dubice i Kostajnice \u2013 rekao je \u0110akovi\u0107. On je dodao da je u izolaciji u bolnici \u201cDoktor Mladen Stojanovi\u0107\u201d jedna osoba koja \u0107e biti testirana i saop\u0161tio da je u ovoj zdravstvenoj ustanovi po\u010delo brzo testiranje.<\/p>\n<p><a href=\"https:\/\/www.prijedordanas.com\/wp-content\/uploads\/2020\/06\/stab-10juni-9.jpg\"><img loading=\"lazy\" decoding=\"async\" src=\"https:\/\/www.prijedordanas.com\/wp-content\/uploads\/2020\/06\/stab-10juni-9-300x200.jpg\" alt=\"\" width=\"300\" height=\"200\" class=\"alignleft size-medium wp-image-149264\" srcset=\"https:\/\/www.prijedordanas.com\/wp-content\/uploads\/2020\/06\/stab-10juni-9-300x200.jpg 300w, https:\/\/www.prijedordanas.com\/wp-content\/uploads\/2020\/06\/stab-10juni-9-480x320.jpg 480w, https:\/\/www.prijedordanas.com\/wp-content\/uploads\/2020\/06\/stab-10juni-9.jpg 600w\" sizes=\"(max-width: 300px) 100vw, 300px\" \/><\/a>-Svi pacijenti koji ulaze u bolnicu prvo budu brzo testirani na virus korona i ta se trija\u017ea odmah defini\u0161e na ulazu u bolnicu \u2013 rekao je on. \u0110akovi\u0107 je dodao da je u Crveni krst stiglo 30 paketa hrane koji \u0107e narednih dana posredstvom Udru\u017eenja Roma biti podijeljeni ugro\u017eenim romskim porodicama.<\/p>\n<p>-To je donacija od Crvenog krsta RS, a imamo i donaciju od Me\u0111unarodnog komiteta crvenog krsta tako\u0111e 30 paketa za porodice nestalih osoba i prethodno je vr\u0161ena anketa kome je potrebna pomo\u0107 i bi\u0107e podjeljena naredne sedmice \u2013 izjavio je \u0110akovi\u0107 i dodao da u Prijedoru nema prekr\u0161aja mjera Republi\u010dkog \u0161taba.<\/p>\n<p>EuroBlic-srpskainfo.com<\/p>\n<p><a href=\"https:\/\/www.prijedordanas.com\/wp-content\/uploads\/2020\/06\/stab-10juni-5.jpg\"><img loading=\"lazy\" decoding=\"async\" src=\"https:\/\/www.prijedordanas.com\/wp-content\/uploads\/2020\/06\/stab-10juni-5-300x200.jpg\" alt=\"\" width=\"300\" height=\"200\" class=\"alignleft size-medium wp-image-149265\" srcset=\"https:\/\/www.prijedordanas.com\/wp-content\/uploads\/2020\/06\/stab-10juni-5-300x200.jpg 300w, https:\/\/www.prijedordanas.com\/wp-content\/uploads\/2020\/06\/stab-10juni-5-480x320.jpg 480w, https:\/\/www.prijedordanas.com\/wp-content\/uploads\/2020\/06\/stab-10juni-5.jpg 600w\" sizes=\"(max-width: 300px) 100vw, 300px\" \/><\/a> <a href=\"https:\/\/www.prijedordanas.com\/wp-content\/uploads\/2020\/06\/stab-10juni-6.jpg\"><img loading=\"lazy\" decoding=\"async\" src=\"https:\/\/www.prijedordanas.com\/wp-content\/uploads\/2020\/06\/stab-10juni-6-300x200.jpg\" alt=\"\" width=\"300\" height=\"200\" class=\"alignleft size-medium wp-image-149266\" srcset=\"https:\/\/www.prijedordanas.com\/wp-content\/uploads\/2020\/06\/stab-10juni-6-300x200.jpg 300w, https:\/\/www.prijedordanas.com\/wp-content\/uploads\/2020\/06\/stab-10juni-6-480x320.jpg 480w, https:\/\/www.prijedordanas.com\/wp-content\/uploads\/2020\/06\/stab-10juni-6.jpg 600w\" sizes=\"(max-width: 300px) 100vw, 300px\" \/><\/a><\/p>\n","protected":false},"excerpt":{"rendered":"<p>U Prijedoru su danas utvr\u0111ena dva nova slu\u010daja zaraze korona virusom, dok je i ju\u010de korona virus potvr\u0111en kod dvije \u017eenske osobe koje su porodi\u010dni kontakti sa ranije zara\u017eenim Prijedor\u010daninom. [&hellip;]<\/p>\n","protected":false},"author":1,"featured_media":0,"comment_status":"closed","ping_status":"open","sticky":false,"template":"","format":"standard","meta":{"_monsterinsights_skip_tracking":false,"_monsterinsights_sitenote_active":false,"_monsterinsights_sitenote_note":"","_monsterinsights_sitenote_category":0,"footnotes":""},"categories":[4],"tags":[11081],"yoast_head":"<!-- This site is optimized with the Yoast SEO plugin v21.6 - https:\/\/yoast.com\/wordpress\/plugins\/seo\/ -->\n<title>Brzo testiranje na ulazu u bolnicu: U Prijedoru u dva dana \u010detiri osobe zara\u017eene korona virusom - PrijedorDanas.com - Prijedorski gradski portal<\/title>\n<meta name=\"robots\" content=\"index, follow, max-snippet:-1, max-image-preview:large, max-video-preview:-1\" \/>\n<link rel=\"canonical\" href=\"https:\/\/www.prijedordanas.com\/?p=149261\" \/>\n<meta property=\"og:locale\" content=\"en_US\" \/>\n<meta property=\"og:type\" content=\"article\" \/>\n<meta property=\"og:title\" content=\"Brzo testiranje na ulazu u bolnicu: U Prijedoru u dva dana \u010detiri osobe zara\u017eene korona virusom - PrijedorDanas.com - Prijedorski gradski portal\" \/>\n<meta property=\"og:description\" content=\"U Prijedoru su danas utvr\u0111ena dva nova slu\u010daja zaraze korona virusom, dok je i ju\u010de korona virus potvr\u0111en kod dvije \u017eenske osobe koje su porodi\u010dni kontakti sa ranije zara\u017eenim Prijedor\u010daninom. [&hellip;]\" \/>\n<meta property=\"og:url\" content=\"https:\/\/www.prijedordanas.com\/?p=149261\" \/>\n<meta property=\"og:site_name\" content=\"PrijedorDanas.com - Prijedorski gradski portal\" \/>\n<meta property=\"article:publisher\" content=\"https:\/\/www.facebook.com\/PrijedorDanasCom\/\" \/>\n<meta property=\"article:published_time\" content=\"2020-06-10T11:59:06+00:00\" \/>\n<meta property=\"og:image\" content=\"https:\/\/www.prijedordanas.com\/wp-content\/uploads\/2020\/06\/stab-10juni-1-300x222.jpg\" \/>\n<meta name=\"author\" content=\"admin\" \/>\n<meta name=\"twitter:card\" content=\"summary_large_image\" \/>\n<meta name=\"twitter:label1\" content=\"Written by\" \/>\n\t<meta name=\"twitter:data1\" content=\"admin\" \/>\n\t<meta name=\"twitter:label2\" content=\"Est. reading time\" \/>\n\t<meta name=\"twitter:data2\" content=\"1 minute\" \/>\n<script type=\"application\/ld+json\" class=\"yoast-schema-graph\">{\"@context\":\"https:\/\/schema.org\",\"@graph\":[{\"@type\":\"Article\",\"@id\":\"https:\/\/www.prijedordanas.com\/?p=149261#article\",\"isPartOf\":{\"@id\":\"https:\/\/www.prijedordanas.com\/?p=149261\"},\"author\":{\"name\":\"admin\",\"@id\":\"https:\/\/www.prijedordanas.com\/#\/schema\/person\/4e08ccf29b506ca916ff86d46bb700e6\"},\"headline\":\"Brzo testiranje na ulazu u bolnicu: U Prijedoru u dva dana \u010detiri osobe zara\u017eene korona virusom\",\"datePublished\":\"2020-06-10T11:59:06+00:00\",\"dateModified\":\"2020-06-10T11:59:06+00:00\",\"mainEntityOfPage\":{\"@id\":\"https:\/\/www.prijedordanas.com\/?p=149261\"},\"wordCount\":266,\"publisher\":{\"@id\":\"https:\/\/www.prijedordanas.com\/#organization\"},\"keywords\":[\"korona\"],\"articleSection\":[\"Dru\u0161tvo\"],\"inLanguage\":\"en-US\"},{\"@type\":\"WebPage\",\"@id\":\"https:\/\/www.prijedordanas.com\/?p=149261\",\"url\":\"https:\/\/www.prijedordanas.com\/?p=149261\",\"name\":\"Brzo testiranje na ulazu u bolnicu: U Prijedoru u dva dana \u010detiri osobe zara\u017eene korona virusom - PrijedorDanas.com - Prijedorski gradski portal\",\"isPartOf\":{\"@id\":\"https:\/\/www.prijedordanas.com\/#website\"},\"datePublished\":\"2020-06-10T11:59:06+00:00\",\"dateModified\":\"2020-06-10T11:59:06+00:00\",\"breadcrumb\":{\"@id\":\"https:\/\/www.prijedordanas.com\/?p=149261#breadcrumb\"},\"inLanguage\":\"en-US\",\"potentialAction\":[{\"@type\":\"ReadAction\",\"target\":[\"https:\/\/www.prijedordanas.com\/?p=149261\"]}]},{\"@type\":\"BreadcrumbList\",\"@id\":\"https:\/\/www.prijedordanas.com\/?p=149261#breadcrumb\",\"itemListElement\":[{\"@type\":\"ListItem\",\"position\":1,\"name\":\"Home\",\"item\":\"https:\/\/www.prijedordanas.com\/\"},{\"@type\":\"ListItem\",\"position\":2,\"name\":\"Brzo testiranje na ulazu u bolnicu: U Prijedoru u dva dana \u010detiri osobe zara\u017eene korona virusom\"}]},{\"@type\":\"WebSite\",\"@id\":\"https:\/\/www.prijedordanas.com\/#website\",\"url\":\"https:\/\/www.prijedordanas.com\/\",\"name\":\"PrijedorDanas.com - Prijedorski gradski portal\",\"description\":\"Portal o doga\u0111anjima u gradu Prijedoru\",\"publisher\":{\"@id\":\"https:\/\/www.prijedordanas.com\/#organization\"},\"potentialAction\":[{\"@type\":\"SearchAction\",\"target\":{\"@type\":\"EntryPoint\",\"urlTemplate\":\"https:\/\/www.prijedordanas.com\/?s={search_term_string}\"},\"query-input\":\"required name=search_term_string\"}],\"inLanguage\":\"en-US\"},{\"@type\":\"Organization\",\"@id\":\"https:\/\/www.prijedordanas.com\/#organization\",\"name\":\"PrijedorDanas.com\",\"url\":\"https:\/\/www.prijedordanas.com\/\",\"logo\":{\"@type\":\"ImageObject\",\"inLanguage\":\"en-US\",\"@id\":\"https:\/\/www.prijedordanas.com\/#\/schema\/logo\/image\/\",\"url\":\"http:\/\/www.prijedordanas.com\/wp-content\/uploads\/2021\/12\/logopng.png\",\"contentUrl\":\"http:\/\/www.prijedordanas.com\/wp-content\/uploads\/2021\/12\/logopng.png\",\"width\":1019,\"height\":776,\"caption\":\"PrijedorDanas.com\"},\"image\":{\"@id\":\"https:\/\/www.prijedordanas.com\/#\/schema\/logo\/image\/\"},\"sameAs\":[\"https:\/\/www.facebook.com\/PrijedorDanasCom\/\"]},{\"@type\":\"Person\",\"@id\":\"https:\/\/www.prijedordanas.com\/#\/schema\/person\/4e08ccf29b506ca916ff86d46bb700e6\",\"name\":\"admin\",\"image\":{\"@type\":\"ImageObject\",\"inLanguage\":\"en-US\",\"@id\":\"https:\/\/www.prijedordanas.com\/#\/schema\/person\/image\/\",\"url\":\"https:\/\/secure.gravatar.com\/avatar\/1d3fc949d550f0b53a5f0d51e06dfd79?s=96&d=mm&r=g\",\"contentUrl\":\"https:\/\/secure.gravatar.com\/avatar\/1d3fc949d550f0b53a5f0d51e06dfd79?s=96&d=mm&r=g\",\"caption\":\"admin\"},\"url\":\"https:\/\/www.prijedordanas.com\/?author=1\"}]}<\/script>\n<!-- \/ Yoast SEO plugin. -->","yoast_head_json":{"title":"Brzo testiranje na ulazu u bolnicu: U Prijedoru u dva dana \u010detiri osobe zara\u017eene korona virusom - PrijedorDanas.com - Prijedorski gradski portal","robots":{"index":"index","follow":"follow","max-snippet":"max-snippet:-1","max-image-preview":"max-image-preview:large","max-video-preview":"max-video-preview:-1"},"canonical":"https:\/\/www.prijedordanas.com\/?p=149261","og_locale":"en_US","og_type":"article","og_title":"Brzo testiranje na ulazu u bolnicu: U Prijedoru u dva dana \u010detiri osobe zara\u017eene korona virusom - PrijedorDanas.com - Prijedorski gradski portal","og_description":"U Prijedoru su danas utvr\u0111ena dva nova slu\u010daja zaraze korona virusom, dok je i ju\u010de korona virus potvr\u0111en kod dvije \u017eenske osobe koje su porodi\u010dni kontakti sa ranije zara\u017eenim Prijedor\u010daninom. [&hellip;]","og_url":"https:\/\/www.prijedordanas.com\/?p=149261","og_site_name":"PrijedorDanas.com - Prijedorski gradski portal","article_publisher":"https:\/\/www.facebook.com\/PrijedorDanasCom\/","article_published_time":"2020-06-10T11:59:06+00:00","og_image":[{"url":"https:\/\/www.prijedordanas.com\/wp-content\/uploads\/2020\/06\/stab-10juni-1-300x222.jpg"}],"author":"admin","twitter_card":"summary_large_image","twitter_misc":{"Written by":"admin","Est. reading time":"1 minute"},"schema":{"@context":"https:\/\/schema.org","@graph":[{"@type":"Article","@id":"https:\/\/www.prijedordanas.com\/?p=149261#article","isPartOf":{"@id":"https:\/\/www.prijedordanas.com\/?p=149261"},"author":{"name":"admin","@id":"https:\/\/www.prijedordanas.com\/#\/schema\/person\/4e08ccf29b506ca916ff86d46bb700e6"},"headline":"Brzo testiranje na ulazu u bolnicu: U Prijedoru u dva dana \u010detiri osobe zara\u017eene korona virusom","datePublished":"2020-06-10T11:59:06+00:00","dateModified":"2020-06-10T11:59:06+00:00","mainEntityOfPage":{"@id":"https:\/\/www.prijedordanas.com\/?p=149261"},"wordCount":266,"publisher":{"@id":"https:\/\/www.prijedordanas.com\/#organization"},"keywords":["korona"],"articleSection":["Dru\u0161tvo"],"inLanguage":"en-US"},{"@type":"WebPage","@id":"https:\/\/www.prijedordanas.com\/?p=149261","url":"https:\/\/www.prijedordanas.com\/?p=149261","name":"Brzo testiranje na ulazu u bolnicu: U Prijedoru u dva dana \u010detiri osobe zara\u017eene korona virusom - PrijedorDanas.com - Prijedorski gradski portal","isPartOf":{"@id":"https:\/\/www.prijedordanas.com\/#website"},"datePublished":"2020-06-10T11:59:06+00:00","dateModified":"2020-06-10T11:59:06+00:00","breadcrumb":{"@id":"https:\/\/www.prijedordanas.com\/?p=149261#breadcrumb"},"inLanguage":"en-US","potentialAction":[{"@type":"ReadAction","target":["https:\/\/www.prijedordanas.com\/?p=149261"]}]},{"@type":"BreadcrumbList","@id":"https:\/\/www.prijedordanas.com\/?p=149261#breadcrumb","itemListElement":[{"@type":"ListItem","position":1,"name":"Home","item":"https:\/\/www.prijedordanas.com\/"},{"@type":"ListItem","position":2,"name":"Brzo testiranje na ulazu u bolnicu: U Prijedoru u dva dana \u010detiri osobe zara\u017eene korona virusom"}]},{"@type":"WebSite","@id":"https:\/\/www.prijedordanas.com\/#website","url":"https:\/\/www.prijedordanas.com\/","name":"PrijedorDanas.com - Prijedorski gradski portal","description":"Portal o doga\u0111anjima u gradu Prijedoru","publisher":{"@id":"https:\/\/www.prijedordanas.com\/#organization"},"potentialAction":[{"@type":"SearchAction","target":{"@type":"EntryPoint","urlTemplate":"https:\/\/www.prijedordanas.com\/?s={search_term_string}"},"query-input":"required name=search_term_string"}],"inLanguage":"en-US"},{"@type":"Organization","@id":"https:\/\/www.prijedordanas.com\/#organization","name":"PrijedorDanas.com","url":"https:\/\/www.prijedordanas.com\/","logo":{"@type":"ImageObject","inLanguage":"en-US","@id":"https:\/\/www.prijedordanas.com\/#\/schema\/logo\/image\/","url":"http:\/\/www.prijedordanas.com\/wp-content\/uploads\/2021\/12\/logopng.png","contentUrl":"http:\/\/www.prijedordanas.com\/wp-content\/uploads\/2021\/12\/logopng.png","width":1019,"height":776,"caption":"PrijedorDanas.com"},"image":{"@id":"https:\/\/www.prijedordanas.com\/#\/schema\/logo\/image\/"},"sameAs":["https:\/\/www.facebook.com\/PrijedorDanasCom\/"]},{"@type":"Person","@id":"https:\/\/www.prijedordanas.com\/#\/schema\/person\/4e08ccf29b506ca916ff86d46bb700e6","name":"admin","image":{"@type":"ImageObject","inLanguage":"en-US","@id":"https:\/\/www.prijedordanas.com\/#\/schema\/person\/image\/","url":"https:\/\/secure.gravatar.com\/avatar\/1d3fc949d550f0b53a5f0d51e06dfd79?s=96&d=mm&r=g","contentUrl":"https:\/\/secure.gravatar.com\/avatar\/1d3fc949d550f0b53a5f0d51e06dfd79?s=96&d=mm&r=g","caption":"admin"},"url":"https:\/\/www.prijedordanas.com\/?author=1"}]}},"_links":{"self":[{"href":"https:\/\/www.prijedordanas.com\/index.php?rest_route=\/wp\/v2\/posts\/149261"}],"collection":[{"href":"https:\/\/www.prijedordanas.com\/index.php?rest_route=\/wp\/v2\/posts"}],"about":[{"href":"https:\/\/www.prijedordanas.com\/index.php?rest_route=\/wp\/v2\/types\/post"}],"author":[{"embeddable":true,"href":"https:\/\/www.prijedordanas.com\/index.php?rest_route=\/wp\/v2\/users\/1"}],"replies":[{"embeddable":true,"href":"https:\/\/www.prijedordanas.com\/index.php?rest_route=%2Fwp%2Fv2%2Fcomments&post=149261"}],"version-history":[{"count":1,"href":"https:\/\/www.prijedordanas.com\/index.php?rest_route=\/wp\/v2\/posts\/149261\/revisions"}],"predecessor-version":[{"id":149267,"href":"https:\/\/www.prijedordanas.com\/index.php?rest_route=\/wp\/v2\/posts\/149261\/revisions\/149267"}],"wp:attachment":[{"href":"https:\/\/www.prijedordanas.com\/index.php?rest_route=%2Fwp%2Fv2%2Fmedia&parent=149261"}],"wp:term":[{"taxonomy":"category","embeddable":true,"href":"https:\/\/www.prijedordanas.com\/index.php?rest_route=%2Fwp%2Fv2%2Fcategories&post=149261"},{"taxonomy":"post_tag","embeddable":true,"href":"https:\/\/www.prijedordanas.com\/index.php?rest_route=%2Fwp%2Fv2%2Ftags&post=149261"}],"curies":[{"name":"wp","href":"https:\/\/api.w.org\/{rel}","templated":true}]}}