{"id":149191,"date":"2020-06-09T14:12:45","date_gmt":"2020-06-09T12:12:45","guid":{"rendered":"https:\/\/www.prijedordanas.com\/?p=149191"},"modified":"2020-06-09T14:12:45","modified_gmt":"2020-06-09T12:12:45","slug":"ubica-iz-prijedora-adis-pelak-umro-u-kpz-tunjice","status":"publish","type":"post","link":"https:\/\/www.prijedordanas.com\/?p=149191","title":{"rendered":"Ubica iz Prijedora Adis Pelak umro u KPZ Tunjice"},"content":{"rendered":"<p><a href=\"https:\/\/www.prijedordanas.com\/wp-content\/uploads\/2020\/06\/avaz-kpz-tunjice.jpg\"><img loading=\"lazy\" decoding=\"async\" class=\"alignleft size-medium wp-image-149192\" src=\"https:\/\/www.prijedordanas.com\/wp-content\/uploads\/2020\/06\/avaz-kpz-tunjice-300x217.jpg\" alt=\"\" width=\"300\" height=\"217\" srcset=\"https:\/\/www.prijedordanas.com\/wp-content\/uploads\/2020\/06\/avaz-kpz-tunjice-300x217.jpg 300w, https:\/\/www.prijedordanas.com\/wp-content\/uploads\/2020\/06\/avaz-kpz-tunjice.jpg 690w\" sizes=\"(max-width: 300px) 100vw, 300px\" \/><\/a>Zatvorenik Adis Pelak (36) iz Prijedora, koji je le\u017eao kaznu od 20 godina zatvora za te\u0161ko ubistvo, preminuo je jutros u Kazneno-popravnom zavodu Banja Luka na Tunjicama.<\/p>\n<p>U Okru\u017enom javnom tu\u017eila\u0161tvu Banja Luka navode da je Pelaku oko 5.20 sato pozlilo.<\/p>\n<p>&#8211; Oko 5.25. sati obavje\u0161tena je Slu\u017eba Hitne pomo\u0107i u Banjoj Luci, a zdravstveni radnici su odmah po dolasku u KPZ zapo\u010deli sa reanimacijom zatvorenika. Zdravsteni radnici su oko 5.50 \u010dasova konstatovali smrt zatvorenika P. A. &#8211; rekla je portparol OJT Banja Luka Maja \u0110akovi\u0107 Vidovi\u0107.<\/p>\n<p><a href=\"https:\/\/www.prijedordanas.com\/wp-content\/uploads\/2020\/06\/avaz-uvidjaj-ubistvo-hodzic.jpg\"><img loading=\"lazy\" decoding=\"async\" src=\"https:\/\/www.prijedordanas.com\/wp-content\/uploads\/2020\/06\/avaz-uvidjaj-ubistvo-hodzic-300x225.jpg\" alt=\"\" width=\"300\" height=\"225\" class=\"alignleft size-medium wp-image-149193\" srcset=\"https:\/\/www.prijedordanas.com\/wp-content\/uploads\/2020\/06\/avaz-uvidjaj-ubistvo-hodzic-300x225.jpg 300w, https:\/\/www.prijedordanas.com\/wp-content\/uploads\/2020\/06\/avaz-uvidjaj-ubistvo-hodzic-640x480.jpg 640w, https:\/\/www.prijedordanas.com\/wp-content\/uploads\/2020\/06\/avaz-uvidjaj-ubistvo-hodzic.jpg 666w\" sizes=\"(max-width: 300px) 100vw, 300px\" \/><\/a>Ona ka\u017ee da je uvi\u0111aj na licu mjesta izvr\u0161ila de\u017eurni tu\u017eilac Okru\u017enog javnog tu\u017eila\u0161tva Banja Luka Gordana Radujko, zajedno sa policijskim slu\u017ebenicima Policijske uprave Banja Luka i ljekarom mrtvozornikom.<\/p>\n<p>&#8211; Radi utvr\u0111ivanja uzroka smrti tu\u017eilac je nalo\u017eila da se izvr\u0161i obdukcija be\u017eivotnog tijela koja \u0107e biti obavljena u Zavodu za sudsku medicinu Republike Srpske &#8211; ka\u017ee \u0110akovi\u0107 Vidovi\u0107.<\/p>\n<p>Pelak je zimus preba\u010den iz fo\u010danskog zatvora u KPZ Banja Luka, radi odslu\u017eenja preostalog djela kazne. On je 2011. godine osu\u0111en na 20 godina zatvora zbog te\u0161kog ubistva Besima Hod\u017ei\u0107a iz Prijedora koji je ubijen sa vi\u0161e udaraca automobilskom dizalicom. Zlo\u010din se dogodio u julu 2010., a osim Pelaka na 20 godina zatvora osu\u0111en je i Amir Kadiri\u0107. Nakon svirepog ubistva \u017ertvu su vezali kablom i vukli ga automobilom po putu sve do Sane, gdje su tijelo bacili u rijeku.<\/p>\n<p>Dnevni avaz<\/p>\n","protected":false},"excerpt":{"rendered":"<p>Zatvorenik Adis Pelak (36) iz Prijedora, koji je le\u017eao kaznu od 20 godina zatvora za te\u0161ko ubistvo, preminuo je jutros u Kazneno-popravnom zavodu Banja Luka na Tunjicama. U Okru\u017enom javnom [&hellip;]<\/p>\n","protected":false},"author":1,"featured_media":0,"comment_status":"closed","ping_status":"open","sticky":false,"template":"","format":"standard","meta":{"_monsterinsights_skip_tracking":false,"_monsterinsights_sitenote_active":false,"_monsterinsights_sitenote_note":"","_monsterinsights_sitenote_category":0,"footnotes":""},"categories":[5],"tags":[],"yoast_head":"<!-- This site is optimized with the Yoast SEO plugin v21.6 - https:\/\/yoast.com\/wordpress\/plugins\/seo\/ -->\n<title>Ubica iz Prijedora Adis Pelak umro u KPZ Tunjice - PrijedorDanas.com - Prijedorski gradski portal<\/title>\n<meta name=\"robots\" content=\"index, follow, max-snippet:-1, max-image-preview:large, max-video-preview:-1\" \/>\n<link rel=\"canonical\" href=\"https:\/\/www.prijedordanas.com\/?p=149191\" \/>\n<meta property=\"og:locale\" content=\"en_US\" \/>\n<meta property=\"og:type\" content=\"article\" \/>\n<meta property=\"og:title\" content=\"Ubica iz Prijedora Adis Pelak umro u KPZ Tunjice - PrijedorDanas.com - Prijedorski gradski portal\" \/>\n<meta property=\"og:description\" content=\"Zatvorenik Adis Pelak (36) iz Prijedora, koji je le\u017eao kaznu od 20 godina zatvora za te\u0161ko ubistvo, preminuo je jutros u Kazneno-popravnom zavodu Banja Luka na Tunjicama. U Okru\u017enom javnom [&hellip;]\" \/>\n<meta property=\"og:url\" content=\"https:\/\/www.prijedordanas.com\/?p=149191\" \/>\n<meta property=\"og:site_name\" content=\"PrijedorDanas.com - Prijedorski gradski portal\" \/>\n<meta property=\"article:publisher\" content=\"https:\/\/www.facebook.com\/PrijedorDanasCom\/\" \/>\n<meta property=\"article:published_time\" content=\"2020-06-09T12:12:45+00:00\" \/>\n<meta property=\"og:image\" content=\"https:\/\/www.prijedordanas.com\/wp-content\/uploads\/2020\/06\/avaz-kpz-tunjice-300x217.jpg\" \/>\n<meta name=\"author\" content=\"admin\" \/>\n<meta name=\"twitter:card\" content=\"summary_large_image\" \/>\n<meta name=\"twitter:label1\" content=\"Written by\" \/>\n\t<meta name=\"twitter:data1\" content=\"admin\" \/>\n\t<meta name=\"twitter:label2\" content=\"Est. reading time\" \/>\n\t<meta name=\"twitter:data2\" content=\"1 minute\" \/>\n<script type=\"application\/ld+json\" class=\"yoast-schema-graph\">{\"@context\":\"https:\/\/schema.org\",\"@graph\":[{\"@type\":\"Article\",\"@id\":\"https:\/\/www.prijedordanas.com\/?p=149191#article\",\"isPartOf\":{\"@id\":\"https:\/\/www.prijedordanas.com\/?p=149191\"},\"author\":{\"name\":\"admin\",\"@id\":\"https:\/\/www.prijedordanas.com\/#\/schema\/person\/4e08ccf29b506ca916ff86d46bb700e6\"},\"headline\":\"Ubica iz Prijedora Adis Pelak umro u KPZ Tunjice\",\"datePublished\":\"2020-06-09T12:12:45+00:00\",\"dateModified\":\"2020-06-09T12:12:45+00:00\",\"mainEntityOfPage\":{\"@id\":\"https:\/\/www.prijedordanas.com\/?p=149191\"},\"wordCount\":261,\"publisher\":{\"@id\":\"https:\/\/www.prijedordanas.com\/#organization\"},\"articleSection\":[\"Hronika\"],\"inLanguage\":\"en-US\"},{\"@type\":\"WebPage\",\"@id\":\"https:\/\/www.prijedordanas.com\/?p=149191\",\"url\":\"https:\/\/www.prijedordanas.com\/?p=149191\",\"name\":\"Ubica iz Prijedora Adis Pelak umro u KPZ Tunjice - PrijedorDanas.com - Prijedorski gradski portal\",\"isPartOf\":{\"@id\":\"https:\/\/www.prijedordanas.com\/#website\"},\"datePublished\":\"2020-06-09T12:12:45+00:00\",\"dateModified\":\"2020-06-09T12:12:45+00:00\",\"breadcrumb\":{\"@id\":\"https:\/\/www.prijedordanas.com\/?p=149191#breadcrumb\"},\"inLanguage\":\"en-US\",\"potentialAction\":[{\"@type\":\"ReadAction\",\"target\":[\"https:\/\/www.prijedordanas.com\/?p=149191\"]}]},{\"@type\":\"BreadcrumbList\",\"@id\":\"https:\/\/www.prijedordanas.com\/?p=149191#breadcrumb\",\"itemListElement\":[{\"@type\":\"ListItem\",\"position\":1,\"name\":\"Home\",\"item\":\"https:\/\/www.prijedordanas.com\/\"},{\"@type\":\"ListItem\",\"position\":2,\"name\":\"Ubica iz Prijedora Adis Pelak umro u KPZ Tunjice\"}]},{\"@type\":\"WebSite\",\"@id\":\"https:\/\/www.prijedordanas.com\/#website\",\"url\":\"https:\/\/www.prijedordanas.com\/\",\"name\":\"PrijedorDanas.com - Prijedorski gradski portal\",\"description\":\"Portal o doga\u0111anjima u gradu Prijedoru\",\"publisher\":{\"@id\":\"https:\/\/www.prijedordanas.com\/#organization\"},\"potentialAction\":[{\"@type\":\"SearchAction\",\"target\":{\"@type\":\"EntryPoint\",\"urlTemplate\":\"https:\/\/www.prijedordanas.com\/?s={search_term_string}\"},\"query-input\":\"required name=search_term_string\"}],\"inLanguage\":\"en-US\"},{\"@type\":\"Organization\",\"@id\":\"https:\/\/www.prijedordanas.com\/#organization\",\"name\":\"PrijedorDanas.com\",\"url\":\"https:\/\/www.prijedordanas.com\/\",\"logo\":{\"@type\":\"ImageObject\",\"inLanguage\":\"en-US\",\"@id\":\"https:\/\/www.prijedordanas.com\/#\/schema\/logo\/image\/\",\"url\":\"http:\/\/www.prijedordanas.com\/wp-content\/uploads\/2021\/12\/logopng.png\",\"contentUrl\":\"http:\/\/www.prijedordanas.com\/wp-content\/uploads\/2021\/12\/logopng.png\",\"width\":1019,\"height\":776,\"caption\":\"PrijedorDanas.com\"},\"image\":{\"@id\":\"https:\/\/www.prijedordanas.com\/#\/schema\/logo\/image\/\"},\"sameAs\":[\"https:\/\/www.facebook.com\/PrijedorDanasCom\/\"]},{\"@type\":\"Person\",\"@id\":\"https:\/\/www.prijedordanas.com\/#\/schema\/person\/4e08ccf29b506ca916ff86d46bb700e6\",\"name\":\"admin\",\"image\":{\"@type\":\"ImageObject\",\"inLanguage\":\"en-US\",\"@id\":\"https:\/\/www.prijedordanas.com\/#\/schema\/person\/image\/\",\"url\":\"https:\/\/secure.gravatar.com\/avatar\/1d3fc949d550f0b53a5f0d51e06dfd79?s=96&d=mm&r=g\",\"contentUrl\":\"https:\/\/secure.gravatar.com\/avatar\/1d3fc949d550f0b53a5f0d51e06dfd79?s=96&d=mm&r=g\",\"caption\":\"admin\"},\"url\":\"https:\/\/www.prijedordanas.com\/?author=1\"}]}<\/script>\n<!-- \/ Yoast SEO plugin. -->","yoast_head_json":{"title":"Ubica iz Prijedora Adis Pelak umro u KPZ Tunjice - PrijedorDanas.com - Prijedorski gradski portal","robots":{"index":"index","follow":"follow","max-snippet":"max-snippet:-1","max-image-preview":"max-image-preview:large","max-video-preview":"max-video-preview:-1"},"canonical":"https:\/\/www.prijedordanas.com\/?p=149191","og_locale":"en_US","og_type":"article","og_title":"Ubica iz Prijedora Adis Pelak umro u KPZ Tunjice - PrijedorDanas.com - Prijedorski gradski portal","og_description":"Zatvorenik Adis Pelak (36) iz Prijedora, koji je le\u017eao kaznu od 20 godina zatvora za te\u0161ko ubistvo, preminuo je jutros u Kazneno-popravnom zavodu Banja Luka na Tunjicama. U Okru\u017enom javnom [&hellip;]","og_url":"https:\/\/www.prijedordanas.com\/?p=149191","og_site_name":"PrijedorDanas.com - Prijedorski gradski portal","article_publisher":"https:\/\/www.facebook.com\/PrijedorDanasCom\/","article_published_time":"2020-06-09T12:12:45+00:00","og_image":[{"url":"https:\/\/www.prijedordanas.com\/wp-content\/uploads\/2020\/06\/avaz-kpz-tunjice-300x217.jpg"}],"author":"admin","twitter_card":"summary_large_image","twitter_misc":{"Written by":"admin","Est. reading time":"1 minute"},"schema":{"@context":"https:\/\/schema.org","@graph":[{"@type":"Article","@id":"https:\/\/www.prijedordanas.com\/?p=149191#article","isPartOf":{"@id":"https:\/\/www.prijedordanas.com\/?p=149191"},"author":{"name":"admin","@id":"https:\/\/www.prijedordanas.com\/#\/schema\/person\/4e08ccf29b506ca916ff86d46bb700e6"},"headline":"Ubica iz Prijedora Adis Pelak umro u KPZ Tunjice","datePublished":"2020-06-09T12:12:45+00:00","dateModified":"2020-06-09T12:12:45+00:00","mainEntityOfPage":{"@id":"https:\/\/www.prijedordanas.com\/?p=149191"},"wordCount":261,"publisher":{"@id":"https:\/\/www.prijedordanas.com\/#organization"},"articleSection":["Hronika"],"inLanguage":"en-US"},{"@type":"WebPage","@id":"https:\/\/www.prijedordanas.com\/?p=149191","url":"https:\/\/www.prijedordanas.com\/?p=149191","name":"Ubica iz Prijedora Adis Pelak umro u KPZ Tunjice - PrijedorDanas.com - Prijedorski gradski portal","isPartOf":{"@id":"https:\/\/www.prijedordanas.com\/#website"},"datePublished":"2020-06-09T12:12:45+00:00","dateModified":"2020-06-09T12:12:45+00:00","breadcrumb":{"@id":"https:\/\/www.prijedordanas.com\/?p=149191#breadcrumb"},"inLanguage":"en-US","potentialAction":[{"@type":"ReadAction","target":["https:\/\/www.prijedordanas.com\/?p=149191"]}]},{"@type":"BreadcrumbList","@id":"https:\/\/www.prijedordanas.com\/?p=149191#breadcrumb","itemListElement":[{"@type":"ListItem","position":1,"name":"Home","item":"https:\/\/www.prijedordanas.com\/"},{"@type":"ListItem","position":2,"name":"Ubica iz Prijedora Adis Pelak umro u KPZ Tunjice"}]},{"@type":"WebSite","@id":"https:\/\/www.prijedordanas.com\/#website","url":"https:\/\/www.prijedordanas.com\/","name":"PrijedorDanas.com - Prijedorski gradski portal","description":"Portal o doga\u0111anjima u gradu Prijedoru","publisher":{"@id":"https:\/\/www.prijedordanas.com\/#organization"},"potentialAction":[{"@type":"SearchAction","target":{"@type":"EntryPoint","urlTemplate":"https:\/\/www.prijedordanas.com\/?s={search_term_string}"},"query-input":"required name=search_term_string"}],"inLanguage":"en-US"},{"@type":"Organization","@id":"https:\/\/www.prijedordanas.com\/#organization","name":"PrijedorDanas.com","url":"https:\/\/www.prijedordanas.com\/","logo":{"@type":"ImageObject","inLanguage":"en-US","@id":"https:\/\/www.prijedordanas.com\/#\/schema\/logo\/image\/","url":"http:\/\/www.prijedordanas.com\/wp-content\/uploads\/2021\/12\/logopng.png","contentUrl":"http:\/\/www.prijedordanas.com\/wp-content\/uploads\/2021\/12\/logopng.png","width":1019,"height":776,"caption":"PrijedorDanas.com"},"image":{"@id":"https:\/\/www.prijedordanas.com\/#\/schema\/logo\/image\/"},"sameAs":["https:\/\/www.facebook.com\/PrijedorDanasCom\/"]},{"@type":"Person","@id":"https:\/\/www.prijedordanas.com\/#\/schema\/person\/4e08ccf29b506ca916ff86d46bb700e6","name":"admin","image":{"@type":"ImageObject","inLanguage":"en-US","@id":"https:\/\/www.prijedordanas.com\/#\/schema\/person\/image\/","url":"https:\/\/secure.gravatar.com\/avatar\/1d3fc949d550f0b53a5f0d51e06dfd79?s=96&d=mm&r=g","contentUrl":"https:\/\/secure.gravatar.com\/avatar\/1d3fc949d550f0b53a5f0d51e06dfd79?s=96&d=mm&r=g","caption":"admin"},"url":"https:\/\/www.prijedordanas.com\/?author=1"}]}},"_links":{"self":[{"href":"https:\/\/www.prijedordanas.com\/index.php?rest_route=\/wp\/v2\/posts\/149191"}],"collection":[{"href":"https:\/\/www.prijedordanas.com\/index.php?rest_route=\/wp\/v2\/posts"}],"about":[{"href":"https:\/\/www.prijedordanas.com\/index.php?rest_route=\/wp\/v2\/types\/post"}],"author":[{"embeddable":true,"href":"https:\/\/www.prijedordanas.com\/index.php?rest_route=\/wp\/v2\/users\/1"}],"replies":[{"embeddable":true,"href":"https:\/\/www.prijedordanas.com\/index.php?rest_route=%2Fwp%2Fv2%2Fcomments&post=149191"}],"version-history":[{"count":1,"href":"https:\/\/www.prijedordanas.com\/index.php?rest_route=\/wp\/v2\/posts\/149191\/revisions"}],"predecessor-version":[{"id":149194,"href":"https:\/\/www.prijedordanas.com\/index.php?rest_route=\/wp\/v2\/posts\/149191\/revisions\/149194"}],"wp:attachment":[{"href":"https:\/\/www.prijedordanas.com\/index.php?rest_route=%2Fwp%2Fv2%2Fmedia&parent=149191"}],"wp:term":[{"taxonomy":"category","embeddable":true,"href":"https:\/\/www.prijedordanas.com\/index.php?rest_route=%2Fwp%2Fv2%2Fcategories&post=149191"},{"taxonomy":"post_tag","embeddable":true,"href":"https:\/\/www.prijedordanas.com\/index.php?rest_route=%2Fwp%2Fv2%2Ftags&post=149191"}],"curies":[{"name":"wp","href":"https:\/\/api.w.org\/{rel}","templated":true}]}}