{"id":148872,"date":"2020-06-07T08:38:49","date_gmt":"2020-06-07T06:38:49","guid":{"rendered":"https:\/\/www.prijedordanas.com\/?p=148872"},"modified":"2020-06-07T08:38:49","modified_gmt":"2020-06-07T06:38:49","slug":"ostra-luka-poslije-pandemije-vraca-se-zivot-video","status":"publish","type":"post","link":"https:\/\/www.prijedordanas.com\/?p=148872","title":{"rendered":"O\u0161tra Luka: Poslije pandemije vra\u0107a se \u017eivot &#8211; VIDEO"},"content":{"rendered":"<p><a href=\"https:\/\/www.prijedordanas.com\/wp-content\/uploads\/2020\/06\/rtrs-ostra-luka-juni-2020.jpg\"><img loading=\"lazy\" decoding=\"async\" src=\"https:\/\/www.prijedordanas.com\/wp-content\/uploads\/2020\/06\/rtrs-ostra-luka-juni-2020-300x225.jpg\" alt=\"\" width=\"300\" height=\"225\" class=\"alignleft size-medium wp-image-148881\" srcset=\"https:\/\/www.prijedordanas.com\/wp-content\/uploads\/2020\/06\/rtrs-ostra-luka-juni-2020-300x225.jpg 300w, https:\/\/www.prijedordanas.com\/wp-content\/uploads\/2020\/06\/rtrs-ostra-luka-juni-2020-640x480.jpg 640w, https:\/\/www.prijedordanas.com\/wp-content\/uploads\/2020\/06\/rtrs-ostra-luka-juni-2020.jpg 666w\" sizes=\"(max-width: 300px) 100vw, 300px\" \/><\/a>Osamnest oboljelih i tri preminula lica, dosada\u0161nji je bilans pandemije virusa korona u maloj pograni\u010dnoj op\u0161tini O\u0161tra Luka. U samo nekoliko dana broj zara\u017eenih u ovoj lokalnoj zajednici naglo se pove\u0107ao. Danas, kada vi\u0161e nemaju zara\u017eenih, poku\u0161avaju da se vrate normalnom \u017eivotu.<\/p>\n<p>Me\u0111u zara\u017eenima, bio je i voza\u010d Doma zdravlja iz O\u0161tre Luke. Poma\u017eu\u0107i oboljelima i sam je postao pacijent. Gubitak \u010dula mirisa, jedini je simptom, koji je imao.<\/p>\n<p>&#8211; \u0408a sam odli\u010dno pro\u0161ao. Moje kolege koji i ja bili smo zajedno u Studentskom centru. Do momenta dok nije do\u0161ao nalaz da mi je porodica negativna na virus, razmi\u0161ljao sam o svemu, a poslije toga sam se osje\u0107ao kao kod ku\u0107e &#8211; ka\u017ee Milan Gruji\u010di\u0107, voza\u010d u Domu zdravlja O\u0161tra Luka.<\/p>\n<p>Iako potpuno oporavljen, ka\u017ee, pe\u010dat oboljelog od korone, jo\u0161 nosi. Virus jenjava, ali strah u dru\u0161tvu i dalje postoji.<\/p>\n<p>&#8211; Nekada ne\u0107e da se rukuju sam nom, ljudi se boje, vjerovatno iz razloga \u0161to je bilo prisutno mnogo pri\u010de o virusu &#8211; dodaje Gruji\u010di\u0107.<\/p>\n<p>Bolest je pobijedio i vratio se svakodnevici i radnim obavezama. Korak je to naprijed i za Dom zdravlja u O\u0161troj Luci, koja je od ukupno 20 zapsolenih, u jednom trenutku ostala bez \u010detiri radnika, koji su bili pozitivni na virus korona.<\/p>\n<p>&#8211; Radnici se lagano oporavljaju i vra\u0107aju radnim obavezama, samim tim je puno lak\u0161e raditi i funkcionisati &#8211; isti\u010de Milena Trnini\u0107, direktorka Doma zdravlja O\u0161tra Luka.<\/p>\n<p>Mje\u0161tani O\u0161tre Luke, iako s oprezom, vra\u0107aju se normalnom \u017eivotu.<\/p>\n<p>Rebalansom bud\u017eeta, u narednom periodu, rukovodstvo ove op\u0161tine, izdvoji\u0107e sredstva da bi pomoglo u sanaciji \u0161tete od posljedica virusa korona.<\/p>\n<p>&#8211; Mi \u0107emo gledati da pomognemo oblast poljoprivrede, da iza\u0111emo u susret, olak\u0161amo i saniramo te posledice koje su nastale pojavom virusa korona &#8211; jasan je Dtagan Stanar, na\u010delnik op\u0161tine O\u0161tra Luka.<\/p>\n<p>Iako je zbog pandemije, ekonomski, pogo\u0111ena i ova op\u0161tina, Stanar isti\u010de, da finansiranje op\u0161tine nije ugro\u017eeno.<\/p>\n<p>RTRS<\/p>\n<p><iframe loading=\"lazy\" title=\"O\u0161tra Luka: Poslije pandemije vra\u0107a se \u017eivot\" width=\"500\" height=\"281\" src=\"https:\/\/www.youtube.com\/embed\/nRcOfY8mEDs?feature=oembed\" frameborder=\"0\" allow=\"accelerometer; autoplay; encrypted-media; gyroscope; picture-in-picture\" allowfullscreen><\/iframe><\/p>\n","protected":false},"excerpt":{"rendered":"<p>Osamnest oboljelih i tri preminula lica, dosada\u0161nji je bilans pandemije virusa korona u maloj pograni\u010dnoj op\u0161tini O\u0161tra Luka. U samo nekoliko dana broj zara\u017eenih u ovoj lokalnoj zajednici naglo se [&hellip;]<\/p>\n","protected":false},"author":1,"featured_media":0,"comment_status":"closed","ping_status":"open","sticky":false,"template":"","format":"standard","meta":{"_monsterinsights_skip_tracking":false,"_monsterinsights_sitenote_active":false,"_monsterinsights_sitenote_note":"","_monsterinsights_sitenote_category":0,"footnotes":""},"categories":[3],"tags":[11081,170],"yoast_head":"<!-- This site is optimized with the Yoast SEO plugin v21.6 - https:\/\/yoast.com\/wordpress\/plugins\/seo\/ -->\n<title>O\u0161tra Luka: Poslije pandemije vra\u0107a se \u017eivot - VIDEO - PrijedorDanas.com - Prijedorski gradski portal<\/title>\n<meta name=\"robots\" content=\"index, follow, max-snippet:-1, max-image-preview:large, max-video-preview:-1\" \/>\n<link rel=\"canonical\" href=\"https:\/\/www.prijedordanas.com\/?p=148872\" \/>\n<meta property=\"og:locale\" content=\"en_US\" \/>\n<meta property=\"og:type\" content=\"article\" \/>\n<meta property=\"og:title\" content=\"O\u0161tra Luka: Poslije pandemije vra\u0107a se \u017eivot - VIDEO - PrijedorDanas.com - Prijedorski gradski portal\" \/>\n<meta property=\"og:description\" content=\"Osamnest oboljelih i tri preminula lica, dosada\u0161nji je bilans pandemije virusa korona u maloj pograni\u010dnoj op\u0161tini O\u0161tra Luka. U samo nekoliko dana broj zara\u017eenih u ovoj lokalnoj zajednici naglo se [&hellip;]\" \/>\n<meta property=\"og:url\" content=\"https:\/\/www.prijedordanas.com\/?p=148872\" \/>\n<meta property=\"og:site_name\" content=\"PrijedorDanas.com - Prijedorski gradski portal\" \/>\n<meta property=\"article:publisher\" content=\"https:\/\/www.facebook.com\/PrijedorDanasCom\/\" \/>\n<meta property=\"article:published_time\" content=\"2020-06-07T06:38:49+00:00\" \/>\n<meta property=\"og:image\" content=\"https:\/\/www.prijedordanas.com\/wp-content\/uploads\/2020\/06\/rtrs-ostra-luka-juni-2020-300x225.jpg\" \/>\n<meta name=\"author\" content=\"admin\" \/>\n<meta name=\"twitter:card\" content=\"summary_large_image\" \/>\n<meta name=\"twitter:label1\" content=\"Written by\" \/>\n\t<meta name=\"twitter:data1\" content=\"admin\" \/>\n\t<meta name=\"twitter:label2\" content=\"Est. reading time\" \/>\n\t<meta name=\"twitter:data2\" content=\"2 minutes\" \/>\n<script type=\"application\/ld+json\" class=\"yoast-schema-graph\">{\"@context\":\"https:\/\/schema.org\",\"@graph\":[{\"@type\":\"Article\",\"@id\":\"https:\/\/www.prijedordanas.com\/?p=148872#article\",\"isPartOf\":{\"@id\":\"https:\/\/www.prijedordanas.com\/?p=148872\"},\"author\":{\"name\":\"admin\",\"@id\":\"https:\/\/www.prijedordanas.com\/#\/schema\/person\/4e08ccf29b506ca916ff86d46bb700e6\"},\"headline\":\"O\u0161tra Luka: Poslije pandemije vra\u0107a se \u017eivot &#8211; VIDEO\",\"datePublished\":\"2020-06-07T06:38:49+00:00\",\"dateModified\":\"2020-06-07T06:38:49+00:00\",\"mainEntityOfPage\":{\"@id\":\"https:\/\/www.prijedordanas.com\/?p=148872\"},\"wordCount\":376,\"publisher\":{\"@id\":\"https:\/\/www.prijedordanas.com\/#organization\"},\"keywords\":[\"korona\",\"O\u0161tra Luka\"],\"articleSection\":[\"\u017divot\"],\"inLanguage\":\"en-US\"},{\"@type\":\"WebPage\",\"@id\":\"https:\/\/www.prijedordanas.com\/?p=148872\",\"url\":\"https:\/\/www.prijedordanas.com\/?p=148872\",\"name\":\"O\u0161tra Luka: Poslije pandemije vra\u0107a se \u017eivot - VIDEO - PrijedorDanas.com - Prijedorski gradski portal\",\"isPartOf\":{\"@id\":\"https:\/\/www.prijedordanas.com\/#website\"},\"datePublished\":\"2020-06-07T06:38:49+00:00\",\"dateModified\":\"2020-06-07T06:38:49+00:00\",\"breadcrumb\":{\"@id\":\"https:\/\/www.prijedordanas.com\/?p=148872#breadcrumb\"},\"inLanguage\":\"en-US\",\"potentialAction\":[{\"@type\":\"ReadAction\",\"target\":[\"https:\/\/www.prijedordanas.com\/?p=148872\"]}]},{\"@type\":\"BreadcrumbList\",\"@id\":\"https:\/\/www.prijedordanas.com\/?p=148872#breadcrumb\",\"itemListElement\":[{\"@type\":\"ListItem\",\"position\":1,\"name\":\"Home\",\"item\":\"https:\/\/www.prijedordanas.com\/\"},{\"@type\":\"ListItem\",\"position\":2,\"name\":\"O\u0161tra Luka: Poslije pandemije vra\u0107a se \u017eivot &#8211; VIDEO\"}]},{\"@type\":\"WebSite\",\"@id\":\"https:\/\/www.prijedordanas.com\/#website\",\"url\":\"https:\/\/www.prijedordanas.com\/\",\"name\":\"PrijedorDanas.com - Prijedorski gradski portal\",\"description\":\"Portal o doga\u0111anjima u gradu Prijedoru\",\"publisher\":{\"@id\":\"https:\/\/www.prijedordanas.com\/#organization\"},\"potentialAction\":[{\"@type\":\"SearchAction\",\"target\":{\"@type\":\"EntryPoint\",\"urlTemplate\":\"https:\/\/www.prijedordanas.com\/?s={search_term_string}\"},\"query-input\":\"required name=search_term_string\"}],\"inLanguage\":\"en-US\"},{\"@type\":\"Organization\",\"@id\":\"https:\/\/www.prijedordanas.com\/#organization\",\"name\":\"PrijedorDanas.com\",\"url\":\"https:\/\/www.prijedordanas.com\/\",\"logo\":{\"@type\":\"ImageObject\",\"inLanguage\":\"en-US\",\"@id\":\"https:\/\/www.prijedordanas.com\/#\/schema\/logo\/image\/\",\"url\":\"http:\/\/www.prijedordanas.com\/wp-content\/uploads\/2021\/12\/logopng.png\",\"contentUrl\":\"http:\/\/www.prijedordanas.com\/wp-content\/uploads\/2021\/12\/logopng.png\",\"width\":1019,\"height\":776,\"caption\":\"PrijedorDanas.com\"},\"image\":{\"@id\":\"https:\/\/www.prijedordanas.com\/#\/schema\/logo\/image\/\"},\"sameAs\":[\"https:\/\/www.facebook.com\/PrijedorDanasCom\/\"]},{\"@type\":\"Person\",\"@id\":\"https:\/\/www.prijedordanas.com\/#\/schema\/person\/4e08ccf29b506ca916ff86d46bb700e6\",\"name\":\"admin\",\"image\":{\"@type\":\"ImageObject\",\"inLanguage\":\"en-US\",\"@id\":\"https:\/\/www.prijedordanas.com\/#\/schema\/person\/image\/\",\"url\":\"https:\/\/secure.gravatar.com\/avatar\/1d3fc949d550f0b53a5f0d51e06dfd79?s=96&d=mm&r=g\",\"contentUrl\":\"https:\/\/secure.gravatar.com\/avatar\/1d3fc949d550f0b53a5f0d51e06dfd79?s=96&d=mm&r=g\",\"caption\":\"admin\"},\"url\":\"https:\/\/www.prijedordanas.com\/?author=1\"}]}<\/script>\n<!-- \/ Yoast SEO plugin. -->","yoast_head_json":{"title":"O\u0161tra Luka: Poslije pandemije vra\u0107a se \u017eivot - VIDEO - PrijedorDanas.com - Prijedorski gradski portal","robots":{"index":"index","follow":"follow","max-snippet":"max-snippet:-1","max-image-preview":"max-image-preview:large","max-video-preview":"max-video-preview:-1"},"canonical":"https:\/\/www.prijedordanas.com\/?p=148872","og_locale":"en_US","og_type":"article","og_title":"O\u0161tra Luka: Poslije pandemije vra\u0107a se \u017eivot - VIDEO - PrijedorDanas.com - Prijedorski gradski portal","og_description":"Osamnest oboljelih i tri preminula lica, dosada\u0161nji je bilans pandemije virusa korona u maloj pograni\u010dnoj op\u0161tini O\u0161tra Luka. U samo nekoliko dana broj zara\u017eenih u ovoj lokalnoj zajednici naglo se [&hellip;]","og_url":"https:\/\/www.prijedordanas.com\/?p=148872","og_site_name":"PrijedorDanas.com - Prijedorski gradski portal","article_publisher":"https:\/\/www.facebook.com\/PrijedorDanasCom\/","article_published_time":"2020-06-07T06:38:49+00:00","og_image":[{"url":"https:\/\/www.prijedordanas.com\/wp-content\/uploads\/2020\/06\/rtrs-ostra-luka-juni-2020-300x225.jpg"}],"author":"admin","twitter_card":"summary_large_image","twitter_misc":{"Written by":"admin","Est. reading time":"2 minutes"},"schema":{"@context":"https:\/\/schema.org","@graph":[{"@type":"Article","@id":"https:\/\/www.prijedordanas.com\/?p=148872#article","isPartOf":{"@id":"https:\/\/www.prijedordanas.com\/?p=148872"},"author":{"name":"admin","@id":"https:\/\/www.prijedordanas.com\/#\/schema\/person\/4e08ccf29b506ca916ff86d46bb700e6"},"headline":"O\u0161tra Luka: Poslije pandemije vra\u0107a se \u017eivot &#8211; VIDEO","datePublished":"2020-06-07T06:38:49+00:00","dateModified":"2020-06-07T06:38:49+00:00","mainEntityOfPage":{"@id":"https:\/\/www.prijedordanas.com\/?p=148872"},"wordCount":376,"publisher":{"@id":"https:\/\/www.prijedordanas.com\/#organization"},"keywords":["korona","O\u0161tra Luka"],"articleSection":["\u017divot"],"inLanguage":"en-US"},{"@type":"WebPage","@id":"https:\/\/www.prijedordanas.com\/?p=148872","url":"https:\/\/www.prijedordanas.com\/?p=148872","name":"O\u0161tra Luka: Poslije pandemije vra\u0107a se \u017eivot - VIDEO - PrijedorDanas.com - Prijedorski gradski portal","isPartOf":{"@id":"https:\/\/www.prijedordanas.com\/#website"},"datePublished":"2020-06-07T06:38:49+00:00","dateModified":"2020-06-07T06:38:49+00:00","breadcrumb":{"@id":"https:\/\/www.prijedordanas.com\/?p=148872#breadcrumb"},"inLanguage":"en-US","potentialAction":[{"@type":"ReadAction","target":["https:\/\/www.prijedordanas.com\/?p=148872"]}]},{"@type":"BreadcrumbList","@id":"https:\/\/www.prijedordanas.com\/?p=148872#breadcrumb","itemListElement":[{"@type":"ListItem","position":1,"name":"Home","item":"https:\/\/www.prijedordanas.com\/"},{"@type":"ListItem","position":2,"name":"O\u0161tra Luka: Poslije pandemije vra\u0107a se \u017eivot &#8211; VIDEO"}]},{"@type":"WebSite","@id":"https:\/\/www.prijedordanas.com\/#website","url":"https:\/\/www.prijedordanas.com\/","name":"PrijedorDanas.com - Prijedorski gradski portal","description":"Portal o doga\u0111anjima u gradu Prijedoru","publisher":{"@id":"https:\/\/www.prijedordanas.com\/#organization"},"potentialAction":[{"@type":"SearchAction","target":{"@type":"EntryPoint","urlTemplate":"https:\/\/www.prijedordanas.com\/?s={search_term_string}"},"query-input":"required name=search_term_string"}],"inLanguage":"en-US"},{"@type":"Organization","@id":"https:\/\/www.prijedordanas.com\/#organization","name":"PrijedorDanas.com","url":"https:\/\/www.prijedordanas.com\/","logo":{"@type":"ImageObject","inLanguage":"en-US","@id":"https:\/\/www.prijedordanas.com\/#\/schema\/logo\/image\/","url":"http:\/\/www.prijedordanas.com\/wp-content\/uploads\/2021\/12\/logopng.png","contentUrl":"http:\/\/www.prijedordanas.com\/wp-content\/uploads\/2021\/12\/logopng.png","width":1019,"height":776,"caption":"PrijedorDanas.com"},"image":{"@id":"https:\/\/www.prijedordanas.com\/#\/schema\/logo\/image\/"},"sameAs":["https:\/\/www.facebook.com\/PrijedorDanasCom\/"]},{"@type":"Person","@id":"https:\/\/www.prijedordanas.com\/#\/schema\/person\/4e08ccf29b506ca916ff86d46bb700e6","name":"admin","image":{"@type":"ImageObject","inLanguage":"en-US","@id":"https:\/\/www.prijedordanas.com\/#\/schema\/person\/image\/","url":"https:\/\/secure.gravatar.com\/avatar\/1d3fc949d550f0b53a5f0d51e06dfd79?s=96&d=mm&r=g","contentUrl":"https:\/\/secure.gravatar.com\/avatar\/1d3fc949d550f0b53a5f0d51e06dfd79?s=96&d=mm&r=g","caption":"admin"},"url":"https:\/\/www.prijedordanas.com\/?author=1"}]}},"_links":{"self":[{"href":"https:\/\/www.prijedordanas.com\/index.php?rest_route=\/wp\/v2\/posts\/148872"}],"collection":[{"href":"https:\/\/www.prijedordanas.com\/index.php?rest_route=\/wp\/v2\/posts"}],"about":[{"href":"https:\/\/www.prijedordanas.com\/index.php?rest_route=\/wp\/v2\/types\/post"}],"author":[{"embeddable":true,"href":"https:\/\/www.prijedordanas.com\/index.php?rest_route=\/wp\/v2\/users\/1"}],"replies":[{"embeddable":true,"href":"https:\/\/www.prijedordanas.com\/index.php?rest_route=%2Fwp%2Fv2%2Fcomments&post=148872"}],"version-history":[{"count":1,"href":"https:\/\/www.prijedordanas.com\/index.php?rest_route=\/wp\/v2\/posts\/148872\/revisions"}],"predecessor-version":[{"id":148882,"href":"https:\/\/www.prijedordanas.com\/index.php?rest_route=\/wp\/v2\/posts\/148872\/revisions\/148882"}],"wp:attachment":[{"href":"https:\/\/www.prijedordanas.com\/index.php?rest_route=%2Fwp%2Fv2%2Fmedia&parent=148872"}],"wp:term":[{"taxonomy":"category","embeddable":true,"href":"https:\/\/www.prijedordanas.com\/index.php?rest_route=%2Fwp%2Fv2%2Fcategories&post=148872"},{"taxonomy":"post_tag","embeddable":true,"href":"https:\/\/www.prijedordanas.com\/index.php?rest_route=%2Fwp%2Fv2%2Ftags&post=148872"}],"curies":[{"name":"wp","href":"https:\/\/api.w.org\/{rel}","templated":true}]}}