{"id":148536,"date":"2020-06-03T09:00:49","date_gmt":"2020-06-03T07:00:49","guid":{"rendered":"https:\/\/www.prijedordanas.com\/?p=148536"},"modified":"2020-06-03T09:00:49","modified_gmt":"2020-06-03T07:00:49","slug":"usred-proljeca-kupuju-drva-za-zimu","status":"publish","type":"post","link":"https:\/\/www.prijedordanas.com\/?p=148536","title":{"rendered":"Usred prolje\u0107a kupuju drva za zimu"},"content":{"rendered":"<p><a href=\"https:\/\/www.prijedordanas.com\/wp-content\/uploads\/2020\/06\/nezavisne-priprema-drva.jpg\"><img loading=\"lazy\" decoding=\"async\" src=\"https:\/\/www.prijedordanas.com\/wp-content\/uploads\/2020\/06\/nezavisne-priprema-drva-300x222.jpg\" alt=\"\" width=\"300\" height=\"222\" class=\"alignleft size-medium wp-image-148537\" srcset=\"https:\/\/www.prijedordanas.com\/wp-content\/uploads\/2020\/06\/nezavisne-priprema-drva-300x222.jpg 300w, https:\/\/www.prijedordanas.com\/wp-content\/uploads\/2020\/06\/nezavisne-priprema-drva.jpg 675w\" sizes=\"(max-width: 300px) 100vw, 300px\" \/><\/a>Iako smo, kalendarski, usred prolje\u0107a, a od ljeta nas dijeli jo\u0161 nekoliko sedmica, gra\u0111ani su uveliko po\u010deli spremati ogrev za predstoje\u0107u zimu.<\/p>\n<p>I to ranije nego ikad, tvrde u udru\u017eenjima za za\u0161titu potro\u0161a\u010da, odakle ovakav trend obja\u0161njavaju mogu\u0107no\u0161\u0107u da \u0107e drva, kako vrijeme bude prolazilo, poskupljivati.<\/p>\n<p>Ra\u010duna na to i Marko M. iz Banjaluke, koji isti\u010de da su mu drva stigla prije nekoliko sedmica. Smatra da nije po\u017eurio.<\/p>\n<p>&#8220;Neka ih pred ku\u0107om. Lako \u0107emo izrezati i iscijepati, bitno je da su u dvori\u0161tu. Sad je lako. Narednih dana \u0107u zovnuti nekog da drva izre\u017ee, a onda \u0107u ih s nekoliko kom\u0161ija iscijepati. Lak\u0161e je sad nego u jesen, kad krenu ki\u0161e. A i jeftinije je, ra\u010dunam&#8221;, pri\u010da nam ovaj Banjalu\u010danin.<\/p>\n<p>Nije on jedini koji je poranio s pripremom drva za ogrev, napominju borci za za\u0161titu potro\u0161a\u010da. Zvuk motorki i sjekira ve\u0107 se \u010duje u brojnim gradovima.<\/p>\n<p>&#8220;Veliki broj ljudi ovdje ve\u0107 je nabavio drva za sljede\u0107u sezonu. To je pokazatelj koliko se narod pla\u0161i, pogotovo jeseni, jer ve\u0107 sada su 75 maraka hrastova drva, a bukova ve\u0107 80 KM. Svi se pla\u0161e da \u0107e poskupljivati. Mi znamo da je pro\u0161le godine u jesen cijena dostigla oko 100 maraka&#8221;, rekla je za &#8220;Nezavisne novine&#8221; Murisa Mari\u0107, izvr\u0161na direktorica Udru\u017eenja gra\u0111ana DON Prijedor.<\/p>\n<p>Prema njenim rije\u010dima, nije uobi\u010dajeno da se ve\u0107 u aprilu i maju nabavljaju drva za ogrev.<\/p>\n<p>&#8220;Mi smo ovdje svi iznena\u0111eni. Evo i mi smo svojoj majci nabavili drva, \u0161to nikad nismo uradili u maju. Ve\u0107 su iscijepana, u dvori\u0161tu. Vidjeli smo da ide cijena ka gore i bili smo primorani da odreagujemo. Tr\u017ei\u0161te je i te kako uzdrmano i svi se pla\u0161e \u0161ta \u0107e tek biti. I gorivo je ve\u0107 pomalo po\u010delo poskupljivati&#8221;, nagla\u0161ava Mari\u0107eva.<\/p>\n<p>Kada je rije\u010d o ponudi u oglasima, bogata je, a cijene su \u0161arolike, \u0161to zavisi od brojnih faktora, uklju\u010duju\u0107i kvalitet ogreva te lokaciju.<\/p>\n<p>Zanimljivo je da pojedini trgovci sada nude i akcijske cijene, pa je, recimo, u Sarajevu, kako je navedeno, prvoklasno bukovo drvo mogu\u0107e kupiti ve\u0107 za 70 maraka po metru.<\/p>\n<p>Jedan prodavac u \u0160irokom Brijegu navodi da kod njega bukovo drvo, u metaricama, ko\u0161ta 90 KM po kubiku, a iscijepano je 20 maraka skuplje, \u0161to zna\u010di &#8211; \u010dak 110 maraka.<\/p>\n<p>Kada je Banjaluka u pitanju, trgovci uglavnom tra\u017ee oko 75 maraka po kubnom metru neiscijepane bukovine.<\/p>\n<p>Nezavisne novine<\/p>\n","protected":false},"excerpt":{"rendered":"<p>Iako smo, kalendarski, usred prolje\u0107a, a od ljeta nas dijeli jo\u0161 nekoliko sedmica, gra\u0111ani su uveliko po\u010deli spremati ogrev za predstoje\u0107u zimu. I to ranije nego ikad, tvrde u udru\u017eenjima [&hellip;]<\/p>\n","protected":false},"author":1,"featured_media":0,"comment_status":"closed","ping_status":"open","sticky":false,"template":"","format":"standard","meta":{"_monsterinsights_skip_tracking":false,"_monsterinsights_sitenote_active":false,"_monsterinsights_sitenote_note":"","_monsterinsights_sitenote_category":0,"footnotes":""},"categories":[8],"tags":[2564],"yoast_head":"<!-- This site is optimized with the Yoast SEO plugin v21.6 - https:\/\/yoast.com\/wordpress\/plugins\/seo\/ -->\n<title>Usred prolje\u0107a kupuju drva za zimu - PrijedorDanas.com - Prijedorski gradski portal<\/title>\n<meta name=\"robots\" content=\"index, follow, max-snippet:-1, max-image-preview:large, max-video-preview:-1\" \/>\n<link rel=\"canonical\" href=\"https:\/\/www.prijedordanas.com\/?p=148536\" \/>\n<meta property=\"og:locale\" content=\"en_US\" \/>\n<meta property=\"og:type\" content=\"article\" \/>\n<meta property=\"og:title\" content=\"Usred prolje\u0107a kupuju drva za zimu - PrijedorDanas.com - Prijedorski gradski portal\" \/>\n<meta property=\"og:description\" content=\"Iako smo, kalendarski, usred prolje\u0107a, a od ljeta nas dijeli jo\u0161 nekoliko sedmica, gra\u0111ani su uveliko po\u010deli spremati ogrev za predstoje\u0107u zimu. I to ranije nego ikad, tvrde u udru\u017eenjima [&hellip;]\" \/>\n<meta property=\"og:url\" content=\"https:\/\/www.prijedordanas.com\/?p=148536\" \/>\n<meta property=\"og:site_name\" content=\"PrijedorDanas.com - Prijedorski gradski portal\" \/>\n<meta property=\"article:publisher\" content=\"https:\/\/www.facebook.com\/PrijedorDanasCom\/\" \/>\n<meta property=\"article:published_time\" content=\"2020-06-03T07:00:49+00:00\" \/>\n<meta property=\"og:image\" content=\"https:\/\/www.prijedordanas.com\/wp-content\/uploads\/2020\/06\/nezavisne-priprema-drva-300x222.jpg\" \/>\n<meta name=\"author\" content=\"admin\" \/>\n<meta name=\"twitter:card\" content=\"summary_large_image\" \/>\n<meta name=\"twitter:label1\" content=\"Written by\" \/>\n\t<meta name=\"twitter:data1\" content=\"admin\" \/>\n\t<meta name=\"twitter:label2\" content=\"Est. reading time\" \/>\n\t<meta name=\"twitter:data2\" content=\"2 minutes\" \/>\n<script type=\"application\/ld+json\" class=\"yoast-schema-graph\">{\"@context\":\"https:\/\/schema.org\",\"@graph\":[{\"@type\":\"Article\",\"@id\":\"https:\/\/www.prijedordanas.com\/?p=148536#article\",\"isPartOf\":{\"@id\":\"https:\/\/www.prijedordanas.com\/?p=148536\"},\"author\":{\"name\":\"admin\",\"@id\":\"https:\/\/www.prijedordanas.com\/#\/schema\/person\/4e08ccf29b506ca916ff86d46bb700e6\"},\"headline\":\"Usred prolje\u0107a kupuju drva za zimu\",\"datePublished\":\"2020-06-03T07:00:49+00:00\",\"dateModified\":\"2020-06-03T07:00:49+00:00\",\"mainEntityOfPage\":{\"@id\":\"https:\/\/www.prijedordanas.com\/?p=148536\"},\"wordCount\":435,\"publisher\":{\"@id\":\"https:\/\/www.prijedordanas.com\/#organization\"},\"keywords\":[\"drva\"],\"articleSection\":[\"Svakodnevno\"],\"inLanguage\":\"en-US\"},{\"@type\":\"WebPage\",\"@id\":\"https:\/\/www.prijedordanas.com\/?p=148536\",\"url\":\"https:\/\/www.prijedordanas.com\/?p=148536\",\"name\":\"Usred prolje\u0107a kupuju drva za zimu - PrijedorDanas.com - Prijedorski gradski portal\",\"isPartOf\":{\"@id\":\"https:\/\/www.prijedordanas.com\/#website\"},\"datePublished\":\"2020-06-03T07:00:49+00:00\",\"dateModified\":\"2020-06-03T07:00:49+00:00\",\"breadcrumb\":{\"@id\":\"https:\/\/www.prijedordanas.com\/?p=148536#breadcrumb\"},\"inLanguage\":\"en-US\",\"potentialAction\":[{\"@type\":\"ReadAction\",\"target\":[\"https:\/\/www.prijedordanas.com\/?p=148536\"]}]},{\"@type\":\"BreadcrumbList\",\"@id\":\"https:\/\/www.prijedordanas.com\/?p=148536#breadcrumb\",\"itemListElement\":[{\"@type\":\"ListItem\",\"position\":1,\"name\":\"Home\",\"item\":\"https:\/\/www.prijedordanas.com\/\"},{\"@type\":\"ListItem\",\"position\":2,\"name\":\"Usred prolje\u0107a kupuju drva za zimu\"}]},{\"@type\":\"WebSite\",\"@id\":\"https:\/\/www.prijedordanas.com\/#website\",\"url\":\"https:\/\/www.prijedordanas.com\/\",\"name\":\"PrijedorDanas.com - Prijedorski gradski portal\",\"description\":\"Portal o doga\u0111anjima u gradu Prijedoru\",\"publisher\":{\"@id\":\"https:\/\/www.prijedordanas.com\/#organization\"},\"potentialAction\":[{\"@type\":\"SearchAction\",\"target\":{\"@type\":\"EntryPoint\",\"urlTemplate\":\"https:\/\/www.prijedordanas.com\/?s={search_term_string}\"},\"query-input\":\"required name=search_term_string\"}],\"inLanguage\":\"en-US\"},{\"@type\":\"Organization\",\"@id\":\"https:\/\/www.prijedordanas.com\/#organization\",\"name\":\"PrijedorDanas.com\",\"url\":\"https:\/\/www.prijedordanas.com\/\",\"logo\":{\"@type\":\"ImageObject\",\"inLanguage\":\"en-US\",\"@id\":\"https:\/\/www.prijedordanas.com\/#\/schema\/logo\/image\/\",\"url\":\"http:\/\/www.prijedordanas.com\/wp-content\/uploads\/2021\/12\/logopng.png\",\"contentUrl\":\"http:\/\/www.prijedordanas.com\/wp-content\/uploads\/2021\/12\/logopng.png\",\"width\":1019,\"height\":776,\"caption\":\"PrijedorDanas.com\"},\"image\":{\"@id\":\"https:\/\/www.prijedordanas.com\/#\/schema\/logo\/image\/\"},\"sameAs\":[\"https:\/\/www.facebook.com\/PrijedorDanasCom\/\"]},{\"@type\":\"Person\",\"@id\":\"https:\/\/www.prijedordanas.com\/#\/schema\/person\/4e08ccf29b506ca916ff86d46bb700e6\",\"name\":\"admin\",\"image\":{\"@type\":\"ImageObject\",\"inLanguage\":\"en-US\",\"@id\":\"https:\/\/www.prijedordanas.com\/#\/schema\/person\/image\/\",\"url\":\"https:\/\/secure.gravatar.com\/avatar\/1d3fc949d550f0b53a5f0d51e06dfd79?s=96&d=mm&r=g\",\"contentUrl\":\"https:\/\/secure.gravatar.com\/avatar\/1d3fc949d550f0b53a5f0d51e06dfd79?s=96&d=mm&r=g\",\"caption\":\"admin\"},\"url\":\"https:\/\/www.prijedordanas.com\/?author=1\"}]}<\/script>\n<!-- \/ Yoast SEO plugin. -->","yoast_head_json":{"title":"Usred prolje\u0107a kupuju drva za zimu - PrijedorDanas.com - Prijedorski gradski portal","robots":{"index":"index","follow":"follow","max-snippet":"max-snippet:-1","max-image-preview":"max-image-preview:large","max-video-preview":"max-video-preview:-1"},"canonical":"https:\/\/www.prijedordanas.com\/?p=148536","og_locale":"en_US","og_type":"article","og_title":"Usred prolje\u0107a kupuju drva za zimu - PrijedorDanas.com - Prijedorski gradski portal","og_description":"Iako smo, kalendarski, usred prolje\u0107a, a od ljeta nas dijeli jo\u0161 nekoliko sedmica, gra\u0111ani su uveliko po\u010deli spremati ogrev za predstoje\u0107u zimu. I to ranije nego ikad, tvrde u udru\u017eenjima [&hellip;]","og_url":"https:\/\/www.prijedordanas.com\/?p=148536","og_site_name":"PrijedorDanas.com - Prijedorski gradski portal","article_publisher":"https:\/\/www.facebook.com\/PrijedorDanasCom\/","article_published_time":"2020-06-03T07:00:49+00:00","og_image":[{"url":"https:\/\/www.prijedordanas.com\/wp-content\/uploads\/2020\/06\/nezavisne-priprema-drva-300x222.jpg"}],"author":"admin","twitter_card":"summary_large_image","twitter_misc":{"Written by":"admin","Est. reading time":"2 minutes"},"schema":{"@context":"https:\/\/schema.org","@graph":[{"@type":"Article","@id":"https:\/\/www.prijedordanas.com\/?p=148536#article","isPartOf":{"@id":"https:\/\/www.prijedordanas.com\/?p=148536"},"author":{"name":"admin","@id":"https:\/\/www.prijedordanas.com\/#\/schema\/person\/4e08ccf29b506ca916ff86d46bb700e6"},"headline":"Usred prolje\u0107a kupuju drva za zimu","datePublished":"2020-06-03T07:00:49+00:00","dateModified":"2020-06-03T07:00:49+00:00","mainEntityOfPage":{"@id":"https:\/\/www.prijedordanas.com\/?p=148536"},"wordCount":435,"publisher":{"@id":"https:\/\/www.prijedordanas.com\/#organization"},"keywords":["drva"],"articleSection":["Svakodnevno"],"inLanguage":"en-US"},{"@type":"WebPage","@id":"https:\/\/www.prijedordanas.com\/?p=148536","url":"https:\/\/www.prijedordanas.com\/?p=148536","name":"Usred prolje\u0107a kupuju drva za zimu - PrijedorDanas.com - Prijedorski gradski portal","isPartOf":{"@id":"https:\/\/www.prijedordanas.com\/#website"},"datePublished":"2020-06-03T07:00:49+00:00","dateModified":"2020-06-03T07:00:49+00:00","breadcrumb":{"@id":"https:\/\/www.prijedordanas.com\/?p=148536#breadcrumb"},"inLanguage":"en-US","potentialAction":[{"@type":"ReadAction","target":["https:\/\/www.prijedordanas.com\/?p=148536"]}]},{"@type":"BreadcrumbList","@id":"https:\/\/www.prijedordanas.com\/?p=148536#breadcrumb","itemListElement":[{"@type":"ListItem","position":1,"name":"Home","item":"https:\/\/www.prijedordanas.com\/"},{"@type":"ListItem","position":2,"name":"Usred prolje\u0107a kupuju drva za zimu"}]},{"@type":"WebSite","@id":"https:\/\/www.prijedordanas.com\/#website","url":"https:\/\/www.prijedordanas.com\/","name":"PrijedorDanas.com - Prijedorski gradski portal","description":"Portal o doga\u0111anjima u gradu Prijedoru","publisher":{"@id":"https:\/\/www.prijedordanas.com\/#organization"},"potentialAction":[{"@type":"SearchAction","target":{"@type":"EntryPoint","urlTemplate":"https:\/\/www.prijedordanas.com\/?s={search_term_string}"},"query-input":"required name=search_term_string"}],"inLanguage":"en-US"},{"@type":"Organization","@id":"https:\/\/www.prijedordanas.com\/#organization","name":"PrijedorDanas.com","url":"https:\/\/www.prijedordanas.com\/","logo":{"@type":"ImageObject","inLanguage":"en-US","@id":"https:\/\/www.prijedordanas.com\/#\/schema\/logo\/image\/","url":"http:\/\/www.prijedordanas.com\/wp-content\/uploads\/2021\/12\/logopng.png","contentUrl":"http:\/\/www.prijedordanas.com\/wp-content\/uploads\/2021\/12\/logopng.png","width":1019,"height":776,"caption":"PrijedorDanas.com"},"image":{"@id":"https:\/\/www.prijedordanas.com\/#\/schema\/logo\/image\/"},"sameAs":["https:\/\/www.facebook.com\/PrijedorDanasCom\/"]},{"@type":"Person","@id":"https:\/\/www.prijedordanas.com\/#\/schema\/person\/4e08ccf29b506ca916ff86d46bb700e6","name":"admin","image":{"@type":"ImageObject","inLanguage":"en-US","@id":"https:\/\/www.prijedordanas.com\/#\/schema\/person\/image\/","url":"https:\/\/secure.gravatar.com\/avatar\/1d3fc949d550f0b53a5f0d51e06dfd79?s=96&d=mm&r=g","contentUrl":"https:\/\/secure.gravatar.com\/avatar\/1d3fc949d550f0b53a5f0d51e06dfd79?s=96&d=mm&r=g","caption":"admin"},"url":"https:\/\/www.prijedordanas.com\/?author=1"}]}},"_links":{"self":[{"href":"https:\/\/www.prijedordanas.com\/index.php?rest_route=\/wp\/v2\/posts\/148536"}],"collection":[{"href":"https:\/\/www.prijedordanas.com\/index.php?rest_route=\/wp\/v2\/posts"}],"about":[{"href":"https:\/\/www.prijedordanas.com\/index.php?rest_route=\/wp\/v2\/types\/post"}],"author":[{"embeddable":true,"href":"https:\/\/www.prijedordanas.com\/index.php?rest_route=\/wp\/v2\/users\/1"}],"replies":[{"embeddable":true,"href":"https:\/\/www.prijedordanas.com\/index.php?rest_route=%2Fwp%2Fv2%2Fcomments&post=148536"}],"version-history":[{"count":1,"href":"https:\/\/www.prijedordanas.com\/index.php?rest_route=\/wp\/v2\/posts\/148536\/revisions"}],"predecessor-version":[{"id":148538,"href":"https:\/\/www.prijedordanas.com\/index.php?rest_route=\/wp\/v2\/posts\/148536\/revisions\/148538"}],"wp:attachment":[{"href":"https:\/\/www.prijedordanas.com\/index.php?rest_route=%2Fwp%2Fv2%2Fmedia&parent=148536"}],"wp:term":[{"taxonomy":"category","embeddable":true,"href":"https:\/\/www.prijedordanas.com\/index.php?rest_route=%2Fwp%2Fv2%2Fcategories&post=148536"},{"taxonomy":"post_tag","embeddable":true,"href":"https:\/\/www.prijedordanas.com\/index.php?rest_route=%2Fwp%2Fv2%2Ftags&post=148536"}],"curies":[{"name":"wp","href":"https:\/\/api.w.org\/{rel}","templated":true}]}}