{"id":148503,"date":"2020-06-02T11:23:23","date_gmt":"2020-06-02T09:23:23","guid":{"rendered":"https:\/\/www.prijedordanas.com\/?p=148503"},"modified":"2020-06-02T11:23:23","modified_gmt":"2020-06-02T09:23:23","slug":"javni-konkurs-za-izbor-i-imenovanje-direktora-osnovne-skole-petar-kocic-prijedor","status":"publish","type":"post","link":"https:\/\/www.prijedordanas.com\/?p=148503","title":{"rendered":"Javni konkurs za izbor i imenovanje direktora Osnovne \u0161kole \u201cPetar Ko\u010dic\u0301\u201c Prijedor"},"content":{"rendered":"<p><a href=\"https:\/\/www.prijedordanas.com\/wp-content\/uploads\/2018\/03\/os-petar-kocic-2018.jpg\"><img loading=\"lazy\" decoding=\"async\" src=\"https:\/\/www.prijedordanas.com\/wp-content\/uploads\/2018\/03\/os-petar-kocic-2018-300x222.jpg\" alt=\"\" width=\"300\" height=\"222\" class=\"alignleft size-medium wp-image-99662\" srcset=\"https:\/\/www.prijedordanas.com\/wp-content\/uploads\/2018\/03\/os-petar-kocic-2018-300x222.jpg 300w, https:\/\/www.prijedordanas.com\/wp-content\/uploads\/2018\/03\/os-petar-kocic-2018-100x74.jpg 100w, https:\/\/www.prijedordanas.com\/wp-content\/uploads\/2018\/03\/os-petar-kocic-2018.jpg 675w\" sizes=\"(max-width: 300px) 100vw, 300px\" \/><\/a>Imenovanje direktora &#8211; JU O\u0160 \u201d Petar Ko\u010dic\u0301\u201c Prijedor<\/p>\n<p>Oblast: Obrazovanje<br \/>\nRad na: Neodre\u0111eno vrijeme<br \/>\nRegija: Prijedor<br \/>\nOtvoreno do: 04.06.2020.<br \/>\nBroj izvr\u0161ilaca: 1<\/p>\n<p>OPIS RADNOG MJESTA<br \/>\nJavna ustanova Osnovne \u0161kole \u201cPetar Ko\u010dic\u0301\u201d Prijedor,<br \/>\nV korpusa bb,<br \/>\n79101 Prijedor,<\/p>\n<p>Na osnovu \u010dlana 136. stav (6), stav (7) i stav (8) , \u010dlana 137. stav (4) ,stav (5) i stava (6) Zakona o osnovnom vaspitanju i obrazovanju (\u201eSlu\u017ebeni glasnik Republike Srpske\u201c broj:44\/17, 31\/18, 123\/18 odluka US, 84\/19), \u010dlana 2. Pravilnika o uslovima i postupku izbora i razrje\u0161enja direktora osnovne \u0161kole ( \u201cSlu\u017ebeni glasnik RS\u201d  broj: 49\/18), i Odluke \u0160kolskog odbora JU O\u0160 \u201cPetar Ko\u010dic\u0301\u201d Prijedor o raspisivanju javnog konkursa za izbor i imenovanje direktora broj: 161\/20 od  15.04.2020. godine,  \u0160kolski odbor JU Osnovne \u0161kole \u201cPetar Ko\u010dic\u0301\u201c Prijedor raspisuje :<\/p>\n<p>JAVNI KONKURSza izbor i imenovanje direktora Javne ustanove Osnovne \u0161kole \u201cPetar Ko\u010dic\u0301\u201c Prijedor<\/p>\n<p>I \u2013 Predmet<br \/>\n\u0160kolski odbor Javne ustanove Osnovne \u0161kole \u201cPetar  Ko\u010dic\u0301\u201c Prijedor raspisuje javni konkurs za izbor i imenovanje direktora Javne ustanove Osnovna \u0161kola\u201dPetar Ko\u010dic\u0301\u201c Prijedor.<\/p>\n<p>II &#8211; Opis poslova<br \/>\nDirektor \u0161kole rukovodi radom \u0161kole i odgovoran je za zakonitost rada i uspje\u0161no obavljanje djelatnosti \u0161kole u skladu sa pozitivno-pravnim propisima. Za svoj rad odgovara Vladi, ministru i \u0161kolskom odboru.<\/p>\n<p>III \u2013 Mandat<br \/>\nDirektor Javne ustanove Osnovne \u0161kole \u201cPetar  Ko\u010dic\u0301\u201d Prijedor se bira na period od 4 (\u010detiri) godine. \u0160kolski odbor razmatra prijave kandidata koji ispunjavaju uslove konkursa za imenovanje direktora.\u0160kolski odbor ministru dostavlja dokumentaciju i spisak kandidata koji ispunjavaju uslove konkursa za imenovanje direktora, u roku od osam dana od dana razmatranja prijava,Na prijedlog ministra, Vlada imenuje za direktora jednog od kandidata sa spiska.Mandat direktora traje \u010detiri godine i po\u010dinje od dana stupanja na du\u017enost.<\/p>\n<p>OP\u0160TI I POSEBNI USLOVI ZA PRIJEM U RADNI ODNOS<br \/>\nIV &#8211; Uslovi za u\u010de\u0161c\u0301e na konkursuZa direktora Javne ustanove Osnovne \u0161kole \u201cPetar Ko\u010dic\u0301\u201c Prijedor mo\u017ee biti izabrano lice koje ispunjava uslove utvr\u0111ene  Zakonom o radu  ( \u201cSlu\u017ebeni glasnik RS\u201d broj: 1\/16, 66\/18) , Zakonom o osnovnom vaspitanju i obrazovanju(\u201eSlu\u017ebeni glasnik Republike Srpske\u201c broj:44\/17, 31\/18, 123\/18 odluka US, 84\/19) i Pravilnikom o uslovima i postupku izbora i razrje\u0161enja direktora osnovne \u0161kole ( \u201cSlu\u017ebeni glasnik RS\u201d  broj: 49\/18) to:<\/p>\n<p>1. Op\u0161ti uslovi:- da ima op\u0161tu zdravstvenu sposobnost za rad,- da je dr\u017eavljanin Bosne i Hercegovine\/Republike Srpske- da je stariji od 18 godina.<br \/>\n2. Posebni uslovi:- Ima zavr\u0161en prvi ciklus studija u trajanju od \u010detiri godine i ostvarenih najmanje 240 ECTS bodova ili ekvivalent ili da ispunjava uslove u skladu sa \u010dlanom 177.  stav  (1) i stav (2) Zakona o osnovnom vaspitanju i obrazovanju (\u201cSlu\u017ebeni glasnik Republike Srpske\u201d broj: 44\/17, 31\/18, 123\/18 odluka US, 84\/19),- Ima najmanje pet godina radnog iskustva kao stru\u010dni saradnik ili nastavnik na predmetima koji se izu\u010davaju u osnovnoj \u0161koli nakon sticanja diplome iz prethodne stavke,- Nije osu\u0111ivan pravosna\u017enom presudom na bezuslovnu kaznu zatvora i protiv kojeg nije pokrenut krivi\u010dni postupak za djela u\u010dinjena protiv dostojanstva li\u010dnosti, morala, slu\u017ebene du\u017enosti, polnog integriteta, zlostavljanja djeteta, polnog i drugog nasilja nad djetetom ili maloljetnim licem.<\/p>\n<p>Pored op\u0161tih i posebnih uslova, za direktora ne mo\u017ee biti izabrano lice na koje se odnosi \u010dlan IX stav 1. Ustava Bosne i Hercegovine.<br \/>\nV &#8211; Potrebna dokumentacija:Kandidati koji konkuri\u0161u za radno mjesto direktora \u0161kole uz potpisanu prijavu  na konkurs  prila\u017eu sljedec\u0301a dokumenta kojima dokazuju ispunjenost op\u0161tih i posebnih uslova:-Izvod iz mati\u010dne knjige ro\u0111enih,-Uvjerenje o dr\u017eavljanstvu,-Diplomu o ste\u010denom stepenu stru\u010dne spreme,-Uvjerenje o polo\u017eenom stru\u010dnom ispitu za rad u vaspitno-obrazovnom procesu,-Potvrdu  kojom dokazuje da ima najmanje pet godina radnog iskustva kao stru\u010dni saradnik ili nastavnik na predmetima koji se izu\u010davaju u \u0161koli  nakon sticanja diplome,-Ljekarsko uvjerenje o psihofizi\u010dkoj sposobnosti za rad sa u\u010denicima &#8211; prila\u017ee samo imenovani kandidat prije stupanja na du\u017enost,-Uvjerenje da nije osu\u0111ivan pravosna\u017enom presudom na bezuslovnu kaznu zatvora, -Uvjerenje da protiv njega nije pokrenut krivi\u010dni postupak za djela u\u010dinjena protiv dostojanstva li\u010dnosti, morala, slu\u017ebene du\u017enosti, polnog integriteta, zlostavljanja djeteta, polnog i drugog nasilja nad djetetom ili maloljetnim licem izdato od nadle\u017enog suda,-Prijedlog programa rada direktora u narednom \u010detvorogodi\u0161njem mandatu,-Preporuku ranijeg poslodavca odnosno nastavni\u010dkog vijec\u0301a \u0161kole u kojoj je kandidat zaposlen,-Kratku biografiju sa podacima o prethodnim poslovima i razvoju karijere u struci i ostvarenim rezultatima u radu<br \/>\n&#8211; ovjerenu izjavu kandidata da nije obuhvac\u0301en odredbom \u010dlana IX stav 1. Ustava BiH<br \/>\nUvjerenje da nije osu\u0111ivan pravosna\u017enom presudom na bezuslovnu kaznu zatvora, \u0161kola c\u0301e pribaviti slu\u017ebenim putem za imenovanog kandidata, a prije stupanja na du\u017enost.Kandidati su du\u017eni da uz potpisanu prijavu dostave dokumenta u originalu ili ovjerenoj fotokopiji u skladu sa zakonom.<\/p>\n<p>VI \u2013 Rok za u\u010de\u0161c\u0301e na konkursu i na\u010din dostavljanja prijave<br \/>\nPrijave se mogu dostaviti u zatvorenoj koverti, li\u010dno ili po\u0161tom preporu\u010deno na sljedec\u0301u adresu: Javna ustanova<br \/>\nOsnovne \u0161kole \u201cPetar Ko\u010dic\u0301\u201d Prijedor, V korpusa bb, 79101 Prijedor, sa naznakom \u201d Prijava na javni konkurs za izbor i imenovanje direktora JU Osnovne \u0161kole \u201cPetar Ko\u010dic\u0301\u201d Prijedor\u201d ( NE OTVARATI).<br \/>\nRok za podno\u0161enje prijave je 15 dana od dana objavljivanja konkursa u dnevnom listu \u201cGlas Srpske\u201d.<br \/>\nNeblagovremene i nepotpune prijave, kao i neovjerene fotokopije prilo\u017eene dokumentacije, nec\u0301e se uzeti u razmatranje.<\/p>\n<p>VII \u2013 Napomene\u0160kolski odbor c\u0301e pismenim putem obavijestiti sve u\u010desnike konkursa o odluci Vlade Republike Srpske o izboru direktora  JU O\u0160 \u201d Petar Ko\u010dic\u0301\u201c Prijedor, u roku od osam (8) dana od dana prijema odluke.<\/p>\n<p>Zavod za zapo\u0161ljavanje RS<br \/>\nFoto &#8211; ilustracija<\/p>\n","protected":false},"excerpt":{"rendered":"<p>Imenovanje direktora &#8211; JU O\u0160 \u201d Petar Ko\u010dic\u0301\u201c Prijedor Oblast: Obrazovanje Rad na: Neodre\u0111eno vrijeme Regija: Prijedor Otvoreno do: 04.06.2020. Broj izvr\u0161ilaca: 1 OPIS RADNOG MJESTA Javna ustanova Osnovne \u0161kole [&hellip;]<\/p>\n","protected":false},"author":1,"featured_media":0,"comment_status":"closed","ping_status":"open","sticky":false,"template":"","format":"standard","meta":{"_monsterinsights_skip_tracking":false,"_monsterinsights_sitenote_active":false,"_monsterinsights_sitenote_note":"","_monsterinsights_sitenote_category":0,"footnotes":""},"categories":[7519],"tags":[597],"yoast_head":"<!-- This site is optimized with the Yoast SEO plugin v21.6 - https:\/\/yoast.com\/wordpress\/plugins\/seo\/ -->\n<title>Javni konkurs za izbor i imenovanje direktora Osnovne \u0161kole \u201cPetar Ko\u010dic\u0301\u201c Prijedor - PrijedorDanas.com - Prijedorski gradski portal<\/title>\n<meta name=\"robots\" content=\"index, follow, max-snippet:-1, max-image-preview:large, max-video-preview:-1\" \/>\n<link rel=\"canonical\" href=\"https:\/\/www.prijedordanas.com\/?p=148503\" \/>\n<meta property=\"og:locale\" content=\"en_US\" \/>\n<meta property=\"og:type\" content=\"article\" \/>\n<meta property=\"og:title\" content=\"Javni konkurs za izbor i imenovanje direktora Osnovne \u0161kole \u201cPetar Ko\u010dic\u0301\u201c Prijedor - PrijedorDanas.com - Prijedorski gradski portal\" \/>\n<meta property=\"og:description\" content=\"Imenovanje direktora &#8211; JU O\u0160 \u201d Petar Ko\u010dic\u0301\u201c Prijedor Oblast: Obrazovanje Rad na: Neodre\u0111eno vrijeme Regija: Prijedor Otvoreno do: 04.06.2020. Broj izvr\u0161ilaca: 1 OPIS RADNOG MJESTA Javna ustanova Osnovne \u0161kole [&hellip;]\" \/>\n<meta property=\"og:url\" content=\"https:\/\/www.prijedordanas.com\/?p=148503\" \/>\n<meta property=\"og:site_name\" content=\"PrijedorDanas.com - Prijedorski gradski portal\" \/>\n<meta property=\"article:publisher\" content=\"https:\/\/www.facebook.com\/PrijedorDanasCom\/\" \/>\n<meta property=\"article:published_time\" content=\"2020-06-02T09:23:23+00:00\" \/>\n<meta property=\"og:image\" content=\"https:\/\/www.prijedordanas.com\/wp-content\/uploads\/2018\/03\/os-petar-kocic-2018-300x222.jpg\" \/>\n<meta name=\"author\" content=\"admin\" \/>\n<meta name=\"twitter:card\" content=\"summary_large_image\" \/>\n<meta name=\"twitter:label1\" content=\"Written by\" \/>\n\t<meta name=\"twitter:data1\" content=\"admin\" \/>\n\t<meta name=\"twitter:label2\" content=\"Est. reading time\" \/>\n\t<meta name=\"twitter:data2\" content=\"5 minutes\" \/>\n<script type=\"application\/ld+json\" class=\"yoast-schema-graph\">{\"@context\":\"https:\/\/schema.org\",\"@graph\":[{\"@type\":\"Article\",\"@id\":\"https:\/\/www.prijedordanas.com\/?p=148503#article\",\"isPartOf\":{\"@id\":\"https:\/\/www.prijedordanas.com\/?p=148503\"},\"author\":{\"name\":\"admin\",\"@id\":\"https:\/\/www.prijedordanas.com\/#\/schema\/person\/4e08ccf29b506ca916ff86d46bb700e6\"},\"headline\":\"Javni konkurs za izbor i imenovanje direktora Osnovne \u0161kole \u201cPetar Ko\u010dic\u0301\u201c Prijedor\",\"datePublished\":\"2020-06-02T09:23:23+00:00\",\"dateModified\":\"2020-06-02T09:23:23+00:00\",\"mainEntityOfPage\":{\"@id\":\"https:\/\/www.prijedordanas.com\/?p=148503\"},\"wordCount\":940,\"publisher\":{\"@id\":\"https:\/\/www.prijedordanas.com\/#organization\"},\"keywords\":[\"posao\"],\"articleSection\":[\"Posao\"],\"inLanguage\":\"en-US\"},{\"@type\":\"WebPage\",\"@id\":\"https:\/\/www.prijedordanas.com\/?p=148503\",\"url\":\"https:\/\/www.prijedordanas.com\/?p=148503\",\"name\":\"Javni konkurs za izbor i imenovanje direktora Osnovne \u0161kole \u201cPetar Ko\u010dic\u0301\u201c Prijedor - PrijedorDanas.com - Prijedorski gradski portal\",\"isPartOf\":{\"@id\":\"https:\/\/www.prijedordanas.com\/#website\"},\"datePublished\":\"2020-06-02T09:23:23+00:00\",\"dateModified\":\"2020-06-02T09:23:23+00:00\",\"breadcrumb\":{\"@id\":\"https:\/\/www.prijedordanas.com\/?p=148503#breadcrumb\"},\"inLanguage\":\"en-US\",\"potentialAction\":[{\"@type\":\"ReadAction\",\"target\":[\"https:\/\/www.prijedordanas.com\/?p=148503\"]}]},{\"@type\":\"BreadcrumbList\",\"@id\":\"https:\/\/www.prijedordanas.com\/?p=148503#breadcrumb\",\"itemListElement\":[{\"@type\":\"ListItem\",\"position\":1,\"name\":\"Home\",\"item\":\"https:\/\/www.prijedordanas.com\/\"},{\"@type\":\"ListItem\",\"position\":2,\"name\":\"Javni konkurs za izbor i imenovanje direktora Osnovne \u0161kole \u201cPetar Ko\u010dic\u0301\u201c Prijedor\"}]},{\"@type\":\"WebSite\",\"@id\":\"https:\/\/www.prijedordanas.com\/#website\",\"url\":\"https:\/\/www.prijedordanas.com\/\",\"name\":\"PrijedorDanas.com - Prijedorski gradski portal\",\"description\":\"Portal o doga\u0111anjima u gradu Prijedoru\",\"publisher\":{\"@id\":\"https:\/\/www.prijedordanas.com\/#organization\"},\"potentialAction\":[{\"@type\":\"SearchAction\",\"target\":{\"@type\":\"EntryPoint\",\"urlTemplate\":\"https:\/\/www.prijedordanas.com\/?s={search_term_string}\"},\"query-input\":\"required name=search_term_string\"}],\"inLanguage\":\"en-US\"},{\"@type\":\"Organization\",\"@id\":\"https:\/\/www.prijedordanas.com\/#organization\",\"name\":\"PrijedorDanas.com\",\"url\":\"https:\/\/www.prijedordanas.com\/\",\"logo\":{\"@type\":\"ImageObject\",\"inLanguage\":\"en-US\",\"@id\":\"https:\/\/www.prijedordanas.com\/#\/schema\/logo\/image\/\",\"url\":\"http:\/\/www.prijedordanas.com\/wp-content\/uploads\/2021\/12\/logopng.png\",\"contentUrl\":\"http:\/\/www.prijedordanas.com\/wp-content\/uploads\/2021\/12\/logopng.png\",\"width\":1019,\"height\":776,\"caption\":\"PrijedorDanas.com\"},\"image\":{\"@id\":\"https:\/\/www.prijedordanas.com\/#\/schema\/logo\/image\/\"},\"sameAs\":[\"https:\/\/www.facebook.com\/PrijedorDanasCom\/\"]},{\"@type\":\"Person\",\"@id\":\"https:\/\/www.prijedordanas.com\/#\/schema\/person\/4e08ccf29b506ca916ff86d46bb700e6\",\"name\":\"admin\",\"image\":{\"@type\":\"ImageObject\",\"inLanguage\":\"en-US\",\"@id\":\"https:\/\/www.prijedordanas.com\/#\/schema\/person\/image\/\",\"url\":\"https:\/\/secure.gravatar.com\/avatar\/1d3fc949d550f0b53a5f0d51e06dfd79?s=96&d=mm&r=g\",\"contentUrl\":\"https:\/\/secure.gravatar.com\/avatar\/1d3fc949d550f0b53a5f0d51e06dfd79?s=96&d=mm&r=g\",\"caption\":\"admin\"},\"url\":\"https:\/\/www.prijedordanas.com\/?author=1\"}]}<\/script>\n<!-- \/ Yoast SEO plugin. -->","yoast_head_json":{"title":"Javni konkurs za izbor i imenovanje direktora Osnovne \u0161kole \u201cPetar Ko\u010dic\u0301\u201c Prijedor - PrijedorDanas.com - Prijedorski gradski portal","robots":{"index":"index","follow":"follow","max-snippet":"max-snippet:-1","max-image-preview":"max-image-preview:large","max-video-preview":"max-video-preview:-1"},"canonical":"https:\/\/www.prijedordanas.com\/?p=148503","og_locale":"en_US","og_type":"article","og_title":"Javni konkurs za izbor i imenovanje direktora Osnovne \u0161kole \u201cPetar Ko\u010dic\u0301\u201c Prijedor - PrijedorDanas.com - Prijedorski gradski portal","og_description":"Imenovanje direktora &#8211; JU O\u0160 \u201d Petar Ko\u010dic\u0301\u201c Prijedor Oblast: Obrazovanje Rad na: Neodre\u0111eno vrijeme Regija: Prijedor Otvoreno do: 04.06.2020. Broj izvr\u0161ilaca: 1 OPIS RADNOG MJESTA Javna ustanova Osnovne \u0161kole [&hellip;]","og_url":"https:\/\/www.prijedordanas.com\/?p=148503","og_site_name":"PrijedorDanas.com - Prijedorski gradski portal","article_publisher":"https:\/\/www.facebook.com\/PrijedorDanasCom\/","article_published_time":"2020-06-02T09:23:23+00:00","og_image":[{"url":"https:\/\/www.prijedordanas.com\/wp-content\/uploads\/2018\/03\/os-petar-kocic-2018-300x222.jpg"}],"author":"admin","twitter_card":"summary_large_image","twitter_misc":{"Written by":"admin","Est. reading time":"5 minutes"},"schema":{"@context":"https:\/\/schema.org","@graph":[{"@type":"Article","@id":"https:\/\/www.prijedordanas.com\/?p=148503#article","isPartOf":{"@id":"https:\/\/www.prijedordanas.com\/?p=148503"},"author":{"name":"admin","@id":"https:\/\/www.prijedordanas.com\/#\/schema\/person\/4e08ccf29b506ca916ff86d46bb700e6"},"headline":"Javni konkurs za izbor i imenovanje direktora Osnovne \u0161kole \u201cPetar Ko\u010dic\u0301\u201c Prijedor","datePublished":"2020-06-02T09:23:23+00:00","dateModified":"2020-06-02T09:23:23+00:00","mainEntityOfPage":{"@id":"https:\/\/www.prijedordanas.com\/?p=148503"},"wordCount":940,"publisher":{"@id":"https:\/\/www.prijedordanas.com\/#organization"},"keywords":["posao"],"articleSection":["Posao"],"inLanguage":"en-US"},{"@type":"WebPage","@id":"https:\/\/www.prijedordanas.com\/?p=148503","url":"https:\/\/www.prijedordanas.com\/?p=148503","name":"Javni konkurs za izbor i imenovanje direktora Osnovne \u0161kole \u201cPetar Ko\u010dic\u0301\u201c Prijedor - PrijedorDanas.com - Prijedorski gradski portal","isPartOf":{"@id":"https:\/\/www.prijedordanas.com\/#website"},"datePublished":"2020-06-02T09:23:23+00:00","dateModified":"2020-06-02T09:23:23+00:00","breadcrumb":{"@id":"https:\/\/www.prijedordanas.com\/?p=148503#breadcrumb"},"inLanguage":"en-US","potentialAction":[{"@type":"ReadAction","target":["https:\/\/www.prijedordanas.com\/?p=148503"]}]},{"@type":"BreadcrumbList","@id":"https:\/\/www.prijedordanas.com\/?p=148503#breadcrumb","itemListElement":[{"@type":"ListItem","position":1,"name":"Home","item":"https:\/\/www.prijedordanas.com\/"},{"@type":"ListItem","position":2,"name":"Javni konkurs za izbor i imenovanje direktora Osnovne \u0161kole \u201cPetar Ko\u010dic\u0301\u201c Prijedor"}]},{"@type":"WebSite","@id":"https:\/\/www.prijedordanas.com\/#website","url":"https:\/\/www.prijedordanas.com\/","name":"PrijedorDanas.com - Prijedorski gradski portal","description":"Portal o doga\u0111anjima u gradu Prijedoru","publisher":{"@id":"https:\/\/www.prijedordanas.com\/#organization"},"potentialAction":[{"@type":"SearchAction","target":{"@type":"EntryPoint","urlTemplate":"https:\/\/www.prijedordanas.com\/?s={search_term_string}"},"query-input":"required name=search_term_string"}],"inLanguage":"en-US"},{"@type":"Organization","@id":"https:\/\/www.prijedordanas.com\/#organization","name":"PrijedorDanas.com","url":"https:\/\/www.prijedordanas.com\/","logo":{"@type":"ImageObject","inLanguage":"en-US","@id":"https:\/\/www.prijedordanas.com\/#\/schema\/logo\/image\/","url":"http:\/\/www.prijedordanas.com\/wp-content\/uploads\/2021\/12\/logopng.png","contentUrl":"http:\/\/www.prijedordanas.com\/wp-content\/uploads\/2021\/12\/logopng.png","width":1019,"height":776,"caption":"PrijedorDanas.com"},"image":{"@id":"https:\/\/www.prijedordanas.com\/#\/schema\/logo\/image\/"},"sameAs":["https:\/\/www.facebook.com\/PrijedorDanasCom\/"]},{"@type":"Person","@id":"https:\/\/www.prijedordanas.com\/#\/schema\/person\/4e08ccf29b506ca916ff86d46bb700e6","name":"admin","image":{"@type":"ImageObject","inLanguage":"en-US","@id":"https:\/\/www.prijedordanas.com\/#\/schema\/person\/image\/","url":"https:\/\/secure.gravatar.com\/avatar\/1d3fc949d550f0b53a5f0d51e06dfd79?s=96&d=mm&r=g","contentUrl":"https:\/\/secure.gravatar.com\/avatar\/1d3fc949d550f0b53a5f0d51e06dfd79?s=96&d=mm&r=g","caption":"admin"},"url":"https:\/\/www.prijedordanas.com\/?author=1"}]}},"_links":{"self":[{"href":"https:\/\/www.prijedordanas.com\/index.php?rest_route=\/wp\/v2\/posts\/148503"}],"collection":[{"href":"https:\/\/www.prijedordanas.com\/index.php?rest_route=\/wp\/v2\/posts"}],"about":[{"href":"https:\/\/www.prijedordanas.com\/index.php?rest_route=\/wp\/v2\/types\/post"}],"author":[{"embeddable":true,"href":"https:\/\/www.prijedordanas.com\/index.php?rest_route=\/wp\/v2\/users\/1"}],"replies":[{"embeddable":true,"href":"https:\/\/www.prijedordanas.com\/index.php?rest_route=%2Fwp%2Fv2%2Fcomments&post=148503"}],"version-history":[{"count":1,"href":"https:\/\/www.prijedordanas.com\/index.php?rest_route=\/wp\/v2\/posts\/148503\/revisions"}],"predecessor-version":[{"id":148504,"href":"https:\/\/www.prijedordanas.com\/index.php?rest_route=\/wp\/v2\/posts\/148503\/revisions\/148504"}],"wp:attachment":[{"href":"https:\/\/www.prijedordanas.com\/index.php?rest_route=%2Fwp%2Fv2%2Fmedia&parent=148503"}],"wp:term":[{"taxonomy":"category","embeddable":true,"href":"https:\/\/www.prijedordanas.com\/index.php?rest_route=%2Fwp%2Fv2%2Fcategories&post=148503"},{"taxonomy":"post_tag","embeddable":true,"href":"https:\/\/www.prijedordanas.com\/index.php?rest_route=%2Fwp%2Fv2%2Ftags&post=148503"}],"curies":[{"name":"wp","href":"https:\/\/api.w.org\/{rel}","templated":true}]}}