{"id":148229,"date":"2020-05-28T17:42:41","date_gmt":"2020-05-28T15:42:41","guid":{"rendered":"https:\/\/www.prijedordanas.com\/?p=148229"},"modified":"2020-05-28T17:42:41","modified_gmt":"2020-05-28T15:42:41","slug":"stab-za-vanredne-situacije-grada-prijedora-odobrena-manifestacija-dani-jagode","status":"publish","type":"post","link":"https:\/\/www.prijedordanas.com\/?p=148229","title":{"rendered":"\u0160tab za vanredne situacije grada Prijedora: Odobrena manifestacija &#8220;Dani jagode&#8221;"},"content":{"rendered":"<p><a href=\"https:\/\/www.prijedordanas.com\/wp-content\/uploads\/2020\/05\/stab-28maj-3.jpg\"><img loading=\"lazy\" decoding=\"async\" src=\"https:\/\/www.prijedordanas.com\/wp-content\/uploads\/2020\/05\/stab-28maj-3-300x222.jpg\" alt=\"\" width=\"300\" height=\"222\" class=\"alignleft size-medium wp-image-148230\" srcset=\"https:\/\/www.prijedordanas.com\/wp-content\/uploads\/2020\/05\/stab-28maj-3-300x222.jpg 300w, https:\/\/www.prijedordanas.com\/wp-content\/uploads\/2020\/05\/stab-28maj-3.jpg 675w\" sizes=\"(max-width: 300px) 100vw, 300px\" \/><\/a>\u0160tab za vanredne situacije grada Prijedora odobrio je danas da manifestacija &#8220;Dani jagode&#8221; bude odr\u017eana od 30. maja do 7. juna na malom gradskom trgu uz po\u0161tovanje obaveznih mjera \u0161tabova i uputstava i preporuka Instituta za javno zdravstvo Republike Srpske.<\/p>\n<p>U Prijedoru se po\u0161tuju sve mjere \u0161tabova za vanredne situacije radi spre\u010davanja pojave i \u0161irenja bolesti izazvane virusom korona, a subjekti uklju\u010deni u sprovo\u0111enje mjera izvr\u0161avaju zadatke, mjere i preporuke gradskog \u0160taba za vanredne situacije.<\/p>\n<p>&#8220;\u0160tab \u0107e i dalje aktivno pratiti razvoj situacije u vezi sa pojavom i \u0161irenjem virusa korona i u skladu sa razvojem doga\u0111aja blagovremeno donositi zaklju\u010dke i usmjeravati rad nadle\u017enih slu\u017ebi&#8221;, saop\u0161teno je danas nakon sjednice \u0160taba. <\/p>\n<p>SRNA<\/p>\n<p><a href=\"https:\/\/www.prijedordanas.com\/wp-content\/uploads\/2020\/05\/stab-28maj-6.jpg\"><img loading=\"lazy\" decoding=\"async\" src=\"https:\/\/www.prijedordanas.com\/wp-content\/uploads\/2020\/05\/stab-28maj-6-300x200.jpg\" alt=\"\" width=\"300\" height=\"200\" class=\"alignleft size-medium wp-image-148231\" srcset=\"https:\/\/www.prijedordanas.com\/wp-content\/uploads\/2020\/05\/stab-28maj-6-300x200.jpg 300w, https:\/\/www.prijedordanas.com\/wp-content\/uploads\/2020\/05\/stab-28maj-6-480x320.jpg 480w, https:\/\/www.prijedordanas.com\/wp-content\/uploads\/2020\/05\/stab-28maj-6.jpg 600w\" sizes=\"(max-width: 300px) 100vw, 300px\" \/><\/a> <a href=\"https:\/\/www.prijedordanas.com\/wp-content\/uploads\/2019\/06\/dani-jagode-2019-5.jpg\"><img loading=\"lazy\" decoding=\"async\" src=\"https:\/\/www.prijedordanas.com\/wp-content\/uploads\/2019\/06\/dani-jagode-2019-5-300x199.jpg\" alt=\"\" width=\"300\" height=\"199\" class=\"alignleft size-medium wp-image-128620\" srcset=\"https:\/\/www.prijedordanas.com\/wp-content\/uploads\/2019\/06\/dani-jagode-2019-5-300x199.jpg 300w, https:\/\/www.prijedordanas.com\/wp-content\/uploads\/2019\/06\/dani-jagode-2019-5-100x66.jpg 100w, https:\/\/www.prijedordanas.com\/wp-content\/uploads\/2019\/06\/dani-jagode-2019-5-480x320.jpg 480w, https:\/\/www.prijedordanas.com\/wp-content\/uploads\/2019\/06\/dani-jagode-2019-5.jpg 600w\" sizes=\"(max-width: 300px) 100vw, 300px\" \/><\/a><\/p>\n","protected":false},"excerpt":{"rendered":"<p>\u0160tab za vanredne situacije grada Prijedora odobrio je danas da manifestacija &#8220;Dani jagode&#8221; bude odr\u017eana od 30. maja do 7. juna na malom gradskom trgu uz po\u0161tovanje obaveznih mjera \u0161tabova [&hellip;]<\/p>\n","protected":false},"author":1,"featured_media":0,"comment_status":"closed","ping_status":"open","sticky":false,"template":"","format":"standard","meta":{"_monsterinsights_skip_tracking":false,"_monsterinsights_sitenote_active":false,"_monsterinsights_sitenote_note":"","_monsterinsights_sitenote_category":0,"footnotes":""},"categories":[8],"tags":[10851,11081,11120],"yoast_head":"<!-- This site is optimized with the Yoast SEO plugin v21.6 - https:\/\/yoast.com\/wordpress\/plugins\/seo\/ -->\n<title>\u0160tab za vanredne situacije grada Prijedora: Odobrena manifestacija &quot;Dani jagode&quot; - PrijedorDanas.com - Prijedorski gradski portal<\/title>\n<meta name=\"robots\" content=\"index, follow, max-snippet:-1, max-image-preview:large, max-video-preview:-1\" \/>\n<link rel=\"canonical\" href=\"https:\/\/www.prijedordanas.com\/?p=148229\" \/>\n<meta property=\"og:locale\" content=\"en_US\" \/>\n<meta property=\"og:type\" content=\"article\" \/>\n<meta property=\"og:title\" content=\"\u0160tab za vanredne situacije grada Prijedora: Odobrena manifestacija &quot;Dani jagode&quot; - PrijedorDanas.com - Prijedorski gradski portal\" \/>\n<meta property=\"og:description\" content=\"\u0160tab za vanredne situacije grada Prijedora odobrio je danas da manifestacija &#8220;Dani jagode&#8221; bude odr\u017eana od 30. maja do 7. juna na malom gradskom trgu uz po\u0161tovanje obaveznih mjera \u0161tabova [&hellip;]\" \/>\n<meta property=\"og:url\" content=\"https:\/\/www.prijedordanas.com\/?p=148229\" \/>\n<meta property=\"og:site_name\" content=\"PrijedorDanas.com - Prijedorski gradski portal\" \/>\n<meta property=\"article:publisher\" content=\"https:\/\/www.facebook.com\/PrijedorDanasCom\/\" \/>\n<meta property=\"article:published_time\" content=\"2020-05-28T15:42:41+00:00\" \/>\n<meta property=\"og:image\" content=\"https:\/\/www.prijedordanas.com\/wp-content\/uploads\/2020\/05\/stab-28maj-3-300x222.jpg\" \/>\n<meta name=\"author\" content=\"admin\" \/>\n<meta name=\"twitter:card\" content=\"summary_large_image\" \/>\n<meta name=\"twitter:label1\" content=\"Written by\" \/>\n\t<meta name=\"twitter:data1\" content=\"admin\" \/>\n\t<meta name=\"twitter:label2\" content=\"Est. reading time\" \/>\n\t<meta name=\"twitter:data2\" content=\"1 minute\" \/>\n<script type=\"application\/ld+json\" class=\"yoast-schema-graph\">{\"@context\":\"https:\/\/schema.org\",\"@graph\":[{\"@type\":\"Article\",\"@id\":\"https:\/\/www.prijedordanas.com\/?p=148229#article\",\"isPartOf\":{\"@id\":\"https:\/\/www.prijedordanas.com\/?p=148229\"},\"author\":{\"name\":\"admin\",\"@id\":\"https:\/\/www.prijedordanas.com\/#\/schema\/person\/4e08ccf29b506ca916ff86d46bb700e6\"},\"headline\":\"\u0160tab za vanredne situacije grada Prijedora: Odobrena manifestacija &#8220;Dani jagode&#8221;\",\"datePublished\":\"2020-05-28T15:42:41+00:00\",\"dateModified\":\"2020-05-28T15:42:41+00:00\",\"mainEntityOfPage\":{\"@id\":\"https:\/\/www.prijedordanas.com\/?p=148229\"},\"wordCount\":132,\"publisher\":{\"@id\":\"https:\/\/www.prijedordanas.com\/#organization\"},\"keywords\":[\"Dani jagode\",\"korona\",\"\u0160tab za vanredne situacije grada Prijedora\"],\"articleSection\":[\"Svakodnevno\"],\"inLanguage\":\"en-US\"},{\"@type\":\"WebPage\",\"@id\":\"https:\/\/www.prijedordanas.com\/?p=148229\",\"url\":\"https:\/\/www.prijedordanas.com\/?p=148229\",\"name\":\"\u0160tab za vanredne situacije grada Prijedora: Odobrena manifestacija \\\"Dani jagode\\\" - PrijedorDanas.com - Prijedorski gradski portal\",\"isPartOf\":{\"@id\":\"https:\/\/www.prijedordanas.com\/#website\"},\"datePublished\":\"2020-05-28T15:42:41+00:00\",\"dateModified\":\"2020-05-28T15:42:41+00:00\",\"breadcrumb\":{\"@id\":\"https:\/\/www.prijedordanas.com\/?p=148229#breadcrumb\"},\"inLanguage\":\"en-US\",\"potentialAction\":[{\"@type\":\"ReadAction\",\"target\":[\"https:\/\/www.prijedordanas.com\/?p=148229\"]}]},{\"@type\":\"BreadcrumbList\",\"@id\":\"https:\/\/www.prijedordanas.com\/?p=148229#breadcrumb\",\"itemListElement\":[{\"@type\":\"ListItem\",\"position\":1,\"name\":\"Home\",\"item\":\"https:\/\/www.prijedordanas.com\/\"},{\"@type\":\"ListItem\",\"position\":2,\"name\":\"\u0160tab za vanredne situacije grada Prijedora: Odobrena manifestacija &#8220;Dani jagode&#8221;\"}]},{\"@type\":\"WebSite\",\"@id\":\"https:\/\/www.prijedordanas.com\/#website\",\"url\":\"https:\/\/www.prijedordanas.com\/\",\"name\":\"PrijedorDanas.com - Prijedorski gradski portal\",\"description\":\"Portal o doga\u0111anjima u gradu Prijedoru\",\"publisher\":{\"@id\":\"https:\/\/www.prijedordanas.com\/#organization\"},\"potentialAction\":[{\"@type\":\"SearchAction\",\"target\":{\"@type\":\"EntryPoint\",\"urlTemplate\":\"https:\/\/www.prijedordanas.com\/?s={search_term_string}\"},\"query-input\":\"required name=search_term_string\"}],\"inLanguage\":\"en-US\"},{\"@type\":\"Organization\",\"@id\":\"https:\/\/www.prijedordanas.com\/#organization\",\"name\":\"PrijedorDanas.com\",\"url\":\"https:\/\/www.prijedordanas.com\/\",\"logo\":{\"@type\":\"ImageObject\",\"inLanguage\":\"en-US\",\"@id\":\"https:\/\/www.prijedordanas.com\/#\/schema\/logo\/image\/\",\"url\":\"http:\/\/www.prijedordanas.com\/wp-content\/uploads\/2021\/12\/logopng.png\",\"contentUrl\":\"http:\/\/www.prijedordanas.com\/wp-content\/uploads\/2021\/12\/logopng.png\",\"width\":1019,\"height\":776,\"caption\":\"PrijedorDanas.com\"},\"image\":{\"@id\":\"https:\/\/www.prijedordanas.com\/#\/schema\/logo\/image\/\"},\"sameAs\":[\"https:\/\/www.facebook.com\/PrijedorDanasCom\/\"]},{\"@type\":\"Person\",\"@id\":\"https:\/\/www.prijedordanas.com\/#\/schema\/person\/4e08ccf29b506ca916ff86d46bb700e6\",\"name\":\"admin\",\"image\":{\"@type\":\"ImageObject\",\"inLanguage\":\"en-US\",\"@id\":\"https:\/\/www.prijedordanas.com\/#\/schema\/person\/image\/\",\"url\":\"https:\/\/secure.gravatar.com\/avatar\/1d3fc949d550f0b53a5f0d51e06dfd79?s=96&d=mm&r=g\",\"contentUrl\":\"https:\/\/secure.gravatar.com\/avatar\/1d3fc949d550f0b53a5f0d51e06dfd79?s=96&d=mm&r=g\",\"caption\":\"admin\"},\"url\":\"https:\/\/www.prijedordanas.com\/?author=1\"}]}<\/script>\n<!-- \/ Yoast SEO plugin. -->","yoast_head_json":{"title":"\u0160tab za vanredne situacije grada Prijedora: Odobrena manifestacija \"Dani jagode\" - PrijedorDanas.com - Prijedorski gradski portal","robots":{"index":"index","follow":"follow","max-snippet":"max-snippet:-1","max-image-preview":"max-image-preview:large","max-video-preview":"max-video-preview:-1"},"canonical":"https:\/\/www.prijedordanas.com\/?p=148229","og_locale":"en_US","og_type":"article","og_title":"\u0160tab za vanredne situacije grada Prijedora: Odobrena manifestacija \"Dani jagode\" - PrijedorDanas.com - Prijedorski gradski portal","og_description":"\u0160tab za vanredne situacije grada Prijedora odobrio je danas da manifestacija &#8220;Dani jagode&#8221; bude odr\u017eana od 30. maja do 7. juna na malom gradskom trgu uz po\u0161tovanje obaveznih mjera \u0161tabova [&hellip;]","og_url":"https:\/\/www.prijedordanas.com\/?p=148229","og_site_name":"PrijedorDanas.com - Prijedorski gradski portal","article_publisher":"https:\/\/www.facebook.com\/PrijedorDanasCom\/","article_published_time":"2020-05-28T15:42:41+00:00","og_image":[{"url":"https:\/\/www.prijedordanas.com\/wp-content\/uploads\/2020\/05\/stab-28maj-3-300x222.jpg"}],"author":"admin","twitter_card":"summary_large_image","twitter_misc":{"Written by":"admin","Est. reading time":"1 minute"},"schema":{"@context":"https:\/\/schema.org","@graph":[{"@type":"Article","@id":"https:\/\/www.prijedordanas.com\/?p=148229#article","isPartOf":{"@id":"https:\/\/www.prijedordanas.com\/?p=148229"},"author":{"name":"admin","@id":"https:\/\/www.prijedordanas.com\/#\/schema\/person\/4e08ccf29b506ca916ff86d46bb700e6"},"headline":"\u0160tab za vanredne situacije grada Prijedora: Odobrena manifestacija &#8220;Dani jagode&#8221;","datePublished":"2020-05-28T15:42:41+00:00","dateModified":"2020-05-28T15:42:41+00:00","mainEntityOfPage":{"@id":"https:\/\/www.prijedordanas.com\/?p=148229"},"wordCount":132,"publisher":{"@id":"https:\/\/www.prijedordanas.com\/#organization"},"keywords":["Dani jagode","korona","\u0160tab za vanredne situacije grada Prijedora"],"articleSection":["Svakodnevno"],"inLanguage":"en-US"},{"@type":"WebPage","@id":"https:\/\/www.prijedordanas.com\/?p=148229","url":"https:\/\/www.prijedordanas.com\/?p=148229","name":"\u0160tab za vanredne situacije grada Prijedora: Odobrena manifestacija \"Dani jagode\" - PrijedorDanas.com - Prijedorski gradski portal","isPartOf":{"@id":"https:\/\/www.prijedordanas.com\/#website"},"datePublished":"2020-05-28T15:42:41+00:00","dateModified":"2020-05-28T15:42:41+00:00","breadcrumb":{"@id":"https:\/\/www.prijedordanas.com\/?p=148229#breadcrumb"},"inLanguage":"en-US","potentialAction":[{"@type":"ReadAction","target":["https:\/\/www.prijedordanas.com\/?p=148229"]}]},{"@type":"BreadcrumbList","@id":"https:\/\/www.prijedordanas.com\/?p=148229#breadcrumb","itemListElement":[{"@type":"ListItem","position":1,"name":"Home","item":"https:\/\/www.prijedordanas.com\/"},{"@type":"ListItem","position":2,"name":"\u0160tab za vanredne situacije grada Prijedora: Odobrena manifestacija &#8220;Dani jagode&#8221;"}]},{"@type":"WebSite","@id":"https:\/\/www.prijedordanas.com\/#website","url":"https:\/\/www.prijedordanas.com\/","name":"PrijedorDanas.com - Prijedorski gradski portal","description":"Portal o doga\u0111anjima u gradu Prijedoru","publisher":{"@id":"https:\/\/www.prijedordanas.com\/#organization"},"potentialAction":[{"@type":"SearchAction","target":{"@type":"EntryPoint","urlTemplate":"https:\/\/www.prijedordanas.com\/?s={search_term_string}"},"query-input":"required name=search_term_string"}],"inLanguage":"en-US"},{"@type":"Organization","@id":"https:\/\/www.prijedordanas.com\/#organization","name":"PrijedorDanas.com","url":"https:\/\/www.prijedordanas.com\/","logo":{"@type":"ImageObject","inLanguage":"en-US","@id":"https:\/\/www.prijedordanas.com\/#\/schema\/logo\/image\/","url":"http:\/\/www.prijedordanas.com\/wp-content\/uploads\/2021\/12\/logopng.png","contentUrl":"http:\/\/www.prijedordanas.com\/wp-content\/uploads\/2021\/12\/logopng.png","width":1019,"height":776,"caption":"PrijedorDanas.com"},"image":{"@id":"https:\/\/www.prijedordanas.com\/#\/schema\/logo\/image\/"},"sameAs":["https:\/\/www.facebook.com\/PrijedorDanasCom\/"]},{"@type":"Person","@id":"https:\/\/www.prijedordanas.com\/#\/schema\/person\/4e08ccf29b506ca916ff86d46bb700e6","name":"admin","image":{"@type":"ImageObject","inLanguage":"en-US","@id":"https:\/\/www.prijedordanas.com\/#\/schema\/person\/image\/","url":"https:\/\/secure.gravatar.com\/avatar\/1d3fc949d550f0b53a5f0d51e06dfd79?s=96&d=mm&r=g","contentUrl":"https:\/\/secure.gravatar.com\/avatar\/1d3fc949d550f0b53a5f0d51e06dfd79?s=96&d=mm&r=g","caption":"admin"},"url":"https:\/\/www.prijedordanas.com\/?author=1"}]}},"_links":{"self":[{"href":"https:\/\/www.prijedordanas.com\/index.php?rest_route=\/wp\/v2\/posts\/148229"}],"collection":[{"href":"https:\/\/www.prijedordanas.com\/index.php?rest_route=\/wp\/v2\/posts"}],"about":[{"href":"https:\/\/www.prijedordanas.com\/index.php?rest_route=\/wp\/v2\/types\/post"}],"author":[{"embeddable":true,"href":"https:\/\/www.prijedordanas.com\/index.php?rest_route=\/wp\/v2\/users\/1"}],"replies":[{"embeddable":true,"href":"https:\/\/www.prijedordanas.com\/index.php?rest_route=%2Fwp%2Fv2%2Fcomments&post=148229"}],"version-history":[{"count":1,"href":"https:\/\/www.prijedordanas.com\/index.php?rest_route=\/wp\/v2\/posts\/148229\/revisions"}],"predecessor-version":[{"id":148232,"href":"https:\/\/www.prijedordanas.com\/index.php?rest_route=\/wp\/v2\/posts\/148229\/revisions\/148232"}],"wp:attachment":[{"href":"https:\/\/www.prijedordanas.com\/index.php?rest_route=%2Fwp%2Fv2%2Fmedia&parent=148229"}],"wp:term":[{"taxonomy":"category","embeddable":true,"href":"https:\/\/www.prijedordanas.com\/index.php?rest_route=%2Fwp%2Fv2%2Fcategories&post=148229"},{"taxonomy":"post_tag","embeddable":true,"href":"https:\/\/www.prijedordanas.com\/index.php?rest_route=%2Fwp%2Fv2%2Ftags&post=148229"}],"curies":[{"name":"wp","href":"https:\/\/api.w.org\/{rel}","templated":true}]}}