{"id":148224,"date":"2020-05-28T15:05:24","date_gmt":"2020-05-28T13:05:24","guid":{"rendered":"https:\/\/www.prijedordanas.com\/?p=148224"},"modified":"2020-05-28T15:05:24","modified_gmt":"2020-05-28T13:05:24","slug":"vecina-pod-pitanjem-nastavljena-previranja-u-prijedorskoj-skupstini-dragojevic-napustio-snsd","status":"publish","type":"post","link":"https:\/\/www.prijedordanas.com\/?p=148224","title":{"rendered":"Ve\u0107ina pod pitanjem: Nastavljena previranja u prijedorskoj Skup\u0161tini, Dragojevi\u0107 napustio SNSD"},"content":{"rendered":"<p><a href=\"https:\/\/www.prijedordanas.com\/wp-content\/uploads\/2020\/02\/skupstina-grada-18februar-1.jpg\"><img loading=\"lazy\" decoding=\"async\" class=\"alignleft size-medium wp-image-142304\" src=\"https:\/\/www.prijedordanas.com\/wp-content\/uploads\/2020\/02\/skupstina-grada-18februar-1-300x217.jpg\" alt=\"\" width=\"300\" height=\"217\" srcset=\"https:\/\/www.prijedordanas.com\/wp-content\/uploads\/2020\/02\/skupstina-grada-18februar-1-300x217.jpg 300w, https:\/\/www.prijedordanas.com\/wp-content\/uploads\/2020\/02\/skupstina-grada-18februar-1.jpg 690w\" sizes=\"(max-width: 300px) 100vw, 300px\" \/><\/a>Odbornik SNSD i zamjenik predsjednika Skup\u0161tine grada Prijedora Goran Dragojevi\u0107 napustio je ju\u010de tu stranku, \u010dime je skup\u0161tinska ve\u0107ina, koju predvodi ova stranka, dovedena pod znak pitanja.<\/p>\n<p>Kako je Srpskainfo ranije objavila, Dragojevi\u0107 je ju\u010de uputio dopis predsjedniku Skup\u0161tine grada Prijedora Mirsadu Duratovi\u0107u u kojem je naveo da sa tim datumom prestaje njegovo djelovanje u Klubu odbornika SNSD.<\/p>\n<p>\u2013 Svoje dalje politi\u010dko djelovanje u Skup\u0161tini grada Prijedora \u0107u nastaviti kao samostalni odbornik \u2013 naveo je Dragojevi\u0107.<\/p>\n<p><a href=\"https:\/\/www.prijedordanas.com\/wp-content\/uploads\/2020\/03\/skupstina-grada-11mart-1.jpg\"><img loading=\"lazy\" decoding=\"async\" class=\"alignleft size-medium wp-image-143515\" src=\"https:\/\/www.prijedordanas.com\/wp-content\/uploads\/2020\/03\/skupstina-grada-11mart-1-300x225.jpg\" alt=\"\" width=\"300\" height=\"225\" srcset=\"https:\/\/www.prijedordanas.com\/wp-content\/uploads\/2020\/03\/skupstina-grada-11mart-1-300x225.jpg 300w, https:\/\/www.prijedordanas.com\/wp-content\/uploads\/2020\/03\/skupstina-grada-11mart-1-640x480.jpg 640w, https:\/\/www.prijedordanas.com\/wp-content\/uploads\/2020\/03\/skupstina-grada-11mart-1.jpg 667w\" sizes=\"(max-width: 300px) 100vw, 300px\" \/><\/a>Iako Dragojevi\u0107 nije naveo razloge zbog kojih napu\u0161ta SNSD izvori iz ove stranke otkrivaju da je on ve\u0107 du\u017ee vrijeme nezadovoljan radom lokalnog rukovodstva te partije. Na\u0161i izvori otkrivaju da je nezadovoljstvo po\u010delo nakon \u0161to je Gradski odbor SNSD odlu\u010dio da raskine koaliciju sa DNS te napravi novu sa SDA, DF, SDS i drugim strankama.<\/p>\n<p>Prema nezvani\u010dnim informacijama, Dragojevi\u0107, koji je ina\u010de ratni vojni invalid i \u010dlan Bora\u010dke organizacije grada Prijedora, posebno je bio kivan na strana\u010dke kolege zbog njihovog prijedloga da za predsjednika Skup\u0161tine grada bude izabran Mirsad Duratovi\u0107 iz DF koji je poznat po svojim javnim tvrdnjama da se u tom gradu desio genocid. Dragojevi\u0107 se ju\u010de nije javljao na telefon dok nam je njegov strana\u010dki kolega i predsjednik Gradskog odbora SNSD Sa\u0161a Bursa\u0107 kratko rekao da ne zna razloge napu\u0161tanja stranke.<\/p>\n<p><a href=\"https:\/\/www.prijedordanas.com\/wp-content\/uploads\/2020\/05\/blic-dragojevic-nezavisni-odbornik.jpg\"><img loading=\"lazy\" decoding=\"async\" class=\"alignleft size-medium wp-image-148154\" src=\"https:\/\/www.prijedordanas.com\/wp-content\/uploads\/2020\/05\/blic-dragojevic-nezavisni-odbornik-300x225.jpg\" alt=\"\" width=\"300\" height=\"225\" srcset=\"https:\/\/www.prijedordanas.com\/wp-content\/uploads\/2020\/05\/blic-dragojevic-nezavisni-odbornik-300x225.jpg 300w, https:\/\/www.prijedordanas.com\/wp-content\/uploads\/2020\/05\/blic-dragojevic-nezavisni-odbornik-640x480.jpg 640w, https:\/\/www.prijedordanas.com\/wp-content\/uploads\/2020\/05\/blic-dragojevic-nezavisni-odbornik.jpg 667w\" sizes=\"(max-width: 300px) 100vw, 300px\" \/><\/a>\u2013 Obavijestio me je da napu\u0161ta stranku ali nije obrazlo\u017eio za\u0161to. Naveo je da izlazi iz Kluba odbornika SNSD i da \u0107e dalje djelovati samostalno. Ni\u0161ta vam vi\u0161e ne mogu re\u0107i \u2013 istakao je Bursa\u0107. Odlaskom Dragojevi\u0107a iz SNSD postala je upitna sada\u0161nja skup\u0161tinska ve\u0107ina koju predvodi SNSD. Kako sada stvari stoje SNSD ima podr\u0161ku 15 odbornika dok je uz DNS 16.<\/p>\n<p>Da DNS ponovo vra\u0107a uzde u svoje ruke pokazuje i ju\u010dera\u0161nja inicijativa koju su pokrenuli odbornici Skup\u0161tine grada Prijedora za smjenu Duratovi\u0107a, koji je na tu du\u017enost imenovan 11. marta zahvaljuju\u0107i skup\u0161tinskoj ve\u0107ini koju predvodi SNSD.<\/p>\n<p>Inicijativu za njegovu smjenu, pored Dragojevi\u0107a, potpisalo je i \u0161est odbornika DNS, pet odbornika SDS, tri odbornika SDA i jedan odbornik SDP BiH. Ko ima ve\u0107inu u Prijedoru \u2013 SNSD ili DNS, zna\u0107e se ve\u0107 u petak za kada je zakazana sjednica Skup\u0161tine grada.<\/p>\n<p>EuroBlic-srpskainfo.com<\/p>\n<p><a href=\"https:\/\/www.prijedordanas.com\/wp-content\/uploads\/2020\/05\/goran-dragojevic-prestanak-clanstva-snsd-2.jpg\"><img loading=\"lazy\" decoding=\"async\" class=\"alignleft size-medium wp-image-148167\" src=\"https:\/\/www.prijedordanas.com\/wp-content\/uploads\/2020\/05\/goran-dragojevic-prestanak-clanstva-snsd-2-300x300.jpg\" alt=\"\" width=\"300\" height=\"300\" srcset=\"https:\/\/www.prijedordanas.com\/wp-content\/uploads\/2020\/05\/goran-dragojevic-prestanak-clanstva-snsd-2-300x300.jpg 300w, https:\/\/www.prijedordanas.com\/wp-content\/uploads\/2020\/05\/goran-dragojevic-prestanak-clanstva-snsd-2-150x150.jpg 150w, https:\/\/www.prijedordanas.com\/wp-content\/uploads\/2020\/05\/goran-dragojevic-prestanak-clanstva-snsd-2-50x50.jpg 50w, https:\/\/www.prijedordanas.com\/wp-content\/uploads\/2020\/05\/goran-dragojevic-prestanak-clanstva-snsd-2.jpg 600w\" sizes=\"(max-width: 300px) 100vw, 300px\" \/><\/a> <a href=\"https:\/\/www.prijedordanas.com\/wp-content\/uploads\/2020\/05\/goran-dragojevic-prestanak-clanstva-snsd-1.jpg\"><img loading=\"lazy\" decoding=\"async\" class=\"alignleft size-medium wp-image-148166\" src=\"https:\/\/www.prijedordanas.com\/wp-content\/uploads\/2020\/05\/goran-dragojevic-prestanak-clanstva-snsd-1-300x222.jpg\" alt=\"\" width=\"300\" height=\"222\" srcset=\"https:\/\/www.prijedordanas.com\/wp-content\/uploads\/2020\/05\/goran-dragojevic-prestanak-clanstva-snsd-1-300x222.jpg 300w, https:\/\/www.prijedordanas.com\/wp-content\/uploads\/2020\/05\/goran-dragojevic-prestanak-clanstva-snsd-1.jpg 675w\" sizes=\"(max-width: 300px) 100vw, 300px\" \/><\/a><\/p>\n","protected":false},"excerpt":{"rendered":"<p>Odbornik SNSD i zamjenik predsjednika Skup\u0161tine grada Prijedora Goran Dragojevi\u0107 napustio je ju\u010de tu stranku, \u010dime je skup\u0161tinska ve\u0107ina, koju predvodi ova stranka, dovedena pod znak pitanja. Kako je Srpskainfo [&hellip;]<\/p>\n","protected":false},"author":1,"featured_media":0,"comment_status":"closed","ping_status":"open","sticky":false,"template":"","format":"standard","meta":{"_monsterinsights_skip_tracking":false,"_monsterinsights_sitenote_active":false,"_monsterinsights_sitenote_note":"","_monsterinsights_sitenote_category":0,"footnotes":""},"categories":[8],"tags":[8920],"yoast_head":"<!-- This site is optimized with the Yoast SEO plugin v21.6 - https:\/\/yoast.com\/wordpress\/plugins\/seo\/ -->\n<title>Ve\u0107ina pod pitanjem: Nastavljena previranja u prijedorskoj Skup\u0161tini, Dragojevi\u0107 napustio SNSD - PrijedorDanas.com - Prijedorski gradski portal<\/title>\n<meta name=\"robots\" content=\"index, follow, max-snippet:-1, max-image-preview:large, max-video-preview:-1\" \/>\n<link rel=\"canonical\" href=\"https:\/\/www.prijedordanas.com\/?p=148224\" \/>\n<meta property=\"og:locale\" content=\"en_US\" \/>\n<meta property=\"og:type\" content=\"article\" \/>\n<meta property=\"og:title\" content=\"Ve\u0107ina pod pitanjem: Nastavljena previranja u prijedorskoj Skup\u0161tini, Dragojevi\u0107 napustio SNSD - PrijedorDanas.com - Prijedorski gradski portal\" \/>\n<meta property=\"og:description\" content=\"Odbornik SNSD i zamjenik predsjednika Skup\u0161tine grada Prijedora Goran Dragojevi\u0107 napustio je ju\u010de tu stranku, \u010dime je skup\u0161tinska ve\u0107ina, koju predvodi ova stranka, dovedena pod znak pitanja. Kako je Srpskainfo [&hellip;]\" \/>\n<meta property=\"og:url\" content=\"https:\/\/www.prijedordanas.com\/?p=148224\" \/>\n<meta property=\"og:site_name\" content=\"PrijedorDanas.com - Prijedorski gradski portal\" \/>\n<meta property=\"article:publisher\" content=\"https:\/\/www.facebook.com\/PrijedorDanasCom\/\" \/>\n<meta property=\"article:published_time\" content=\"2020-05-28T13:05:24+00:00\" \/>\n<meta property=\"og:image\" content=\"https:\/\/www.prijedordanas.com\/wp-content\/uploads\/2020\/02\/skupstina-grada-18februar-1-300x217.jpg\" \/>\n<meta name=\"author\" content=\"admin\" \/>\n<meta name=\"twitter:card\" content=\"summary_large_image\" \/>\n<meta name=\"twitter:label1\" content=\"Written by\" \/>\n\t<meta name=\"twitter:data1\" content=\"admin\" \/>\n\t<meta name=\"twitter:label2\" content=\"Est. reading time\" \/>\n\t<meta name=\"twitter:data2\" content=\"2 minutes\" \/>\n<script type=\"application\/ld+json\" class=\"yoast-schema-graph\">{\"@context\":\"https:\/\/schema.org\",\"@graph\":[{\"@type\":\"Article\",\"@id\":\"https:\/\/www.prijedordanas.com\/?p=148224#article\",\"isPartOf\":{\"@id\":\"https:\/\/www.prijedordanas.com\/?p=148224\"},\"author\":{\"name\":\"admin\",\"@id\":\"https:\/\/www.prijedordanas.com\/#\/schema\/person\/4e08ccf29b506ca916ff86d46bb700e6\"},\"headline\":\"Ve\u0107ina pod pitanjem: Nastavljena previranja u prijedorskoj Skup\u0161tini, Dragojevi\u0107 napustio SNSD\",\"datePublished\":\"2020-05-28T13:05:24+00:00\",\"dateModified\":\"2020-05-28T13:05:24+00:00\",\"mainEntityOfPage\":{\"@id\":\"https:\/\/www.prijedordanas.com\/?p=148224\"},\"wordCount\":406,\"publisher\":{\"@id\":\"https:\/\/www.prijedordanas.com\/#organization\"},\"keywords\":[\"ve\u0107ina\"],\"articleSection\":[\"Svakodnevno\"],\"inLanguage\":\"en-US\"},{\"@type\":\"WebPage\",\"@id\":\"https:\/\/www.prijedordanas.com\/?p=148224\",\"url\":\"https:\/\/www.prijedordanas.com\/?p=148224\",\"name\":\"Ve\u0107ina pod pitanjem: Nastavljena previranja u prijedorskoj Skup\u0161tini, Dragojevi\u0107 napustio SNSD - PrijedorDanas.com - Prijedorski gradski portal\",\"isPartOf\":{\"@id\":\"https:\/\/www.prijedordanas.com\/#website\"},\"datePublished\":\"2020-05-28T13:05:24+00:00\",\"dateModified\":\"2020-05-28T13:05:24+00:00\",\"breadcrumb\":{\"@id\":\"https:\/\/www.prijedordanas.com\/?p=148224#breadcrumb\"},\"inLanguage\":\"en-US\",\"potentialAction\":[{\"@type\":\"ReadAction\",\"target\":[\"https:\/\/www.prijedordanas.com\/?p=148224\"]}]},{\"@type\":\"BreadcrumbList\",\"@id\":\"https:\/\/www.prijedordanas.com\/?p=148224#breadcrumb\",\"itemListElement\":[{\"@type\":\"ListItem\",\"position\":1,\"name\":\"Home\",\"item\":\"https:\/\/www.prijedordanas.com\/\"},{\"@type\":\"ListItem\",\"position\":2,\"name\":\"Ve\u0107ina pod pitanjem: Nastavljena previranja u prijedorskoj Skup\u0161tini, Dragojevi\u0107 napustio SNSD\"}]},{\"@type\":\"WebSite\",\"@id\":\"https:\/\/www.prijedordanas.com\/#website\",\"url\":\"https:\/\/www.prijedordanas.com\/\",\"name\":\"PrijedorDanas.com - Prijedorski gradski portal\",\"description\":\"Portal o doga\u0111anjima u gradu Prijedoru\",\"publisher\":{\"@id\":\"https:\/\/www.prijedordanas.com\/#organization\"},\"potentialAction\":[{\"@type\":\"SearchAction\",\"target\":{\"@type\":\"EntryPoint\",\"urlTemplate\":\"https:\/\/www.prijedordanas.com\/?s={search_term_string}\"},\"query-input\":\"required name=search_term_string\"}],\"inLanguage\":\"en-US\"},{\"@type\":\"Organization\",\"@id\":\"https:\/\/www.prijedordanas.com\/#organization\",\"name\":\"PrijedorDanas.com\",\"url\":\"https:\/\/www.prijedordanas.com\/\",\"logo\":{\"@type\":\"ImageObject\",\"inLanguage\":\"en-US\",\"@id\":\"https:\/\/www.prijedordanas.com\/#\/schema\/logo\/image\/\",\"url\":\"http:\/\/www.prijedordanas.com\/wp-content\/uploads\/2021\/12\/logopng.png\",\"contentUrl\":\"http:\/\/www.prijedordanas.com\/wp-content\/uploads\/2021\/12\/logopng.png\",\"width\":1019,\"height\":776,\"caption\":\"PrijedorDanas.com\"},\"image\":{\"@id\":\"https:\/\/www.prijedordanas.com\/#\/schema\/logo\/image\/\"},\"sameAs\":[\"https:\/\/www.facebook.com\/PrijedorDanasCom\/\"]},{\"@type\":\"Person\",\"@id\":\"https:\/\/www.prijedordanas.com\/#\/schema\/person\/4e08ccf29b506ca916ff86d46bb700e6\",\"name\":\"admin\",\"image\":{\"@type\":\"ImageObject\",\"inLanguage\":\"en-US\",\"@id\":\"https:\/\/www.prijedordanas.com\/#\/schema\/person\/image\/\",\"url\":\"https:\/\/secure.gravatar.com\/avatar\/1d3fc949d550f0b53a5f0d51e06dfd79?s=96&d=mm&r=g\",\"contentUrl\":\"https:\/\/secure.gravatar.com\/avatar\/1d3fc949d550f0b53a5f0d51e06dfd79?s=96&d=mm&r=g\",\"caption\":\"admin\"},\"url\":\"https:\/\/www.prijedordanas.com\/?author=1\"}]}<\/script>\n<!-- \/ Yoast SEO plugin. -->","yoast_head_json":{"title":"Ve\u0107ina pod pitanjem: Nastavljena previranja u prijedorskoj Skup\u0161tini, Dragojevi\u0107 napustio SNSD - PrijedorDanas.com - Prijedorski gradski portal","robots":{"index":"index","follow":"follow","max-snippet":"max-snippet:-1","max-image-preview":"max-image-preview:large","max-video-preview":"max-video-preview:-1"},"canonical":"https:\/\/www.prijedordanas.com\/?p=148224","og_locale":"en_US","og_type":"article","og_title":"Ve\u0107ina pod pitanjem: Nastavljena previranja u prijedorskoj Skup\u0161tini, Dragojevi\u0107 napustio SNSD - PrijedorDanas.com - Prijedorski gradski portal","og_description":"Odbornik SNSD i zamjenik predsjednika Skup\u0161tine grada Prijedora Goran Dragojevi\u0107 napustio je ju\u010de tu stranku, \u010dime je skup\u0161tinska ve\u0107ina, koju predvodi ova stranka, dovedena pod znak pitanja. Kako je Srpskainfo [&hellip;]","og_url":"https:\/\/www.prijedordanas.com\/?p=148224","og_site_name":"PrijedorDanas.com - Prijedorski gradski portal","article_publisher":"https:\/\/www.facebook.com\/PrijedorDanasCom\/","article_published_time":"2020-05-28T13:05:24+00:00","og_image":[{"url":"https:\/\/www.prijedordanas.com\/wp-content\/uploads\/2020\/02\/skupstina-grada-18februar-1-300x217.jpg"}],"author":"admin","twitter_card":"summary_large_image","twitter_misc":{"Written by":"admin","Est. reading time":"2 minutes"},"schema":{"@context":"https:\/\/schema.org","@graph":[{"@type":"Article","@id":"https:\/\/www.prijedordanas.com\/?p=148224#article","isPartOf":{"@id":"https:\/\/www.prijedordanas.com\/?p=148224"},"author":{"name":"admin","@id":"https:\/\/www.prijedordanas.com\/#\/schema\/person\/4e08ccf29b506ca916ff86d46bb700e6"},"headline":"Ve\u0107ina pod pitanjem: Nastavljena previranja u prijedorskoj Skup\u0161tini, Dragojevi\u0107 napustio SNSD","datePublished":"2020-05-28T13:05:24+00:00","dateModified":"2020-05-28T13:05:24+00:00","mainEntityOfPage":{"@id":"https:\/\/www.prijedordanas.com\/?p=148224"},"wordCount":406,"publisher":{"@id":"https:\/\/www.prijedordanas.com\/#organization"},"keywords":["ve\u0107ina"],"articleSection":["Svakodnevno"],"inLanguage":"en-US"},{"@type":"WebPage","@id":"https:\/\/www.prijedordanas.com\/?p=148224","url":"https:\/\/www.prijedordanas.com\/?p=148224","name":"Ve\u0107ina pod pitanjem: Nastavljena previranja u prijedorskoj Skup\u0161tini, Dragojevi\u0107 napustio SNSD - PrijedorDanas.com - Prijedorski gradski portal","isPartOf":{"@id":"https:\/\/www.prijedordanas.com\/#website"},"datePublished":"2020-05-28T13:05:24+00:00","dateModified":"2020-05-28T13:05:24+00:00","breadcrumb":{"@id":"https:\/\/www.prijedordanas.com\/?p=148224#breadcrumb"},"inLanguage":"en-US","potentialAction":[{"@type":"ReadAction","target":["https:\/\/www.prijedordanas.com\/?p=148224"]}]},{"@type":"BreadcrumbList","@id":"https:\/\/www.prijedordanas.com\/?p=148224#breadcrumb","itemListElement":[{"@type":"ListItem","position":1,"name":"Home","item":"https:\/\/www.prijedordanas.com\/"},{"@type":"ListItem","position":2,"name":"Ve\u0107ina pod pitanjem: Nastavljena previranja u prijedorskoj Skup\u0161tini, Dragojevi\u0107 napustio SNSD"}]},{"@type":"WebSite","@id":"https:\/\/www.prijedordanas.com\/#website","url":"https:\/\/www.prijedordanas.com\/","name":"PrijedorDanas.com - Prijedorski gradski portal","description":"Portal o doga\u0111anjima u gradu Prijedoru","publisher":{"@id":"https:\/\/www.prijedordanas.com\/#organization"},"potentialAction":[{"@type":"SearchAction","target":{"@type":"EntryPoint","urlTemplate":"https:\/\/www.prijedordanas.com\/?s={search_term_string}"},"query-input":"required name=search_term_string"}],"inLanguage":"en-US"},{"@type":"Organization","@id":"https:\/\/www.prijedordanas.com\/#organization","name":"PrijedorDanas.com","url":"https:\/\/www.prijedordanas.com\/","logo":{"@type":"ImageObject","inLanguage":"en-US","@id":"https:\/\/www.prijedordanas.com\/#\/schema\/logo\/image\/","url":"http:\/\/www.prijedordanas.com\/wp-content\/uploads\/2021\/12\/logopng.png","contentUrl":"http:\/\/www.prijedordanas.com\/wp-content\/uploads\/2021\/12\/logopng.png","width":1019,"height":776,"caption":"PrijedorDanas.com"},"image":{"@id":"https:\/\/www.prijedordanas.com\/#\/schema\/logo\/image\/"},"sameAs":["https:\/\/www.facebook.com\/PrijedorDanasCom\/"]},{"@type":"Person","@id":"https:\/\/www.prijedordanas.com\/#\/schema\/person\/4e08ccf29b506ca916ff86d46bb700e6","name":"admin","image":{"@type":"ImageObject","inLanguage":"en-US","@id":"https:\/\/www.prijedordanas.com\/#\/schema\/person\/image\/","url":"https:\/\/secure.gravatar.com\/avatar\/1d3fc949d550f0b53a5f0d51e06dfd79?s=96&d=mm&r=g","contentUrl":"https:\/\/secure.gravatar.com\/avatar\/1d3fc949d550f0b53a5f0d51e06dfd79?s=96&d=mm&r=g","caption":"admin"},"url":"https:\/\/www.prijedordanas.com\/?author=1"}]}},"_links":{"self":[{"href":"https:\/\/www.prijedordanas.com\/index.php?rest_route=\/wp\/v2\/posts\/148224"}],"collection":[{"href":"https:\/\/www.prijedordanas.com\/index.php?rest_route=\/wp\/v2\/posts"}],"about":[{"href":"https:\/\/www.prijedordanas.com\/index.php?rest_route=\/wp\/v2\/types\/post"}],"author":[{"embeddable":true,"href":"https:\/\/www.prijedordanas.com\/index.php?rest_route=\/wp\/v2\/users\/1"}],"replies":[{"embeddable":true,"href":"https:\/\/www.prijedordanas.com\/index.php?rest_route=%2Fwp%2Fv2%2Fcomments&post=148224"}],"version-history":[{"count":1,"href":"https:\/\/www.prijedordanas.com\/index.php?rest_route=\/wp\/v2\/posts\/148224\/revisions"}],"predecessor-version":[{"id":148225,"href":"https:\/\/www.prijedordanas.com\/index.php?rest_route=\/wp\/v2\/posts\/148224\/revisions\/148225"}],"wp:attachment":[{"href":"https:\/\/www.prijedordanas.com\/index.php?rest_route=%2Fwp%2Fv2%2Fmedia&parent=148224"}],"wp:term":[{"taxonomy":"category","embeddable":true,"href":"https:\/\/www.prijedordanas.com\/index.php?rest_route=%2Fwp%2Fv2%2Fcategories&post=148224"},{"taxonomy":"post_tag","embeddable":true,"href":"https:\/\/www.prijedordanas.com\/index.php?rest_route=%2Fwp%2Fv2%2Ftags&post=148224"}],"curies":[{"name":"wp","href":"https:\/\/api.w.org\/{rel}","templated":true}]}}