{"id":148127,"date":"2020-05-26T23:48:29","date_gmt":"2020-05-26T21:48:29","guid":{"rendered":"https:\/\/www.prijedordanas.com\/?p=148127"},"modified":"2020-05-26T23:48:29","modified_gmt":"2020-05-26T21:48:29","slug":"u-prijedoru-drugi-dan-nema-novozarazenih-lica-zakljucci-staba-za-vanredne-situacije-za-26-maj","status":"publish","type":"post","link":"https:\/\/www.prijedordanas.com\/?p=148127","title":{"rendered":"U Prijedoru drugi dan nema novozara\u017eenih lica: Zaklju\u010dci \u0160taba za vanredne situacije za 26. maj"},"content":{"rendered":"<p><a href=\"https:\/\/www.prijedordanas.com\/wp-content\/uploads\/2020\/05\/stab-26maj-5.jpg\"><img loading=\"lazy\" decoding=\"async\" class=\"alignleft size-medium wp-image-148128\" src=\"https:\/\/www.prijedordanas.com\/wp-content\/uploads\/2020\/05\/stab-26maj-5-300x222.jpg\" alt=\"\" width=\"300\" height=\"222\" srcset=\"https:\/\/www.prijedordanas.com\/wp-content\/uploads\/2020\/05\/stab-26maj-5-300x222.jpg 300w, https:\/\/www.prijedordanas.com\/wp-content\/uploads\/2020\/05\/stab-26maj-5.jpg 675w\" sizes=\"(max-width: 300px) 100vw, 300px\" \/><\/a>GRADSKI \u0160TAB ZA VANREDNE SITUACIJE<\/p>\n<p>Na osnovu \u010dlana 39. stav 3. i \u010dlana 40. stav b., Zakona o za\u0161titi i spasavanju u vanrednim situacijama (&#8220;Slu\u017ebeni glasnik Republike Srpske&#8221;, broj: 121\/12) i \u010dlana 12. stav 3., Odluke o organizovanju i funkcionisanju civilne za\u0161tite u oblasti za\u0161tite i spasavanja Grada Prijedora (&#8220;Slu\u017ebeni glasnik Grada Prijedora&#8221;, broj: 7\/13), na sjednici odr\u017eanoj dana 26.05.2020. godine Gradski \u0161tab za vanredne situacije Grada Prijedora, donosi slijede\u0107e:<\/p>\n<p>ZAKLJU\u010cKE<\/p>\n<p>Gradski \u0161tab za vanredne situacije konstatuje:<\/p>\n<p>1. Na podru\u010dju grada Prijedora u posljednja 24 sata nije registrovan ni jedan slu\u010daj sa pozitivnim testom na korona virus, tako da je trenutno 23 lica sa pozitivnim testom na virus korona. Do sada se 18 lica oporavilo od oboljenja uzrokovanog virusom korona, a 11 lica je preminulo. Pod zdravstvenim nadzorom &#8211; u ku\u0107noj izolaciji je 56 lica. Zdravstveni nadzor je prestao za 1860 lica. U Bolnicu &#8220;Dr Mladen Stojanovi\u0107&#8221; Prijedor &#8211; COVID odjeljenje radi lije\u010denja smje\u0161teno je 16 lica sa utvr\u0111enim oboljenjem od novog virusa korona od kojih su 13 lica iz Prijedora, i po jedno lice iz Novog Grada, Kozarske Dubice i Kostajnice.<br \/>\n<a href=\"https:\/\/www.prijedordanas.com\/wp-content\/uploads\/2020\/05\/stab-26maj-4.jpg\"><img loading=\"lazy\" decoding=\"async\" class=\"alignleft size-medium wp-image-148106\" src=\"https:\/\/www.prijedordanas.com\/wp-content\/uploads\/2020\/05\/stab-26maj-4-300x222.jpg\" alt=\"\" width=\"300\" height=\"222\" srcset=\"https:\/\/www.prijedordanas.com\/wp-content\/uploads\/2020\/05\/stab-26maj-4-300x222.jpg 300w, https:\/\/www.prijedordanas.com\/wp-content\/uploads\/2020\/05\/stab-26maj-4.jpg 675w\" sizes=\"(max-width: 300px) 100vw, 300px\" \/><\/a>2. Dana 25.05.2020.godine Republi\u010dki \u0161tab za vanredne situacije je donio Zaklju\u010dak br.39-1\/20 kojim se zabranjuju javna okupljanja u grupama ve\u0107im od 50 lica na javnom mjestu i do 08.06. 2020.godine se zabranjuju takmi\u010darske aktivnosti sportskih organizacija, a dozvoljava rad bazenima sa &#8220;wellnes&#8221; i spa centrima posebno i u sklopu ugostiteljskih objekata za smje\u0161taj.<br \/>\nOvim Zaklju\u010dkom se organi lokalne samouprave koji vr\u0161e javna ovla\u0161tenja obavezuju da organizuju svoj rad uz obavezu da ograni\u010de broj lica koja istovremeno mogu da u\u0111u i borave u prostorijama organa, obezbijede odr\u017eavanje rastojanja izme\u0111u gra\u0111ana u zatvorenom prostoru od najmanje dva metra uz preduzimanje mjera dezinfekcije i poja\u010dane higijene. Ove uslove je neophodno obezbijediti i u \u0161alter salama i mati\u010dnim slu\u017ebama, a uz obezbje\u0111enje fizi\u010dke providne barijere na radnom mjestu koja pru\u017ea dovoljnu za\u0161titu zaposlenom i korisniku.<br \/>\n3. Dana 25.05.2020.godine Republi\u010dki \u0161tab za vanredne situacije je donio Zaklju\u010dak br.39-2\/20 kojim se produ\u017eava organizovanje vaspitno obrazovnog rada na daljinu do 08.06.2020.godine i produ\u017eava primjena zaklju\u010dka kojim su utvr\u0111ene obaveze javnih zdravstvenih ustanova &#8211; bolnica u Republici Srpskoj o obaveznom sprovo\u0111enju mjera reagovanja na bolesti izazvane virusom korona.<br \/>\n4. Dana 25.05.2020.godine Republi\u010dki \u0161tab za vanredne situacije je donio Zaklju\u010dak br.39-3\/20 kojim se obavezuju svi domovi zdravlja u Republici Srpskoj da sve raspolo\u017eive kapacitete uklju\u010de u prevenciju \u0161irenja virusa korona , da sa svojih 50% kapaciteta organizuju pru\u017eanje specijalisti\u010dkih zdravstvenih usluga, da prioritetno sprovode epidemiolo\u0161ke ankete svih lica koja su bila u kontaktu sa zara\u017eenim osobama.<br \/>\n5. Dana 25.05.2020.godine Republi\u010dki \u0161tab za vanredne situacije je donio Zaklju\u010dak br.39-4\/20 kojim prestaje primjena zaklju\u010dka o regulisanju radnog vremena zdravstvenih ustanova &#8211; apoteka u Republici Srpskoj.<br \/>\n6. Dana 25.05.2020.godine Republi\u010dki \u0161tab za vanredne situacije je donio Zaklju\u010dak br.39-7\/20 kojim se JZU Bolnica &#8220;Dr Mladen Stojanovi\u0107&#8221;donira 1200 direktnih antigenskih testova za dokazivanje novog virusa korona.<br \/>\n7. Dana 25.05.2020.godine Tim za dezinfekciju Gradske uprave Prijedor izvr\u0161io je periodi\u010dnu &#8211; sedmi\u010dnu dezinfekciju javnih ustanova na podru\u010dju grada Prijedora.<\/p>\n<p>Naredbe, zadu\u017eenja i preporuke<\/p>\n<p>1.Obavezuju se sva pravna lica, preduzetnici i fizi\u010dka lica na podru\u010dju grada Prijedora da se u potpunosti pridr\u017eavaju mjera za\u0161tite utr\u0111enih zaklju\u010dkom Republi\u010dkog \u0161taba za vanredne situacije br.39-1\/20 od 25.05.2020.godine kojim se zabranjuju javna okupljanja u grupama ve\u0107im od 50 lica na javnom mjestu, zabranjuju takmi\u010darske aktivnosti sportskih organizacija i odre\u0111uju uslovi za rad organa i subjekata koji vr\u0161e javna ovla\u0161tenja.<br \/>\n2.Obavezuju se javne zdravstvene ustanove, na podru\u010dju grada Prijedora da se u potpunosti pridr\u017eavaju Zaklju\u010daka Republi\u010dkog \u0161taba za vanredne situacije kojim su utvr\u0111ene obaveze ovih ustanova u obaveznom sprovo\u0111enju mjera za reagovanje na pojavu bolesti izazvane novim virusom korona.<br \/>\n3.Obavezuju se kontrolni i nadzorni organi na podru\u010dju grada Prijedora da vr\u0161e redovne kontrole subjekata kojima je odobreno obavljanje djelatnosti u cilju obaveznog sprovo\u0111enja mjera propisanih u Uputstvu JZU &#8221; Institut za javno zdravstvo Republike Srpske&#8221; za spre\u010davanje pojave i \u0161irenja virusa korona na radnom mjestu<br \/>\nZa realizaciju ovih zaklju\u010daka zadu\u017euju se organi i slu\u017ebe Gradske uprave Prijedor, privredna dru\u0161tva , javne ustanove i institucije na podru\u010dju grada Prijedora.<\/p>\n<p>Broj: 02-sl-54\/20<br \/>\nDatum: 26.05.2020. godine<\/p>\n<p>KOMANDANT<br \/>\nMilenko \u0110akovi\u0107<\/p>\n","protected":false},"excerpt":{"rendered":"<p>GRADSKI \u0160TAB ZA VANREDNE SITUACIJE Na osnovu \u010dlana 39. stav 3. i \u010dlana 40. stav b., Zakona o za\u0161titi i spasavanju u vanrednim situacijama (&#8220;Slu\u017ebeni glasnik Republike Srpske&#8221;, broj: 121\/12) [&hellip;]<\/p>\n","protected":false},"author":1,"featured_media":0,"comment_status":"closed","ping_status":"open","sticky":false,"template":"","format":"standard","meta":{"_monsterinsights_skip_tracking":false,"_monsterinsights_sitenote_active":false,"_monsterinsights_sitenote_note":"","_monsterinsights_sitenote_category":0,"footnotes":""},"categories":[8],"tags":[11081,11120],"yoast_head":"<!-- This site is optimized with the Yoast SEO plugin v21.6 - https:\/\/yoast.com\/wordpress\/plugins\/seo\/ -->\n<title>U Prijedoru drugi dan nema novozara\u017eenih lica: Zaklju\u010dci \u0160taba za vanredne situacije za 26. maj - PrijedorDanas.com - Prijedorski gradski portal<\/title>\n<meta name=\"robots\" content=\"index, follow, max-snippet:-1, max-image-preview:large, max-video-preview:-1\" \/>\n<link rel=\"canonical\" href=\"https:\/\/www.prijedordanas.com\/?p=148127\" \/>\n<meta property=\"og:locale\" content=\"en_US\" \/>\n<meta property=\"og:type\" content=\"article\" \/>\n<meta property=\"og:title\" content=\"U Prijedoru drugi dan nema novozara\u017eenih lica: Zaklju\u010dci \u0160taba za vanredne situacije za 26. maj - PrijedorDanas.com - Prijedorski gradski portal\" \/>\n<meta property=\"og:description\" content=\"GRADSKI \u0160TAB ZA VANREDNE SITUACIJE Na osnovu \u010dlana 39. stav 3. i \u010dlana 40. stav b., Zakona o za\u0161titi i spasavanju u vanrednim situacijama (&#8220;Slu\u017ebeni glasnik Republike Srpske&#8221;, broj: 121\/12) [&hellip;]\" \/>\n<meta property=\"og:url\" content=\"https:\/\/www.prijedordanas.com\/?p=148127\" \/>\n<meta property=\"og:site_name\" content=\"PrijedorDanas.com - Prijedorski gradski portal\" \/>\n<meta property=\"article:publisher\" content=\"https:\/\/www.facebook.com\/PrijedorDanasCom\/\" \/>\n<meta property=\"article:published_time\" content=\"2020-05-26T21:48:29+00:00\" \/>\n<meta property=\"og:image\" content=\"https:\/\/www.prijedordanas.com\/wp-content\/uploads\/2020\/05\/stab-26maj-5-300x222.jpg\" \/>\n<meta name=\"author\" content=\"admin\" \/>\n<meta name=\"twitter:card\" content=\"summary_large_image\" \/>\n<meta name=\"twitter:label1\" content=\"Written by\" \/>\n\t<meta name=\"twitter:data1\" content=\"admin\" \/>\n\t<meta name=\"twitter:label2\" content=\"Est. reading time\" \/>\n\t<meta name=\"twitter:data2\" content=\"4 minutes\" \/>\n<script type=\"application\/ld+json\" class=\"yoast-schema-graph\">{\"@context\":\"https:\/\/schema.org\",\"@graph\":[{\"@type\":\"Article\",\"@id\":\"https:\/\/www.prijedordanas.com\/?p=148127#article\",\"isPartOf\":{\"@id\":\"https:\/\/www.prijedordanas.com\/?p=148127\"},\"author\":{\"name\":\"admin\",\"@id\":\"https:\/\/www.prijedordanas.com\/#\/schema\/person\/4e08ccf29b506ca916ff86d46bb700e6\"},\"headline\":\"U Prijedoru drugi dan nema novozara\u017eenih lica: Zaklju\u010dci \u0160taba za vanredne situacije za 26. maj\",\"datePublished\":\"2020-05-26T21:48:29+00:00\",\"dateModified\":\"2020-05-26T21:48:29+00:00\",\"mainEntityOfPage\":{\"@id\":\"https:\/\/www.prijedordanas.com\/?p=148127\"},\"wordCount\":753,\"publisher\":{\"@id\":\"https:\/\/www.prijedordanas.com\/#organization\"},\"keywords\":[\"korona\",\"\u0160tab za vanredne situacije grada Prijedora\"],\"articleSection\":[\"Svakodnevno\"],\"inLanguage\":\"en-US\"},{\"@type\":\"WebPage\",\"@id\":\"https:\/\/www.prijedordanas.com\/?p=148127\",\"url\":\"https:\/\/www.prijedordanas.com\/?p=148127\",\"name\":\"U Prijedoru drugi dan nema novozara\u017eenih lica: Zaklju\u010dci \u0160taba za vanredne situacije za 26. maj - PrijedorDanas.com - Prijedorski gradski portal\",\"isPartOf\":{\"@id\":\"https:\/\/www.prijedordanas.com\/#website\"},\"datePublished\":\"2020-05-26T21:48:29+00:00\",\"dateModified\":\"2020-05-26T21:48:29+00:00\",\"breadcrumb\":{\"@id\":\"https:\/\/www.prijedordanas.com\/?p=148127#breadcrumb\"},\"inLanguage\":\"en-US\",\"potentialAction\":[{\"@type\":\"ReadAction\",\"target\":[\"https:\/\/www.prijedordanas.com\/?p=148127\"]}]},{\"@type\":\"BreadcrumbList\",\"@id\":\"https:\/\/www.prijedordanas.com\/?p=148127#breadcrumb\",\"itemListElement\":[{\"@type\":\"ListItem\",\"position\":1,\"name\":\"Home\",\"item\":\"https:\/\/www.prijedordanas.com\/\"},{\"@type\":\"ListItem\",\"position\":2,\"name\":\"U Prijedoru drugi dan nema novozara\u017eenih lica: Zaklju\u010dci \u0160taba za vanredne situacije za 26. maj\"}]},{\"@type\":\"WebSite\",\"@id\":\"https:\/\/www.prijedordanas.com\/#website\",\"url\":\"https:\/\/www.prijedordanas.com\/\",\"name\":\"PrijedorDanas.com - Prijedorski gradski portal\",\"description\":\"Portal o doga\u0111anjima u gradu Prijedoru\",\"publisher\":{\"@id\":\"https:\/\/www.prijedordanas.com\/#organization\"},\"potentialAction\":[{\"@type\":\"SearchAction\",\"target\":{\"@type\":\"EntryPoint\",\"urlTemplate\":\"https:\/\/www.prijedordanas.com\/?s={search_term_string}\"},\"query-input\":\"required name=search_term_string\"}],\"inLanguage\":\"en-US\"},{\"@type\":\"Organization\",\"@id\":\"https:\/\/www.prijedordanas.com\/#organization\",\"name\":\"PrijedorDanas.com\",\"url\":\"https:\/\/www.prijedordanas.com\/\",\"logo\":{\"@type\":\"ImageObject\",\"inLanguage\":\"en-US\",\"@id\":\"https:\/\/www.prijedordanas.com\/#\/schema\/logo\/image\/\",\"url\":\"http:\/\/www.prijedordanas.com\/wp-content\/uploads\/2021\/12\/logopng.png\",\"contentUrl\":\"http:\/\/www.prijedordanas.com\/wp-content\/uploads\/2021\/12\/logopng.png\",\"width\":1019,\"height\":776,\"caption\":\"PrijedorDanas.com\"},\"image\":{\"@id\":\"https:\/\/www.prijedordanas.com\/#\/schema\/logo\/image\/\"},\"sameAs\":[\"https:\/\/www.facebook.com\/PrijedorDanasCom\/\"]},{\"@type\":\"Person\",\"@id\":\"https:\/\/www.prijedordanas.com\/#\/schema\/person\/4e08ccf29b506ca916ff86d46bb700e6\",\"name\":\"admin\",\"image\":{\"@type\":\"ImageObject\",\"inLanguage\":\"en-US\",\"@id\":\"https:\/\/www.prijedordanas.com\/#\/schema\/person\/image\/\",\"url\":\"https:\/\/secure.gravatar.com\/avatar\/1d3fc949d550f0b53a5f0d51e06dfd79?s=96&d=mm&r=g\",\"contentUrl\":\"https:\/\/secure.gravatar.com\/avatar\/1d3fc949d550f0b53a5f0d51e06dfd79?s=96&d=mm&r=g\",\"caption\":\"admin\"},\"url\":\"https:\/\/www.prijedordanas.com\/?author=1\"}]}<\/script>\n<!-- \/ Yoast SEO plugin. -->","yoast_head_json":{"title":"U Prijedoru drugi dan nema novozara\u017eenih lica: Zaklju\u010dci \u0160taba za vanredne situacije za 26. maj - PrijedorDanas.com - Prijedorski gradski portal","robots":{"index":"index","follow":"follow","max-snippet":"max-snippet:-1","max-image-preview":"max-image-preview:large","max-video-preview":"max-video-preview:-1"},"canonical":"https:\/\/www.prijedordanas.com\/?p=148127","og_locale":"en_US","og_type":"article","og_title":"U Prijedoru drugi dan nema novozara\u017eenih lica: Zaklju\u010dci \u0160taba za vanredne situacije za 26. maj - PrijedorDanas.com - Prijedorski gradski portal","og_description":"GRADSKI \u0160TAB ZA VANREDNE SITUACIJE Na osnovu \u010dlana 39. stav 3. i \u010dlana 40. stav b., Zakona o za\u0161titi i spasavanju u vanrednim situacijama (&#8220;Slu\u017ebeni glasnik Republike Srpske&#8221;, broj: 121\/12) [&hellip;]","og_url":"https:\/\/www.prijedordanas.com\/?p=148127","og_site_name":"PrijedorDanas.com - Prijedorski gradski portal","article_publisher":"https:\/\/www.facebook.com\/PrijedorDanasCom\/","article_published_time":"2020-05-26T21:48:29+00:00","og_image":[{"url":"https:\/\/www.prijedordanas.com\/wp-content\/uploads\/2020\/05\/stab-26maj-5-300x222.jpg"}],"author":"admin","twitter_card":"summary_large_image","twitter_misc":{"Written by":"admin","Est. reading time":"4 minutes"},"schema":{"@context":"https:\/\/schema.org","@graph":[{"@type":"Article","@id":"https:\/\/www.prijedordanas.com\/?p=148127#article","isPartOf":{"@id":"https:\/\/www.prijedordanas.com\/?p=148127"},"author":{"name":"admin","@id":"https:\/\/www.prijedordanas.com\/#\/schema\/person\/4e08ccf29b506ca916ff86d46bb700e6"},"headline":"U Prijedoru drugi dan nema novozara\u017eenih lica: Zaklju\u010dci \u0160taba za vanredne situacije za 26. maj","datePublished":"2020-05-26T21:48:29+00:00","dateModified":"2020-05-26T21:48:29+00:00","mainEntityOfPage":{"@id":"https:\/\/www.prijedordanas.com\/?p=148127"},"wordCount":753,"publisher":{"@id":"https:\/\/www.prijedordanas.com\/#organization"},"keywords":["korona","\u0160tab za vanredne situacije grada Prijedora"],"articleSection":["Svakodnevno"],"inLanguage":"en-US"},{"@type":"WebPage","@id":"https:\/\/www.prijedordanas.com\/?p=148127","url":"https:\/\/www.prijedordanas.com\/?p=148127","name":"U Prijedoru drugi dan nema novozara\u017eenih lica: Zaklju\u010dci \u0160taba za vanredne situacije za 26. maj - PrijedorDanas.com - Prijedorski gradski portal","isPartOf":{"@id":"https:\/\/www.prijedordanas.com\/#website"},"datePublished":"2020-05-26T21:48:29+00:00","dateModified":"2020-05-26T21:48:29+00:00","breadcrumb":{"@id":"https:\/\/www.prijedordanas.com\/?p=148127#breadcrumb"},"inLanguage":"en-US","potentialAction":[{"@type":"ReadAction","target":["https:\/\/www.prijedordanas.com\/?p=148127"]}]},{"@type":"BreadcrumbList","@id":"https:\/\/www.prijedordanas.com\/?p=148127#breadcrumb","itemListElement":[{"@type":"ListItem","position":1,"name":"Home","item":"https:\/\/www.prijedordanas.com\/"},{"@type":"ListItem","position":2,"name":"U Prijedoru drugi dan nema novozara\u017eenih lica: Zaklju\u010dci \u0160taba za vanredne situacije za 26. maj"}]},{"@type":"WebSite","@id":"https:\/\/www.prijedordanas.com\/#website","url":"https:\/\/www.prijedordanas.com\/","name":"PrijedorDanas.com - Prijedorski gradski portal","description":"Portal o doga\u0111anjima u gradu Prijedoru","publisher":{"@id":"https:\/\/www.prijedordanas.com\/#organization"},"potentialAction":[{"@type":"SearchAction","target":{"@type":"EntryPoint","urlTemplate":"https:\/\/www.prijedordanas.com\/?s={search_term_string}"},"query-input":"required name=search_term_string"}],"inLanguage":"en-US"},{"@type":"Organization","@id":"https:\/\/www.prijedordanas.com\/#organization","name":"PrijedorDanas.com","url":"https:\/\/www.prijedordanas.com\/","logo":{"@type":"ImageObject","inLanguage":"en-US","@id":"https:\/\/www.prijedordanas.com\/#\/schema\/logo\/image\/","url":"http:\/\/www.prijedordanas.com\/wp-content\/uploads\/2021\/12\/logopng.png","contentUrl":"http:\/\/www.prijedordanas.com\/wp-content\/uploads\/2021\/12\/logopng.png","width":1019,"height":776,"caption":"PrijedorDanas.com"},"image":{"@id":"https:\/\/www.prijedordanas.com\/#\/schema\/logo\/image\/"},"sameAs":["https:\/\/www.facebook.com\/PrijedorDanasCom\/"]},{"@type":"Person","@id":"https:\/\/www.prijedordanas.com\/#\/schema\/person\/4e08ccf29b506ca916ff86d46bb700e6","name":"admin","image":{"@type":"ImageObject","inLanguage":"en-US","@id":"https:\/\/www.prijedordanas.com\/#\/schema\/person\/image\/","url":"https:\/\/secure.gravatar.com\/avatar\/1d3fc949d550f0b53a5f0d51e06dfd79?s=96&d=mm&r=g","contentUrl":"https:\/\/secure.gravatar.com\/avatar\/1d3fc949d550f0b53a5f0d51e06dfd79?s=96&d=mm&r=g","caption":"admin"},"url":"https:\/\/www.prijedordanas.com\/?author=1"}]}},"_links":{"self":[{"href":"https:\/\/www.prijedordanas.com\/index.php?rest_route=\/wp\/v2\/posts\/148127"}],"collection":[{"href":"https:\/\/www.prijedordanas.com\/index.php?rest_route=\/wp\/v2\/posts"}],"about":[{"href":"https:\/\/www.prijedordanas.com\/index.php?rest_route=\/wp\/v2\/types\/post"}],"author":[{"embeddable":true,"href":"https:\/\/www.prijedordanas.com\/index.php?rest_route=\/wp\/v2\/users\/1"}],"replies":[{"embeddable":true,"href":"https:\/\/www.prijedordanas.com\/index.php?rest_route=%2Fwp%2Fv2%2Fcomments&post=148127"}],"version-history":[{"count":1,"href":"https:\/\/www.prijedordanas.com\/index.php?rest_route=\/wp\/v2\/posts\/148127\/revisions"}],"predecessor-version":[{"id":148129,"href":"https:\/\/www.prijedordanas.com\/index.php?rest_route=\/wp\/v2\/posts\/148127\/revisions\/148129"}],"wp:attachment":[{"href":"https:\/\/www.prijedordanas.com\/index.php?rest_route=%2Fwp%2Fv2%2Fmedia&parent=148127"}],"wp:term":[{"taxonomy":"category","embeddable":true,"href":"https:\/\/www.prijedordanas.com\/index.php?rest_route=%2Fwp%2Fv2%2Fcategories&post=148127"},{"taxonomy":"post_tag","embeddable":true,"href":"https:\/\/www.prijedordanas.com\/index.php?rest_route=%2Fwp%2Fv2%2Ftags&post=148127"}],"curies":[{"name":"wp","href":"https:\/\/api.w.org\/{rel}","templated":true}]}}