{"id":147888,"date":"2020-05-23T09:46:33","date_gmt":"2020-05-23T07:46:33","guid":{"rendered":"https:\/\/www.prijedordanas.com\/?p=147888"},"modified":"2020-05-23T09:51:41","modified_gmt":"2020-05-23T07:51:41","slug":"tri-osobe-iz-prijedora-pozitivne-na-korona-virus-jos-13-zarazenih-u-republici-srpskoj","status":"publish","type":"post","link":"https:\/\/www.prijedordanas.com\/?p=147888","title":{"rendered":"Tri osobe iz Prijedora pozitivne na korona virus: Jo\u0161 13 zara\u017eenih u Republici Srpskoj"},"content":{"rendered":"<p><a href=\"https:\/\/www.prijedordanas.com\/wp-content\/uploads\/2020\/05\/korona-2020-2.jpg\"><img loading=\"lazy\" decoding=\"async\" src=\"https:\/\/www.prijedordanas.com\/wp-content\/uploads\/2020\/05\/korona-2020-2-300x217.jpg\" alt=\"\" width=\"300\" height=\"217\" class=\"alignleft size-medium wp-image-146573\" srcset=\"https:\/\/www.prijedordanas.com\/wp-content\/uploads\/2020\/05\/korona-2020-2-300x217.jpg 300w, https:\/\/www.prijedordanas.com\/wp-content\/uploads\/2020\/05\/korona-2020-2.jpg 690w\" sizes=\"(max-width: 300px) 100vw, 300px\" \/><\/a>Od posljednjeg izvje\u0161taja o epidemiolo\u0161koj situaciji u Republici Srpskoj, u posljednja 24 \u010dasa, u Institutu za javno zdravstvo Republike Srpske, Univerzitetskom klini\u010dkom centru Republike Srpske i Bolnici \u201eSveti Vra\u010devi\u201c u Bijeljini, izvr\u0161eno je testiranje 524 laboratorijska uzorka, a novi virus korona (SARS-CoV-2) potvr\u0111en je kod 13 osoba u Republici Srpskoj.<\/p>\n<p>Rije\u010d je o osam \u017eena i pet mu\u0161karaca. Tri \u017eene su srednje \u017eivotne dobi i pet \u017eena je starije \u017eivotne dobi. Pet mu\u0161karaca je srednje \u017eivotne dobi.<\/p>\n<p>Prema mjestu prebivali\u0161ta po tri osobe su iz Prijedora i Banjaluke, po dvije osobe su iz Mrkonji\u0107 Grada i Tesli\u0107a, i po jedna osoba je iz Dervente, \u041aozarske Dubice i Prnjavora.<\/p>\n<p>\u0160est osoba je imalo kontakt sa prethodno potvr\u0111enim slu\u010dajevima. Jedna osoba je hospitalizovana, dok \u0107e ostale biti u izolaciji u skladu sa definisanim procedurama. <\/p>\n<p>Do sada je u Republici Srpskoj potvr\u0111en 1.351 slu\u010daj virusa korona, a ukupno je  preminulo 100 osoba kod kojih je potvr\u0111en test na novi virus korona. <\/p>\n<p>U Republici Srpskoj, od novog virusa korona, do sada se oporavilo ukupno 737 osoba, a na (SARS-CoV-2) testirano je ukupno 24.012 osoba.<\/p>\n<p>U Univerzitetskom klini\u010dkom centru Republike Srpske ukupno se lije\u010di 68 osoba sa potvr\u0111enim prisustvom ili sumnjom na prisustvo korona virusa. Na Odjeljenju COVID 19 hospitalizovano je 27 pacijenata te\u017ee klini\u010dke slike, dok je u izolaciji jedan pacijent. <\/p>\n<p>\u041aod dva pacijenta zdravstveno stanje zahtijeva respiratornu podr\u0161ku, a jedan pacijent je na neinvazivnom modu mehani\u010dke ventilacije. Na Odjelu hirurgije (stara lokacija U\u041aC) je 17 pacijenata sa lak\u0161om do srednje te\u0161kom klini\u010dkom formom i na Odjelu pulmologije (stara lokacija U\u041aC) je 20 pacijenata sa lak\u0161om do srednje te\u0161kom klini\u010dkom formom. <\/p>\n<p>U Bolnici \u201eSveti Apostol Luka\u201c u Doboju zbrinuto je 49 pacijenata sa COVID 19 oboljenjem, u Op\u0161toj bolnici Trebinje 12 pacijenata, u Bolnici \u201eDoktor Mladen Stojanovi\u0107\u201c u Prijedoru je 17 pacijenata, u Univerzitetskoj bolnici u Fo\u010di su dva pacijenta, i u Bolnici u Gradi\u0161ci je pet pacijenata.<\/p>\n<p>\u041aada su u pitanju objekti za izolaciju u kojima se nalaze osobe kod kojih je potvr\u0111en test na novi virus korona, a nemaju simptome COVID-a 19, u Studentskom centru \u201eNikola Tesla\u201c u Banjaluci nalazi se 120 osoba, 22 osobe su u Studentskom domu u Trebinju, jedna osobe je u Domu u\u010denika u Bijeljini i 28 osoba je u Domu u\u010denika u Doboju.<\/p>\n<p>U Republici Srpskoj pod zdravstvenim nadzorom trenutno je 3.579 osoba, a nadzor je zavr\u0161en kod 31.149 osoba. <\/p>\n<p>Ministarstvo zdravlja i socijalne za\u0161tite Republike Srpske jo\u0161 jednom podsje\u0107a gra\u0111ane da se strogo pridr\u017eavaju propisanih mjera u cilju suzbijanja \u0161irenja novog virusa korona. <\/p>\n<p>ATV<\/p>\n","protected":false},"excerpt":{"rendered":"<p>Od posljednjeg izvje\u0161taja o epidemiolo\u0161koj situaciji u Republici Srpskoj, u posljednja 24 \u010dasa, u Institutu za javno zdravstvo Republike Srpske, Univerzitetskom klini\u010dkom centru Republike Srpske i Bolnici \u201eSveti Vra\u010devi\u201c u [&hellip;]<\/p>\n","protected":false},"author":1,"featured_media":0,"comment_status":"closed","ping_status":"open","sticky":false,"template":"","format":"standard","meta":{"_monsterinsights_skip_tracking":false,"_monsterinsights_sitenote_active":false,"_monsterinsights_sitenote_note":"","_monsterinsights_sitenote_category":0,"footnotes":""},"categories":[4],"tags":[11081],"yoast_head":"<!-- This site is optimized with the Yoast SEO plugin v21.6 - https:\/\/yoast.com\/wordpress\/plugins\/seo\/ -->\n<title>Tri osobe iz Prijedora pozitivne na korona virus: Jo\u0161 13 zara\u017eenih u Republici Srpskoj - PrijedorDanas.com - Prijedorski gradski portal<\/title>\n<meta name=\"robots\" content=\"index, follow, max-snippet:-1, max-image-preview:large, max-video-preview:-1\" \/>\n<link rel=\"canonical\" href=\"https:\/\/www.prijedordanas.com\/?p=147888\" \/>\n<meta property=\"og:locale\" content=\"en_US\" \/>\n<meta property=\"og:type\" content=\"article\" \/>\n<meta property=\"og:title\" content=\"Tri osobe iz Prijedora pozitivne na korona virus: Jo\u0161 13 zara\u017eenih u Republici Srpskoj - PrijedorDanas.com - Prijedorski gradski portal\" \/>\n<meta property=\"og:description\" content=\"Od posljednjeg izvje\u0161taja o epidemiolo\u0161koj situaciji u Republici Srpskoj, u posljednja 24 \u010dasa, u Institutu za javno zdravstvo Republike Srpske, Univerzitetskom klini\u010dkom centru Republike Srpske i Bolnici \u201eSveti Vra\u010devi\u201c u [&hellip;]\" \/>\n<meta property=\"og:url\" content=\"https:\/\/www.prijedordanas.com\/?p=147888\" \/>\n<meta property=\"og:site_name\" content=\"PrijedorDanas.com - Prijedorski gradski portal\" \/>\n<meta property=\"article:publisher\" content=\"https:\/\/www.facebook.com\/PrijedorDanasCom\/\" \/>\n<meta property=\"article:published_time\" content=\"2020-05-23T07:46:33+00:00\" \/>\n<meta property=\"article:modified_time\" content=\"2020-05-23T07:51:41+00:00\" \/>\n<meta property=\"og:image\" content=\"https:\/\/www.prijedordanas.com\/wp-content\/uploads\/2020\/05\/korona-2020-2-300x217.jpg\" \/>\n<meta name=\"author\" content=\"admin\" \/>\n<meta name=\"twitter:card\" content=\"summary_large_image\" \/>\n<meta name=\"twitter:label1\" content=\"Written by\" \/>\n\t<meta name=\"twitter:data1\" content=\"admin\" \/>\n\t<meta name=\"twitter:label2\" content=\"Est. reading time\" \/>\n\t<meta name=\"twitter:data2\" content=\"2 minutes\" \/>\n<script type=\"application\/ld+json\" class=\"yoast-schema-graph\">{\"@context\":\"https:\/\/schema.org\",\"@graph\":[{\"@type\":\"Article\",\"@id\":\"https:\/\/www.prijedordanas.com\/?p=147888#article\",\"isPartOf\":{\"@id\":\"https:\/\/www.prijedordanas.com\/?p=147888\"},\"author\":{\"name\":\"admin\",\"@id\":\"https:\/\/www.prijedordanas.com\/#\/schema\/person\/4e08ccf29b506ca916ff86d46bb700e6\"},\"headline\":\"Tri osobe iz Prijedora pozitivne na korona virus: Jo\u0161 13 zara\u017eenih u Republici Srpskoj\",\"datePublished\":\"2020-05-23T07:46:33+00:00\",\"dateModified\":\"2020-05-23T07:51:41+00:00\",\"mainEntityOfPage\":{\"@id\":\"https:\/\/www.prijedordanas.com\/?p=147888\"},\"wordCount\":452,\"publisher\":{\"@id\":\"https:\/\/www.prijedordanas.com\/#organization\"},\"keywords\":[\"korona\"],\"articleSection\":[\"Dru\u0161tvo\"],\"inLanguage\":\"en-US\"},{\"@type\":\"WebPage\",\"@id\":\"https:\/\/www.prijedordanas.com\/?p=147888\",\"url\":\"https:\/\/www.prijedordanas.com\/?p=147888\",\"name\":\"Tri osobe iz Prijedora pozitivne na korona virus: Jo\u0161 13 zara\u017eenih u Republici Srpskoj - PrijedorDanas.com - Prijedorski gradski portal\",\"isPartOf\":{\"@id\":\"https:\/\/www.prijedordanas.com\/#website\"},\"datePublished\":\"2020-05-23T07:46:33+00:00\",\"dateModified\":\"2020-05-23T07:51:41+00:00\",\"breadcrumb\":{\"@id\":\"https:\/\/www.prijedordanas.com\/?p=147888#breadcrumb\"},\"inLanguage\":\"en-US\",\"potentialAction\":[{\"@type\":\"ReadAction\",\"target\":[\"https:\/\/www.prijedordanas.com\/?p=147888\"]}]},{\"@type\":\"BreadcrumbList\",\"@id\":\"https:\/\/www.prijedordanas.com\/?p=147888#breadcrumb\",\"itemListElement\":[{\"@type\":\"ListItem\",\"position\":1,\"name\":\"Home\",\"item\":\"https:\/\/www.prijedordanas.com\/\"},{\"@type\":\"ListItem\",\"position\":2,\"name\":\"Tri osobe iz Prijedora pozitivne na korona virus: Jo\u0161 13 zara\u017eenih u Republici Srpskoj\"}]},{\"@type\":\"WebSite\",\"@id\":\"https:\/\/www.prijedordanas.com\/#website\",\"url\":\"https:\/\/www.prijedordanas.com\/\",\"name\":\"PrijedorDanas.com - Prijedorski gradski portal\",\"description\":\"Portal o doga\u0111anjima u gradu Prijedoru\",\"publisher\":{\"@id\":\"https:\/\/www.prijedordanas.com\/#organization\"},\"potentialAction\":[{\"@type\":\"SearchAction\",\"target\":{\"@type\":\"EntryPoint\",\"urlTemplate\":\"https:\/\/www.prijedordanas.com\/?s={search_term_string}\"},\"query-input\":\"required name=search_term_string\"}],\"inLanguage\":\"en-US\"},{\"@type\":\"Organization\",\"@id\":\"https:\/\/www.prijedordanas.com\/#organization\",\"name\":\"PrijedorDanas.com\",\"url\":\"https:\/\/www.prijedordanas.com\/\",\"logo\":{\"@type\":\"ImageObject\",\"inLanguage\":\"en-US\",\"@id\":\"https:\/\/www.prijedordanas.com\/#\/schema\/logo\/image\/\",\"url\":\"http:\/\/www.prijedordanas.com\/wp-content\/uploads\/2021\/12\/logopng.png\",\"contentUrl\":\"http:\/\/www.prijedordanas.com\/wp-content\/uploads\/2021\/12\/logopng.png\",\"width\":1019,\"height\":776,\"caption\":\"PrijedorDanas.com\"},\"image\":{\"@id\":\"https:\/\/www.prijedordanas.com\/#\/schema\/logo\/image\/\"},\"sameAs\":[\"https:\/\/www.facebook.com\/PrijedorDanasCom\/\"]},{\"@type\":\"Person\",\"@id\":\"https:\/\/www.prijedordanas.com\/#\/schema\/person\/4e08ccf29b506ca916ff86d46bb700e6\",\"name\":\"admin\",\"image\":{\"@type\":\"ImageObject\",\"inLanguage\":\"en-US\",\"@id\":\"https:\/\/www.prijedordanas.com\/#\/schema\/person\/image\/\",\"url\":\"https:\/\/secure.gravatar.com\/avatar\/1d3fc949d550f0b53a5f0d51e06dfd79?s=96&d=mm&r=g\",\"contentUrl\":\"https:\/\/secure.gravatar.com\/avatar\/1d3fc949d550f0b53a5f0d51e06dfd79?s=96&d=mm&r=g\",\"caption\":\"admin\"},\"url\":\"https:\/\/www.prijedordanas.com\/?author=1\"}]}<\/script>\n<!-- \/ Yoast SEO plugin. -->","yoast_head_json":{"title":"Tri osobe iz Prijedora pozitivne na korona virus: Jo\u0161 13 zara\u017eenih u Republici Srpskoj - PrijedorDanas.com - Prijedorski gradski portal","robots":{"index":"index","follow":"follow","max-snippet":"max-snippet:-1","max-image-preview":"max-image-preview:large","max-video-preview":"max-video-preview:-1"},"canonical":"https:\/\/www.prijedordanas.com\/?p=147888","og_locale":"en_US","og_type":"article","og_title":"Tri osobe iz Prijedora pozitivne na korona virus: Jo\u0161 13 zara\u017eenih u Republici Srpskoj - PrijedorDanas.com - Prijedorski gradski portal","og_description":"Od posljednjeg izvje\u0161taja o epidemiolo\u0161koj situaciji u Republici Srpskoj, u posljednja 24 \u010dasa, u Institutu za javno zdravstvo Republike Srpske, Univerzitetskom klini\u010dkom centru Republike Srpske i Bolnici \u201eSveti Vra\u010devi\u201c u [&hellip;]","og_url":"https:\/\/www.prijedordanas.com\/?p=147888","og_site_name":"PrijedorDanas.com - Prijedorski gradski portal","article_publisher":"https:\/\/www.facebook.com\/PrijedorDanasCom\/","article_published_time":"2020-05-23T07:46:33+00:00","article_modified_time":"2020-05-23T07:51:41+00:00","og_image":[{"url":"https:\/\/www.prijedordanas.com\/wp-content\/uploads\/2020\/05\/korona-2020-2-300x217.jpg"}],"author":"admin","twitter_card":"summary_large_image","twitter_misc":{"Written by":"admin","Est. reading time":"2 minutes"},"schema":{"@context":"https:\/\/schema.org","@graph":[{"@type":"Article","@id":"https:\/\/www.prijedordanas.com\/?p=147888#article","isPartOf":{"@id":"https:\/\/www.prijedordanas.com\/?p=147888"},"author":{"name":"admin","@id":"https:\/\/www.prijedordanas.com\/#\/schema\/person\/4e08ccf29b506ca916ff86d46bb700e6"},"headline":"Tri osobe iz Prijedora pozitivne na korona virus: Jo\u0161 13 zara\u017eenih u Republici Srpskoj","datePublished":"2020-05-23T07:46:33+00:00","dateModified":"2020-05-23T07:51:41+00:00","mainEntityOfPage":{"@id":"https:\/\/www.prijedordanas.com\/?p=147888"},"wordCount":452,"publisher":{"@id":"https:\/\/www.prijedordanas.com\/#organization"},"keywords":["korona"],"articleSection":["Dru\u0161tvo"],"inLanguage":"en-US"},{"@type":"WebPage","@id":"https:\/\/www.prijedordanas.com\/?p=147888","url":"https:\/\/www.prijedordanas.com\/?p=147888","name":"Tri osobe iz Prijedora pozitivne na korona virus: Jo\u0161 13 zara\u017eenih u Republici Srpskoj - PrijedorDanas.com - Prijedorski gradski portal","isPartOf":{"@id":"https:\/\/www.prijedordanas.com\/#website"},"datePublished":"2020-05-23T07:46:33+00:00","dateModified":"2020-05-23T07:51:41+00:00","breadcrumb":{"@id":"https:\/\/www.prijedordanas.com\/?p=147888#breadcrumb"},"inLanguage":"en-US","potentialAction":[{"@type":"ReadAction","target":["https:\/\/www.prijedordanas.com\/?p=147888"]}]},{"@type":"BreadcrumbList","@id":"https:\/\/www.prijedordanas.com\/?p=147888#breadcrumb","itemListElement":[{"@type":"ListItem","position":1,"name":"Home","item":"https:\/\/www.prijedordanas.com\/"},{"@type":"ListItem","position":2,"name":"Tri osobe iz Prijedora pozitivne na korona virus: Jo\u0161 13 zara\u017eenih u Republici Srpskoj"}]},{"@type":"WebSite","@id":"https:\/\/www.prijedordanas.com\/#website","url":"https:\/\/www.prijedordanas.com\/","name":"PrijedorDanas.com - Prijedorski gradski portal","description":"Portal o doga\u0111anjima u gradu Prijedoru","publisher":{"@id":"https:\/\/www.prijedordanas.com\/#organization"},"potentialAction":[{"@type":"SearchAction","target":{"@type":"EntryPoint","urlTemplate":"https:\/\/www.prijedordanas.com\/?s={search_term_string}"},"query-input":"required name=search_term_string"}],"inLanguage":"en-US"},{"@type":"Organization","@id":"https:\/\/www.prijedordanas.com\/#organization","name":"PrijedorDanas.com","url":"https:\/\/www.prijedordanas.com\/","logo":{"@type":"ImageObject","inLanguage":"en-US","@id":"https:\/\/www.prijedordanas.com\/#\/schema\/logo\/image\/","url":"http:\/\/www.prijedordanas.com\/wp-content\/uploads\/2021\/12\/logopng.png","contentUrl":"http:\/\/www.prijedordanas.com\/wp-content\/uploads\/2021\/12\/logopng.png","width":1019,"height":776,"caption":"PrijedorDanas.com"},"image":{"@id":"https:\/\/www.prijedordanas.com\/#\/schema\/logo\/image\/"},"sameAs":["https:\/\/www.facebook.com\/PrijedorDanasCom\/"]},{"@type":"Person","@id":"https:\/\/www.prijedordanas.com\/#\/schema\/person\/4e08ccf29b506ca916ff86d46bb700e6","name":"admin","image":{"@type":"ImageObject","inLanguage":"en-US","@id":"https:\/\/www.prijedordanas.com\/#\/schema\/person\/image\/","url":"https:\/\/secure.gravatar.com\/avatar\/1d3fc949d550f0b53a5f0d51e06dfd79?s=96&d=mm&r=g","contentUrl":"https:\/\/secure.gravatar.com\/avatar\/1d3fc949d550f0b53a5f0d51e06dfd79?s=96&d=mm&r=g","caption":"admin"},"url":"https:\/\/www.prijedordanas.com\/?author=1"}]}},"_links":{"self":[{"href":"https:\/\/www.prijedordanas.com\/index.php?rest_route=\/wp\/v2\/posts\/147888"}],"collection":[{"href":"https:\/\/www.prijedordanas.com\/index.php?rest_route=\/wp\/v2\/posts"}],"about":[{"href":"https:\/\/www.prijedordanas.com\/index.php?rest_route=\/wp\/v2\/types\/post"}],"author":[{"embeddable":true,"href":"https:\/\/www.prijedordanas.com\/index.php?rest_route=\/wp\/v2\/users\/1"}],"replies":[{"embeddable":true,"href":"https:\/\/www.prijedordanas.com\/index.php?rest_route=%2Fwp%2Fv2%2Fcomments&post=147888"}],"version-history":[{"count":3,"href":"https:\/\/www.prijedordanas.com\/index.php?rest_route=\/wp\/v2\/posts\/147888\/revisions"}],"predecessor-version":[{"id":147891,"href":"https:\/\/www.prijedordanas.com\/index.php?rest_route=\/wp\/v2\/posts\/147888\/revisions\/147891"}],"wp:attachment":[{"href":"https:\/\/www.prijedordanas.com\/index.php?rest_route=%2Fwp%2Fv2%2Fmedia&parent=147888"}],"wp:term":[{"taxonomy":"category","embeddable":true,"href":"https:\/\/www.prijedordanas.com\/index.php?rest_route=%2Fwp%2Fv2%2Fcategories&post=147888"},{"taxonomy":"post_tag","embeddable":true,"href":"https:\/\/www.prijedordanas.com\/index.php?rest_route=%2Fwp%2Fv2%2Ftags&post=147888"}],"curies":[{"name":"wp","href":"https:\/\/api.w.org\/{rel}","templated":true}]}}