{"id":147833,"date":"2020-05-22T13:17:23","date_gmt":"2020-05-22T11:17:23","guid":{"rendered":"https:\/\/www.prijedordanas.com\/?p=147833"},"modified":"2020-05-22T13:17:23","modified_gmt":"2020-05-22T11:17:23","slug":"prijedor-odata-pocast-dvojici-vojnika-stradalih-prije-28-godina-na-hambarinama-foto","status":"publish","type":"post","link":"https:\/\/www.prijedordanas.com\/?p=147833","title":{"rendered":"Prijedor: Odata po\u010dast dvojici vojnika stradalih prije 28 godina na Hambarinama &#8211; FOTO"},"content":{"rendered":"<p><a href=\"https:\/\/www.prijedordanas.com\/wp-content\/uploads\/2020\/05\/pocast-stradalim-vojnicima-1.jpg\"><img loading=\"lazy\" decoding=\"async\" class=\"alignleft size-medium wp-image-147834\" src=\"https:\/\/www.prijedordanas.com\/wp-content\/uploads\/2020\/05\/pocast-stradalim-vojnicima-1-300x222.jpg\" alt=\"\" width=\"300\" height=\"222\" srcset=\"https:\/\/www.prijedordanas.com\/wp-content\/uploads\/2020\/05\/pocast-stradalim-vojnicima-1-300x222.jpg 300w, https:\/\/www.prijedordanas.com\/wp-content\/uploads\/2020\/05\/pocast-stradalim-vojnicima-1.jpg 675w\" sizes=\"(max-width: 300px) 100vw, 300px\" \/><\/a>Organizacija porodica zarobljenih i poginulih boraca i nestalih civila grada Prijedora odala je po\u010dast dvojici pripadnika JNA, Radi Luki\u0107u i Radovanu Milojici, koji su na dana\u0161nji dan 1992. godine ubijeni na Hambarinama.<\/p>\n<p>Predstavnici ove organizacije, zajedno sa porodicama poginulih vojnika posjetili su mjesto njihovog stradanja i na mjesnim grobljima u Marinima polo\u017eili cvije\u0107e i zapalili svije\u0107e.<\/p>\n<p>Tog 22. maja 1992. godine vojnici Milojica i Luki\u0107 sa jo\u0161 \u010detvoricom kolega krenuli su ku\u0107i na odmor. Nai\u0161li su na punkt na Hambarinama, gdje je na njih pucano bez ikakvog razloga. Tom prilikom ranjeni su Nedeljko Antunovi\u0107, Milenko Luli\u0107, Sini\u0161a Mijatovi\u0107 i Ratko Milojica.<\/p>\n<p><a href=\"https:\/\/www.prijedordanas.com\/wp-content\/uploads\/2020\/05\/pocast-stradalim-vojnicima-2.jpg\"><img loading=\"lazy\" decoding=\"async\" src=\"https:\/\/www.prijedordanas.com\/wp-content\/uploads\/2020\/05\/pocast-stradalim-vojnicima-2-300x222.jpg\" alt=\"\" width=\"300\" height=\"222\" class=\"alignleft size-medium wp-image-147835\" srcset=\"https:\/\/www.prijedordanas.com\/wp-content\/uploads\/2020\/05\/pocast-stradalim-vojnicima-2-300x222.jpg 300w, https:\/\/www.prijedordanas.com\/wp-content\/uploads\/2020\/05\/pocast-stradalim-vojnicima-2.jpg 675w\" sizes=\"(max-width: 300px) 100vw, 300px\" \/><\/a>Predsjednik Organizacije porodica zarobljenih i poginulih boraca i nestalih civila grada Prijedora Zdravka Karlica rekla je novinarima da je na\u017ealost, nakon 28 godina ovo bio prvi put da su do\u0161li na ovo mjesto, odakle je, kako je naglasila, sve krenulo onako kako ne treba.<\/p>\n<p>&#8220;Jako boli to \u0161to niko nikada nije odgovarao za srpske \u017ertve u Prijedoru. Ni za Radenka \u0110apu, ni za stradale na ovom mjestu, ni za stradale u odbrani grada Prijedora. Zato Srbi odgovaraju, ve\u0107 sam i prestala brojati, koliko godina zatvora su dobili. Boli me \u0161to Ha\u0161ki tribunal nije radio kako treba, na\u017ealost ni Sud BiH, ali moram ista\u0107i da imam osje\u0107aj da ni na\u0161i ljudi nisu bili zainteresovani da se sudi onima koji su po\u010dinili zlo\u010dine po Prijedoru. Zato su odlu\u010dili da progovore o svim tim doga\u0111ajima i prvi put obilje\u017ee i stradanje dvojice vojnika na Hambarinama&#8221;, rekla je Karlica.<\/p>\n<p>Potpredsjednik Gradske organizacija porodica zarobljenih i poginulih boraca i nestalih civila Prijedor Slavi\u0161a Knjeginji\u0107 je istakao da srpske \u017ertve moraju imati zaslu\u017eeno mjesto u spominjanju i obilje\u017eavanju doga\u0111aja iz pro\u0161lih ratnih sukoba.<\/p>\n<p><a href=\"https:\/\/www.prijedordanas.com\/wp-content\/uploads\/2020\/05\/pocast-stradalim-vojnicima-3.jpg\"><img loading=\"lazy\" decoding=\"async\" src=\"https:\/\/www.prijedordanas.com\/wp-content\/uploads\/2020\/05\/pocast-stradalim-vojnicima-3-300x200.jpg\" alt=\"\" width=\"300\" height=\"200\" class=\"alignleft size-medium wp-image-147836\" srcset=\"https:\/\/www.prijedordanas.com\/wp-content\/uploads\/2020\/05\/pocast-stradalim-vojnicima-3-300x200.jpg 300w, https:\/\/www.prijedordanas.com\/wp-content\/uploads\/2020\/05\/pocast-stradalim-vojnicima-3-480x320.jpg 480w, https:\/\/www.prijedordanas.com\/wp-content\/uploads\/2020\/05\/pocast-stradalim-vojnicima-3.jpg 600w\" sizes=\"(max-width: 300px) 100vw, 300px\" \/><\/a>&#8220;Ho\u0107emo da poka\u017eemo da srpske \u017ertve nikada nisu bile ni bitne ni va\u017ene ni za koga, niko to ne spominje, sudove to ne interesuje. Ovo su bile kom\u0161ije i prijatelji, poznavali su se, i\u0161li su u \u0161kolu zajedno i ovi na putu \u0161to su bili i ovi \u0161to su prolazili. Nisu tu dolazili ljudi iz drugih sela, zna\u010di to su susjedna sela. LJudi su po\u0161li na odmor svojoj ku\u0107i, pripadnici JNA \u010detiri Srbina i dva Hrvata, vrlo interesantna situacija i pucano je. To je tragi\u010dno, ru\u017eno i jednostavno mora se spominjati i mora da se pamti ovo&#8221;, poru\u010dio je Knjeginji\u0107.<\/p>\n<p>Iz Organizacije porodica zarobljenih i poginulih boraca i nestalih civila grada Prijedora istakli su da se tre\u0107i doga\u0111aj koji \u0107e biti obilje\u017een dogodio 30. maja, kada se 1992. godine odigrao napad na Prijedor, te ukazali da je to kulminiralo svim kasnijim doga\u0111ajima koji su se de\u0161avali u ovom gradu.<\/p>\n<p>SRNA<\/p>\n<p><a href=\"https:\/\/www.prijedordanas.com\/wp-content\/uploads\/2020\/05\/pocast-stradalim-vojnicima-4.jpg\"><img loading=\"lazy\" decoding=\"async\" src=\"https:\/\/www.prijedordanas.com\/wp-content\/uploads\/2020\/05\/pocast-stradalim-vojnicima-4-300x200.jpg\" alt=\"\" width=\"300\" height=\"200\" class=\"alignleft size-medium wp-image-147837\" srcset=\"https:\/\/www.prijedordanas.com\/wp-content\/uploads\/2020\/05\/pocast-stradalim-vojnicima-4-300x200.jpg 300w, https:\/\/www.prijedordanas.com\/wp-content\/uploads\/2020\/05\/pocast-stradalim-vojnicima-4-480x320.jpg 480w, https:\/\/www.prijedordanas.com\/wp-content\/uploads\/2020\/05\/pocast-stradalim-vojnicima-4.jpg 600w\" sizes=\"(max-width: 300px) 100vw, 300px\" \/><\/a> <a href=\"https:\/\/www.prijedordanas.com\/wp-content\/uploads\/2020\/05\/pocast-stradalim-vojnicima-5.jpg\"><img loading=\"lazy\" decoding=\"async\" src=\"https:\/\/www.prijedordanas.com\/wp-content\/uploads\/2020\/05\/pocast-stradalim-vojnicima-5-300x200.jpg\" alt=\"\" width=\"300\" height=\"200\" class=\"alignleft size-medium wp-image-147838\" srcset=\"https:\/\/www.prijedordanas.com\/wp-content\/uploads\/2020\/05\/pocast-stradalim-vojnicima-5-300x200.jpg 300w, https:\/\/www.prijedordanas.com\/wp-content\/uploads\/2020\/05\/pocast-stradalim-vojnicima-5-480x320.jpg 480w, https:\/\/www.prijedordanas.com\/wp-content\/uploads\/2020\/05\/pocast-stradalim-vojnicima-5.jpg 600w\" sizes=\"(max-width: 300px) 100vw, 300px\" \/><\/a><\/p>\n","protected":false},"excerpt":{"rendered":"<p>Organizacija porodica zarobljenih i poginulih boraca i nestalih civila grada Prijedora odala je po\u010dast dvojici pripadnika JNA, Radi Luki\u0107u i Radovanu Milojici, koji su na dana\u0161nji dan 1992. godine ubijeni [&hellip;]<\/p>\n","protected":false},"author":1,"featured_media":0,"comment_status":"closed","ping_status":"open","sticky":false,"template":"","format":"standard","meta":{"_monsterinsights_skip_tracking":false,"_monsterinsights_sitenote_active":false,"_monsterinsights_sitenote_note":"","_monsterinsights_sitenote_category":0,"footnotes":""},"categories":[8],"tags":[11168,11226],"yoast_head":"<!-- This site is optimized with the Yoast SEO plugin v21.6 - https:\/\/yoast.com\/wordpress\/plugins\/seo\/ -->\n<title>Prijedor: Odata po\u010dast dvojici vojnika stradalih prije 28 godina na Hambarinama - FOTO - PrijedorDanas.com - Prijedorski gradski portal<\/title>\n<meta name=\"robots\" content=\"index, follow, max-snippet:-1, max-image-preview:large, max-video-preview:-1\" \/>\n<link rel=\"canonical\" href=\"https:\/\/www.prijedordanas.com\/?p=147833\" \/>\n<meta property=\"og:locale\" content=\"en_US\" \/>\n<meta property=\"og:type\" content=\"article\" \/>\n<meta property=\"og:title\" content=\"Prijedor: Odata po\u010dast dvojici vojnika stradalih prije 28 godina na Hambarinama - FOTO - PrijedorDanas.com - Prijedorski gradski portal\" \/>\n<meta property=\"og:description\" content=\"Organizacija porodica zarobljenih i poginulih boraca i nestalih civila grada Prijedora odala je po\u010dast dvojici pripadnika JNA, Radi Luki\u0107u i Radovanu Milojici, koji su na dana\u0161nji dan 1992. godine ubijeni [&hellip;]\" \/>\n<meta property=\"og:url\" content=\"https:\/\/www.prijedordanas.com\/?p=147833\" \/>\n<meta property=\"og:site_name\" content=\"PrijedorDanas.com - Prijedorski gradski portal\" \/>\n<meta property=\"article:publisher\" content=\"https:\/\/www.facebook.com\/PrijedorDanasCom\/\" \/>\n<meta property=\"article:published_time\" content=\"2020-05-22T11:17:23+00:00\" \/>\n<meta property=\"og:image\" content=\"https:\/\/www.prijedordanas.com\/wp-content\/uploads\/2020\/05\/pocast-stradalim-vojnicima-1-300x222.jpg\" \/>\n<meta name=\"author\" content=\"admin\" \/>\n<meta name=\"twitter:card\" content=\"summary_large_image\" \/>\n<meta name=\"twitter:label1\" content=\"Written by\" \/>\n\t<meta name=\"twitter:data1\" content=\"admin\" \/>\n\t<meta name=\"twitter:label2\" content=\"Est. reading time\" \/>\n\t<meta name=\"twitter:data2\" content=\"2 minutes\" \/>\n<script type=\"application\/ld+json\" class=\"yoast-schema-graph\">{\"@context\":\"https:\/\/schema.org\",\"@graph\":[{\"@type\":\"Article\",\"@id\":\"https:\/\/www.prijedordanas.com\/?p=147833#article\",\"isPartOf\":{\"@id\":\"https:\/\/www.prijedordanas.com\/?p=147833\"},\"author\":{\"name\":\"admin\",\"@id\":\"https:\/\/www.prijedordanas.com\/#\/schema\/person\/4e08ccf29b506ca916ff86d46bb700e6\"},\"headline\":\"Prijedor: Odata po\u010dast dvojici vojnika stradalih prije 28 godina na Hambarinama &#8211; FOTO\",\"datePublished\":\"2020-05-22T11:17:23+00:00\",\"dateModified\":\"2020-05-22T11:17:23+00:00\",\"mainEntityOfPage\":{\"@id\":\"https:\/\/www.prijedordanas.com\/?p=147833\"},\"wordCount\":477,\"publisher\":{\"@id\":\"https:\/\/www.prijedordanas.com\/#organization\"},\"keywords\":[\"po\u010dast\",\"vojnici\"],\"articleSection\":[\"Svakodnevno\"],\"inLanguage\":\"en-US\"},{\"@type\":\"WebPage\",\"@id\":\"https:\/\/www.prijedordanas.com\/?p=147833\",\"url\":\"https:\/\/www.prijedordanas.com\/?p=147833\",\"name\":\"Prijedor: Odata po\u010dast dvojici vojnika stradalih prije 28 godina na Hambarinama - FOTO - PrijedorDanas.com - Prijedorski gradski portal\",\"isPartOf\":{\"@id\":\"https:\/\/www.prijedordanas.com\/#website\"},\"datePublished\":\"2020-05-22T11:17:23+00:00\",\"dateModified\":\"2020-05-22T11:17:23+00:00\",\"breadcrumb\":{\"@id\":\"https:\/\/www.prijedordanas.com\/?p=147833#breadcrumb\"},\"inLanguage\":\"en-US\",\"potentialAction\":[{\"@type\":\"ReadAction\",\"target\":[\"https:\/\/www.prijedordanas.com\/?p=147833\"]}]},{\"@type\":\"BreadcrumbList\",\"@id\":\"https:\/\/www.prijedordanas.com\/?p=147833#breadcrumb\",\"itemListElement\":[{\"@type\":\"ListItem\",\"position\":1,\"name\":\"Home\",\"item\":\"https:\/\/www.prijedordanas.com\/\"},{\"@type\":\"ListItem\",\"position\":2,\"name\":\"Prijedor: Odata po\u010dast dvojici vojnika stradalih prije 28 godina na Hambarinama &#8211; FOTO\"}]},{\"@type\":\"WebSite\",\"@id\":\"https:\/\/www.prijedordanas.com\/#website\",\"url\":\"https:\/\/www.prijedordanas.com\/\",\"name\":\"PrijedorDanas.com - Prijedorski gradski portal\",\"description\":\"Portal o doga\u0111anjima u gradu Prijedoru\",\"publisher\":{\"@id\":\"https:\/\/www.prijedordanas.com\/#organization\"},\"potentialAction\":[{\"@type\":\"SearchAction\",\"target\":{\"@type\":\"EntryPoint\",\"urlTemplate\":\"https:\/\/www.prijedordanas.com\/?s={search_term_string}\"},\"query-input\":\"required name=search_term_string\"}],\"inLanguage\":\"en-US\"},{\"@type\":\"Organization\",\"@id\":\"https:\/\/www.prijedordanas.com\/#organization\",\"name\":\"PrijedorDanas.com\",\"url\":\"https:\/\/www.prijedordanas.com\/\",\"logo\":{\"@type\":\"ImageObject\",\"inLanguage\":\"en-US\",\"@id\":\"https:\/\/www.prijedordanas.com\/#\/schema\/logo\/image\/\",\"url\":\"http:\/\/www.prijedordanas.com\/wp-content\/uploads\/2021\/12\/logopng.png\",\"contentUrl\":\"http:\/\/www.prijedordanas.com\/wp-content\/uploads\/2021\/12\/logopng.png\",\"width\":1019,\"height\":776,\"caption\":\"PrijedorDanas.com\"},\"image\":{\"@id\":\"https:\/\/www.prijedordanas.com\/#\/schema\/logo\/image\/\"},\"sameAs\":[\"https:\/\/www.facebook.com\/PrijedorDanasCom\/\"]},{\"@type\":\"Person\",\"@id\":\"https:\/\/www.prijedordanas.com\/#\/schema\/person\/4e08ccf29b506ca916ff86d46bb700e6\",\"name\":\"admin\",\"image\":{\"@type\":\"ImageObject\",\"inLanguage\":\"en-US\",\"@id\":\"https:\/\/www.prijedordanas.com\/#\/schema\/person\/image\/\",\"url\":\"https:\/\/secure.gravatar.com\/avatar\/1d3fc949d550f0b53a5f0d51e06dfd79?s=96&d=mm&r=g\",\"contentUrl\":\"https:\/\/secure.gravatar.com\/avatar\/1d3fc949d550f0b53a5f0d51e06dfd79?s=96&d=mm&r=g\",\"caption\":\"admin\"},\"url\":\"https:\/\/www.prijedordanas.com\/?author=1\"}]}<\/script>\n<!-- \/ Yoast SEO plugin. -->","yoast_head_json":{"title":"Prijedor: Odata po\u010dast dvojici vojnika stradalih prije 28 godina na Hambarinama - FOTO - PrijedorDanas.com - Prijedorski gradski portal","robots":{"index":"index","follow":"follow","max-snippet":"max-snippet:-1","max-image-preview":"max-image-preview:large","max-video-preview":"max-video-preview:-1"},"canonical":"https:\/\/www.prijedordanas.com\/?p=147833","og_locale":"en_US","og_type":"article","og_title":"Prijedor: Odata po\u010dast dvojici vojnika stradalih prije 28 godina na Hambarinama - FOTO - PrijedorDanas.com - Prijedorski gradski portal","og_description":"Organizacija porodica zarobljenih i poginulih boraca i nestalih civila grada Prijedora odala je po\u010dast dvojici pripadnika JNA, Radi Luki\u0107u i Radovanu Milojici, koji su na dana\u0161nji dan 1992. godine ubijeni [&hellip;]","og_url":"https:\/\/www.prijedordanas.com\/?p=147833","og_site_name":"PrijedorDanas.com - Prijedorski gradski portal","article_publisher":"https:\/\/www.facebook.com\/PrijedorDanasCom\/","article_published_time":"2020-05-22T11:17:23+00:00","og_image":[{"url":"https:\/\/www.prijedordanas.com\/wp-content\/uploads\/2020\/05\/pocast-stradalim-vojnicima-1-300x222.jpg"}],"author":"admin","twitter_card":"summary_large_image","twitter_misc":{"Written by":"admin","Est. reading time":"2 minutes"},"schema":{"@context":"https:\/\/schema.org","@graph":[{"@type":"Article","@id":"https:\/\/www.prijedordanas.com\/?p=147833#article","isPartOf":{"@id":"https:\/\/www.prijedordanas.com\/?p=147833"},"author":{"name":"admin","@id":"https:\/\/www.prijedordanas.com\/#\/schema\/person\/4e08ccf29b506ca916ff86d46bb700e6"},"headline":"Prijedor: Odata po\u010dast dvojici vojnika stradalih prije 28 godina na Hambarinama &#8211; FOTO","datePublished":"2020-05-22T11:17:23+00:00","dateModified":"2020-05-22T11:17:23+00:00","mainEntityOfPage":{"@id":"https:\/\/www.prijedordanas.com\/?p=147833"},"wordCount":477,"publisher":{"@id":"https:\/\/www.prijedordanas.com\/#organization"},"keywords":["po\u010dast","vojnici"],"articleSection":["Svakodnevno"],"inLanguage":"en-US"},{"@type":"WebPage","@id":"https:\/\/www.prijedordanas.com\/?p=147833","url":"https:\/\/www.prijedordanas.com\/?p=147833","name":"Prijedor: Odata po\u010dast dvojici vojnika stradalih prije 28 godina na Hambarinama - FOTO - PrijedorDanas.com - Prijedorski gradski portal","isPartOf":{"@id":"https:\/\/www.prijedordanas.com\/#website"},"datePublished":"2020-05-22T11:17:23+00:00","dateModified":"2020-05-22T11:17:23+00:00","breadcrumb":{"@id":"https:\/\/www.prijedordanas.com\/?p=147833#breadcrumb"},"inLanguage":"en-US","potentialAction":[{"@type":"ReadAction","target":["https:\/\/www.prijedordanas.com\/?p=147833"]}]},{"@type":"BreadcrumbList","@id":"https:\/\/www.prijedordanas.com\/?p=147833#breadcrumb","itemListElement":[{"@type":"ListItem","position":1,"name":"Home","item":"https:\/\/www.prijedordanas.com\/"},{"@type":"ListItem","position":2,"name":"Prijedor: Odata po\u010dast dvojici vojnika stradalih prije 28 godina na Hambarinama &#8211; FOTO"}]},{"@type":"WebSite","@id":"https:\/\/www.prijedordanas.com\/#website","url":"https:\/\/www.prijedordanas.com\/","name":"PrijedorDanas.com - Prijedorski gradski portal","description":"Portal o doga\u0111anjima u gradu Prijedoru","publisher":{"@id":"https:\/\/www.prijedordanas.com\/#organization"},"potentialAction":[{"@type":"SearchAction","target":{"@type":"EntryPoint","urlTemplate":"https:\/\/www.prijedordanas.com\/?s={search_term_string}"},"query-input":"required name=search_term_string"}],"inLanguage":"en-US"},{"@type":"Organization","@id":"https:\/\/www.prijedordanas.com\/#organization","name":"PrijedorDanas.com","url":"https:\/\/www.prijedordanas.com\/","logo":{"@type":"ImageObject","inLanguage":"en-US","@id":"https:\/\/www.prijedordanas.com\/#\/schema\/logo\/image\/","url":"http:\/\/www.prijedordanas.com\/wp-content\/uploads\/2021\/12\/logopng.png","contentUrl":"http:\/\/www.prijedordanas.com\/wp-content\/uploads\/2021\/12\/logopng.png","width":1019,"height":776,"caption":"PrijedorDanas.com"},"image":{"@id":"https:\/\/www.prijedordanas.com\/#\/schema\/logo\/image\/"},"sameAs":["https:\/\/www.facebook.com\/PrijedorDanasCom\/"]},{"@type":"Person","@id":"https:\/\/www.prijedordanas.com\/#\/schema\/person\/4e08ccf29b506ca916ff86d46bb700e6","name":"admin","image":{"@type":"ImageObject","inLanguage":"en-US","@id":"https:\/\/www.prijedordanas.com\/#\/schema\/person\/image\/","url":"https:\/\/secure.gravatar.com\/avatar\/1d3fc949d550f0b53a5f0d51e06dfd79?s=96&d=mm&r=g","contentUrl":"https:\/\/secure.gravatar.com\/avatar\/1d3fc949d550f0b53a5f0d51e06dfd79?s=96&d=mm&r=g","caption":"admin"},"url":"https:\/\/www.prijedordanas.com\/?author=1"}]}},"_links":{"self":[{"href":"https:\/\/www.prijedordanas.com\/index.php?rest_route=\/wp\/v2\/posts\/147833"}],"collection":[{"href":"https:\/\/www.prijedordanas.com\/index.php?rest_route=\/wp\/v2\/posts"}],"about":[{"href":"https:\/\/www.prijedordanas.com\/index.php?rest_route=\/wp\/v2\/types\/post"}],"author":[{"embeddable":true,"href":"https:\/\/www.prijedordanas.com\/index.php?rest_route=\/wp\/v2\/users\/1"}],"replies":[{"embeddable":true,"href":"https:\/\/www.prijedordanas.com\/index.php?rest_route=%2Fwp%2Fv2%2Fcomments&post=147833"}],"version-history":[{"count":1,"href":"https:\/\/www.prijedordanas.com\/index.php?rest_route=\/wp\/v2\/posts\/147833\/revisions"}],"predecessor-version":[{"id":147839,"href":"https:\/\/www.prijedordanas.com\/index.php?rest_route=\/wp\/v2\/posts\/147833\/revisions\/147839"}],"wp:attachment":[{"href":"https:\/\/www.prijedordanas.com\/index.php?rest_route=%2Fwp%2Fv2%2Fmedia&parent=147833"}],"wp:term":[{"taxonomy":"category","embeddable":true,"href":"https:\/\/www.prijedordanas.com\/index.php?rest_route=%2Fwp%2Fv2%2Fcategories&post=147833"},{"taxonomy":"post_tag","embeddable":true,"href":"https:\/\/www.prijedordanas.com\/index.php?rest_route=%2Fwp%2Fv2%2Ftags&post=147833"}],"curies":[{"name":"wp","href":"https:\/\/api.w.org\/{rel}","templated":true}]}}