{"id":147813,"date":"2020-05-22T08:35:15","date_gmt":"2020-05-22T06:35:15","guid":{"rendered":"https:\/\/www.prijedordanas.com\/?p=147813"},"modified":"2020-05-22T08:35:15","modified_gmt":"2020-05-22T06:35:15","slug":"prijedorcanin-vitalan-i-u-osmoj-deceniji-iako-posti-dzemal-se-bez-poteskoca-uhvati-kose-i-trimera","status":"publish","type":"post","link":"https:\/\/www.prijedordanas.com\/?p=147813","title":{"rendered":"Prijedor\u010danin vitalan i u osmoj deceniji:  Iako posti, D\u017eemal se bez pote\u0161ko\u0107a uhvati kose i trimera"},"content":{"rendered":"<p><a href=\"https:\/\/www.prijedordanas.com\/wp-content\/uploads\/2020\/05\/avaz-dzemal-habibovic.jpg\"><img loading=\"lazy\" decoding=\"async\" src=\"https:\/\/www.prijedordanas.com\/wp-content\/uploads\/2020\/05\/avaz-dzemal-habibovic-225x300.jpg\" alt=\"\" width=\"225\" height=\"300\" class=\"alignleft size-medium wp-image-147814\" srcset=\"https:\/\/www.prijedordanas.com\/wp-content\/uploads\/2020\/05\/avaz-dzemal-habibovic-225x300.jpg 225w, https:\/\/www.prijedordanas.com\/wp-content\/uploads\/2020\/05\/avaz-dzemal-habibovic.jpg 450w\" sizes=\"(max-width: 225px) 100vw, 225px\" \/><\/a>Prijedor\u010danin D\u017eemal Habibovi\u0107 i sa svojih 77 godina redovno odlazi u d\u017eamiju, a od malih nogu posti i nije preskakao nijedan ramazan. <\/p>\n<p>Ka\u017ee da se raduje mubarek mjesecu, a posebno Bajramu, koji nakon ramazana slijedi kao nagrada, kada na ru\u010dak dolaze djeca i unu\u010dad. Iako je u poznim godinama, zdravlje ga dobro slu\u017ei i radi sve, pa i one te\u017ee poslove. <\/p>\n<p>&#8211; Bilo je nas devetero djece. S roditeljima smo svi redovno postili svaki ramazan. Svake godine postim i jo\u0161 nijedan ramazan nisam propustio. Najvi\u0161e me raduje odlazak u na\u0161u lijepu \u010car\u0161ijsku d\u017eamiju, kao i razgovor s d\u017eematlijama u haremu \u2013 pri\u010da Habibovi\u0107.<\/p>\n<p>I u danima posta bez pote\u0161ko\u0107a se dohvati kose i trimera, a radi sve \u0161to stigne.<\/p>\n<p>&#8211; Ni\u0161ta mi nije te\u0161ko. \u017divim sa suprugom, k\u0107erka mi je u Ilija\u0161u, a sin ovdje, u Prijedoru. Imamo petero unu\u010dadi. Svi poste, i unu\u010dad. Na Bajram se svi okupimo ovdje, kod nas. Tada sam najsretniji, kad su mi svi na o\u010dima \u2013 ka\u017ee D\u017eemal. <\/p>\n<p>Za Bajram obavezno obi\u0111e kom\u0161ije koje \u017eive same, a to radi i u danima ramazana. Na\u0111e im se pri ruci za kupovinu i bilo kakvu drugu pomo\u0107. Za vrijeme pandemije koronavirusa najte\u017ee mu je padalo to \u0161to nije mogao u d\u017eamiju.<\/p>\n<p>&#8211; Ali, eto, korona nam je donijela i ne\u0161to pozitivno. Vi\u0161e nas je vezala za porodicu, vi\u0161e smo svi u ku\u0107i, s djecom. Sada se nekako narod zbli\u017eio \u2013 govori ovaj Prijedor\u010danin.<br \/>\nD\u017eemal ka\u017ee kako je sretan \u0161to je u \u017eivotu mogao mnogima pomo\u0107i, a o tome najbolje svjedo\u010di \u010dinjenica da je vi\u0161e od 70 puta bio dobrovoljni davalac krvi. <\/p>\n<p>Dnevni avaz-avaz.ba<\/p>\n","protected":false},"excerpt":{"rendered":"<p>Prijedor\u010danin D\u017eemal Habibovi\u0107 i sa svojih 77 godina redovno odlazi u d\u017eamiju, a od malih nogu posti i nije preskakao nijedan ramazan. Ka\u017ee da se raduje mubarek mjesecu, a posebno [&hellip;]<\/p>\n","protected":false},"author":1,"featured_media":0,"comment_status":"closed","ping_status":"open","sticky":false,"template":"","format":"standard","meta":{"_monsterinsights_skip_tracking":false,"_monsterinsights_sitenote_active":false,"_monsterinsights_sitenote_note":"","_monsterinsights_sitenote_category":0,"footnotes":""},"categories":[3],"tags":[9241,1631],"yoast_head":"<!-- This site is optimized with the Yoast SEO plugin v21.6 - https:\/\/yoast.com\/wordpress\/plugins\/seo\/ -->\n<title>Prijedor\u010danin vitalan i u osmoj deceniji: Iako posti, D\u017eemal se bez pote\u0161ko\u0107a uhvati kose i trimera - PrijedorDanas.com - Prijedorski gradski portal<\/title>\n<meta name=\"robots\" content=\"index, follow, max-snippet:-1, max-image-preview:large, max-video-preview:-1\" \/>\n<link rel=\"canonical\" href=\"https:\/\/www.prijedordanas.com\/?p=147813\" \/>\n<meta property=\"og:locale\" content=\"en_US\" \/>\n<meta property=\"og:type\" content=\"article\" \/>\n<meta property=\"og:title\" content=\"Prijedor\u010danin vitalan i u osmoj deceniji: Iako posti, D\u017eemal se bez pote\u0161ko\u0107a uhvati kose i trimera - PrijedorDanas.com - Prijedorski gradski portal\" \/>\n<meta property=\"og:description\" content=\"Prijedor\u010danin D\u017eemal Habibovi\u0107 i sa svojih 77 godina redovno odlazi u d\u017eamiju, a od malih nogu posti i nije preskakao nijedan ramazan. Ka\u017ee da se raduje mubarek mjesecu, a posebno [&hellip;]\" \/>\n<meta property=\"og:url\" content=\"https:\/\/www.prijedordanas.com\/?p=147813\" \/>\n<meta property=\"og:site_name\" content=\"PrijedorDanas.com - Prijedorski gradski portal\" \/>\n<meta property=\"article:publisher\" content=\"https:\/\/www.facebook.com\/PrijedorDanasCom\/\" \/>\n<meta property=\"article:published_time\" content=\"2020-05-22T06:35:15+00:00\" \/>\n<meta property=\"og:image\" content=\"https:\/\/www.prijedordanas.com\/wp-content\/uploads\/2020\/05\/avaz-dzemal-habibovic-225x300.jpg\" \/>\n<meta name=\"author\" content=\"admin\" \/>\n<meta name=\"twitter:card\" content=\"summary_large_image\" \/>\n<meta name=\"twitter:label1\" content=\"Written by\" \/>\n\t<meta name=\"twitter:data1\" content=\"admin\" \/>\n\t<meta name=\"twitter:label2\" content=\"Est. reading time\" \/>\n\t<meta name=\"twitter:data2\" content=\"2 minutes\" \/>\n<script type=\"application\/ld+json\" class=\"yoast-schema-graph\">{\"@context\":\"https:\/\/schema.org\",\"@graph\":[{\"@type\":\"Article\",\"@id\":\"https:\/\/www.prijedordanas.com\/?p=147813#article\",\"isPartOf\":{\"@id\":\"https:\/\/www.prijedordanas.com\/?p=147813\"},\"author\":{\"name\":\"admin\",\"@id\":\"https:\/\/www.prijedordanas.com\/#\/schema\/person\/4e08ccf29b506ca916ff86d46bb700e6\"},\"headline\":\"Prijedor\u010danin vitalan i u osmoj deceniji: Iako posti, D\u017eemal se bez pote\u0161ko\u0107a uhvati kose i trimera\",\"datePublished\":\"2020-05-22T06:35:15+00:00\",\"dateModified\":\"2020-05-22T06:35:15+00:00\",\"mainEntityOfPage\":{\"@id\":\"https:\/\/www.prijedordanas.com\/?p=147813\"},\"wordCount\":324,\"publisher\":{\"@id\":\"https:\/\/www.prijedordanas.com\/#organization\"},\"keywords\":[\"post\",\"ramazan\"],\"articleSection\":[\"\u017divot\"],\"inLanguage\":\"en-US\"},{\"@type\":\"WebPage\",\"@id\":\"https:\/\/www.prijedordanas.com\/?p=147813\",\"url\":\"https:\/\/www.prijedordanas.com\/?p=147813\",\"name\":\"Prijedor\u010danin vitalan i u osmoj deceniji: Iako posti, D\u017eemal se bez pote\u0161ko\u0107a uhvati kose i trimera - PrijedorDanas.com - Prijedorski gradski portal\",\"isPartOf\":{\"@id\":\"https:\/\/www.prijedordanas.com\/#website\"},\"datePublished\":\"2020-05-22T06:35:15+00:00\",\"dateModified\":\"2020-05-22T06:35:15+00:00\",\"breadcrumb\":{\"@id\":\"https:\/\/www.prijedordanas.com\/?p=147813#breadcrumb\"},\"inLanguage\":\"en-US\",\"potentialAction\":[{\"@type\":\"ReadAction\",\"target\":[\"https:\/\/www.prijedordanas.com\/?p=147813\"]}]},{\"@type\":\"BreadcrumbList\",\"@id\":\"https:\/\/www.prijedordanas.com\/?p=147813#breadcrumb\",\"itemListElement\":[{\"@type\":\"ListItem\",\"position\":1,\"name\":\"Home\",\"item\":\"https:\/\/www.prijedordanas.com\/\"},{\"@type\":\"ListItem\",\"position\":2,\"name\":\"Prijedor\u010danin vitalan i u osmoj deceniji: Iako posti, D\u017eemal se bez pote\u0161ko\u0107a uhvati kose i trimera\"}]},{\"@type\":\"WebSite\",\"@id\":\"https:\/\/www.prijedordanas.com\/#website\",\"url\":\"https:\/\/www.prijedordanas.com\/\",\"name\":\"PrijedorDanas.com - Prijedorski gradski portal\",\"description\":\"Portal o doga\u0111anjima u gradu Prijedoru\",\"publisher\":{\"@id\":\"https:\/\/www.prijedordanas.com\/#organization\"},\"potentialAction\":[{\"@type\":\"SearchAction\",\"target\":{\"@type\":\"EntryPoint\",\"urlTemplate\":\"https:\/\/www.prijedordanas.com\/?s={search_term_string}\"},\"query-input\":\"required name=search_term_string\"}],\"inLanguage\":\"en-US\"},{\"@type\":\"Organization\",\"@id\":\"https:\/\/www.prijedordanas.com\/#organization\",\"name\":\"PrijedorDanas.com\",\"url\":\"https:\/\/www.prijedordanas.com\/\",\"logo\":{\"@type\":\"ImageObject\",\"inLanguage\":\"en-US\",\"@id\":\"https:\/\/www.prijedordanas.com\/#\/schema\/logo\/image\/\",\"url\":\"http:\/\/www.prijedordanas.com\/wp-content\/uploads\/2021\/12\/logopng.png\",\"contentUrl\":\"http:\/\/www.prijedordanas.com\/wp-content\/uploads\/2021\/12\/logopng.png\",\"width\":1019,\"height\":776,\"caption\":\"PrijedorDanas.com\"},\"image\":{\"@id\":\"https:\/\/www.prijedordanas.com\/#\/schema\/logo\/image\/\"},\"sameAs\":[\"https:\/\/www.facebook.com\/PrijedorDanasCom\/\"]},{\"@type\":\"Person\",\"@id\":\"https:\/\/www.prijedordanas.com\/#\/schema\/person\/4e08ccf29b506ca916ff86d46bb700e6\",\"name\":\"admin\",\"image\":{\"@type\":\"ImageObject\",\"inLanguage\":\"en-US\",\"@id\":\"https:\/\/www.prijedordanas.com\/#\/schema\/person\/image\/\",\"url\":\"https:\/\/secure.gravatar.com\/avatar\/1d3fc949d550f0b53a5f0d51e06dfd79?s=96&d=mm&r=g\",\"contentUrl\":\"https:\/\/secure.gravatar.com\/avatar\/1d3fc949d550f0b53a5f0d51e06dfd79?s=96&d=mm&r=g\",\"caption\":\"admin\"},\"url\":\"https:\/\/www.prijedordanas.com\/?author=1\"}]}<\/script>\n<!-- \/ Yoast SEO plugin. -->","yoast_head_json":{"title":"Prijedor\u010danin vitalan i u osmoj deceniji: Iako posti, D\u017eemal se bez pote\u0161ko\u0107a uhvati kose i trimera - PrijedorDanas.com - Prijedorski gradski portal","robots":{"index":"index","follow":"follow","max-snippet":"max-snippet:-1","max-image-preview":"max-image-preview:large","max-video-preview":"max-video-preview:-1"},"canonical":"https:\/\/www.prijedordanas.com\/?p=147813","og_locale":"en_US","og_type":"article","og_title":"Prijedor\u010danin vitalan i u osmoj deceniji: Iako posti, D\u017eemal se bez pote\u0161ko\u0107a uhvati kose i trimera - PrijedorDanas.com - Prijedorski gradski portal","og_description":"Prijedor\u010danin D\u017eemal Habibovi\u0107 i sa svojih 77 godina redovno odlazi u d\u017eamiju, a od malih nogu posti i nije preskakao nijedan ramazan. Ka\u017ee da se raduje mubarek mjesecu, a posebno [&hellip;]","og_url":"https:\/\/www.prijedordanas.com\/?p=147813","og_site_name":"PrijedorDanas.com - Prijedorski gradski portal","article_publisher":"https:\/\/www.facebook.com\/PrijedorDanasCom\/","article_published_time":"2020-05-22T06:35:15+00:00","og_image":[{"url":"https:\/\/www.prijedordanas.com\/wp-content\/uploads\/2020\/05\/avaz-dzemal-habibovic-225x300.jpg"}],"author":"admin","twitter_card":"summary_large_image","twitter_misc":{"Written by":"admin","Est. reading time":"2 minutes"},"schema":{"@context":"https:\/\/schema.org","@graph":[{"@type":"Article","@id":"https:\/\/www.prijedordanas.com\/?p=147813#article","isPartOf":{"@id":"https:\/\/www.prijedordanas.com\/?p=147813"},"author":{"name":"admin","@id":"https:\/\/www.prijedordanas.com\/#\/schema\/person\/4e08ccf29b506ca916ff86d46bb700e6"},"headline":"Prijedor\u010danin vitalan i u osmoj deceniji: Iako posti, D\u017eemal se bez pote\u0161ko\u0107a uhvati kose i trimera","datePublished":"2020-05-22T06:35:15+00:00","dateModified":"2020-05-22T06:35:15+00:00","mainEntityOfPage":{"@id":"https:\/\/www.prijedordanas.com\/?p=147813"},"wordCount":324,"publisher":{"@id":"https:\/\/www.prijedordanas.com\/#organization"},"keywords":["post","ramazan"],"articleSection":["\u017divot"],"inLanguage":"en-US"},{"@type":"WebPage","@id":"https:\/\/www.prijedordanas.com\/?p=147813","url":"https:\/\/www.prijedordanas.com\/?p=147813","name":"Prijedor\u010danin vitalan i u osmoj deceniji: Iako posti, D\u017eemal se bez pote\u0161ko\u0107a uhvati kose i trimera - PrijedorDanas.com - Prijedorski gradski portal","isPartOf":{"@id":"https:\/\/www.prijedordanas.com\/#website"},"datePublished":"2020-05-22T06:35:15+00:00","dateModified":"2020-05-22T06:35:15+00:00","breadcrumb":{"@id":"https:\/\/www.prijedordanas.com\/?p=147813#breadcrumb"},"inLanguage":"en-US","potentialAction":[{"@type":"ReadAction","target":["https:\/\/www.prijedordanas.com\/?p=147813"]}]},{"@type":"BreadcrumbList","@id":"https:\/\/www.prijedordanas.com\/?p=147813#breadcrumb","itemListElement":[{"@type":"ListItem","position":1,"name":"Home","item":"https:\/\/www.prijedordanas.com\/"},{"@type":"ListItem","position":2,"name":"Prijedor\u010danin vitalan i u osmoj deceniji: Iako posti, D\u017eemal se bez pote\u0161ko\u0107a uhvati kose i trimera"}]},{"@type":"WebSite","@id":"https:\/\/www.prijedordanas.com\/#website","url":"https:\/\/www.prijedordanas.com\/","name":"PrijedorDanas.com - Prijedorski gradski portal","description":"Portal o doga\u0111anjima u gradu Prijedoru","publisher":{"@id":"https:\/\/www.prijedordanas.com\/#organization"},"potentialAction":[{"@type":"SearchAction","target":{"@type":"EntryPoint","urlTemplate":"https:\/\/www.prijedordanas.com\/?s={search_term_string}"},"query-input":"required name=search_term_string"}],"inLanguage":"en-US"},{"@type":"Organization","@id":"https:\/\/www.prijedordanas.com\/#organization","name":"PrijedorDanas.com","url":"https:\/\/www.prijedordanas.com\/","logo":{"@type":"ImageObject","inLanguage":"en-US","@id":"https:\/\/www.prijedordanas.com\/#\/schema\/logo\/image\/","url":"http:\/\/www.prijedordanas.com\/wp-content\/uploads\/2021\/12\/logopng.png","contentUrl":"http:\/\/www.prijedordanas.com\/wp-content\/uploads\/2021\/12\/logopng.png","width":1019,"height":776,"caption":"PrijedorDanas.com"},"image":{"@id":"https:\/\/www.prijedordanas.com\/#\/schema\/logo\/image\/"},"sameAs":["https:\/\/www.facebook.com\/PrijedorDanasCom\/"]},{"@type":"Person","@id":"https:\/\/www.prijedordanas.com\/#\/schema\/person\/4e08ccf29b506ca916ff86d46bb700e6","name":"admin","image":{"@type":"ImageObject","inLanguage":"en-US","@id":"https:\/\/www.prijedordanas.com\/#\/schema\/person\/image\/","url":"https:\/\/secure.gravatar.com\/avatar\/1d3fc949d550f0b53a5f0d51e06dfd79?s=96&d=mm&r=g","contentUrl":"https:\/\/secure.gravatar.com\/avatar\/1d3fc949d550f0b53a5f0d51e06dfd79?s=96&d=mm&r=g","caption":"admin"},"url":"https:\/\/www.prijedordanas.com\/?author=1"}]}},"_links":{"self":[{"href":"https:\/\/www.prijedordanas.com\/index.php?rest_route=\/wp\/v2\/posts\/147813"}],"collection":[{"href":"https:\/\/www.prijedordanas.com\/index.php?rest_route=\/wp\/v2\/posts"}],"about":[{"href":"https:\/\/www.prijedordanas.com\/index.php?rest_route=\/wp\/v2\/types\/post"}],"author":[{"embeddable":true,"href":"https:\/\/www.prijedordanas.com\/index.php?rest_route=\/wp\/v2\/users\/1"}],"replies":[{"embeddable":true,"href":"https:\/\/www.prijedordanas.com\/index.php?rest_route=%2Fwp%2Fv2%2Fcomments&post=147813"}],"version-history":[{"count":1,"href":"https:\/\/www.prijedordanas.com\/index.php?rest_route=\/wp\/v2\/posts\/147813\/revisions"}],"predecessor-version":[{"id":147815,"href":"https:\/\/www.prijedordanas.com\/index.php?rest_route=\/wp\/v2\/posts\/147813\/revisions\/147815"}],"wp:attachment":[{"href":"https:\/\/www.prijedordanas.com\/index.php?rest_route=%2Fwp%2Fv2%2Fmedia&parent=147813"}],"wp:term":[{"taxonomy":"category","embeddable":true,"href":"https:\/\/www.prijedordanas.com\/index.php?rest_route=%2Fwp%2Fv2%2Fcategories&post=147813"},{"taxonomy":"post_tag","embeddable":true,"href":"https:\/\/www.prijedordanas.com\/index.php?rest_route=%2Fwp%2Fv2%2Ftags&post=147813"}],"curies":[{"name":"wp","href":"https:\/\/api.w.org\/{rel}","templated":true}]}}