{"id":147763,"date":"2020-05-21T14:03:10","date_gmt":"2020-05-21T12:03:10","guid":{"rendered":"https:\/\/www.prijedordanas.com\/?p=147763"},"modified":"2020-05-21T14:03:10","modified_gmt":"2020-05-21T12:03:10","slug":"prijedor-sutra-sjecanje-na-dva-poginula-vojnika-na-hambarinama-u-maju-1992-godine","status":"publish","type":"post","link":"https:\/\/www.prijedordanas.com\/?p=147763","title":{"rendered":"Prijedor: Sutra sje\u0107anje na dva poginula vojnika na Hambarinama u maju 1992. godine"},"content":{"rendered":"<p><a href=\"https:\/\/www.prijedordanas.com\/wp-content\/uploads\/2020\/05\/slavisa-knjeginjic.jpg\"><img loading=\"lazy\" decoding=\"async\" src=\"https:\/\/www.prijedordanas.com\/wp-content\/uploads\/2020\/05\/slavisa-knjeginjic-300x222.jpg\" alt=\"\" width=\"300\" height=\"222\" class=\"alignleft size-medium wp-image-147764\" srcset=\"https:\/\/www.prijedordanas.com\/wp-content\/uploads\/2020\/05\/slavisa-knjeginjic-300x222.jpg 300w, https:\/\/www.prijedordanas.com\/wp-content\/uploads\/2020\/05\/slavisa-knjeginjic.jpg 675w\" sizes=\"(max-width: 300px) 100vw, 300px\" \/><\/a>Gradska organizacija porodica zarobljenih i poginulih boraca i nestalih civila Prijedor sutra \u0107e posjetiti Hambarine gdje su 22. maja 1992. godine ubijena dvojica vojnika i prvi put organizovano obilje\u017eiti njihovo stradanje.<\/p>\n<p>Potpredsjednik ove organizacije Slavi\u0161a Knjeginji\u0107 potvrdio je Srni da \u0107e prvi put zajedno sa porodicama poginulih vojnika Nedeljka Milojice i Rade Luki\u0107a ostaviti ru\u017ee na mjesto njihove pogibije, a potom na mjesnim grobljima u Marinima polo\u017eiti vijence i prislu\u017eiti svije\u0107e.<\/p>\n<p>&#8220;Sutra \u017eelimo da poka\u017eemo \u0161ta se sve de\u0161avalo u Prijedoru u maju 1992. godine jer je taj mjesec obilje\u017eio mnoge srpske \u017ertve, \u0161to samo govori o karakteru sukoba, odnosno ko je prvi po\u010deo. \u017delja nam je da se u Prijedoru ve\u0107 jednom do\u0111e do istine \u0161ta se sve de\u0161avalo. U maju imamo tri doga\u0111aja koja su prethodils svemu \u0161to se poslije de\u0161avalo&#8221;, istakao je Knjeginji\u0107.<\/p>\n<p>Knjeginji\u0107 je naglasio da su zato odlu\u010dili da progovore o svim tim doga\u0111ajima i prvi put obilje\u017ee i stradanje dvojice vojnika na Hambarinama.<\/p>\n<p>&#8220;\u0160ta je bilo, kako je bilo, ne\u0107emo ulaziti u to, ali se desilo. Prvo smo 30. aprila imali ubistvo policajca Radenka \u0110ape, a potom i stradanje ova dva vojnika&#8221;, podsjetio je Knjeginji\u0107.<\/p>\n<p>On je rekao da su vojnici Milojica i Luki\u0107 sa jo\u0161 \u010detvoricom kolega krenuli ku\u0107i na odmor, te su nai\u0161li na punkt gdje je na njih pucano bez ikakvih razloga.<\/p>\n<p>&#8220;Bilo je raznih pri\u010da \u0161ta se dogodilo. Ali, ako \u0161est ljudi po\u0111e ku\u0107i u autu, i \u0161to je interesantno to su bili pripadnici JNA &#8211; \u010detiri Srbina i dva Hrvata, i budu do\u010dekani u civilnom autu &#8211; dva su ubijena, a \u010detiri ranjena. \u0160ta je to?&#8221;, zapitao se Knjeginji\u0107.<\/p>\n<p>Knjeginji\u0107 je najavio da se tre\u0107i doga\u0111aj koji \u0107e biti obilje\u017een dogodio 30. maja kada se 1992. godine odigrao napad na Prijedor, te ukazao da je to kulminiralo svim kasnijim doga\u0111ajima koji su se de\u0161avali u tom gradu.<\/p>\n<p>Polazak na mjesto stradanja vojnika na Hambarinama je u 9.30 \u010dasova ispred prostorija Udru\u017eenja porodica zarobljenih i poginulih boraca i nestalih civila Prijedor, gdje je mjesto okupljanja i za novinare koji su pozvani da proprate ovaj pomen stradalim sugra\u0111anima.<\/p>\n<p>SRNA<\/p>\n","protected":false},"excerpt":{"rendered":"<p>Gradska organizacija porodica zarobljenih i poginulih boraca i nestalih civila Prijedor sutra \u0107e posjetiti Hambarine gdje su 22. maja 1992. godine ubijena dvojica vojnika i prvi put organizovano obilje\u017eiti njihovo [&hellip;]<\/p>\n","protected":false},"author":1,"featured_media":0,"comment_status":"closed","ping_status":"open","sticky":false,"template":"","format":"standard","meta":{"_monsterinsights_skip_tracking":false,"_monsterinsights_sitenote_active":false,"_monsterinsights_sitenote_note":"","_monsterinsights_sitenote_category":0,"footnotes":""},"categories":[8],"tags":[11224],"yoast_head":"<!-- This site is optimized with the Yoast SEO plugin v21.6 - https:\/\/yoast.com\/wordpress\/plugins\/seo\/ -->\n<title>Prijedor: Sutra sje\u0107anje na dva poginula vojnika na Hambarinama u maju 1992. godine - PrijedorDanas.com - Prijedorski gradski portal<\/title>\n<meta name=\"robots\" content=\"index, follow, max-snippet:-1, max-image-preview:large, max-video-preview:-1\" \/>\n<link rel=\"canonical\" href=\"https:\/\/www.prijedordanas.com\/?p=147763\" \/>\n<meta property=\"og:locale\" content=\"en_US\" \/>\n<meta property=\"og:type\" content=\"article\" \/>\n<meta property=\"og:title\" content=\"Prijedor: Sutra sje\u0107anje na dva poginula vojnika na Hambarinama u maju 1992. godine - PrijedorDanas.com - Prijedorski gradski portal\" \/>\n<meta property=\"og:description\" content=\"Gradska organizacija porodica zarobljenih i poginulih boraca i nestalih civila Prijedor sutra \u0107e posjetiti Hambarine gdje su 22. maja 1992. godine ubijena dvojica vojnika i prvi put organizovano obilje\u017eiti njihovo [&hellip;]\" \/>\n<meta property=\"og:url\" content=\"https:\/\/www.prijedordanas.com\/?p=147763\" \/>\n<meta property=\"og:site_name\" content=\"PrijedorDanas.com - Prijedorski gradski portal\" \/>\n<meta property=\"article:publisher\" content=\"https:\/\/www.facebook.com\/PrijedorDanasCom\/\" \/>\n<meta property=\"article:published_time\" content=\"2020-05-21T12:03:10+00:00\" \/>\n<meta property=\"og:image\" content=\"https:\/\/www.prijedordanas.com\/wp-content\/uploads\/2020\/05\/slavisa-knjeginjic-300x222.jpg\" \/>\n<meta name=\"author\" content=\"admin\" \/>\n<meta name=\"twitter:card\" content=\"summary_large_image\" \/>\n<meta name=\"twitter:label1\" content=\"Written by\" \/>\n\t<meta name=\"twitter:data1\" content=\"admin\" \/>\n\t<meta name=\"twitter:label2\" content=\"Est. reading time\" \/>\n\t<meta name=\"twitter:data2\" content=\"2 minutes\" \/>\n<script type=\"application\/ld+json\" class=\"yoast-schema-graph\">{\"@context\":\"https:\/\/schema.org\",\"@graph\":[{\"@type\":\"Article\",\"@id\":\"https:\/\/www.prijedordanas.com\/?p=147763#article\",\"isPartOf\":{\"@id\":\"https:\/\/www.prijedordanas.com\/?p=147763\"},\"author\":{\"name\":\"admin\",\"@id\":\"https:\/\/www.prijedordanas.com\/#\/schema\/person\/4e08ccf29b506ca916ff86d46bb700e6\"},\"headline\":\"Prijedor: Sutra sje\u0107anje na dva poginula vojnika na Hambarinama u maju 1992. godine\",\"datePublished\":\"2020-05-21T12:03:10+00:00\",\"dateModified\":\"2020-05-21T12:03:10+00:00\",\"mainEntityOfPage\":{\"@id\":\"https:\/\/www.prijedordanas.com\/?p=147763\"},\"wordCount\":386,\"publisher\":{\"@id\":\"https:\/\/www.prijedordanas.com\/#organization\"},\"keywords\":[\"Slavi\u0161a Knjeginji\u0107\"],\"articleSection\":[\"Svakodnevno\"],\"inLanguage\":\"en-US\"},{\"@type\":\"WebPage\",\"@id\":\"https:\/\/www.prijedordanas.com\/?p=147763\",\"url\":\"https:\/\/www.prijedordanas.com\/?p=147763\",\"name\":\"Prijedor: Sutra sje\u0107anje na dva poginula vojnika na Hambarinama u maju 1992. godine - PrijedorDanas.com - Prijedorski gradski portal\",\"isPartOf\":{\"@id\":\"https:\/\/www.prijedordanas.com\/#website\"},\"datePublished\":\"2020-05-21T12:03:10+00:00\",\"dateModified\":\"2020-05-21T12:03:10+00:00\",\"breadcrumb\":{\"@id\":\"https:\/\/www.prijedordanas.com\/?p=147763#breadcrumb\"},\"inLanguage\":\"en-US\",\"potentialAction\":[{\"@type\":\"ReadAction\",\"target\":[\"https:\/\/www.prijedordanas.com\/?p=147763\"]}]},{\"@type\":\"BreadcrumbList\",\"@id\":\"https:\/\/www.prijedordanas.com\/?p=147763#breadcrumb\",\"itemListElement\":[{\"@type\":\"ListItem\",\"position\":1,\"name\":\"Home\",\"item\":\"https:\/\/www.prijedordanas.com\/\"},{\"@type\":\"ListItem\",\"position\":2,\"name\":\"Prijedor: Sutra sje\u0107anje na dva poginula vojnika na Hambarinama u maju 1992. godine\"}]},{\"@type\":\"WebSite\",\"@id\":\"https:\/\/www.prijedordanas.com\/#website\",\"url\":\"https:\/\/www.prijedordanas.com\/\",\"name\":\"PrijedorDanas.com - Prijedorski gradski portal\",\"description\":\"Portal o doga\u0111anjima u gradu Prijedoru\",\"publisher\":{\"@id\":\"https:\/\/www.prijedordanas.com\/#organization\"},\"potentialAction\":[{\"@type\":\"SearchAction\",\"target\":{\"@type\":\"EntryPoint\",\"urlTemplate\":\"https:\/\/www.prijedordanas.com\/?s={search_term_string}\"},\"query-input\":\"required name=search_term_string\"}],\"inLanguage\":\"en-US\"},{\"@type\":\"Organization\",\"@id\":\"https:\/\/www.prijedordanas.com\/#organization\",\"name\":\"PrijedorDanas.com\",\"url\":\"https:\/\/www.prijedordanas.com\/\",\"logo\":{\"@type\":\"ImageObject\",\"inLanguage\":\"en-US\",\"@id\":\"https:\/\/www.prijedordanas.com\/#\/schema\/logo\/image\/\",\"url\":\"http:\/\/www.prijedordanas.com\/wp-content\/uploads\/2021\/12\/logopng.png\",\"contentUrl\":\"http:\/\/www.prijedordanas.com\/wp-content\/uploads\/2021\/12\/logopng.png\",\"width\":1019,\"height\":776,\"caption\":\"PrijedorDanas.com\"},\"image\":{\"@id\":\"https:\/\/www.prijedordanas.com\/#\/schema\/logo\/image\/\"},\"sameAs\":[\"https:\/\/www.facebook.com\/PrijedorDanasCom\/\"]},{\"@type\":\"Person\",\"@id\":\"https:\/\/www.prijedordanas.com\/#\/schema\/person\/4e08ccf29b506ca916ff86d46bb700e6\",\"name\":\"admin\",\"image\":{\"@type\":\"ImageObject\",\"inLanguage\":\"en-US\",\"@id\":\"https:\/\/www.prijedordanas.com\/#\/schema\/person\/image\/\",\"url\":\"https:\/\/secure.gravatar.com\/avatar\/1d3fc949d550f0b53a5f0d51e06dfd79?s=96&d=mm&r=g\",\"contentUrl\":\"https:\/\/secure.gravatar.com\/avatar\/1d3fc949d550f0b53a5f0d51e06dfd79?s=96&d=mm&r=g\",\"caption\":\"admin\"},\"url\":\"https:\/\/www.prijedordanas.com\/?author=1\"}]}<\/script>\n<!-- \/ Yoast SEO plugin. -->","yoast_head_json":{"title":"Prijedor: Sutra sje\u0107anje na dva poginula vojnika na Hambarinama u maju 1992. godine - PrijedorDanas.com - Prijedorski gradski portal","robots":{"index":"index","follow":"follow","max-snippet":"max-snippet:-1","max-image-preview":"max-image-preview:large","max-video-preview":"max-video-preview:-1"},"canonical":"https:\/\/www.prijedordanas.com\/?p=147763","og_locale":"en_US","og_type":"article","og_title":"Prijedor: Sutra sje\u0107anje na dva poginula vojnika na Hambarinama u maju 1992. godine - PrijedorDanas.com - Prijedorski gradski portal","og_description":"Gradska organizacija porodica zarobljenih i poginulih boraca i nestalih civila Prijedor sutra \u0107e posjetiti Hambarine gdje su 22. maja 1992. godine ubijena dvojica vojnika i prvi put organizovano obilje\u017eiti njihovo [&hellip;]","og_url":"https:\/\/www.prijedordanas.com\/?p=147763","og_site_name":"PrijedorDanas.com - Prijedorski gradski portal","article_publisher":"https:\/\/www.facebook.com\/PrijedorDanasCom\/","article_published_time":"2020-05-21T12:03:10+00:00","og_image":[{"url":"https:\/\/www.prijedordanas.com\/wp-content\/uploads\/2020\/05\/slavisa-knjeginjic-300x222.jpg"}],"author":"admin","twitter_card":"summary_large_image","twitter_misc":{"Written by":"admin","Est. reading time":"2 minutes"},"schema":{"@context":"https:\/\/schema.org","@graph":[{"@type":"Article","@id":"https:\/\/www.prijedordanas.com\/?p=147763#article","isPartOf":{"@id":"https:\/\/www.prijedordanas.com\/?p=147763"},"author":{"name":"admin","@id":"https:\/\/www.prijedordanas.com\/#\/schema\/person\/4e08ccf29b506ca916ff86d46bb700e6"},"headline":"Prijedor: Sutra sje\u0107anje na dva poginula vojnika na Hambarinama u maju 1992. godine","datePublished":"2020-05-21T12:03:10+00:00","dateModified":"2020-05-21T12:03:10+00:00","mainEntityOfPage":{"@id":"https:\/\/www.prijedordanas.com\/?p=147763"},"wordCount":386,"publisher":{"@id":"https:\/\/www.prijedordanas.com\/#organization"},"keywords":["Slavi\u0161a Knjeginji\u0107"],"articleSection":["Svakodnevno"],"inLanguage":"en-US"},{"@type":"WebPage","@id":"https:\/\/www.prijedordanas.com\/?p=147763","url":"https:\/\/www.prijedordanas.com\/?p=147763","name":"Prijedor: Sutra sje\u0107anje na dva poginula vojnika na Hambarinama u maju 1992. godine - PrijedorDanas.com - Prijedorski gradski portal","isPartOf":{"@id":"https:\/\/www.prijedordanas.com\/#website"},"datePublished":"2020-05-21T12:03:10+00:00","dateModified":"2020-05-21T12:03:10+00:00","breadcrumb":{"@id":"https:\/\/www.prijedordanas.com\/?p=147763#breadcrumb"},"inLanguage":"en-US","potentialAction":[{"@type":"ReadAction","target":["https:\/\/www.prijedordanas.com\/?p=147763"]}]},{"@type":"BreadcrumbList","@id":"https:\/\/www.prijedordanas.com\/?p=147763#breadcrumb","itemListElement":[{"@type":"ListItem","position":1,"name":"Home","item":"https:\/\/www.prijedordanas.com\/"},{"@type":"ListItem","position":2,"name":"Prijedor: Sutra sje\u0107anje na dva poginula vojnika na Hambarinama u maju 1992. godine"}]},{"@type":"WebSite","@id":"https:\/\/www.prijedordanas.com\/#website","url":"https:\/\/www.prijedordanas.com\/","name":"PrijedorDanas.com - Prijedorski gradski portal","description":"Portal o doga\u0111anjima u gradu Prijedoru","publisher":{"@id":"https:\/\/www.prijedordanas.com\/#organization"},"potentialAction":[{"@type":"SearchAction","target":{"@type":"EntryPoint","urlTemplate":"https:\/\/www.prijedordanas.com\/?s={search_term_string}"},"query-input":"required name=search_term_string"}],"inLanguage":"en-US"},{"@type":"Organization","@id":"https:\/\/www.prijedordanas.com\/#organization","name":"PrijedorDanas.com","url":"https:\/\/www.prijedordanas.com\/","logo":{"@type":"ImageObject","inLanguage":"en-US","@id":"https:\/\/www.prijedordanas.com\/#\/schema\/logo\/image\/","url":"http:\/\/www.prijedordanas.com\/wp-content\/uploads\/2021\/12\/logopng.png","contentUrl":"http:\/\/www.prijedordanas.com\/wp-content\/uploads\/2021\/12\/logopng.png","width":1019,"height":776,"caption":"PrijedorDanas.com"},"image":{"@id":"https:\/\/www.prijedordanas.com\/#\/schema\/logo\/image\/"},"sameAs":["https:\/\/www.facebook.com\/PrijedorDanasCom\/"]},{"@type":"Person","@id":"https:\/\/www.prijedordanas.com\/#\/schema\/person\/4e08ccf29b506ca916ff86d46bb700e6","name":"admin","image":{"@type":"ImageObject","inLanguage":"en-US","@id":"https:\/\/www.prijedordanas.com\/#\/schema\/person\/image\/","url":"https:\/\/secure.gravatar.com\/avatar\/1d3fc949d550f0b53a5f0d51e06dfd79?s=96&d=mm&r=g","contentUrl":"https:\/\/secure.gravatar.com\/avatar\/1d3fc949d550f0b53a5f0d51e06dfd79?s=96&d=mm&r=g","caption":"admin"},"url":"https:\/\/www.prijedordanas.com\/?author=1"}]}},"_links":{"self":[{"href":"https:\/\/www.prijedordanas.com\/index.php?rest_route=\/wp\/v2\/posts\/147763"}],"collection":[{"href":"https:\/\/www.prijedordanas.com\/index.php?rest_route=\/wp\/v2\/posts"}],"about":[{"href":"https:\/\/www.prijedordanas.com\/index.php?rest_route=\/wp\/v2\/types\/post"}],"author":[{"embeddable":true,"href":"https:\/\/www.prijedordanas.com\/index.php?rest_route=\/wp\/v2\/users\/1"}],"replies":[{"embeddable":true,"href":"https:\/\/www.prijedordanas.com\/index.php?rest_route=%2Fwp%2Fv2%2Fcomments&post=147763"}],"version-history":[{"count":1,"href":"https:\/\/www.prijedordanas.com\/index.php?rest_route=\/wp\/v2\/posts\/147763\/revisions"}],"predecessor-version":[{"id":147765,"href":"https:\/\/www.prijedordanas.com\/index.php?rest_route=\/wp\/v2\/posts\/147763\/revisions\/147765"}],"wp:attachment":[{"href":"https:\/\/www.prijedordanas.com\/index.php?rest_route=%2Fwp%2Fv2%2Fmedia&parent=147763"}],"wp:term":[{"taxonomy":"category","embeddable":true,"href":"https:\/\/www.prijedordanas.com\/index.php?rest_route=%2Fwp%2Fv2%2Fcategories&post=147763"},{"taxonomy":"post_tag","embeddable":true,"href":"https:\/\/www.prijedordanas.com\/index.php?rest_route=%2Fwp%2Fv2%2Ftags&post=147763"}],"curies":[{"name":"wp","href":"https:\/\/api.w.org\/{rel}","templated":true}]}}