{"id":147739,"date":"2020-05-21T09:05:20","date_gmt":"2020-05-21T07:05:20","guid":{"rendered":"https:\/\/www.prijedordanas.com\/?p=147739"},"modified":"2020-05-21T09:05:20","modified_gmt":"2020-05-21T07:05:20","slug":"manjak-gostiju-nadoknadili-skupljom-kafom","status":"publish","type":"post","link":"https:\/\/www.prijedordanas.com\/?p=147739","title":{"rendered":"Manjak gostiju nadoknadili skupljom kafom"},"content":{"rendered":"<p><a href=\"https:\/\/www.prijedordanas.com\/wp-content\/uploads\/2020\/05\/nezavisne-kafa.jpg\"><img loading=\"lazy\" decoding=\"async\" src=\"https:\/\/www.prijedordanas.com\/wp-content\/uploads\/2020\/05\/nezavisne-kafa-300x222.jpg\" alt=\"\" width=\"300\" height=\"222\" class=\"alignleft size-medium wp-image-147740\" srcset=\"https:\/\/www.prijedordanas.com\/wp-content\/uploads\/2020\/05\/nezavisne-kafa-300x222.jpg 300w, https:\/\/www.prijedordanas.com\/wp-content\/uploads\/2020\/05\/nezavisne-kafa.jpg 675w\" sizes=\"(max-width: 300px) 100vw, 300px\" \/><\/a>Pojedini ugostiteljski objekti u RS podigli su cijene svojih proizvoda, a u prvom redu kafe, nakon \u0161to skoro dva mjeseca nisu radili, jer, kako ka\u017eu, manji je obim posla, manji je promet, a moraju da opstanu.<\/p>\n<p>&#8220;Jo\u0161 sti\u017ee manje gostiju nego \u0161to smo o\u010dekivali, valjda su ljudi i dalje upla\u0161eni od korone. Podigli smo malo cijenu kafe, koja se i najvi\u0161e tra\u017ei&#8221;, rekli su iz jednog banjalu\u010dkog kafi\u0107a.<\/p>\n<p>Jedna Banjalu\u010danka ka\u017ee da je i prije korone kafu naj\u010de\u0161\u0107e pila u jednom lokalu i da je ranije \u0161oljica kafe iznosila 1,5 KM, a sada je dvije KM.<\/p>\n<p>Ipak, mora se re\u0107i da su se neki ugostitelji odlu\u010dili da sa prvim radnim danima ponovnog otvaranja kafu dijele besplatno nadaju\u0107i se da \u0107e na taj na\u010din uspjeti vratiti goste u kafane.<\/p>\n<p>Goran Radakovi\u0107, ugostitelj iz Prijedora, isti\u010de da je, otkada su po\u010deli raditi, posla upola manje, te da oni u njihovom ugostiteljskom objektu nisu podizali cijene, ali da je \u010duo da se mnogo njegovih kolega ipak odlu\u010dilo na podizanje cijene.<\/p>\n<p>&#8220;Ljudi se slabo zadr\u017eavaju u kafani, vjerovatno su jo\u0161 u strahu i mnogi nisu imali primanja ova dva mjeseca ili su imali daleko manja, pa je samim tim manje posla u lokalima&#8221;, kazao je Radakovi\u0107 za &#8220;Nezavisne&#8221;.<\/p>\n<p>Dodaje da je lo\u0161a situacija za ugostitelje, ali se oni nadaju da bi sa otvaranjem granice i dolaskom ljudi iz inostranstva cjelokupna situacija trebalo da krene nabolje.<\/p>\n<p>Iz jednog lokala u Banjaluci isti\u010du da su samo podigli cijenu kafe te da je, umjesto 1.50 KM, koliko je ranije ko\u0161tala kafa, sada 1.70 KM.<\/p>\n<p>\u017deljko Tati\u0107, predsjednik Udru\u017eenja radnika ugostiteljstva i turizma RS, kazao je da je pad prometa u ugostiteljstvu sigurno i do 60 odsto.<\/p>\n<p>&#8220;Poslodavci se mo\u017eda na vi\u0161e cijene odlu\u010duju upravo zbog toga \u0161to ne \u017eele da otpu\u0161taju radnike, pa ra\u010dunaju da \u0107e dizanjem cijena svojih proizvoda uspjeti da obezbijede platu radnicima&#8221;, isti\u010de Tati\u0107.<\/p>\n<p>Dodao je da podizanje cijena sigurno nije dobro u ovakvoj situaciji.<\/p>\n<p>&#8220;Posebno u Banjaluci, gdje sada trenutno nema ni studenta, koji su sigurno ti koji provode dosta vremena u kafanama, a mnogi ljudi nisu imali primanja i sigurno im nije prioritet da sjede u kafanama&#8221;, pojasnio je Tati\u0107.<\/p>\n<p>Dodao je da su neki ugostitelji, da bi privukli goste, dijelili besplatne kafe, ali, kako isti\u010de Tati\u0107, nije im to urodilo plodom.<\/p>\n<p>&#8220;Ljude je i dalje generalno strah da sjede po kafanama, a i za ova dva mjeseca, koliko nisu ugostiteljski objekti radili, gra\u0111ani polako gube naviku da &#8216;sjede na kafama&#8217;, kao \u0161to je to bilo ranije&#8221;, stav je Tati\u0107a.<\/p>\n<p>Prema njegovim rije\u010dima, pove\u0107anje cijena u kafanama mo\u017ee biti ma\u010d sa dvije o\u0161trice, jer dizanjem cjenovnika ugostitelji mogu izgubiti i ono malo gostiju koje trenutno imaju.<\/p>\n<p>Murisa Mari\u0107, izvr\u0161na direktorica Udru\u017eenja gra\u0111ana DON Prijedor, rekla je da ugostitelji nisu radili dva mjeseca i da nisu imali dobiti, ali kako ka\u017ee, nisu imali ni ve\u0107e tro\u0161kove.<\/p>\n<p>&#8220;Nema zaista smisla da se di\u017eu cijene. Mislimo da je to malo pretjerivanje ili je o\u010digledno da su ugostitelji nau\u010deni da u ovom periodu mnogo zarade, jer su propustili sve one praznike kada dolazi dijaspora, pa sad to treba namiriti na ovo stanovnika koliko ih imamo&#8221;, kazala je Mari\u0107eva.<\/p>\n<p>Prema njenim rije\u010dima, u posljednje vrijeme ima sve vi\u0161e ljudi koji su ostali bez posla i sigurno je da nema prostora za dizanje bilo kakvih cijena.<\/p>\n<p>Nezavisne novine<\/p>\n","protected":false},"excerpt":{"rendered":"<p>Pojedini ugostiteljski objekti u RS podigli su cijene svojih proizvoda, a u prvom redu kafe, nakon \u0161to skoro dva mjeseca nisu radili, jer, kako ka\u017eu, manji je obim posla, manji [&hellip;]<\/p>\n","protected":false},"author":1,"featured_media":0,"comment_status":"closed","ping_status":"open","sticky":false,"template":"","format":"standard","meta":{"_monsterinsights_skip_tracking":false,"_monsterinsights_sitenote_active":false,"_monsterinsights_sitenote_note":"","_monsterinsights_sitenote_category":0,"footnotes":""},"categories":[8],"tags":[4986,9473],"yoast_head":"<!-- This site is optimized with the Yoast SEO plugin v21.6 - https:\/\/yoast.com\/wordpress\/plugins\/seo\/ -->\n<title>Manjak gostiju nadoknadili skupljom kafom - PrijedorDanas.com - Prijedorski gradski portal<\/title>\n<meta name=\"robots\" content=\"index, follow, max-snippet:-1, max-image-preview:large, max-video-preview:-1\" \/>\n<link rel=\"canonical\" href=\"https:\/\/www.prijedordanas.com\/?p=147739\" \/>\n<meta property=\"og:locale\" content=\"en_US\" \/>\n<meta property=\"og:type\" content=\"article\" \/>\n<meta property=\"og:title\" content=\"Manjak gostiju nadoknadili skupljom kafom - PrijedorDanas.com - Prijedorski gradski portal\" \/>\n<meta property=\"og:description\" content=\"Pojedini ugostiteljski objekti u RS podigli su cijene svojih proizvoda, a u prvom redu kafe, nakon \u0161to skoro dva mjeseca nisu radili, jer, kako ka\u017eu, manji je obim posla, manji [&hellip;]\" \/>\n<meta property=\"og:url\" content=\"https:\/\/www.prijedordanas.com\/?p=147739\" \/>\n<meta property=\"og:site_name\" content=\"PrijedorDanas.com - Prijedorski gradski portal\" \/>\n<meta property=\"article:publisher\" content=\"https:\/\/www.facebook.com\/PrijedorDanasCom\/\" \/>\n<meta property=\"article:published_time\" content=\"2020-05-21T07:05:20+00:00\" \/>\n<meta property=\"og:image\" content=\"https:\/\/www.prijedordanas.com\/wp-content\/uploads\/2020\/05\/nezavisne-kafa-300x222.jpg\" \/>\n<meta name=\"author\" content=\"admin\" \/>\n<meta name=\"twitter:card\" content=\"summary_large_image\" \/>\n<meta name=\"twitter:label1\" content=\"Written by\" \/>\n\t<meta name=\"twitter:data1\" content=\"admin\" \/>\n\t<meta name=\"twitter:label2\" content=\"Est. reading time\" \/>\n\t<meta name=\"twitter:data2\" content=\"3 minutes\" \/>\n<script type=\"application\/ld+json\" class=\"yoast-schema-graph\">{\"@context\":\"https:\/\/schema.org\",\"@graph\":[{\"@type\":\"Article\",\"@id\":\"https:\/\/www.prijedordanas.com\/?p=147739#article\",\"isPartOf\":{\"@id\":\"https:\/\/www.prijedordanas.com\/?p=147739\"},\"author\":{\"name\":\"admin\",\"@id\":\"https:\/\/www.prijedordanas.com\/#\/schema\/person\/4e08ccf29b506ca916ff86d46bb700e6\"},\"headline\":\"Manjak gostiju nadoknadili skupljom kafom\",\"datePublished\":\"2020-05-21T07:05:20+00:00\",\"dateModified\":\"2020-05-21T07:05:20+00:00\",\"mainEntityOfPage\":{\"@id\":\"https:\/\/www.prijedordanas.com\/?p=147739\"},\"wordCount\":600,\"publisher\":{\"@id\":\"https:\/\/www.prijedordanas.com\/#organization\"},\"keywords\":[\"cijena\",\"kafa\"],\"articleSection\":[\"Svakodnevno\"],\"inLanguage\":\"en-US\"},{\"@type\":\"WebPage\",\"@id\":\"https:\/\/www.prijedordanas.com\/?p=147739\",\"url\":\"https:\/\/www.prijedordanas.com\/?p=147739\",\"name\":\"Manjak gostiju nadoknadili skupljom kafom - PrijedorDanas.com - Prijedorski gradski portal\",\"isPartOf\":{\"@id\":\"https:\/\/www.prijedordanas.com\/#website\"},\"datePublished\":\"2020-05-21T07:05:20+00:00\",\"dateModified\":\"2020-05-21T07:05:20+00:00\",\"breadcrumb\":{\"@id\":\"https:\/\/www.prijedordanas.com\/?p=147739#breadcrumb\"},\"inLanguage\":\"en-US\",\"potentialAction\":[{\"@type\":\"ReadAction\",\"target\":[\"https:\/\/www.prijedordanas.com\/?p=147739\"]}]},{\"@type\":\"BreadcrumbList\",\"@id\":\"https:\/\/www.prijedordanas.com\/?p=147739#breadcrumb\",\"itemListElement\":[{\"@type\":\"ListItem\",\"position\":1,\"name\":\"Home\",\"item\":\"https:\/\/www.prijedordanas.com\/\"},{\"@type\":\"ListItem\",\"position\":2,\"name\":\"Manjak gostiju nadoknadili skupljom kafom\"}]},{\"@type\":\"WebSite\",\"@id\":\"https:\/\/www.prijedordanas.com\/#website\",\"url\":\"https:\/\/www.prijedordanas.com\/\",\"name\":\"PrijedorDanas.com - Prijedorski gradski portal\",\"description\":\"Portal o doga\u0111anjima u gradu Prijedoru\",\"publisher\":{\"@id\":\"https:\/\/www.prijedordanas.com\/#organization\"},\"potentialAction\":[{\"@type\":\"SearchAction\",\"target\":{\"@type\":\"EntryPoint\",\"urlTemplate\":\"https:\/\/www.prijedordanas.com\/?s={search_term_string}\"},\"query-input\":\"required name=search_term_string\"}],\"inLanguage\":\"en-US\"},{\"@type\":\"Organization\",\"@id\":\"https:\/\/www.prijedordanas.com\/#organization\",\"name\":\"PrijedorDanas.com\",\"url\":\"https:\/\/www.prijedordanas.com\/\",\"logo\":{\"@type\":\"ImageObject\",\"inLanguage\":\"en-US\",\"@id\":\"https:\/\/www.prijedordanas.com\/#\/schema\/logo\/image\/\",\"url\":\"http:\/\/www.prijedordanas.com\/wp-content\/uploads\/2021\/12\/logopng.png\",\"contentUrl\":\"http:\/\/www.prijedordanas.com\/wp-content\/uploads\/2021\/12\/logopng.png\",\"width\":1019,\"height\":776,\"caption\":\"PrijedorDanas.com\"},\"image\":{\"@id\":\"https:\/\/www.prijedordanas.com\/#\/schema\/logo\/image\/\"},\"sameAs\":[\"https:\/\/www.facebook.com\/PrijedorDanasCom\/\"]},{\"@type\":\"Person\",\"@id\":\"https:\/\/www.prijedordanas.com\/#\/schema\/person\/4e08ccf29b506ca916ff86d46bb700e6\",\"name\":\"admin\",\"image\":{\"@type\":\"ImageObject\",\"inLanguage\":\"en-US\",\"@id\":\"https:\/\/www.prijedordanas.com\/#\/schema\/person\/image\/\",\"url\":\"https:\/\/secure.gravatar.com\/avatar\/1d3fc949d550f0b53a5f0d51e06dfd79?s=96&d=mm&r=g\",\"contentUrl\":\"https:\/\/secure.gravatar.com\/avatar\/1d3fc949d550f0b53a5f0d51e06dfd79?s=96&d=mm&r=g\",\"caption\":\"admin\"},\"url\":\"https:\/\/www.prijedordanas.com\/?author=1\"}]}<\/script>\n<!-- \/ Yoast SEO plugin. -->","yoast_head_json":{"title":"Manjak gostiju nadoknadili skupljom kafom - PrijedorDanas.com - Prijedorski gradski portal","robots":{"index":"index","follow":"follow","max-snippet":"max-snippet:-1","max-image-preview":"max-image-preview:large","max-video-preview":"max-video-preview:-1"},"canonical":"https:\/\/www.prijedordanas.com\/?p=147739","og_locale":"en_US","og_type":"article","og_title":"Manjak gostiju nadoknadili skupljom kafom - PrijedorDanas.com - Prijedorski gradski portal","og_description":"Pojedini ugostiteljski objekti u RS podigli su cijene svojih proizvoda, a u prvom redu kafe, nakon \u0161to skoro dva mjeseca nisu radili, jer, kako ka\u017eu, manji je obim posla, manji [&hellip;]","og_url":"https:\/\/www.prijedordanas.com\/?p=147739","og_site_name":"PrijedorDanas.com - Prijedorski gradski portal","article_publisher":"https:\/\/www.facebook.com\/PrijedorDanasCom\/","article_published_time":"2020-05-21T07:05:20+00:00","og_image":[{"url":"https:\/\/www.prijedordanas.com\/wp-content\/uploads\/2020\/05\/nezavisne-kafa-300x222.jpg"}],"author":"admin","twitter_card":"summary_large_image","twitter_misc":{"Written by":"admin","Est. reading time":"3 minutes"},"schema":{"@context":"https:\/\/schema.org","@graph":[{"@type":"Article","@id":"https:\/\/www.prijedordanas.com\/?p=147739#article","isPartOf":{"@id":"https:\/\/www.prijedordanas.com\/?p=147739"},"author":{"name":"admin","@id":"https:\/\/www.prijedordanas.com\/#\/schema\/person\/4e08ccf29b506ca916ff86d46bb700e6"},"headline":"Manjak gostiju nadoknadili skupljom kafom","datePublished":"2020-05-21T07:05:20+00:00","dateModified":"2020-05-21T07:05:20+00:00","mainEntityOfPage":{"@id":"https:\/\/www.prijedordanas.com\/?p=147739"},"wordCount":600,"publisher":{"@id":"https:\/\/www.prijedordanas.com\/#organization"},"keywords":["cijena","kafa"],"articleSection":["Svakodnevno"],"inLanguage":"en-US"},{"@type":"WebPage","@id":"https:\/\/www.prijedordanas.com\/?p=147739","url":"https:\/\/www.prijedordanas.com\/?p=147739","name":"Manjak gostiju nadoknadili skupljom kafom - PrijedorDanas.com - Prijedorski gradski portal","isPartOf":{"@id":"https:\/\/www.prijedordanas.com\/#website"},"datePublished":"2020-05-21T07:05:20+00:00","dateModified":"2020-05-21T07:05:20+00:00","breadcrumb":{"@id":"https:\/\/www.prijedordanas.com\/?p=147739#breadcrumb"},"inLanguage":"en-US","potentialAction":[{"@type":"ReadAction","target":["https:\/\/www.prijedordanas.com\/?p=147739"]}]},{"@type":"BreadcrumbList","@id":"https:\/\/www.prijedordanas.com\/?p=147739#breadcrumb","itemListElement":[{"@type":"ListItem","position":1,"name":"Home","item":"https:\/\/www.prijedordanas.com\/"},{"@type":"ListItem","position":2,"name":"Manjak gostiju nadoknadili skupljom kafom"}]},{"@type":"WebSite","@id":"https:\/\/www.prijedordanas.com\/#website","url":"https:\/\/www.prijedordanas.com\/","name":"PrijedorDanas.com - Prijedorski gradski portal","description":"Portal o doga\u0111anjima u gradu Prijedoru","publisher":{"@id":"https:\/\/www.prijedordanas.com\/#organization"},"potentialAction":[{"@type":"SearchAction","target":{"@type":"EntryPoint","urlTemplate":"https:\/\/www.prijedordanas.com\/?s={search_term_string}"},"query-input":"required name=search_term_string"}],"inLanguage":"en-US"},{"@type":"Organization","@id":"https:\/\/www.prijedordanas.com\/#organization","name":"PrijedorDanas.com","url":"https:\/\/www.prijedordanas.com\/","logo":{"@type":"ImageObject","inLanguage":"en-US","@id":"https:\/\/www.prijedordanas.com\/#\/schema\/logo\/image\/","url":"http:\/\/www.prijedordanas.com\/wp-content\/uploads\/2021\/12\/logopng.png","contentUrl":"http:\/\/www.prijedordanas.com\/wp-content\/uploads\/2021\/12\/logopng.png","width":1019,"height":776,"caption":"PrijedorDanas.com"},"image":{"@id":"https:\/\/www.prijedordanas.com\/#\/schema\/logo\/image\/"},"sameAs":["https:\/\/www.facebook.com\/PrijedorDanasCom\/"]},{"@type":"Person","@id":"https:\/\/www.prijedordanas.com\/#\/schema\/person\/4e08ccf29b506ca916ff86d46bb700e6","name":"admin","image":{"@type":"ImageObject","inLanguage":"en-US","@id":"https:\/\/www.prijedordanas.com\/#\/schema\/person\/image\/","url":"https:\/\/secure.gravatar.com\/avatar\/1d3fc949d550f0b53a5f0d51e06dfd79?s=96&d=mm&r=g","contentUrl":"https:\/\/secure.gravatar.com\/avatar\/1d3fc949d550f0b53a5f0d51e06dfd79?s=96&d=mm&r=g","caption":"admin"},"url":"https:\/\/www.prijedordanas.com\/?author=1"}]}},"_links":{"self":[{"href":"https:\/\/www.prijedordanas.com\/index.php?rest_route=\/wp\/v2\/posts\/147739"}],"collection":[{"href":"https:\/\/www.prijedordanas.com\/index.php?rest_route=\/wp\/v2\/posts"}],"about":[{"href":"https:\/\/www.prijedordanas.com\/index.php?rest_route=\/wp\/v2\/types\/post"}],"author":[{"embeddable":true,"href":"https:\/\/www.prijedordanas.com\/index.php?rest_route=\/wp\/v2\/users\/1"}],"replies":[{"embeddable":true,"href":"https:\/\/www.prijedordanas.com\/index.php?rest_route=%2Fwp%2Fv2%2Fcomments&post=147739"}],"version-history":[{"count":1,"href":"https:\/\/www.prijedordanas.com\/index.php?rest_route=\/wp\/v2\/posts\/147739\/revisions"}],"predecessor-version":[{"id":147741,"href":"https:\/\/www.prijedordanas.com\/index.php?rest_route=\/wp\/v2\/posts\/147739\/revisions\/147741"}],"wp:attachment":[{"href":"https:\/\/www.prijedordanas.com\/index.php?rest_route=%2Fwp%2Fv2%2Fmedia&parent=147739"}],"wp:term":[{"taxonomy":"category","embeddable":true,"href":"https:\/\/www.prijedordanas.com\/index.php?rest_route=%2Fwp%2Fv2%2Fcategories&post=147739"},{"taxonomy":"post_tag","embeddable":true,"href":"https:\/\/www.prijedordanas.com\/index.php?rest_route=%2Fwp%2Fv2%2Ftags&post=147739"}],"curies":[{"name":"wp","href":"https:\/\/api.w.org\/{rel}","templated":true}]}}