{"id":147720,"date":"2020-05-20T22:16:29","date_gmt":"2020-05-20T20:16:29","guid":{"rendered":"https:\/\/www.prijedordanas.com\/?p=147720"},"modified":"2020-05-20T22:16:29","modified_gmt":"2020-05-20T20:16:29","slug":"poznat-identitet-prijedorcanke-cije-je-bezivotno-tijelo-pronadeno-u-rijeci-sani-uznemirujuci-foto","status":"publish","type":"post","link":"https:\/\/www.prijedordanas.com\/?p=147720","title":{"rendered":"Poznat identitet Prijedor\u010danke \u010dije je be\u017eivotno tijelo prona\u0111eno u rijeci Sani &#8211; UZNEMIRUJU\u0106I FOTO"},"content":{"rendered":"<p><a href=\"https:\/\/www.prijedordanas.com\/wp-content\/uploads\/2020\/05\/sana-utopljenica-20maj-3.jpg\"><img loading=\"lazy\" decoding=\"async\" class=\"alignleft size-medium wp-image-147721\" src=\"https:\/\/www.prijedordanas.com\/wp-content\/uploads\/2020\/05\/sana-utopljenica-20maj-3-300x222.jpg\" alt=\"\" width=\"300\" height=\"222\" srcset=\"https:\/\/www.prijedordanas.com\/wp-content\/uploads\/2020\/05\/sana-utopljenica-20maj-3-300x222.jpg 300w, https:\/\/www.prijedordanas.com\/wp-content\/uploads\/2020\/05\/sana-utopljenica-20maj-3.jpg 675w\" sizes=\"(max-width: 300px) 100vw, 300px\" \/><\/a>PA\u017dNJA: Ovaj \u010dlanak sadr\u017ei fotografije koje mogu biti uznemiruju\u0107eg karaktera za pojedine osobe.<\/p>\n<p>Policijskoj upravi Prijedor, dana 20.05.2020. godine, u 10,55 \u010dasova, prijavljeno je da je u koritu rijeke Sane, nedaleko od gradskog mosta u Prijedoru, uo\u010deno be\u017eivotno tijelo \u017eenske osobe.<\/p>\n<p><strong><a href=\"https:\/\/www.prijedordanas.com\/?p=147675\" target=\"_blank\" rel=\"noopener noreferrer\">Prijedor: U rijeci Sani kod gradskog mosta prona\u0111eno be\u017eivotno tijelo \u2013 UZNEMIRUJU\u0106I FOTO<\/a><\/strong><\/p>\n<p>Po ovla\u0161tenju de\u017eurnog tu\u017eioca Okru\u017enog javnog tu\u017eila\u0161tva Prijedor, uvi\u0111aj na licu mjesta izvr\u0161ili su policijski slu\u017ebenici Policijske uprave Prijedor, u prisustvu doktora JZU Dom zdravlja Prijedor.<\/p>\n<p>Utvr\u0111eno je da se radi o licu LJ.M. iz Prijedora, koje se jutros oko 07,00 \u010dasova udaljilo sa adrese stanovanja. Na licu mjesta nisu prona\u0111eni tragovi koji bi upuc\u0301ivali na postojanje elemenata krivi\u010dnog djela, a doktor je konstatovao da je smrt nastupila utapanjem.<\/p>\n<p>PU Prijedor<\/p>\n<p><a href=\"https:\/\/www.prijedordanas.com\/wp-content\/uploads\/2020\/05\/sana-utopljenica-20maj-10.jpg\"><img loading=\"lazy\" decoding=\"async\" class=\"alignleft size-medium wp-image-147722\" src=\"https:\/\/www.prijedordanas.com\/wp-content\/uploads\/2020\/05\/sana-utopljenica-20maj-10-300x200.jpg\" alt=\"\" width=\"300\" height=\"200\" srcset=\"https:\/\/www.prijedordanas.com\/wp-content\/uploads\/2020\/05\/sana-utopljenica-20maj-10-300x200.jpg 300w, https:\/\/www.prijedordanas.com\/wp-content\/uploads\/2020\/05\/sana-utopljenica-20maj-10-480x320.jpg 480w, https:\/\/www.prijedordanas.com\/wp-content\/uploads\/2020\/05\/sana-utopljenica-20maj-10.jpg 600w\" sizes=\"(max-width: 300px) 100vw, 300px\" \/><\/a> <a href=\"https:\/\/www.prijedordanas.com\/wp-content\/uploads\/2020\/05\/sana-utopljenica-20maj-8.jpg\"><img loading=\"lazy\" decoding=\"async\" class=\"alignleft size-medium wp-image-147723\" src=\"https:\/\/www.prijedordanas.com\/wp-content\/uploads\/2020\/05\/sana-utopljenica-20maj-8-300x200.jpg\" alt=\"\" width=\"300\" height=\"200\" srcset=\"https:\/\/www.prijedordanas.com\/wp-content\/uploads\/2020\/05\/sana-utopljenica-20maj-8-300x200.jpg 300w, https:\/\/www.prijedordanas.com\/wp-content\/uploads\/2020\/05\/sana-utopljenica-20maj-8-480x320.jpg 480w, https:\/\/www.prijedordanas.com\/wp-content\/uploads\/2020\/05\/sana-utopljenica-20maj-8.jpg 600w\" sizes=\"(max-width: 300px) 100vw, 300px\" \/><\/a> <a href=\"https:\/\/www.prijedordanas.com\/wp-content\/uploads\/2020\/05\/sana-utopljenica-20maj-12.jpg\"><img loading=\"lazy\" decoding=\"async\" class=\"alignleft size-medium wp-image-147724\" src=\"https:\/\/www.prijedordanas.com\/wp-content\/uploads\/2020\/05\/sana-utopljenica-20maj-12-300x200.jpg\" alt=\"\" width=\"300\" height=\"200\" srcset=\"https:\/\/www.prijedordanas.com\/wp-content\/uploads\/2020\/05\/sana-utopljenica-20maj-12-300x200.jpg 300w, https:\/\/www.prijedordanas.com\/wp-content\/uploads\/2020\/05\/sana-utopljenica-20maj-12-480x320.jpg 480w, https:\/\/www.prijedordanas.com\/wp-content\/uploads\/2020\/05\/sana-utopljenica-20maj-12.jpg 600w\" sizes=\"(max-width: 300px) 100vw, 300px\" \/><\/a> <a href=\"https:\/\/www.prijedordanas.com\/wp-content\/uploads\/2020\/05\/sana-utopljenica-20maj-11.jpg\"><img loading=\"lazy\" decoding=\"async\" class=\"alignleft size-medium wp-image-147725\" src=\"https:\/\/www.prijedordanas.com\/wp-content\/uploads\/2020\/05\/sana-utopljenica-20maj-11-300x200.jpg\" alt=\"\" width=\"300\" height=\"200\" srcset=\"https:\/\/www.prijedordanas.com\/wp-content\/uploads\/2020\/05\/sana-utopljenica-20maj-11-300x200.jpg 300w, https:\/\/www.prijedordanas.com\/wp-content\/uploads\/2020\/05\/sana-utopljenica-20maj-11-480x320.jpg 480w, https:\/\/www.prijedordanas.com\/wp-content\/uploads\/2020\/05\/sana-utopljenica-20maj-11.jpg 600w\" sizes=\"(max-width: 300px) 100vw, 300px\" \/><\/a> <a href=\"https:\/\/www.prijedordanas.com\/wp-content\/uploads\/2020\/05\/sana-utopljenica-20maj-13.jpg\"><img loading=\"lazy\" decoding=\"async\" class=\"alignleft size-medium wp-image-147726\" src=\"https:\/\/www.prijedordanas.com\/wp-content\/uploads\/2020\/05\/sana-utopljenica-20maj-13-300x200.jpg\" alt=\"\" width=\"300\" height=\"200\" srcset=\"https:\/\/www.prijedordanas.com\/wp-content\/uploads\/2020\/05\/sana-utopljenica-20maj-13-300x200.jpg 300w, https:\/\/www.prijedordanas.com\/wp-content\/uploads\/2020\/05\/sana-utopljenica-20maj-13-480x320.jpg 480w, https:\/\/www.prijedordanas.com\/wp-content\/uploads\/2020\/05\/sana-utopljenica-20maj-13.jpg 600w\" sizes=\"(max-width: 300px) 100vw, 300px\" \/><\/a><\/p>\n","protected":false},"excerpt":{"rendered":"<p>PA\u017dNJA: Ovaj \u010dlanak sadr\u017ei fotografije koje mogu biti uznemiruju\u0107eg karaktera za pojedine osobe. Policijskoj upravi Prijedor, dana 20.05.2020. godine, u 10,55 \u010dasova, prijavljeno je da je u koritu rijeke Sane, [&hellip;]<\/p>\n","protected":false},"author":1,"featured_media":0,"comment_status":"closed","ping_status":"open","sticky":false,"template":"","format":"standard","meta":{"_monsterinsights_skip_tracking":false,"_monsterinsights_sitenote_active":false,"_monsterinsights_sitenote_note":"","_monsterinsights_sitenote_category":0,"footnotes":""},"categories":[5],"tags":[9834],"yoast_head":"<!-- This site is optimized with the Yoast SEO plugin v21.6 - https:\/\/yoast.com\/wordpress\/plugins\/seo\/ -->\n<title>Poznat identitet Prijedor\u010danke \u010dije je be\u017eivotno tijelo prona\u0111eno u rijeci Sani - UZNEMIRUJU\u0106I FOTO - PrijedorDanas.com - Prijedorski gradski portal<\/title>\n<meta name=\"robots\" content=\"index, follow, max-snippet:-1, max-image-preview:large, max-video-preview:-1\" \/>\n<link rel=\"canonical\" href=\"https:\/\/www.prijedordanas.com\/?p=147720\" \/>\n<meta property=\"og:locale\" content=\"en_US\" \/>\n<meta property=\"og:type\" content=\"article\" \/>\n<meta property=\"og:title\" content=\"Poznat identitet Prijedor\u010danke \u010dije je be\u017eivotno tijelo prona\u0111eno u rijeci Sani - UZNEMIRUJU\u0106I FOTO - PrijedorDanas.com - Prijedorski gradski portal\" \/>\n<meta property=\"og:description\" content=\"PA\u017dNJA: Ovaj \u010dlanak sadr\u017ei fotografije koje mogu biti uznemiruju\u0107eg karaktera za pojedine osobe. Policijskoj upravi Prijedor, dana 20.05.2020. godine, u 10,55 \u010dasova, prijavljeno je da je u koritu rijeke Sane, [&hellip;]\" \/>\n<meta property=\"og:url\" content=\"https:\/\/www.prijedordanas.com\/?p=147720\" \/>\n<meta property=\"og:site_name\" content=\"PrijedorDanas.com - Prijedorski gradski portal\" \/>\n<meta property=\"article:publisher\" content=\"https:\/\/www.facebook.com\/PrijedorDanasCom\/\" \/>\n<meta property=\"article:published_time\" content=\"2020-05-20T20:16:29+00:00\" \/>\n<meta property=\"og:image\" content=\"https:\/\/www.prijedordanas.com\/wp-content\/uploads\/2020\/05\/sana-utopljenica-20maj-3-300x222.jpg\" \/>\n<meta name=\"author\" content=\"admin\" \/>\n<meta name=\"twitter:card\" content=\"summary_large_image\" \/>\n<meta name=\"twitter:label1\" content=\"Written by\" \/>\n\t<meta name=\"twitter:data1\" content=\"admin\" \/>\n\t<meta name=\"twitter:label2\" content=\"Est. reading time\" \/>\n\t<meta name=\"twitter:data2\" content=\"1 minute\" \/>\n<script type=\"application\/ld+json\" class=\"yoast-schema-graph\">{\"@context\":\"https:\/\/schema.org\",\"@graph\":[{\"@type\":\"Article\",\"@id\":\"https:\/\/www.prijedordanas.com\/?p=147720#article\",\"isPartOf\":{\"@id\":\"https:\/\/www.prijedordanas.com\/?p=147720\"},\"author\":{\"name\":\"admin\",\"@id\":\"https:\/\/www.prijedordanas.com\/#\/schema\/person\/4e08ccf29b506ca916ff86d46bb700e6\"},\"headline\":\"Poznat identitet Prijedor\u010danke \u010dije je be\u017eivotno tijelo prona\u0111eno u rijeci Sani &#8211; UZNEMIRUJU\u0106I FOTO\",\"datePublished\":\"2020-05-20T20:16:29+00:00\",\"dateModified\":\"2020-05-20T20:16:29+00:00\",\"mainEntityOfPage\":{\"@id\":\"https:\/\/www.prijedordanas.com\/?p=147720\"},\"wordCount\":161,\"publisher\":{\"@id\":\"https:\/\/www.prijedordanas.com\/#organization\"},\"keywords\":[\"PU Prijedor\"],\"articleSection\":[\"Hronika\"],\"inLanguage\":\"en-US\"},{\"@type\":\"WebPage\",\"@id\":\"https:\/\/www.prijedordanas.com\/?p=147720\",\"url\":\"https:\/\/www.prijedordanas.com\/?p=147720\",\"name\":\"Poznat identitet Prijedor\u010danke \u010dije je be\u017eivotno tijelo prona\u0111eno u rijeci Sani - UZNEMIRUJU\u0106I FOTO - PrijedorDanas.com - Prijedorski gradski portal\",\"isPartOf\":{\"@id\":\"https:\/\/www.prijedordanas.com\/#website\"},\"datePublished\":\"2020-05-20T20:16:29+00:00\",\"dateModified\":\"2020-05-20T20:16:29+00:00\",\"breadcrumb\":{\"@id\":\"https:\/\/www.prijedordanas.com\/?p=147720#breadcrumb\"},\"inLanguage\":\"en-US\",\"potentialAction\":[{\"@type\":\"ReadAction\",\"target\":[\"https:\/\/www.prijedordanas.com\/?p=147720\"]}]},{\"@type\":\"BreadcrumbList\",\"@id\":\"https:\/\/www.prijedordanas.com\/?p=147720#breadcrumb\",\"itemListElement\":[{\"@type\":\"ListItem\",\"position\":1,\"name\":\"Home\",\"item\":\"https:\/\/www.prijedordanas.com\/\"},{\"@type\":\"ListItem\",\"position\":2,\"name\":\"Poznat identitet Prijedor\u010danke \u010dije je be\u017eivotno tijelo prona\u0111eno u rijeci Sani &#8211; UZNEMIRUJU\u0106I FOTO\"}]},{\"@type\":\"WebSite\",\"@id\":\"https:\/\/www.prijedordanas.com\/#website\",\"url\":\"https:\/\/www.prijedordanas.com\/\",\"name\":\"PrijedorDanas.com - Prijedorski gradski portal\",\"description\":\"Portal o doga\u0111anjima u gradu Prijedoru\",\"publisher\":{\"@id\":\"https:\/\/www.prijedordanas.com\/#organization\"},\"potentialAction\":[{\"@type\":\"SearchAction\",\"target\":{\"@type\":\"EntryPoint\",\"urlTemplate\":\"https:\/\/www.prijedordanas.com\/?s={search_term_string}\"},\"query-input\":\"required name=search_term_string\"}],\"inLanguage\":\"en-US\"},{\"@type\":\"Organization\",\"@id\":\"https:\/\/www.prijedordanas.com\/#organization\",\"name\":\"PrijedorDanas.com\",\"url\":\"https:\/\/www.prijedordanas.com\/\",\"logo\":{\"@type\":\"ImageObject\",\"inLanguage\":\"en-US\",\"@id\":\"https:\/\/www.prijedordanas.com\/#\/schema\/logo\/image\/\",\"url\":\"http:\/\/www.prijedordanas.com\/wp-content\/uploads\/2021\/12\/logopng.png\",\"contentUrl\":\"http:\/\/www.prijedordanas.com\/wp-content\/uploads\/2021\/12\/logopng.png\",\"width\":1019,\"height\":776,\"caption\":\"PrijedorDanas.com\"},\"image\":{\"@id\":\"https:\/\/www.prijedordanas.com\/#\/schema\/logo\/image\/\"},\"sameAs\":[\"https:\/\/www.facebook.com\/PrijedorDanasCom\/\"]},{\"@type\":\"Person\",\"@id\":\"https:\/\/www.prijedordanas.com\/#\/schema\/person\/4e08ccf29b506ca916ff86d46bb700e6\",\"name\":\"admin\",\"image\":{\"@type\":\"ImageObject\",\"inLanguage\":\"en-US\",\"@id\":\"https:\/\/www.prijedordanas.com\/#\/schema\/person\/image\/\",\"url\":\"https:\/\/secure.gravatar.com\/avatar\/1d3fc949d550f0b53a5f0d51e06dfd79?s=96&d=mm&r=g\",\"contentUrl\":\"https:\/\/secure.gravatar.com\/avatar\/1d3fc949d550f0b53a5f0d51e06dfd79?s=96&d=mm&r=g\",\"caption\":\"admin\"},\"url\":\"https:\/\/www.prijedordanas.com\/?author=1\"}]}<\/script>\n<!-- \/ Yoast SEO plugin. -->","yoast_head_json":{"title":"Poznat identitet Prijedor\u010danke \u010dije je be\u017eivotno tijelo prona\u0111eno u rijeci Sani - UZNEMIRUJU\u0106I FOTO - PrijedorDanas.com - Prijedorski gradski portal","robots":{"index":"index","follow":"follow","max-snippet":"max-snippet:-1","max-image-preview":"max-image-preview:large","max-video-preview":"max-video-preview:-1"},"canonical":"https:\/\/www.prijedordanas.com\/?p=147720","og_locale":"en_US","og_type":"article","og_title":"Poznat identitet Prijedor\u010danke \u010dije je be\u017eivotno tijelo prona\u0111eno u rijeci Sani - UZNEMIRUJU\u0106I FOTO - PrijedorDanas.com - Prijedorski gradski portal","og_description":"PA\u017dNJA: Ovaj \u010dlanak sadr\u017ei fotografije koje mogu biti uznemiruju\u0107eg karaktera za pojedine osobe. Policijskoj upravi Prijedor, dana 20.05.2020. godine, u 10,55 \u010dasova, prijavljeno je da je u koritu rijeke Sane, [&hellip;]","og_url":"https:\/\/www.prijedordanas.com\/?p=147720","og_site_name":"PrijedorDanas.com - Prijedorski gradski portal","article_publisher":"https:\/\/www.facebook.com\/PrijedorDanasCom\/","article_published_time":"2020-05-20T20:16:29+00:00","og_image":[{"url":"https:\/\/www.prijedordanas.com\/wp-content\/uploads\/2020\/05\/sana-utopljenica-20maj-3-300x222.jpg"}],"author":"admin","twitter_card":"summary_large_image","twitter_misc":{"Written by":"admin","Est. reading time":"1 minute"},"schema":{"@context":"https:\/\/schema.org","@graph":[{"@type":"Article","@id":"https:\/\/www.prijedordanas.com\/?p=147720#article","isPartOf":{"@id":"https:\/\/www.prijedordanas.com\/?p=147720"},"author":{"name":"admin","@id":"https:\/\/www.prijedordanas.com\/#\/schema\/person\/4e08ccf29b506ca916ff86d46bb700e6"},"headline":"Poznat identitet Prijedor\u010danke \u010dije je be\u017eivotno tijelo prona\u0111eno u rijeci Sani &#8211; UZNEMIRUJU\u0106I FOTO","datePublished":"2020-05-20T20:16:29+00:00","dateModified":"2020-05-20T20:16:29+00:00","mainEntityOfPage":{"@id":"https:\/\/www.prijedordanas.com\/?p=147720"},"wordCount":161,"publisher":{"@id":"https:\/\/www.prijedordanas.com\/#organization"},"keywords":["PU Prijedor"],"articleSection":["Hronika"],"inLanguage":"en-US"},{"@type":"WebPage","@id":"https:\/\/www.prijedordanas.com\/?p=147720","url":"https:\/\/www.prijedordanas.com\/?p=147720","name":"Poznat identitet Prijedor\u010danke \u010dije je be\u017eivotno tijelo prona\u0111eno u rijeci Sani - UZNEMIRUJU\u0106I FOTO - PrijedorDanas.com - Prijedorski gradski portal","isPartOf":{"@id":"https:\/\/www.prijedordanas.com\/#website"},"datePublished":"2020-05-20T20:16:29+00:00","dateModified":"2020-05-20T20:16:29+00:00","breadcrumb":{"@id":"https:\/\/www.prijedordanas.com\/?p=147720#breadcrumb"},"inLanguage":"en-US","potentialAction":[{"@type":"ReadAction","target":["https:\/\/www.prijedordanas.com\/?p=147720"]}]},{"@type":"BreadcrumbList","@id":"https:\/\/www.prijedordanas.com\/?p=147720#breadcrumb","itemListElement":[{"@type":"ListItem","position":1,"name":"Home","item":"https:\/\/www.prijedordanas.com\/"},{"@type":"ListItem","position":2,"name":"Poznat identitet Prijedor\u010danke \u010dije je be\u017eivotno tijelo prona\u0111eno u rijeci Sani &#8211; UZNEMIRUJU\u0106I FOTO"}]},{"@type":"WebSite","@id":"https:\/\/www.prijedordanas.com\/#website","url":"https:\/\/www.prijedordanas.com\/","name":"PrijedorDanas.com - Prijedorski gradski portal","description":"Portal o doga\u0111anjima u gradu Prijedoru","publisher":{"@id":"https:\/\/www.prijedordanas.com\/#organization"},"potentialAction":[{"@type":"SearchAction","target":{"@type":"EntryPoint","urlTemplate":"https:\/\/www.prijedordanas.com\/?s={search_term_string}"},"query-input":"required name=search_term_string"}],"inLanguage":"en-US"},{"@type":"Organization","@id":"https:\/\/www.prijedordanas.com\/#organization","name":"PrijedorDanas.com","url":"https:\/\/www.prijedordanas.com\/","logo":{"@type":"ImageObject","inLanguage":"en-US","@id":"https:\/\/www.prijedordanas.com\/#\/schema\/logo\/image\/","url":"http:\/\/www.prijedordanas.com\/wp-content\/uploads\/2021\/12\/logopng.png","contentUrl":"http:\/\/www.prijedordanas.com\/wp-content\/uploads\/2021\/12\/logopng.png","width":1019,"height":776,"caption":"PrijedorDanas.com"},"image":{"@id":"https:\/\/www.prijedordanas.com\/#\/schema\/logo\/image\/"},"sameAs":["https:\/\/www.facebook.com\/PrijedorDanasCom\/"]},{"@type":"Person","@id":"https:\/\/www.prijedordanas.com\/#\/schema\/person\/4e08ccf29b506ca916ff86d46bb700e6","name":"admin","image":{"@type":"ImageObject","inLanguage":"en-US","@id":"https:\/\/www.prijedordanas.com\/#\/schema\/person\/image\/","url":"https:\/\/secure.gravatar.com\/avatar\/1d3fc949d550f0b53a5f0d51e06dfd79?s=96&d=mm&r=g","contentUrl":"https:\/\/secure.gravatar.com\/avatar\/1d3fc949d550f0b53a5f0d51e06dfd79?s=96&d=mm&r=g","caption":"admin"},"url":"https:\/\/www.prijedordanas.com\/?author=1"}]}},"_links":{"self":[{"href":"https:\/\/www.prijedordanas.com\/index.php?rest_route=\/wp\/v2\/posts\/147720"}],"collection":[{"href":"https:\/\/www.prijedordanas.com\/index.php?rest_route=\/wp\/v2\/posts"}],"about":[{"href":"https:\/\/www.prijedordanas.com\/index.php?rest_route=\/wp\/v2\/types\/post"}],"author":[{"embeddable":true,"href":"https:\/\/www.prijedordanas.com\/index.php?rest_route=\/wp\/v2\/users\/1"}],"replies":[{"embeddable":true,"href":"https:\/\/www.prijedordanas.com\/index.php?rest_route=%2Fwp%2Fv2%2Fcomments&post=147720"}],"version-history":[{"count":1,"href":"https:\/\/www.prijedordanas.com\/index.php?rest_route=\/wp\/v2\/posts\/147720\/revisions"}],"predecessor-version":[{"id":147727,"href":"https:\/\/www.prijedordanas.com\/index.php?rest_route=\/wp\/v2\/posts\/147720\/revisions\/147727"}],"wp:attachment":[{"href":"https:\/\/www.prijedordanas.com\/index.php?rest_route=%2Fwp%2Fv2%2Fmedia&parent=147720"}],"wp:term":[{"taxonomy":"category","embeddable":true,"href":"https:\/\/www.prijedordanas.com\/index.php?rest_route=%2Fwp%2Fv2%2Fcategories&post=147720"},{"taxonomy":"post_tag","embeddable":true,"href":"https:\/\/www.prijedordanas.com\/index.php?rest_route=%2Fwp%2Fv2%2Ftags&post=147720"}],"curies":[{"name":"wp","href":"https:\/\/api.w.org\/{rel}","templated":true}]}}