{"id":147550,"date":"2020-05-18T11:40:03","date_gmt":"2020-05-18T09:40:03","guid":{"rendered":"https:\/\/www.prijedordanas.com\/?p=147550"},"modified":"2020-05-18T11:40:03","modified_gmt":"2020-05-18T09:40:03","slug":"prijedorcanin-osumnjicen-za-pronevjeru-ostetio-akcionarsko-drustvo-za-oko-10-000-km","status":"publish","type":"post","link":"https:\/\/www.prijedordanas.com\/?p=147550","title":{"rendered":"Prijedor\u010danin osumnji\u010den za pronevjeru: O\u0161tetio akcionarsko dru\u0161tvo za oko 10.000 KM"},"content":{"rendered":"<p><a href=\"https:\/\/www.prijedordanas.com\/wp-content\/uploads\/2016\/12\/ilustracija-konvertibilne-marke-3.jpg\"><img loading=\"lazy\" decoding=\"async\" src=\"https:\/\/www.prijedordanas.com\/wp-content\/uploads\/2016\/12\/ilustracija-konvertibilne-marke-3-300x269.jpg\" alt=\"\" width=\"300\" height=\"269\" class=\"alignleft size-medium wp-image-69048\" srcset=\"https:\/\/www.prijedordanas.com\/wp-content\/uploads\/2016\/12\/ilustracija-konvertibilne-marke-3-300x269.jpg 300w, https:\/\/www.prijedordanas.com\/wp-content\/uploads\/2016\/12\/ilustracija-konvertibilne-marke-3-100x90.jpg 100w, https:\/\/www.prijedordanas.com\/wp-content\/uploads\/2016\/12\/ilustracija-konvertibilne-marke-3.jpg 600w\" sizes=\"(max-width: 300px) 100vw, 300px\" \/><\/a>Policijski slu\u017ebenici Policijske uprave Prijedor, Okru\u017enom javnom tu\u017eila\u0161tvu Prijedor, 15.05.2020. godine, podnijeli su izvje\u0161taj protiv lica D.V. iz Prijedora, zbog postojanja osnova sumnje da je po\u010dinio krivi\u010dno djelo \u201ePronevjera\u201c.<\/p>\n<p>Osumnji\u010deni se tereti da je kao inkasant akcionarskog dru\u0161tva iz Prijedora, tokom decembra mjeseca 2019. godine i januara 2020. godine, od potro\u0161a\u010da na podru\u010dju Prijedora, izvr\u0161io naplatu isporu\u010denih usluga, u ukupnom iznosu od 9.984,00 KM, a novac nije razdu\u017eio u blagajnu preduzec\u0301a. <\/p>\n<p>Na ovaj na\u010din osumnji\u010deni je, pribavljajuc\u0301i protivpravnu imovinsku korist, o\u0161tetio akcionarsko dru\u0161tvo za navedeni iznos.<\/p>\n<p>PU Prijedor<\/p>\n","protected":false},"excerpt":{"rendered":"<p>Policijski slu\u017ebenici Policijske uprave Prijedor, Okru\u017enom javnom tu\u017eila\u0161tvu Prijedor, 15.05.2020. godine, podnijeli su izvje\u0161taj protiv lica D.V. iz Prijedora, zbog postojanja osnova sumnje da je po\u010dinio krivi\u010dno djelo \u201ePronevjera\u201c. Osumnji\u010deni [&hellip;]<\/p>\n","protected":false},"author":1,"featured_media":0,"comment_status":"closed","ping_status":"open","sticky":false,"template":"","format":"standard","meta":{"_monsterinsights_skip_tracking":false,"_monsterinsights_sitenote_active":false,"_monsterinsights_sitenote_note":"","_monsterinsights_sitenote_category":0,"footnotes":""},"categories":[5],"tags":[210,9834],"yoast_head":"<!-- This site is optimized with the Yoast SEO plugin v21.6 - https:\/\/yoast.com\/wordpress\/plugins\/seo\/ -->\n<title>Prijedor\u010danin osumnji\u010den za pronevjeru: O\u0161tetio akcionarsko dru\u0161tvo za oko 10.000 KM - PrijedorDanas.com - Prijedorski gradski portal<\/title>\n<meta name=\"robots\" content=\"index, follow, max-snippet:-1, max-image-preview:large, max-video-preview:-1\" \/>\n<link rel=\"canonical\" href=\"https:\/\/www.prijedordanas.com\/?p=147550\" \/>\n<meta property=\"og:locale\" content=\"en_US\" \/>\n<meta property=\"og:type\" content=\"article\" \/>\n<meta property=\"og:title\" content=\"Prijedor\u010danin osumnji\u010den za pronevjeru: O\u0161tetio akcionarsko dru\u0161tvo za oko 10.000 KM - PrijedorDanas.com - Prijedorski gradski portal\" \/>\n<meta property=\"og:description\" content=\"Policijski slu\u017ebenici Policijske uprave Prijedor, Okru\u017enom javnom tu\u017eila\u0161tvu Prijedor, 15.05.2020. godine, podnijeli su izvje\u0161taj protiv lica D.V. iz Prijedora, zbog postojanja osnova sumnje da je po\u010dinio krivi\u010dno djelo \u201ePronevjera\u201c. Osumnji\u010deni [&hellip;]\" \/>\n<meta property=\"og:url\" content=\"https:\/\/www.prijedordanas.com\/?p=147550\" \/>\n<meta property=\"og:site_name\" content=\"PrijedorDanas.com - Prijedorski gradski portal\" \/>\n<meta property=\"article:publisher\" content=\"https:\/\/www.facebook.com\/PrijedorDanasCom\/\" \/>\n<meta property=\"article:published_time\" content=\"2020-05-18T09:40:03+00:00\" \/>\n<meta property=\"og:image\" content=\"https:\/\/www.prijedordanas.com\/wp-content\/uploads\/2016\/12\/ilustracija-konvertibilne-marke-3-300x269.jpg\" \/>\n<meta name=\"author\" content=\"admin\" \/>\n<meta name=\"twitter:card\" content=\"summary_large_image\" \/>\n<meta name=\"twitter:label1\" content=\"Written by\" \/>\n\t<meta name=\"twitter:data1\" content=\"admin\" \/>\n\t<meta name=\"twitter:label2\" content=\"Est. reading time\" \/>\n\t<meta name=\"twitter:data2\" content=\"1 minute\" \/>\n<script type=\"application\/ld+json\" class=\"yoast-schema-graph\">{\"@context\":\"https:\/\/schema.org\",\"@graph\":[{\"@type\":\"Article\",\"@id\":\"https:\/\/www.prijedordanas.com\/?p=147550#article\",\"isPartOf\":{\"@id\":\"https:\/\/www.prijedordanas.com\/?p=147550\"},\"author\":{\"name\":\"admin\",\"@id\":\"https:\/\/www.prijedordanas.com\/#\/schema\/person\/4e08ccf29b506ca916ff86d46bb700e6\"},\"headline\":\"Prijedor\u010danin osumnji\u010den za pronevjeru: O\u0161tetio akcionarsko dru\u0161tvo za oko 10.000 KM\",\"datePublished\":\"2020-05-18T09:40:03+00:00\",\"dateModified\":\"2020-05-18T09:40:03+00:00\",\"mainEntityOfPage\":{\"@id\":\"https:\/\/www.prijedordanas.com\/?p=147550\"},\"wordCount\":120,\"publisher\":{\"@id\":\"https:\/\/www.prijedordanas.com\/#organization\"},\"keywords\":[\"pronevjera\",\"PU Prijedor\"],\"articleSection\":[\"Hronika\"],\"inLanguage\":\"en-US\"},{\"@type\":\"WebPage\",\"@id\":\"https:\/\/www.prijedordanas.com\/?p=147550\",\"url\":\"https:\/\/www.prijedordanas.com\/?p=147550\",\"name\":\"Prijedor\u010danin osumnji\u010den za pronevjeru: O\u0161tetio akcionarsko dru\u0161tvo za oko 10.000 KM - PrijedorDanas.com - Prijedorski gradski portal\",\"isPartOf\":{\"@id\":\"https:\/\/www.prijedordanas.com\/#website\"},\"datePublished\":\"2020-05-18T09:40:03+00:00\",\"dateModified\":\"2020-05-18T09:40:03+00:00\",\"breadcrumb\":{\"@id\":\"https:\/\/www.prijedordanas.com\/?p=147550#breadcrumb\"},\"inLanguage\":\"en-US\",\"potentialAction\":[{\"@type\":\"ReadAction\",\"target\":[\"https:\/\/www.prijedordanas.com\/?p=147550\"]}]},{\"@type\":\"BreadcrumbList\",\"@id\":\"https:\/\/www.prijedordanas.com\/?p=147550#breadcrumb\",\"itemListElement\":[{\"@type\":\"ListItem\",\"position\":1,\"name\":\"Home\",\"item\":\"https:\/\/www.prijedordanas.com\/\"},{\"@type\":\"ListItem\",\"position\":2,\"name\":\"Prijedor\u010danin osumnji\u010den za pronevjeru: O\u0161tetio akcionarsko dru\u0161tvo za oko 10.000 KM\"}]},{\"@type\":\"WebSite\",\"@id\":\"https:\/\/www.prijedordanas.com\/#website\",\"url\":\"https:\/\/www.prijedordanas.com\/\",\"name\":\"PrijedorDanas.com - Prijedorski gradski portal\",\"description\":\"Portal o doga\u0111anjima u gradu Prijedoru\",\"publisher\":{\"@id\":\"https:\/\/www.prijedordanas.com\/#organization\"},\"potentialAction\":[{\"@type\":\"SearchAction\",\"target\":{\"@type\":\"EntryPoint\",\"urlTemplate\":\"https:\/\/www.prijedordanas.com\/?s={search_term_string}\"},\"query-input\":\"required name=search_term_string\"}],\"inLanguage\":\"en-US\"},{\"@type\":\"Organization\",\"@id\":\"https:\/\/www.prijedordanas.com\/#organization\",\"name\":\"PrijedorDanas.com\",\"url\":\"https:\/\/www.prijedordanas.com\/\",\"logo\":{\"@type\":\"ImageObject\",\"inLanguage\":\"en-US\",\"@id\":\"https:\/\/www.prijedordanas.com\/#\/schema\/logo\/image\/\",\"url\":\"http:\/\/www.prijedordanas.com\/wp-content\/uploads\/2021\/12\/logopng.png\",\"contentUrl\":\"http:\/\/www.prijedordanas.com\/wp-content\/uploads\/2021\/12\/logopng.png\",\"width\":1019,\"height\":776,\"caption\":\"PrijedorDanas.com\"},\"image\":{\"@id\":\"https:\/\/www.prijedordanas.com\/#\/schema\/logo\/image\/\"},\"sameAs\":[\"https:\/\/www.facebook.com\/PrijedorDanasCom\/\"]},{\"@type\":\"Person\",\"@id\":\"https:\/\/www.prijedordanas.com\/#\/schema\/person\/4e08ccf29b506ca916ff86d46bb700e6\",\"name\":\"admin\",\"image\":{\"@type\":\"ImageObject\",\"inLanguage\":\"en-US\",\"@id\":\"https:\/\/www.prijedordanas.com\/#\/schema\/person\/image\/\",\"url\":\"https:\/\/secure.gravatar.com\/avatar\/1d3fc949d550f0b53a5f0d51e06dfd79?s=96&d=mm&r=g\",\"contentUrl\":\"https:\/\/secure.gravatar.com\/avatar\/1d3fc949d550f0b53a5f0d51e06dfd79?s=96&d=mm&r=g\",\"caption\":\"admin\"},\"url\":\"https:\/\/www.prijedordanas.com\/?author=1\"}]}<\/script>\n<!-- \/ Yoast SEO plugin. -->","yoast_head_json":{"title":"Prijedor\u010danin osumnji\u010den za pronevjeru: O\u0161tetio akcionarsko dru\u0161tvo za oko 10.000 KM - PrijedorDanas.com - Prijedorski gradski portal","robots":{"index":"index","follow":"follow","max-snippet":"max-snippet:-1","max-image-preview":"max-image-preview:large","max-video-preview":"max-video-preview:-1"},"canonical":"https:\/\/www.prijedordanas.com\/?p=147550","og_locale":"en_US","og_type":"article","og_title":"Prijedor\u010danin osumnji\u010den za pronevjeru: O\u0161tetio akcionarsko dru\u0161tvo za oko 10.000 KM - PrijedorDanas.com - Prijedorski gradski portal","og_description":"Policijski slu\u017ebenici Policijske uprave Prijedor, Okru\u017enom javnom tu\u017eila\u0161tvu Prijedor, 15.05.2020. godine, podnijeli su izvje\u0161taj protiv lica D.V. iz Prijedora, zbog postojanja osnova sumnje da je po\u010dinio krivi\u010dno djelo \u201ePronevjera\u201c. Osumnji\u010deni [&hellip;]","og_url":"https:\/\/www.prijedordanas.com\/?p=147550","og_site_name":"PrijedorDanas.com - Prijedorski gradski portal","article_publisher":"https:\/\/www.facebook.com\/PrijedorDanasCom\/","article_published_time":"2020-05-18T09:40:03+00:00","og_image":[{"url":"https:\/\/www.prijedordanas.com\/wp-content\/uploads\/2016\/12\/ilustracija-konvertibilne-marke-3-300x269.jpg"}],"author":"admin","twitter_card":"summary_large_image","twitter_misc":{"Written by":"admin","Est. reading time":"1 minute"},"schema":{"@context":"https:\/\/schema.org","@graph":[{"@type":"Article","@id":"https:\/\/www.prijedordanas.com\/?p=147550#article","isPartOf":{"@id":"https:\/\/www.prijedordanas.com\/?p=147550"},"author":{"name":"admin","@id":"https:\/\/www.prijedordanas.com\/#\/schema\/person\/4e08ccf29b506ca916ff86d46bb700e6"},"headline":"Prijedor\u010danin osumnji\u010den za pronevjeru: O\u0161tetio akcionarsko dru\u0161tvo za oko 10.000 KM","datePublished":"2020-05-18T09:40:03+00:00","dateModified":"2020-05-18T09:40:03+00:00","mainEntityOfPage":{"@id":"https:\/\/www.prijedordanas.com\/?p=147550"},"wordCount":120,"publisher":{"@id":"https:\/\/www.prijedordanas.com\/#organization"},"keywords":["pronevjera","PU Prijedor"],"articleSection":["Hronika"],"inLanguage":"en-US"},{"@type":"WebPage","@id":"https:\/\/www.prijedordanas.com\/?p=147550","url":"https:\/\/www.prijedordanas.com\/?p=147550","name":"Prijedor\u010danin osumnji\u010den za pronevjeru: O\u0161tetio akcionarsko dru\u0161tvo za oko 10.000 KM - PrijedorDanas.com - Prijedorski gradski portal","isPartOf":{"@id":"https:\/\/www.prijedordanas.com\/#website"},"datePublished":"2020-05-18T09:40:03+00:00","dateModified":"2020-05-18T09:40:03+00:00","breadcrumb":{"@id":"https:\/\/www.prijedordanas.com\/?p=147550#breadcrumb"},"inLanguage":"en-US","potentialAction":[{"@type":"ReadAction","target":["https:\/\/www.prijedordanas.com\/?p=147550"]}]},{"@type":"BreadcrumbList","@id":"https:\/\/www.prijedordanas.com\/?p=147550#breadcrumb","itemListElement":[{"@type":"ListItem","position":1,"name":"Home","item":"https:\/\/www.prijedordanas.com\/"},{"@type":"ListItem","position":2,"name":"Prijedor\u010danin osumnji\u010den za pronevjeru: O\u0161tetio akcionarsko dru\u0161tvo za oko 10.000 KM"}]},{"@type":"WebSite","@id":"https:\/\/www.prijedordanas.com\/#website","url":"https:\/\/www.prijedordanas.com\/","name":"PrijedorDanas.com - Prijedorski gradski portal","description":"Portal o doga\u0111anjima u gradu Prijedoru","publisher":{"@id":"https:\/\/www.prijedordanas.com\/#organization"},"potentialAction":[{"@type":"SearchAction","target":{"@type":"EntryPoint","urlTemplate":"https:\/\/www.prijedordanas.com\/?s={search_term_string}"},"query-input":"required name=search_term_string"}],"inLanguage":"en-US"},{"@type":"Organization","@id":"https:\/\/www.prijedordanas.com\/#organization","name":"PrijedorDanas.com","url":"https:\/\/www.prijedordanas.com\/","logo":{"@type":"ImageObject","inLanguage":"en-US","@id":"https:\/\/www.prijedordanas.com\/#\/schema\/logo\/image\/","url":"http:\/\/www.prijedordanas.com\/wp-content\/uploads\/2021\/12\/logopng.png","contentUrl":"http:\/\/www.prijedordanas.com\/wp-content\/uploads\/2021\/12\/logopng.png","width":1019,"height":776,"caption":"PrijedorDanas.com"},"image":{"@id":"https:\/\/www.prijedordanas.com\/#\/schema\/logo\/image\/"},"sameAs":["https:\/\/www.facebook.com\/PrijedorDanasCom\/"]},{"@type":"Person","@id":"https:\/\/www.prijedordanas.com\/#\/schema\/person\/4e08ccf29b506ca916ff86d46bb700e6","name":"admin","image":{"@type":"ImageObject","inLanguage":"en-US","@id":"https:\/\/www.prijedordanas.com\/#\/schema\/person\/image\/","url":"https:\/\/secure.gravatar.com\/avatar\/1d3fc949d550f0b53a5f0d51e06dfd79?s=96&d=mm&r=g","contentUrl":"https:\/\/secure.gravatar.com\/avatar\/1d3fc949d550f0b53a5f0d51e06dfd79?s=96&d=mm&r=g","caption":"admin"},"url":"https:\/\/www.prijedordanas.com\/?author=1"}]}},"_links":{"self":[{"href":"https:\/\/www.prijedordanas.com\/index.php?rest_route=\/wp\/v2\/posts\/147550"}],"collection":[{"href":"https:\/\/www.prijedordanas.com\/index.php?rest_route=\/wp\/v2\/posts"}],"about":[{"href":"https:\/\/www.prijedordanas.com\/index.php?rest_route=\/wp\/v2\/types\/post"}],"author":[{"embeddable":true,"href":"https:\/\/www.prijedordanas.com\/index.php?rest_route=\/wp\/v2\/users\/1"}],"replies":[{"embeddable":true,"href":"https:\/\/www.prijedordanas.com\/index.php?rest_route=%2Fwp%2Fv2%2Fcomments&post=147550"}],"version-history":[{"count":2,"href":"https:\/\/www.prijedordanas.com\/index.php?rest_route=\/wp\/v2\/posts\/147550\/revisions"}],"predecessor-version":[{"id":147552,"href":"https:\/\/www.prijedordanas.com\/index.php?rest_route=\/wp\/v2\/posts\/147550\/revisions\/147552"}],"wp:attachment":[{"href":"https:\/\/www.prijedordanas.com\/index.php?rest_route=%2Fwp%2Fv2%2Fmedia&parent=147550"}],"wp:term":[{"taxonomy":"category","embeddable":true,"href":"https:\/\/www.prijedordanas.com\/index.php?rest_route=%2Fwp%2Fv2%2Fcategories&post=147550"},{"taxonomy":"post_tag","embeddable":true,"href":"https:\/\/www.prijedordanas.com\/index.php?rest_route=%2Fwp%2Fv2%2Ftags&post=147550"}],"curies":[{"name":"wp","href":"https:\/\/api.w.org\/{rel}","templated":true}]}}