{"id":147325,"date":"2020-05-14T09:50:20","date_gmt":"2020-05-14T07:50:20","guid":{"rendered":"https:\/\/www.prijedordanas.com\/?p=147325"},"modified":"2020-05-14T09:50:20","modified_gmt":"2020-05-14T07:50:20","slug":"jos-sedam-osoba-iz-prijedora-pozitivno-na-korona-virus-novih-33-zarazenih-u-republici-srpskoj","status":"publish","type":"post","link":"https:\/\/www.prijedordanas.com\/?p=147325","title":{"rendered":"Jo\u0161 sedam osoba iz Prijedora pozitivno na korona virus: Novih 33 zara\u017eenih u Republici Srpskoj"},"content":{"rendered":"<p><a href=\"https:\/\/www.prijedordanas.com\/wp-content\/uploads\/2020\/03\/korona-virus-3.jpg\"><img loading=\"lazy\" decoding=\"async\" src=\"https:\/\/www.prijedordanas.com\/wp-content\/uploads\/2020\/03\/korona-virus-3-300x223.jpg\" alt=\"\" width=\"300\" height=\"223\" class=\"alignleft size-medium wp-image-144448\" srcset=\"https:\/\/www.prijedordanas.com\/wp-content\/uploads\/2020\/03\/korona-virus-3-300x223.jpg 300w, https:\/\/www.prijedordanas.com\/wp-content\/uploads\/2020\/03\/korona-virus-3.jpg 674w\" sizes=\"(max-width: 300px) 100vw, 300px\" \/><\/a>Od posljednjeg izvje\u0161taja o epidemiolo\u0161koj situaciji u Republici Srpskoj, u posljednja 24 \u010dasa, u Institutu za javno zdravstvo Republike Srpske i Univerzitetskom klini\u010dkom centru Republike Srpske izvr\u0161eno je testiranje 697 laboratorijskih uzoraka, a novi virus korona (SARS-CoV-2) potvr\u0111en je kod jo\u0161 33 osobe u Republici Srpskoj.<\/p>\n<p>Rije\u010d je o 17 mu\u0161karaca i 16 \u017eena. \u010cetiri osobe mu\u0161kog pola su mla\u0111e \u017eivotne dobi, \u0161est srednje i sedam osoba je starije \u017eivotne dobi. Jedna osoba \u017eenskog pola je mla\u0111e \u017eivotne dobi, deset je srednje i pet je starije \u017eivotne dobi.<\/p>\n<p>Prema mjestu prebivali\u0161ta sedam osoba je iz Prijedora, \u0161est osoba je iz Banjaluke, \u010detiri osobe su iz Gacka, tri osobe su iz Gradi\u0161ke, po dvije osobe su iz \u041aotor Varo\u0161i, Trebinja, Tesli\u0107a i \u041ane\u017eeva, i po jedna osoba iz \u041aozarske Dubice, \u0160amca, Broda, Lakta\u0161a i Nevesinja.<\/p>\n<p>Tri osobe su hospitalizovane, dok \u0107e ostali biti u izolaciji u skladu sa definisanim procedurama. Ukupno 22 osobe su navele kontakt sa pozitivnim licima, dok ostali nisu mogli da navedu jasnu epidemiolo\u0161ku vezu.<\/p>\n<p>U okviru aktivnog nadzora, u protekla 24 \u010dasa, testiran je jo\u0161 101 zdravstveni radnik iz Banjaluke, Prijedora, Novog Grada, Trebinja, Gradi\u0161ke, Bijeljine, \u010celinca, Lakta\u0161a, Broda, Dervente, Tesli\u0107a, \u041aotor Varo\u0161i, Isto\u010dnog Sarajeva i Fo\u010de, i ovi nalazi su negativni, a pozitivan test na novi virus korona potvr\u0111en je kod jednog doktora iz Bolnice u Prijedoru. <\/p>\n<p>Novi virus korona potvr\u0111en je i kod jednog korisnika doma za starija lica iz \u041ane\u017eeva. U posljednja 24 \u010dasa testirano je i jo\u0161 50 osoba iz lokalnih karantina ili objekata za izolaciju i svi rezultati testova su negativni.<\/p>\n<p>Do sada je u Republici Srpskoj potvr\u0111eno 1.201 slu\u010daj virusa korona, a oporavilo se 511 osoba. Od posljedica COVID 19 preminula je 81 osoba.<\/p>\n<p>U Republici Srpskoj do sada je na novi virus korona (SARS-CoV-2) testirano ukupno 19.872 osobe.<\/p>\n<p>U Univerzitetskom klini\u010dkom centru Republike Srpske ukupno se lije\u010di 96 osoba sa potvr\u0111enim prisustvom ili sumnjom na prisustvo korona virusa. Na Odjeljenju COVID 19 hospitalizovano je 28 pacijenata te\u017ee klini\u010dke slike, dok je u izolaciji sedam  pacijenata. <\/p>\n<p>\u041aod pet pacijenata zdravstveno stanje zahtijeva respiratornu podr\u0161ku, a \u010detiri osobe su  na neinvanzivnom modu mehani\u010dke ventilacije. Na Odjelu hirurgije (stara lokacija U\u041aC) je 17 pacijenata sa lak\u0161om do srednje te\u0161kom klini\u010dkom formom i na Odjelu pulmologije (stara lokacija U\u041aC) je 35 pacijenata sa lak\u0161om do srednje te\u0161kom klini\u010dkom formom. <\/p>\n<p>U Bolnici \u201eSveti Apostol Luka\u201c u Doboju zbrinuto je 55 pacijenata sa COVID 19 oboljenjem, u Op\u0161toj bolnici Trebinje devet osoba, u Bolnici \u201eSrbija\u201c u Isto\u010dnom Sarajevu jedan pacijent, u Bolnici \u201eDoktor Mladen Stojanovi\u0107\u201c u Prijedoru deset pacijenata, u Bolnici u Gradi\u0161ci je zbrinuto devet pacijenata i u Univerzitetskoj bolnici u Fo\u010di \u010detiri pacijenta.  <\/p>\n<p>\u041aada su u pitanju objekti za izolaciju u kojima se nalaze osobe kod kojih je potvr\u0111en test na novi virus korona, a nemaju simptome COVID-a 19, u Studentskom centru \u201eNikola Tesla\u201c u Banjaluci nalazi se 160 osoba,  deset osoba je smje\u0161teno u Studentskom domu u Trebinju, dvije osobe u Domu u\u010denika u Bijeljini i 27 osoba u Domu u\u010denika u Doboju. U objektima za izolaciju u Zvorniku, Isto\u010dnom Sarajevu, Palama i Fo\u010di nema smje\u0161tenih osoba.<\/p>\n<p>U Republici Srpskoj pod zdravstvenim nadzorom trenutno je 3.775 osoba, a nadzor je zavr\u0161en kod 26.462 osobe. <\/p>\n<p>Ministarstvo zdravlja i socijalne za\u0161tite Republike Srpske jo\u0161 jednom podsje\u0107a gra\u0111ane da se strogo pridr\u017eavaju propisanih mjera u cilju suzbijanja \u0161irenja novog virusa korona. <\/p>\n<p>ATV BL<\/p>\n","protected":false},"excerpt":{"rendered":"<p>Od posljednjeg izvje\u0161taja o epidemiolo\u0161koj situaciji u Republici Srpskoj, u posljednja 24 \u010dasa, u Institutu za javno zdravstvo Republike Srpske i Univerzitetskom klini\u010dkom centru Republike Srpske izvr\u0161eno je testiranje 697 [&hellip;]<\/p>\n","protected":false},"author":1,"featured_media":0,"comment_status":"closed","ping_status":"open","sticky":false,"template":"","format":"standard","meta":{"_monsterinsights_skip_tracking":false,"_monsterinsights_sitenote_active":false,"_monsterinsights_sitenote_note":"","_monsterinsights_sitenote_category":0,"footnotes":""},"categories":[4],"tags":[11081],"yoast_head":"<!-- This site is optimized with the Yoast SEO plugin v21.6 - https:\/\/yoast.com\/wordpress\/plugins\/seo\/ -->\n<title>Jo\u0161 sedam osoba iz Prijedora pozitivno na korona virus: Novih 33 zara\u017eenih u Republici Srpskoj - PrijedorDanas.com - Prijedorski gradski portal<\/title>\n<meta name=\"robots\" content=\"index, follow, max-snippet:-1, max-image-preview:large, max-video-preview:-1\" \/>\n<link rel=\"canonical\" href=\"https:\/\/www.prijedordanas.com\/?p=147325\" \/>\n<meta property=\"og:locale\" content=\"en_US\" \/>\n<meta property=\"og:type\" content=\"article\" \/>\n<meta property=\"og:title\" content=\"Jo\u0161 sedam osoba iz Prijedora pozitivno na korona virus: Novih 33 zara\u017eenih u Republici Srpskoj - PrijedorDanas.com - Prijedorski gradski portal\" \/>\n<meta property=\"og:description\" content=\"Od posljednjeg izvje\u0161taja o epidemiolo\u0161koj situaciji u Republici Srpskoj, u posljednja 24 \u010dasa, u Institutu za javno zdravstvo Republike Srpske i Univerzitetskom klini\u010dkom centru Republike Srpske izvr\u0161eno je testiranje 697 [&hellip;]\" \/>\n<meta property=\"og:url\" content=\"https:\/\/www.prijedordanas.com\/?p=147325\" \/>\n<meta property=\"og:site_name\" content=\"PrijedorDanas.com - Prijedorski gradski portal\" \/>\n<meta property=\"article:publisher\" content=\"https:\/\/www.facebook.com\/PrijedorDanasCom\/\" \/>\n<meta property=\"article:published_time\" content=\"2020-05-14T07:50:20+00:00\" \/>\n<meta property=\"og:image\" content=\"https:\/\/www.prijedordanas.com\/wp-content\/uploads\/2020\/03\/korona-virus-3-300x223.jpg\" \/>\n<meta name=\"author\" content=\"admin\" \/>\n<meta name=\"twitter:card\" content=\"summary_large_image\" \/>\n<meta name=\"twitter:label1\" content=\"Written by\" \/>\n\t<meta name=\"twitter:data1\" content=\"admin\" \/>\n\t<meta name=\"twitter:label2\" content=\"Est. reading time\" \/>\n\t<meta name=\"twitter:data2\" content=\"3 minutes\" \/>\n<script type=\"application\/ld+json\" class=\"yoast-schema-graph\">{\"@context\":\"https:\/\/schema.org\",\"@graph\":[{\"@type\":\"Article\",\"@id\":\"https:\/\/www.prijedordanas.com\/?p=147325#article\",\"isPartOf\":{\"@id\":\"https:\/\/www.prijedordanas.com\/?p=147325\"},\"author\":{\"name\":\"admin\",\"@id\":\"https:\/\/www.prijedordanas.com\/#\/schema\/person\/4e08ccf29b506ca916ff86d46bb700e6\"},\"headline\":\"Jo\u0161 sedam osoba iz Prijedora pozitivno na korona virus: Novih 33 zara\u017eenih u Republici Srpskoj\",\"datePublished\":\"2020-05-14T07:50:20+00:00\",\"dateModified\":\"2020-05-14T07:50:20+00:00\",\"mainEntityOfPage\":{\"@id\":\"https:\/\/www.prijedordanas.com\/?p=147325\"},\"wordCount\":603,\"publisher\":{\"@id\":\"https:\/\/www.prijedordanas.com\/#organization\"},\"keywords\":[\"korona\"],\"articleSection\":[\"Dru\u0161tvo\"],\"inLanguage\":\"en-US\"},{\"@type\":\"WebPage\",\"@id\":\"https:\/\/www.prijedordanas.com\/?p=147325\",\"url\":\"https:\/\/www.prijedordanas.com\/?p=147325\",\"name\":\"Jo\u0161 sedam osoba iz Prijedora pozitivno na korona virus: Novih 33 zara\u017eenih u Republici Srpskoj - PrijedorDanas.com - Prijedorski gradski portal\",\"isPartOf\":{\"@id\":\"https:\/\/www.prijedordanas.com\/#website\"},\"datePublished\":\"2020-05-14T07:50:20+00:00\",\"dateModified\":\"2020-05-14T07:50:20+00:00\",\"breadcrumb\":{\"@id\":\"https:\/\/www.prijedordanas.com\/?p=147325#breadcrumb\"},\"inLanguage\":\"en-US\",\"potentialAction\":[{\"@type\":\"ReadAction\",\"target\":[\"https:\/\/www.prijedordanas.com\/?p=147325\"]}]},{\"@type\":\"BreadcrumbList\",\"@id\":\"https:\/\/www.prijedordanas.com\/?p=147325#breadcrumb\",\"itemListElement\":[{\"@type\":\"ListItem\",\"position\":1,\"name\":\"Home\",\"item\":\"https:\/\/www.prijedordanas.com\/\"},{\"@type\":\"ListItem\",\"position\":2,\"name\":\"Jo\u0161 sedam osoba iz Prijedora pozitivno na korona virus: Novih 33 zara\u017eenih u Republici Srpskoj\"}]},{\"@type\":\"WebSite\",\"@id\":\"https:\/\/www.prijedordanas.com\/#website\",\"url\":\"https:\/\/www.prijedordanas.com\/\",\"name\":\"PrijedorDanas.com - Prijedorski gradski portal\",\"description\":\"Portal o doga\u0111anjima u gradu Prijedoru\",\"publisher\":{\"@id\":\"https:\/\/www.prijedordanas.com\/#organization\"},\"potentialAction\":[{\"@type\":\"SearchAction\",\"target\":{\"@type\":\"EntryPoint\",\"urlTemplate\":\"https:\/\/www.prijedordanas.com\/?s={search_term_string}\"},\"query-input\":\"required name=search_term_string\"}],\"inLanguage\":\"en-US\"},{\"@type\":\"Organization\",\"@id\":\"https:\/\/www.prijedordanas.com\/#organization\",\"name\":\"PrijedorDanas.com\",\"url\":\"https:\/\/www.prijedordanas.com\/\",\"logo\":{\"@type\":\"ImageObject\",\"inLanguage\":\"en-US\",\"@id\":\"https:\/\/www.prijedordanas.com\/#\/schema\/logo\/image\/\",\"url\":\"http:\/\/www.prijedordanas.com\/wp-content\/uploads\/2021\/12\/logopng.png\",\"contentUrl\":\"http:\/\/www.prijedordanas.com\/wp-content\/uploads\/2021\/12\/logopng.png\",\"width\":1019,\"height\":776,\"caption\":\"PrijedorDanas.com\"},\"image\":{\"@id\":\"https:\/\/www.prijedordanas.com\/#\/schema\/logo\/image\/\"},\"sameAs\":[\"https:\/\/www.facebook.com\/PrijedorDanasCom\/\"]},{\"@type\":\"Person\",\"@id\":\"https:\/\/www.prijedordanas.com\/#\/schema\/person\/4e08ccf29b506ca916ff86d46bb700e6\",\"name\":\"admin\",\"image\":{\"@type\":\"ImageObject\",\"inLanguage\":\"en-US\",\"@id\":\"https:\/\/www.prijedordanas.com\/#\/schema\/person\/image\/\",\"url\":\"https:\/\/secure.gravatar.com\/avatar\/1d3fc949d550f0b53a5f0d51e06dfd79?s=96&d=mm&r=g\",\"contentUrl\":\"https:\/\/secure.gravatar.com\/avatar\/1d3fc949d550f0b53a5f0d51e06dfd79?s=96&d=mm&r=g\",\"caption\":\"admin\"},\"url\":\"https:\/\/www.prijedordanas.com\/?author=1\"}]}<\/script>\n<!-- \/ Yoast SEO plugin. -->","yoast_head_json":{"title":"Jo\u0161 sedam osoba iz Prijedora pozitivno na korona virus: Novih 33 zara\u017eenih u Republici Srpskoj - PrijedorDanas.com - Prijedorski gradski portal","robots":{"index":"index","follow":"follow","max-snippet":"max-snippet:-1","max-image-preview":"max-image-preview:large","max-video-preview":"max-video-preview:-1"},"canonical":"https:\/\/www.prijedordanas.com\/?p=147325","og_locale":"en_US","og_type":"article","og_title":"Jo\u0161 sedam osoba iz Prijedora pozitivno na korona virus: Novih 33 zara\u017eenih u Republici Srpskoj - PrijedorDanas.com - Prijedorski gradski portal","og_description":"Od posljednjeg izvje\u0161taja o epidemiolo\u0161koj situaciji u Republici Srpskoj, u posljednja 24 \u010dasa, u Institutu za javno zdravstvo Republike Srpske i Univerzitetskom klini\u010dkom centru Republike Srpske izvr\u0161eno je testiranje 697 [&hellip;]","og_url":"https:\/\/www.prijedordanas.com\/?p=147325","og_site_name":"PrijedorDanas.com - Prijedorski gradski portal","article_publisher":"https:\/\/www.facebook.com\/PrijedorDanasCom\/","article_published_time":"2020-05-14T07:50:20+00:00","og_image":[{"url":"https:\/\/www.prijedordanas.com\/wp-content\/uploads\/2020\/03\/korona-virus-3-300x223.jpg"}],"author":"admin","twitter_card":"summary_large_image","twitter_misc":{"Written by":"admin","Est. reading time":"3 minutes"},"schema":{"@context":"https:\/\/schema.org","@graph":[{"@type":"Article","@id":"https:\/\/www.prijedordanas.com\/?p=147325#article","isPartOf":{"@id":"https:\/\/www.prijedordanas.com\/?p=147325"},"author":{"name":"admin","@id":"https:\/\/www.prijedordanas.com\/#\/schema\/person\/4e08ccf29b506ca916ff86d46bb700e6"},"headline":"Jo\u0161 sedam osoba iz Prijedora pozitivno na korona virus: Novih 33 zara\u017eenih u Republici Srpskoj","datePublished":"2020-05-14T07:50:20+00:00","dateModified":"2020-05-14T07:50:20+00:00","mainEntityOfPage":{"@id":"https:\/\/www.prijedordanas.com\/?p=147325"},"wordCount":603,"publisher":{"@id":"https:\/\/www.prijedordanas.com\/#organization"},"keywords":["korona"],"articleSection":["Dru\u0161tvo"],"inLanguage":"en-US"},{"@type":"WebPage","@id":"https:\/\/www.prijedordanas.com\/?p=147325","url":"https:\/\/www.prijedordanas.com\/?p=147325","name":"Jo\u0161 sedam osoba iz Prijedora pozitivno na korona virus: Novih 33 zara\u017eenih u Republici Srpskoj - PrijedorDanas.com - Prijedorski gradski portal","isPartOf":{"@id":"https:\/\/www.prijedordanas.com\/#website"},"datePublished":"2020-05-14T07:50:20+00:00","dateModified":"2020-05-14T07:50:20+00:00","breadcrumb":{"@id":"https:\/\/www.prijedordanas.com\/?p=147325#breadcrumb"},"inLanguage":"en-US","potentialAction":[{"@type":"ReadAction","target":["https:\/\/www.prijedordanas.com\/?p=147325"]}]},{"@type":"BreadcrumbList","@id":"https:\/\/www.prijedordanas.com\/?p=147325#breadcrumb","itemListElement":[{"@type":"ListItem","position":1,"name":"Home","item":"https:\/\/www.prijedordanas.com\/"},{"@type":"ListItem","position":2,"name":"Jo\u0161 sedam osoba iz Prijedora pozitivno na korona virus: Novih 33 zara\u017eenih u Republici Srpskoj"}]},{"@type":"WebSite","@id":"https:\/\/www.prijedordanas.com\/#website","url":"https:\/\/www.prijedordanas.com\/","name":"PrijedorDanas.com - Prijedorski gradski portal","description":"Portal o doga\u0111anjima u gradu Prijedoru","publisher":{"@id":"https:\/\/www.prijedordanas.com\/#organization"},"potentialAction":[{"@type":"SearchAction","target":{"@type":"EntryPoint","urlTemplate":"https:\/\/www.prijedordanas.com\/?s={search_term_string}"},"query-input":"required name=search_term_string"}],"inLanguage":"en-US"},{"@type":"Organization","@id":"https:\/\/www.prijedordanas.com\/#organization","name":"PrijedorDanas.com","url":"https:\/\/www.prijedordanas.com\/","logo":{"@type":"ImageObject","inLanguage":"en-US","@id":"https:\/\/www.prijedordanas.com\/#\/schema\/logo\/image\/","url":"http:\/\/www.prijedordanas.com\/wp-content\/uploads\/2021\/12\/logopng.png","contentUrl":"http:\/\/www.prijedordanas.com\/wp-content\/uploads\/2021\/12\/logopng.png","width":1019,"height":776,"caption":"PrijedorDanas.com"},"image":{"@id":"https:\/\/www.prijedordanas.com\/#\/schema\/logo\/image\/"},"sameAs":["https:\/\/www.facebook.com\/PrijedorDanasCom\/"]},{"@type":"Person","@id":"https:\/\/www.prijedordanas.com\/#\/schema\/person\/4e08ccf29b506ca916ff86d46bb700e6","name":"admin","image":{"@type":"ImageObject","inLanguage":"en-US","@id":"https:\/\/www.prijedordanas.com\/#\/schema\/person\/image\/","url":"https:\/\/secure.gravatar.com\/avatar\/1d3fc949d550f0b53a5f0d51e06dfd79?s=96&d=mm&r=g","contentUrl":"https:\/\/secure.gravatar.com\/avatar\/1d3fc949d550f0b53a5f0d51e06dfd79?s=96&d=mm&r=g","caption":"admin"},"url":"https:\/\/www.prijedordanas.com\/?author=1"}]}},"_links":{"self":[{"href":"https:\/\/www.prijedordanas.com\/index.php?rest_route=\/wp\/v2\/posts\/147325"}],"collection":[{"href":"https:\/\/www.prijedordanas.com\/index.php?rest_route=\/wp\/v2\/posts"}],"about":[{"href":"https:\/\/www.prijedordanas.com\/index.php?rest_route=\/wp\/v2\/types\/post"}],"author":[{"embeddable":true,"href":"https:\/\/www.prijedordanas.com\/index.php?rest_route=\/wp\/v2\/users\/1"}],"replies":[{"embeddable":true,"href":"https:\/\/www.prijedordanas.com\/index.php?rest_route=%2Fwp%2Fv2%2Fcomments&post=147325"}],"version-history":[{"count":1,"href":"https:\/\/www.prijedordanas.com\/index.php?rest_route=\/wp\/v2\/posts\/147325\/revisions"}],"predecessor-version":[{"id":147326,"href":"https:\/\/www.prijedordanas.com\/index.php?rest_route=\/wp\/v2\/posts\/147325\/revisions\/147326"}],"wp:attachment":[{"href":"https:\/\/www.prijedordanas.com\/index.php?rest_route=%2Fwp%2Fv2%2Fmedia&parent=147325"}],"wp:term":[{"taxonomy":"category","embeddable":true,"href":"https:\/\/www.prijedordanas.com\/index.php?rest_route=%2Fwp%2Fv2%2Fcategories&post=147325"},{"taxonomy":"post_tag","embeddable":true,"href":"https:\/\/www.prijedordanas.com\/index.php?rest_route=%2Fwp%2Fv2%2Ftags&post=147325"}],"curies":[{"name":"wp","href":"https:\/\/api.w.org\/{rel}","templated":true}]}}