{"id":147322,"date":"2020-05-14T09:41:30","date_gmt":"2020-05-14T07:41:30","guid":{"rendered":"https:\/\/www.prijedordanas.com\/?p=147322"},"modified":"2020-05-14T09:41:30","modified_gmt":"2020-05-14T07:41:30","slug":"dusan-drljaca-pobijedio-koronu-sanjao-sam-ravnu-liniju-i-jednolican-zvuk-aparata-za-srce","status":"publish","type":"post","link":"https:\/\/www.prijedordanas.com\/?p=147322","title":{"rendered":"Du\u0161an Drlja\u010da pobijedio koronu: Sanjao sam ravnu liniju i jednoli\u010dan zvuk aparata za srce"},"content":{"rendered":"<p><a href=\"https:\/\/www.prijedordanas.com\/wp-content\/uploads\/2020\/05\/dusan-drljaca-pobijedio-kovid-1.jpg\"><img loading=\"lazy\" decoding=\"async\" class=\"alignleft size-medium wp-image-147319\" src=\"https:\/\/www.prijedordanas.com\/wp-content\/uploads\/2020\/05\/dusan-drljaca-pobijedio-kovid-1-213x300.jpg\" alt=\"\" width=\"213\" height=\"300\" srcset=\"https:\/\/www.prijedordanas.com\/wp-content\/uploads\/2020\/05\/dusan-drljaca-pobijedio-kovid-1-213x300.jpg 213w, https:\/\/www.prijedordanas.com\/wp-content\/uploads\/2020\/05\/dusan-drljaca-pobijedio-kovid-1.jpg 455w\" sizes=\"(max-width: 213px) 100vw, 213px\" \/><\/a>Du\u0161an Drlja\u010da \/46\/, Prijedor\u010danin s banjalu\u010dkom adresom, na Veliki \u010cetvrtak osjetio je glavobolju, \u017earenje u o\u010dima i grlobolju &#8211; deset dana kasnije bori\u0107e se za vazduh, priklju\u010den na bocu kisika, sjede\u0107i na bolni\u010dkom krevetu, i usni\u0107e &#8211; vlastitu smrt.<\/p>\n<p>&#8220;Tad sam osjetio najave\u0107i strah, u no\u0107i izme\u0111u nedjelje i ponedjeljka \/26. na 27. aprila\/. Ne mo\u017ee\u0161 da udahne\u0161. Bori\u0161 se za vazduh. No\u0107 sam probdio, tako sjede\u0107i. U jednom momentu sam zaspao. Sanjam zelenu ravnu liniju na crnom ekranu aparata koji prati rad srca. I zvuk otkucaja koji usporavaju i prelaze u jednoli\u010dan ton&#8221;, svjedo\u010di Du\u0161an u razgovoru za Agenciju Srna.<\/p>\n<p>Drlja\u010da je zavr\u0161io gimnaziju u Prijedoru, Vi\u0161u i Visoku medicinsku \u0161kolu u Zemunu i specijalizaciju iz medicinske radiologije. U bolnici &#8220;Doktor Mladen Stojanovi\u0107&#8221; u Prijedoru radio je 13 godina, a od 2010. godine radi na UKC-u u Banjaluci u Centru za radioterapiju kojim upravlja grupacija &#8220;Afidea&#8221;, evropski lider na polju radiolo\u0161ke dijagnostike i radioterapije.<\/p>\n<p>&#8220;Jeste ja sam Du\u0161an Drlja\u010da. Nakon svoje objave na dru\u0161tvenoj mre\u017ei `Fejsbuk` dobio sam poziv da dam izjavu i da\u0107u je bez da se skrivam iza inicijala, jer, pobogu, nisam nikog ubio, samo sam se razbolio i na kraju i pobijedio. Ne vidim ni jedan razlog da to krijem&#8221;, govori Du\u0161an.<\/p>\n<p><a href=\"https:\/\/www.prijedordanas.com\/wp-content\/uploads\/2020\/05\/dusan-drljaca-pobijedio-kovid-2.jpg\"><img loading=\"lazy\" decoding=\"async\" src=\"https:\/\/www.prijedordanas.com\/wp-content\/uploads\/2020\/05\/dusan-drljaca-pobijedio-kovid-2-210x300.jpg\" alt=\"\" width=\"210\" height=\"300\" class=\"alignleft size-medium wp-image-147320\" srcset=\"https:\/\/www.prijedordanas.com\/wp-content\/uploads\/2020\/05\/dusan-drljaca-pobijedio-kovid-2-210x300.jpg 210w, https:\/\/www.prijedordanas.com\/wp-content\/uploads\/2020\/05\/dusan-drljaca-pobijedio-kovid-2.jpg 452w\" sizes=\"(max-width: 210px) 100vw, 210px\" \/><\/a>Kako nije bilo povi\u0161ene temperature niti se osje\u0107ao bolesnim, Du\u0161an je u petak oti\u0161ao na posao, misle\u0107i da je u pitanju premor. Sa svojim onkolo\u0161kim pacijentima jednako radi sve vrijeme pandemije, pru\u017eaju\u0107i im stru\u010dnu pomo\u0107 i lijepu rije\u010d, jer ona puno zna\u010di, \u010dovjeka ohrabri i pomogne, nekad mo\u017eda i vi\u0161e nego sama terapija.<\/p>\n<p>&#8220;Na samom po\u010detku, moram biti iskren, razmi\u0161ljao sam, kao i mnogi, da se to meni ne mo\u017ee desiti, jake sam konstitucije, nepu\u0161a\u010d, aktivni sportista dvadeset godina, a nakon toga rekreativac, bez ozbiljnih zdravstvenih pote\u0161ko\u0107a. Me\u0111utim, Vaskr\u0161nje ve\u010deri dobijam temperaturu 39 stepeni koja \u0107e s usponima i padovima trajati narednih desetak dana&#8221;, kazuje Du\u0161an.<\/p>\n<p>Izoluje se u drugu sobu, kako \u0107e je kasnije nazvati, svoju vlastitu kovid sobu, gdje kre\u0107e borba sa temperaturom koju antipireticima ne uspijeva spustiti ispod 38 stepeni i ve\u0107 je tada jasno da to nije obi\u010dni grip. Ujutro odlazi na UKC, ovaj put kao pacijent. RTG pokazuje obostranu upalu plu\u0107a, a laboratorijiski nalazi upalni proces. Po savjetu infektologa, ide u ku\u0107nu izolaciju dok ne stignu rezultati testiranja na virus korona.<\/p>\n<p>&#8220;Srijeda jutro, poziv na infektivnu kliniku, nalaz pozitivan. U redu. To smo i o\u010dekivali, \u010dak su i stvari bile spakovane i spremne za bolnicu, ali za\u0161to sad ovoliki strah, za\u0161to zebnja? Izlazim, a u o\u010dima svoje \u017eene prvi put vidim strah i nesigurnost, te iste \u017eene koja je tri dana oko mene igrala bore\u0107i se kao lavica sa temperaturom i svim ostalim. Mla\u0111i sin \/18 mjeseci\/, obmotan oko njene noge, samo me gleda, dok stariji \/osam godina\/, nemu\u0161to pita: `Tata, pa je l` ba\u0161 mora\u0161 i\u0107i?` U glavi mi hiljadu misli, u o\u010dima potok suza, je li ovo posljednje nam vi\u0111enje, je li ovo dvoje pili\u0107a ostavljam samo sa majkom? Idem u nepoznato, a sve \u0161to \u017eelim da je da pobijedim zbog hiljadu razloga koji su ostali tu, na vratima stana&#8221;, prisje\u0107a se Du\u0161an.<\/p>\n<p>Po smje\u0161tanju na Kliniku za infektivne bolesti, postaje jo\u0161 svjesniji situacije. Sve oko njega su pozitivni pacijenti, neki stariji, neki dobro mla\u0111i. Smje\u0161taj nije hotelski, razumije se, nego bolni\u010dki. Iz dvokrevetne ubrzo \u0107e biti premje\u0161ten u trokrevetnu sobu, jer je stigla djevojka od 26 godina kojoj je potreban takozvani \u0161inski kisik kojeg ta soba ima.<\/p>\n<p>&#8220;I dalje osje\u0107am dobro, osim te temperature koja lomi danima. Kre\u0107u terapije prema propisanom protokolu. I RTG plu\u0107a i laboratorijske analize su lo\u0161iji nego dva dana ranije. Ma\u0161tam o tome da mi toplomjer bar jednom poka\u017ee 36,9&#8221;, isti\u010de Du\u0161an.<\/p>\n<p>Poruke i pozivi dolaze od znanih i neznanih. Ta podr\u0161ka od porodice, prijatelja, direktno i indirektno nadre\u0111enih, daju snagu. \u010cak i komentari pojedinih kolega da treba biti &#8220;dru\u0161tveno odgovoran, kako na poslu, tako i mimo posla&#8221; daju dodatnu snagu da istraje. Dani su odmicali, pacijenti u sobi su se mijenjali jedni za drugima. Neki su odlazili na drugi sprat, gdje su pacijenti sa te\u0161kom klini\u010dkom slikom, a neki na staru pulmologiju odakle su otpu\u0161tani ku\u0107i.<\/p>\n<p>&#8220;Ostalo mi je upe\u010datljivo da \u010dovjek sa dijabetesom, koji le\u017ei do mene, nema ni temperaturu niti druge pote\u0161ko\u0107e. Biva preba\u010den na pulmologiju, a ja ostajem. Fizi\u010dki u boljoj kondiciji od njega, ali sa puno te\u017eom klini\u010dkom slikom. Dakle, pravila nema&#8221;, navodi Du\u0161an.<\/p>\n<p>Posmatra medicinsko osoblje. Trude se oko svakog pacijenta. Osmog dana ljekar u viziti gleda parametre, odlu\u010duje priklju\u010diti ga na kisik i razmotriti prebacivanje na drugi sprat.<\/p>\n<p>&#8220;Tu no\u0107 sam proveo u sjede\u0107em polo\u017eaju, bore\u0107i se za udah vi\u0161e. Razmi\u0161ljao sam da ne smijem oti\u0107i sprat vi\u0161e, da ne smijem `oti\u0107i`, da ne smijem nikud sa tog prvog sprata. Pred zoru zaspim. Sanjam sebe kako se borim, ljude kako tr\u010de oko mene i vi\u010du NEEE!, ali ravna linija na ekranu i jednoli\u010dan zvuk su neumoljivi&#8221;, prepri\u010dava Du\u0161an svoj najgori san u \u017eivotu.<\/p>\n<p>Narednog dana razmatra se premje\u0161taj na drugi sprat zbog &#8220;\u0161inskog&#8221; kisika, ali jedna doktorica, veruju\u0107i u Du\u0161anovu snagu, odlu\u010di da ostane tu, na kisiku iz boce.<\/p>\n<p>&#8220;Hvala joj na tome. Sutradan ujutru mi uvode jo\u0161 antibiotika, koliko mogu da vidim po infuzijama. Nema veze, mislim se, samo neka sam ovdje. Idu\u0107e jutro bi\u0107e prvo bez povi\u0161ene temperature. I sestra govori: `Napokon! A, evo, i saturacija ti je dobra.` Istog dana skidaju me s kisika&#8221;, navodi Du\u0161an.<\/p>\n<p>Kako mu se stanje pobolj\u0161ava, Du\u0161an se po\u010dinje zanimati i za svijet izvan infektologije. Vidi napade na medicinsko osoblje. Jednostavno je, ka\u017ee, morao javno reagovati jer je i sam bio svjedok \u0161ta ti ljudi zapravo rade za oboljele. Dva dana prije izlaska, 3. maja, objavio je na svom &#8220;Fejsbuk&#8221; profilu svoje dvije fotografije iz dva perioda borbe s kovidom 19 \u2013 sa kiseoni\u010dkom maskom i sa obi\u010dnom, za\u0161titnom maskom. I stao u odbranu kolega.<\/p>\n<p>&#8220;Me\u0111utim, kako vidim, nekom ta po\u017ertvovanost medicinskog osoblja nije dovoljna. Mnogi ih osu\u0111uju, mnogi ka\u017eu to im i jeste posao, nisu opremljeni, neodgovorni su&#8230; Jeste, sla\u017eem se da im je to posao i samo \u0107u se oko toga slo\u017eiti. Oni taj posao obavljaju itekako savjesno i profesionalno, a, da budemo na\u010disto, mnogi od njih preraspore\u0111eni su sa svojih mati\u010dnih klinika, pri \u010demu je jasno da se prvi put susre\u0107u sa ovakvom vrstom oboljenja, a svi znamo da, kada je ne\u0161to novo, postoji i odre\u0111ena doza straha&#8221;, ponovio je Du\u0161an su\u0161tinu svoje objave.<\/p>\n<p>On je naglasio da ne razdvaja doktore od srednjeg kadra, jer bez tima nema ni uspjeha, te da je, osim Klinike za infektivne bolesti, imao i logisti\u010dku podr\u0161ku Klinike za unutra\u0161nje bolesti gdje radi njegova supruga. Kako mu ku\u0107no vaspitanje nala\u017ee, po ozdravljenju im se javio pojedina\u010dno i li\u010dno zahvalio.<\/p>\n<p>&#8220;I na kraju, da, ja sam taj koji se zarazio. Ja sam taj koji je vodio ra\u010duna o svim mjerama, a ipak doveo u rizik svoju porodicu. Ja sam taj koji nije mogao da do\u010deka da ponovo do\u0111e ku\u0107i i vidi svoju suprugu Tanju i svoje pili\u0107e Mirka i Luku. Ja sam taj koji je zabrinuo svoju majku i brata. Ali, ja sam i taj koji je na kraju ovu bolest pobijedio&#8221;, zaklju\u010dio je Du\u0161an.<\/p>\n<p>SRNA<\/p>\n","protected":false},"excerpt":{"rendered":"<p>Du\u0161an Drlja\u010da \/46\/, Prijedor\u010danin s banjalu\u010dkom adresom, na Veliki \u010cetvrtak osjetio je glavobolju, \u017earenje u o\u010dima i grlobolju &#8211; deset dana kasnije bori\u0107e se za vazduh, priklju\u010den na bocu kisika, [&hellip;]<\/p>\n","protected":false},"author":1,"featured_media":0,"comment_status":"closed","ping_status":"open","sticky":false,"template":"","format":"standard","meta":{"_monsterinsights_skip_tracking":false,"_monsterinsights_sitenote_active":false,"_monsterinsights_sitenote_note":"","_monsterinsights_sitenote_category":0,"footnotes":""},"categories":[3],"tags":[11215,11081],"yoast_head":"<!-- This site is optimized with the Yoast SEO plugin v21.6 - https:\/\/yoast.com\/wordpress\/plugins\/seo\/ -->\n<title>Du\u0161an Drlja\u010da pobijedio koronu: Sanjao sam ravnu liniju i jednoli\u010dan zvuk aparata za srce - PrijedorDanas.com - Prijedorski gradski portal<\/title>\n<meta name=\"robots\" content=\"index, follow, max-snippet:-1, max-image-preview:large, max-video-preview:-1\" \/>\n<link rel=\"canonical\" href=\"https:\/\/www.prijedordanas.com\/?p=147322\" \/>\n<meta property=\"og:locale\" content=\"en_US\" \/>\n<meta property=\"og:type\" content=\"article\" \/>\n<meta property=\"og:title\" content=\"Du\u0161an Drlja\u010da pobijedio koronu: Sanjao sam ravnu liniju i jednoli\u010dan zvuk aparata za srce - PrijedorDanas.com - Prijedorski gradski portal\" \/>\n<meta property=\"og:description\" content=\"Du\u0161an Drlja\u010da \/46\/, Prijedor\u010danin s banjalu\u010dkom adresom, na Veliki \u010cetvrtak osjetio je glavobolju, \u017earenje u o\u010dima i grlobolju &#8211; deset dana kasnije bori\u0107e se za vazduh, priklju\u010den na bocu kisika, [&hellip;]\" \/>\n<meta property=\"og:url\" content=\"https:\/\/www.prijedordanas.com\/?p=147322\" \/>\n<meta property=\"og:site_name\" content=\"PrijedorDanas.com - Prijedorski gradski portal\" \/>\n<meta property=\"article:publisher\" content=\"https:\/\/www.facebook.com\/PrijedorDanasCom\/\" \/>\n<meta property=\"article:published_time\" content=\"2020-05-14T07:41:30+00:00\" \/>\n<meta property=\"og:image\" content=\"https:\/\/www.prijedordanas.com\/wp-content\/uploads\/2020\/05\/dusan-drljaca-pobijedio-kovid-1-213x300.jpg\" \/>\n<meta name=\"author\" content=\"admin\" \/>\n<meta name=\"twitter:card\" content=\"summary_large_image\" \/>\n<meta name=\"twitter:label1\" content=\"Written by\" \/>\n\t<meta name=\"twitter:data1\" content=\"admin\" \/>\n\t<meta name=\"twitter:label2\" content=\"Est. reading time\" \/>\n\t<meta name=\"twitter:data2\" content=\"7 minutes\" \/>\n<script type=\"application\/ld+json\" class=\"yoast-schema-graph\">{\"@context\":\"https:\/\/schema.org\",\"@graph\":[{\"@type\":\"Article\",\"@id\":\"https:\/\/www.prijedordanas.com\/?p=147322#article\",\"isPartOf\":{\"@id\":\"https:\/\/www.prijedordanas.com\/?p=147322\"},\"author\":{\"name\":\"admin\",\"@id\":\"https:\/\/www.prijedordanas.com\/#\/schema\/person\/4e08ccf29b506ca916ff86d46bb700e6\"},\"headline\":\"Du\u0161an Drlja\u010da pobijedio koronu: Sanjao sam ravnu liniju i jednoli\u010dan zvuk aparata za srce\",\"datePublished\":\"2020-05-14T07:41:30+00:00\",\"dateModified\":\"2020-05-14T07:41:30+00:00\",\"mainEntityOfPage\":{\"@id\":\"https:\/\/www.prijedordanas.com\/?p=147322\"},\"wordCount\":1344,\"publisher\":{\"@id\":\"https:\/\/www.prijedordanas.com\/#organization\"},\"keywords\":[\"Du\u0161an Drlja\u010da\",\"korona\"],\"articleSection\":[\"\u017divot\"],\"inLanguage\":\"en-US\"},{\"@type\":\"WebPage\",\"@id\":\"https:\/\/www.prijedordanas.com\/?p=147322\",\"url\":\"https:\/\/www.prijedordanas.com\/?p=147322\",\"name\":\"Du\u0161an Drlja\u010da pobijedio koronu: Sanjao sam ravnu liniju i jednoli\u010dan zvuk aparata za srce - PrijedorDanas.com - Prijedorski gradski portal\",\"isPartOf\":{\"@id\":\"https:\/\/www.prijedordanas.com\/#website\"},\"datePublished\":\"2020-05-14T07:41:30+00:00\",\"dateModified\":\"2020-05-14T07:41:30+00:00\",\"breadcrumb\":{\"@id\":\"https:\/\/www.prijedordanas.com\/?p=147322#breadcrumb\"},\"inLanguage\":\"en-US\",\"potentialAction\":[{\"@type\":\"ReadAction\",\"target\":[\"https:\/\/www.prijedordanas.com\/?p=147322\"]}]},{\"@type\":\"BreadcrumbList\",\"@id\":\"https:\/\/www.prijedordanas.com\/?p=147322#breadcrumb\",\"itemListElement\":[{\"@type\":\"ListItem\",\"position\":1,\"name\":\"Home\",\"item\":\"https:\/\/www.prijedordanas.com\/\"},{\"@type\":\"ListItem\",\"position\":2,\"name\":\"Du\u0161an Drlja\u010da pobijedio koronu: Sanjao sam ravnu liniju i jednoli\u010dan zvuk aparata za srce\"}]},{\"@type\":\"WebSite\",\"@id\":\"https:\/\/www.prijedordanas.com\/#website\",\"url\":\"https:\/\/www.prijedordanas.com\/\",\"name\":\"PrijedorDanas.com - Prijedorski gradski portal\",\"description\":\"Portal o doga\u0111anjima u gradu Prijedoru\",\"publisher\":{\"@id\":\"https:\/\/www.prijedordanas.com\/#organization\"},\"potentialAction\":[{\"@type\":\"SearchAction\",\"target\":{\"@type\":\"EntryPoint\",\"urlTemplate\":\"https:\/\/www.prijedordanas.com\/?s={search_term_string}\"},\"query-input\":\"required name=search_term_string\"}],\"inLanguage\":\"en-US\"},{\"@type\":\"Organization\",\"@id\":\"https:\/\/www.prijedordanas.com\/#organization\",\"name\":\"PrijedorDanas.com\",\"url\":\"https:\/\/www.prijedordanas.com\/\",\"logo\":{\"@type\":\"ImageObject\",\"inLanguage\":\"en-US\",\"@id\":\"https:\/\/www.prijedordanas.com\/#\/schema\/logo\/image\/\",\"url\":\"http:\/\/www.prijedordanas.com\/wp-content\/uploads\/2021\/12\/logopng.png\",\"contentUrl\":\"http:\/\/www.prijedordanas.com\/wp-content\/uploads\/2021\/12\/logopng.png\",\"width\":1019,\"height\":776,\"caption\":\"PrijedorDanas.com\"},\"image\":{\"@id\":\"https:\/\/www.prijedordanas.com\/#\/schema\/logo\/image\/\"},\"sameAs\":[\"https:\/\/www.facebook.com\/PrijedorDanasCom\/\"]},{\"@type\":\"Person\",\"@id\":\"https:\/\/www.prijedordanas.com\/#\/schema\/person\/4e08ccf29b506ca916ff86d46bb700e6\",\"name\":\"admin\",\"image\":{\"@type\":\"ImageObject\",\"inLanguage\":\"en-US\",\"@id\":\"https:\/\/www.prijedordanas.com\/#\/schema\/person\/image\/\",\"url\":\"https:\/\/secure.gravatar.com\/avatar\/1d3fc949d550f0b53a5f0d51e06dfd79?s=96&d=mm&r=g\",\"contentUrl\":\"https:\/\/secure.gravatar.com\/avatar\/1d3fc949d550f0b53a5f0d51e06dfd79?s=96&d=mm&r=g\",\"caption\":\"admin\"},\"url\":\"https:\/\/www.prijedordanas.com\/?author=1\"}]}<\/script>\n<!-- \/ Yoast SEO plugin. -->","yoast_head_json":{"title":"Du\u0161an Drlja\u010da pobijedio koronu: Sanjao sam ravnu liniju i jednoli\u010dan zvuk aparata za srce - PrijedorDanas.com - Prijedorski gradski portal","robots":{"index":"index","follow":"follow","max-snippet":"max-snippet:-1","max-image-preview":"max-image-preview:large","max-video-preview":"max-video-preview:-1"},"canonical":"https:\/\/www.prijedordanas.com\/?p=147322","og_locale":"en_US","og_type":"article","og_title":"Du\u0161an Drlja\u010da pobijedio koronu: Sanjao sam ravnu liniju i jednoli\u010dan zvuk aparata za srce - PrijedorDanas.com - Prijedorski gradski portal","og_description":"Du\u0161an Drlja\u010da \/46\/, Prijedor\u010danin s banjalu\u010dkom adresom, na Veliki \u010cetvrtak osjetio je glavobolju, \u017earenje u o\u010dima i grlobolju &#8211; deset dana kasnije bori\u0107e se za vazduh, priklju\u010den na bocu kisika, [&hellip;]","og_url":"https:\/\/www.prijedordanas.com\/?p=147322","og_site_name":"PrijedorDanas.com - Prijedorski gradski portal","article_publisher":"https:\/\/www.facebook.com\/PrijedorDanasCom\/","article_published_time":"2020-05-14T07:41:30+00:00","og_image":[{"url":"https:\/\/www.prijedordanas.com\/wp-content\/uploads\/2020\/05\/dusan-drljaca-pobijedio-kovid-1-213x300.jpg"}],"author":"admin","twitter_card":"summary_large_image","twitter_misc":{"Written by":"admin","Est. reading time":"7 minutes"},"schema":{"@context":"https:\/\/schema.org","@graph":[{"@type":"Article","@id":"https:\/\/www.prijedordanas.com\/?p=147322#article","isPartOf":{"@id":"https:\/\/www.prijedordanas.com\/?p=147322"},"author":{"name":"admin","@id":"https:\/\/www.prijedordanas.com\/#\/schema\/person\/4e08ccf29b506ca916ff86d46bb700e6"},"headline":"Du\u0161an Drlja\u010da pobijedio koronu: Sanjao sam ravnu liniju i jednoli\u010dan zvuk aparata za srce","datePublished":"2020-05-14T07:41:30+00:00","dateModified":"2020-05-14T07:41:30+00:00","mainEntityOfPage":{"@id":"https:\/\/www.prijedordanas.com\/?p=147322"},"wordCount":1344,"publisher":{"@id":"https:\/\/www.prijedordanas.com\/#organization"},"keywords":["Du\u0161an Drlja\u010da","korona"],"articleSection":["\u017divot"],"inLanguage":"en-US"},{"@type":"WebPage","@id":"https:\/\/www.prijedordanas.com\/?p=147322","url":"https:\/\/www.prijedordanas.com\/?p=147322","name":"Du\u0161an Drlja\u010da pobijedio koronu: Sanjao sam ravnu liniju i jednoli\u010dan zvuk aparata za srce - PrijedorDanas.com - Prijedorski gradski portal","isPartOf":{"@id":"https:\/\/www.prijedordanas.com\/#website"},"datePublished":"2020-05-14T07:41:30+00:00","dateModified":"2020-05-14T07:41:30+00:00","breadcrumb":{"@id":"https:\/\/www.prijedordanas.com\/?p=147322#breadcrumb"},"inLanguage":"en-US","potentialAction":[{"@type":"ReadAction","target":["https:\/\/www.prijedordanas.com\/?p=147322"]}]},{"@type":"BreadcrumbList","@id":"https:\/\/www.prijedordanas.com\/?p=147322#breadcrumb","itemListElement":[{"@type":"ListItem","position":1,"name":"Home","item":"https:\/\/www.prijedordanas.com\/"},{"@type":"ListItem","position":2,"name":"Du\u0161an Drlja\u010da pobijedio koronu: Sanjao sam ravnu liniju i jednoli\u010dan zvuk aparata za srce"}]},{"@type":"WebSite","@id":"https:\/\/www.prijedordanas.com\/#website","url":"https:\/\/www.prijedordanas.com\/","name":"PrijedorDanas.com - Prijedorski gradski portal","description":"Portal o doga\u0111anjima u gradu Prijedoru","publisher":{"@id":"https:\/\/www.prijedordanas.com\/#organization"},"potentialAction":[{"@type":"SearchAction","target":{"@type":"EntryPoint","urlTemplate":"https:\/\/www.prijedordanas.com\/?s={search_term_string}"},"query-input":"required name=search_term_string"}],"inLanguage":"en-US"},{"@type":"Organization","@id":"https:\/\/www.prijedordanas.com\/#organization","name":"PrijedorDanas.com","url":"https:\/\/www.prijedordanas.com\/","logo":{"@type":"ImageObject","inLanguage":"en-US","@id":"https:\/\/www.prijedordanas.com\/#\/schema\/logo\/image\/","url":"http:\/\/www.prijedordanas.com\/wp-content\/uploads\/2021\/12\/logopng.png","contentUrl":"http:\/\/www.prijedordanas.com\/wp-content\/uploads\/2021\/12\/logopng.png","width":1019,"height":776,"caption":"PrijedorDanas.com"},"image":{"@id":"https:\/\/www.prijedordanas.com\/#\/schema\/logo\/image\/"},"sameAs":["https:\/\/www.facebook.com\/PrijedorDanasCom\/"]},{"@type":"Person","@id":"https:\/\/www.prijedordanas.com\/#\/schema\/person\/4e08ccf29b506ca916ff86d46bb700e6","name":"admin","image":{"@type":"ImageObject","inLanguage":"en-US","@id":"https:\/\/www.prijedordanas.com\/#\/schema\/person\/image\/","url":"https:\/\/secure.gravatar.com\/avatar\/1d3fc949d550f0b53a5f0d51e06dfd79?s=96&d=mm&r=g","contentUrl":"https:\/\/secure.gravatar.com\/avatar\/1d3fc949d550f0b53a5f0d51e06dfd79?s=96&d=mm&r=g","caption":"admin"},"url":"https:\/\/www.prijedordanas.com\/?author=1"}]}},"_links":{"self":[{"href":"https:\/\/www.prijedordanas.com\/index.php?rest_route=\/wp\/v2\/posts\/147322"}],"collection":[{"href":"https:\/\/www.prijedordanas.com\/index.php?rest_route=\/wp\/v2\/posts"}],"about":[{"href":"https:\/\/www.prijedordanas.com\/index.php?rest_route=\/wp\/v2\/types\/post"}],"author":[{"embeddable":true,"href":"https:\/\/www.prijedordanas.com\/index.php?rest_route=\/wp\/v2\/users\/1"}],"replies":[{"embeddable":true,"href":"https:\/\/www.prijedordanas.com\/index.php?rest_route=%2Fwp%2Fv2%2Fcomments&post=147322"}],"version-history":[{"count":1,"href":"https:\/\/www.prijedordanas.com\/index.php?rest_route=\/wp\/v2\/posts\/147322\/revisions"}],"predecessor-version":[{"id":147323,"href":"https:\/\/www.prijedordanas.com\/index.php?rest_route=\/wp\/v2\/posts\/147322\/revisions\/147323"}],"wp:attachment":[{"href":"https:\/\/www.prijedordanas.com\/index.php?rest_route=%2Fwp%2Fv2%2Fmedia&parent=147322"}],"wp:term":[{"taxonomy":"category","embeddable":true,"href":"https:\/\/www.prijedordanas.com\/index.php?rest_route=%2Fwp%2Fv2%2Fcategories&post=147322"},{"taxonomy":"post_tag","embeddable":true,"href":"https:\/\/www.prijedordanas.com\/index.php?rest_route=%2Fwp%2Fv2%2Ftags&post=147322"}],"curies":[{"name":"wp","href":"https:\/\/api.w.org\/{rel}","templated":true}]}}