{"id":147310,"date":"2020-05-13T23:18:08","date_gmt":"2020-05-13T21:18:08","guid":{"rendered":"https:\/\/www.prijedordanas.com\/?p=147310"},"modified":"2020-05-13T23:18:08","modified_gmt":"2020-05-13T21:18:08","slug":"dva-novooboljela-lica-od-korona-virusa-u-prijedoru-zakljucci-staba-za-vanredne-situacije-za-13-maj","status":"publish","type":"post","link":"https:\/\/www.prijedordanas.com\/?p=147310","title":{"rendered":"Dva novooboljela lica od korona virusa u Prijedoru: Zaklju\u010dci \u0160taba za vanredne situacije za 13. maj"},"content":{"rendered":"<p><a href=\"https:\/\/www.prijedordanas.com\/wp-content\/uploads\/2020\/05\/stab-13maj-4.jpg\"><img loading=\"lazy\" decoding=\"async\" src=\"https:\/\/www.prijedordanas.com\/wp-content\/uploads\/2020\/05\/stab-13maj-4-300x222.jpg\" alt=\"\" width=\"300\" height=\"222\" class=\"alignleft size-medium wp-image-147311\" srcset=\"https:\/\/www.prijedordanas.com\/wp-content\/uploads\/2020\/05\/stab-13maj-4-300x222.jpg 300w, https:\/\/www.prijedordanas.com\/wp-content\/uploads\/2020\/05\/stab-13maj-4.jpg 675w\" sizes=\"(max-width: 300px) 100vw, 300px\" \/><\/a>GRADSKI \u0160TAB ZA VANREDNE SITUACIJE<\/p>\n<p>Na osnovu \u010dlana 39. stav 3. i \u010dlana 40. stav b., Zakona o za\u0161titi i spasavanju u vanrednim situacijama (&#8220;Slu\u017ebeni glasnik Republike Srpske&#8221;, broj: 121\/12) i \u010dlana 12. stav 3., Odluke o organizovanju i funkcionisanju civilne za\u0161tite u oblasti za\u0161tite i spasavanja Grada Prijedora (&#8220;Slu\u017ebeni glasnik Grada Prijedora&#8221;, broj: 7\/13), na sjednici odr\u017eanoj dana 13.05.2020. godine Gradski \u0161tab za vanredne situacije Grada Prijedora, donosi slijede\u0107e:<\/p>\n<p>ZAKLJU\u010cKE<\/p>\n<p>Gradski \u0161tab za vanredne situacije konstatuje:<\/p>\n<p><a href=\"https:\/\/www.prijedordanas.com\/wp-content\/uploads\/2020\/05\/stab-13maj-9.jpg\"><img loading=\"lazy\" decoding=\"async\" src=\"https:\/\/www.prijedordanas.com\/wp-content\/uploads\/2020\/05\/stab-13maj-9-300x200.jpg\" alt=\"\" width=\"300\" height=\"200\" class=\"alignleft size-medium wp-image-147312\" srcset=\"https:\/\/www.prijedordanas.com\/wp-content\/uploads\/2020\/05\/stab-13maj-9-300x200.jpg 300w, https:\/\/www.prijedordanas.com\/wp-content\/uploads\/2020\/05\/stab-13maj-9-480x320.jpg 480w, https:\/\/www.prijedordanas.com\/wp-content\/uploads\/2020\/05\/stab-13maj-9.jpg 600w\" sizes=\"(max-width: 300px) 100vw, 300px\" \/><\/a>1. Na podru\u010dju grada Prijedora u posljednja 24 sata registrovana su jo\u0161 dva lica sa pozitivnim testom na korona virus, tako da je trenutno 12 lica sa pozitivnim testom na virus korona . Do sada se 9 lica oporavilo od oboljenja uzrokovanog virusom korona, a 4 lica su preminula. Pod zdravstvenim nadzorom- u ku\u0107noj izolaciji je 163 lica. Zdravstveni nadzor je prestao za 1403 lica.<br \/>\n-U Bolnicu &#8220;Dr Mladen Stojanovi\u0107&#8221; Prijedor radi lije\u010denja smje\u0161teno je 8 lica sa utvr\u0111enim oboljenjem od novog virusa korona od kojih su 4 lica iz Prijedora i po jedno lice iz Novog Grada , Kozarske Dubice, O\u0161tre Luke i Kostajnice,<br \/>\n2. Dana 12.05.2020.godine Republi\u010dki \u0161tab za vanredne situacije donio je zaklju\u010dak br.34-4\/20 kojim je utr\u0111eno, da lice koje ulazi u Republiku Srpsku,a koje prijavi da \u0107e boraviti u Republici Srpskoj kra\u0107e od 14 dana da republi\u010dki inspektor donosi rje\u0161enje o stavljanju u izolaciju u ku\u0107noj sredini na prijavljeni broj dana.<br \/>\n3. Dana 12.05.2020.godine Republi\u010dki \u0161tab za vanredne situacije donio je zaklju\u010dak br.34-1\/20 kojim je utr\u0111eno da se stavlja van snage Zaklju\u010dak o ustupanju prostorija osnovnih i srednjih \u0161kola i \u0111a\u010dkih domova za potrebe smje\u0161taja lica kojima je izre\u010dena mjera izolacije karantinskog tipa koji je donesen dana 26.03.2020.godine.Tako\u0111e je stavljen van snage Zaklju\u010dak o obaveznoj policiskoj pratnji lica koja ulaze u Republiku Srpsku, koji je donesen 31.03.2020.godine.<br \/>\n4. Dana 11.05.2020.godine Republi\u010dki \u0161tab za vanredne situacije donio je zaklju\u010dak br.33-5\/20 kojim je utr\u0111eno da Vlada Republike Srpske snosi tro\u0161kove usluge testiranja na virus korone za studente i u\u010denike dr\u017eavljane Republike Srpske, koji studiraju i \u0161koluju se u inostranstvu. Institut za javno zdavstvo Republike Srpske je zadu\u017een da izvr\u0161i testiranje na korona virus studenata i u\u010denika dr\u017eavljana Republike Srpske .<br \/>\n<a href=\"https:\/\/www.prijedordanas.com\/wp-content\/uploads\/2020\/05\/stab-13maj-11.jpg\"><img loading=\"lazy\" decoding=\"async\" src=\"https:\/\/www.prijedordanas.com\/wp-content\/uploads\/2020\/05\/stab-13maj-11-300x200.jpg\" alt=\"\" width=\"300\" height=\"200\" class=\"alignleft size-medium wp-image-147313\" srcset=\"https:\/\/www.prijedordanas.com\/wp-content\/uploads\/2020\/05\/stab-13maj-11-300x200.jpg 300w, https:\/\/www.prijedordanas.com\/wp-content\/uploads\/2020\/05\/stab-13maj-11-480x320.jpg 480w, https:\/\/www.prijedordanas.com\/wp-content\/uploads\/2020\/05\/stab-13maj-11.jpg 600w\" sizes=\"(max-width: 300px) 100vw, 300px\" \/><\/a>5. Od strane JZU Bolnica &#8220;Dr Mladen Stojanovi\u0107&#8221; i HE slu\u017ebe Doma zdravlja Prijedor preduzimaju se sve neophodne zdravstvene i higijensko-epidemiolo\u0161ke mjere za\u0161tite i vi\u0161i stepen li\u010dne i kolektivne za\u0161tite kako bi se sprije\u010dilo \u0161irenje virusa korona.<br \/>\n6. Dana 12.05.2020.god. izvr\u0161eno je otpu\u0161tanje svih lica smje\u0161tenih u karantin koji je formiran u Hotelu &#8220;Prijedor&#8221; u Prijedoru, a isti su upu\u0107eni u izolaciju u ku\u0107noj sredini do isteka va\u017ee\u0107eg rje\u0161enja.<br \/>\n-Sva lica koja su boravila u karantinu formiranom u Hotelu &#8220;Prijedor&#8221; u Prijedoru za koje je izvr\u0161eno testiranje na virus korona bili su negativni.<br \/>\nNakon otpu\u0161tanja lica iz karantina izvr\u0161ena je potpuna dezinfekcija u prostorijama Hotela &#8220;Prijedor&#8221; u Prijedoru u kojima su bila smje\u0161tena lica kojima je izre\u010dena mjera izolacije karantinskog tipa prema rje\u0161enju zdravstvenog inspektora Republi\u010dke uprave za inspekcijske poslove.<br \/>\n7. Prema informacijama dobijenim od strane Odjeljenja za privredu i poljoprivredu Gradske uprave Prijedor na skladi\u0161tima trgovinskih centara na podru\u010dju grada Prijedora ima dovoljna koli\u010dina svih roba, a snabdijevanje novim koli\u010dinama roba je uredno. Nema pove\u0107anja cijena osnovnih \u017eivotnih namirnica.<br \/>\n8. Od strane institucija javne uprave na podru\u010dju grada Prijedora iskazana je ve\u0107a potreba za za\u0161titnim sredstvima -maske i rukavice, te je potrebno razmotriti mogu\u0107nost nabavke ovih sredstava.<br \/>\n9. \u0160tab \u0107e i dalje aktivno pratiti razvoj situacije u vezi sa pojavom i \u0161irenjem korona virusa i u skladu sa razvojem doga\u0111aja blagovremeno donositi zaklju\u010dke i usmjeravati rad nadle\u017enih slu\u017ebi.<\/p>\n<p>Naredbe ,zadu\u017eenja i preporuke<\/p>\n<p>1.Obavezuju se svi subjekti i sva fizi\u010dka i pravna lica na podru\u010dju grada Prijedora da se u potpunosti pridr\u017eavaju obaveza utvr\u0111enih zaklju\u010dcima Republi\u010dkog \u0161taba za vanredne situacije radi spre\u010davanja \u0161irenja novog virusa korona.<br \/>\n2. Obavezuje se JZU &#8220;Dr Mladen Stojanovi\u0107&#8221; Prijedor i HE slu\u017eba Doma zdravlja Prijedor da nastave sa preduzimanjem svih neophodnih mjera za\u0161tite kroz organizacione, zdravstvene i sanitarno-higijenske mjere u cilju spre\u010davanja \u0161irenja novog virusa korona.<br \/>\n3. Apeluje se na gra\u0111ane na podru\u010dju grada Prijedora da se pridr\u017eavaju mjera zabrane ve\u0107eg okupljanja gra\u0111ana kao i obaveze no\u0161enja za\u0161titne maske i rukavica radi spre\u010davanja pojave i \u0161irenja novog virusa korona.<br \/>\nZa realizaciju ovih zaklju\u010daka zadu\u017euju se organi i slu\u017ebe Gradske uprave Prijedor, privredna dru\u0161tva , javne ustanove i institucije na podru\u010dju grada Prijedora.<\/p>\n<p>Broj: 02-sl-45\/20<br \/>\nDatum: 13.05.2020. godine<\/p>\n<p>KOMANDANT<br \/>\nMilenko \u0110akovi\u0107<\/p>\n","protected":false},"excerpt":{"rendered":"<p>GRADSKI \u0160TAB ZA VANREDNE SITUACIJE Na osnovu \u010dlana 39. stav 3. i \u010dlana 40. stav b., Zakona o za\u0161titi i spasavanju u vanrednim situacijama (&#8220;Slu\u017ebeni glasnik Republike Srpske&#8221;, broj: 121\/12) [&hellip;]<\/p>\n","protected":false},"author":1,"featured_media":0,"comment_status":"closed","ping_status":"open","sticky":false,"template":"","format":"standard","meta":{"_monsterinsights_skip_tracking":false,"_monsterinsights_sitenote_active":false,"_monsterinsights_sitenote_note":"","_monsterinsights_sitenote_category":0,"footnotes":""},"categories":[8],"tags":[11081],"yoast_head":"<!-- This site is optimized with the Yoast SEO plugin v21.6 - https:\/\/yoast.com\/wordpress\/plugins\/seo\/ -->\n<title>Dva novooboljela lica od korona virusa u Prijedoru: Zaklju\u010dci \u0160taba za vanredne situacije za 13. maj - PrijedorDanas.com - Prijedorski gradski portal<\/title>\n<meta name=\"robots\" content=\"index, follow, max-snippet:-1, max-image-preview:large, max-video-preview:-1\" \/>\n<link rel=\"canonical\" href=\"https:\/\/www.prijedordanas.com\/?p=147310\" \/>\n<meta property=\"og:locale\" content=\"en_US\" \/>\n<meta property=\"og:type\" content=\"article\" \/>\n<meta property=\"og:title\" content=\"Dva novooboljela lica od korona virusa u Prijedoru: Zaklju\u010dci \u0160taba za vanredne situacije za 13. maj - PrijedorDanas.com - Prijedorski gradski portal\" \/>\n<meta property=\"og:description\" content=\"GRADSKI \u0160TAB ZA VANREDNE SITUACIJE Na osnovu \u010dlana 39. stav 3. i \u010dlana 40. stav b., Zakona o za\u0161titi i spasavanju u vanrednim situacijama (&#8220;Slu\u017ebeni glasnik Republike Srpske&#8221;, broj: 121\/12) [&hellip;]\" \/>\n<meta property=\"og:url\" content=\"https:\/\/www.prijedordanas.com\/?p=147310\" \/>\n<meta property=\"og:site_name\" content=\"PrijedorDanas.com - Prijedorski gradski portal\" \/>\n<meta property=\"article:publisher\" content=\"https:\/\/www.facebook.com\/PrijedorDanasCom\/\" \/>\n<meta property=\"article:published_time\" content=\"2020-05-13T21:18:08+00:00\" \/>\n<meta property=\"og:image\" content=\"https:\/\/www.prijedordanas.com\/wp-content\/uploads\/2020\/05\/stab-13maj-4-300x222.jpg\" \/>\n<meta name=\"author\" content=\"admin\" \/>\n<meta name=\"twitter:card\" content=\"summary_large_image\" \/>\n<meta name=\"twitter:label1\" content=\"Written by\" \/>\n\t<meta name=\"twitter:data1\" content=\"admin\" \/>\n\t<meta name=\"twitter:label2\" content=\"Est. reading time\" \/>\n\t<meta name=\"twitter:data2\" content=\"4 minutes\" \/>\n<script type=\"application\/ld+json\" class=\"yoast-schema-graph\">{\"@context\":\"https:\/\/schema.org\",\"@graph\":[{\"@type\":\"Article\",\"@id\":\"https:\/\/www.prijedordanas.com\/?p=147310#article\",\"isPartOf\":{\"@id\":\"https:\/\/www.prijedordanas.com\/?p=147310\"},\"author\":{\"name\":\"admin\",\"@id\":\"https:\/\/www.prijedordanas.com\/#\/schema\/person\/4e08ccf29b506ca916ff86d46bb700e6\"},\"headline\":\"Dva novooboljela lica od korona virusa u Prijedoru: Zaklju\u010dci \u0160taba za vanredne situacije za 13. maj\",\"datePublished\":\"2020-05-13T21:18:08+00:00\",\"dateModified\":\"2020-05-13T21:18:08+00:00\",\"mainEntityOfPage\":{\"@id\":\"https:\/\/www.prijedordanas.com\/?p=147310\"},\"wordCount\":811,\"publisher\":{\"@id\":\"https:\/\/www.prijedordanas.com\/#organization\"},\"keywords\":[\"korona\"],\"articleSection\":[\"Svakodnevno\"],\"inLanguage\":\"en-US\"},{\"@type\":\"WebPage\",\"@id\":\"https:\/\/www.prijedordanas.com\/?p=147310\",\"url\":\"https:\/\/www.prijedordanas.com\/?p=147310\",\"name\":\"Dva novooboljela lica od korona virusa u Prijedoru: Zaklju\u010dci \u0160taba za vanredne situacije za 13. maj - PrijedorDanas.com - Prijedorski gradski portal\",\"isPartOf\":{\"@id\":\"https:\/\/www.prijedordanas.com\/#website\"},\"datePublished\":\"2020-05-13T21:18:08+00:00\",\"dateModified\":\"2020-05-13T21:18:08+00:00\",\"breadcrumb\":{\"@id\":\"https:\/\/www.prijedordanas.com\/?p=147310#breadcrumb\"},\"inLanguage\":\"en-US\",\"potentialAction\":[{\"@type\":\"ReadAction\",\"target\":[\"https:\/\/www.prijedordanas.com\/?p=147310\"]}]},{\"@type\":\"BreadcrumbList\",\"@id\":\"https:\/\/www.prijedordanas.com\/?p=147310#breadcrumb\",\"itemListElement\":[{\"@type\":\"ListItem\",\"position\":1,\"name\":\"Home\",\"item\":\"https:\/\/www.prijedordanas.com\/\"},{\"@type\":\"ListItem\",\"position\":2,\"name\":\"Dva novooboljela lica od korona virusa u Prijedoru: Zaklju\u010dci \u0160taba za vanredne situacije za 13. maj\"}]},{\"@type\":\"WebSite\",\"@id\":\"https:\/\/www.prijedordanas.com\/#website\",\"url\":\"https:\/\/www.prijedordanas.com\/\",\"name\":\"PrijedorDanas.com - Prijedorski gradski portal\",\"description\":\"Portal o doga\u0111anjima u gradu Prijedoru\",\"publisher\":{\"@id\":\"https:\/\/www.prijedordanas.com\/#organization\"},\"potentialAction\":[{\"@type\":\"SearchAction\",\"target\":{\"@type\":\"EntryPoint\",\"urlTemplate\":\"https:\/\/www.prijedordanas.com\/?s={search_term_string}\"},\"query-input\":\"required name=search_term_string\"}],\"inLanguage\":\"en-US\"},{\"@type\":\"Organization\",\"@id\":\"https:\/\/www.prijedordanas.com\/#organization\",\"name\":\"PrijedorDanas.com\",\"url\":\"https:\/\/www.prijedordanas.com\/\",\"logo\":{\"@type\":\"ImageObject\",\"inLanguage\":\"en-US\",\"@id\":\"https:\/\/www.prijedordanas.com\/#\/schema\/logo\/image\/\",\"url\":\"http:\/\/www.prijedordanas.com\/wp-content\/uploads\/2021\/12\/logopng.png\",\"contentUrl\":\"http:\/\/www.prijedordanas.com\/wp-content\/uploads\/2021\/12\/logopng.png\",\"width\":1019,\"height\":776,\"caption\":\"PrijedorDanas.com\"},\"image\":{\"@id\":\"https:\/\/www.prijedordanas.com\/#\/schema\/logo\/image\/\"},\"sameAs\":[\"https:\/\/www.facebook.com\/PrijedorDanasCom\/\"]},{\"@type\":\"Person\",\"@id\":\"https:\/\/www.prijedordanas.com\/#\/schema\/person\/4e08ccf29b506ca916ff86d46bb700e6\",\"name\":\"admin\",\"image\":{\"@type\":\"ImageObject\",\"inLanguage\":\"en-US\",\"@id\":\"https:\/\/www.prijedordanas.com\/#\/schema\/person\/image\/\",\"url\":\"https:\/\/secure.gravatar.com\/avatar\/1d3fc949d550f0b53a5f0d51e06dfd79?s=96&d=mm&r=g\",\"contentUrl\":\"https:\/\/secure.gravatar.com\/avatar\/1d3fc949d550f0b53a5f0d51e06dfd79?s=96&d=mm&r=g\",\"caption\":\"admin\"},\"url\":\"https:\/\/www.prijedordanas.com\/?author=1\"}]}<\/script>\n<!-- \/ Yoast SEO plugin. -->","yoast_head_json":{"title":"Dva novooboljela lica od korona virusa u Prijedoru: Zaklju\u010dci \u0160taba za vanredne situacije za 13. maj - PrijedorDanas.com - Prijedorski gradski portal","robots":{"index":"index","follow":"follow","max-snippet":"max-snippet:-1","max-image-preview":"max-image-preview:large","max-video-preview":"max-video-preview:-1"},"canonical":"https:\/\/www.prijedordanas.com\/?p=147310","og_locale":"en_US","og_type":"article","og_title":"Dva novooboljela lica od korona virusa u Prijedoru: Zaklju\u010dci \u0160taba za vanredne situacije za 13. maj - PrijedorDanas.com - Prijedorski gradski portal","og_description":"GRADSKI \u0160TAB ZA VANREDNE SITUACIJE Na osnovu \u010dlana 39. stav 3. i \u010dlana 40. stav b., Zakona o za\u0161titi i spasavanju u vanrednim situacijama (&#8220;Slu\u017ebeni glasnik Republike Srpske&#8221;, broj: 121\/12) [&hellip;]","og_url":"https:\/\/www.prijedordanas.com\/?p=147310","og_site_name":"PrijedorDanas.com - Prijedorski gradski portal","article_publisher":"https:\/\/www.facebook.com\/PrijedorDanasCom\/","article_published_time":"2020-05-13T21:18:08+00:00","og_image":[{"url":"https:\/\/www.prijedordanas.com\/wp-content\/uploads\/2020\/05\/stab-13maj-4-300x222.jpg"}],"author":"admin","twitter_card":"summary_large_image","twitter_misc":{"Written by":"admin","Est. reading time":"4 minutes"},"schema":{"@context":"https:\/\/schema.org","@graph":[{"@type":"Article","@id":"https:\/\/www.prijedordanas.com\/?p=147310#article","isPartOf":{"@id":"https:\/\/www.prijedordanas.com\/?p=147310"},"author":{"name":"admin","@id":"https:\/\/www.prijedordanas.com\/#\/schema\/person\/4e08ccf29b506ca916ff86d46bb700e6"},"headline":"Dva novooboljela lica od korona virusa u Prijedoru: Zaklju\u010dci \u0160taba za vanredne situacije za 13. maj","datePublished":"2020-05-13T21:18:08+00:00","dateModified":"2020-05-13T21:18:08+00:00","mainEntityOfPage":{"@id":"https:\/\/www.prijedordanas.com\/?p=147310"},"wordCount":811,"publisher":{"@id":"https:\/\/www.prijedordanas.com\/#organization"},"keywords":["korona"],"articleSection":["Svakodnevno"],"inLanguage":"en-US"},{"@type":"WebPage","@id":"https:\/\/www.prijedordanas.com\/?p=147310","url":"https:\/\/www.prijedordanas.com\/?p=147310","name":"Dva novooboljela lica od korona virusa u Prijedoru: Zaklju\u010dci \u0160taba za vanredne situacije za 13. maj - PrijedorDanas.com - Prijedorski gradski portal","isPartOf":{"@id":"https:\/\/www.prijedordanas.com\/#website"},"datePublished":"2020-05-13T21:18:08+00:00","dateModified":"2020-05-13T21:18:08+00:00","breadcrumb":{"@id":"https:\/\/www.prijedordanas.com\/?p=147310#breadcrumb"},"inLanguage":"en-US","potentialAction":[{"@type":"ReadAction","target":["https:\/\/www.prijedordanas.com\/?p=147310"]}]},{"@type":"BreadcrumbList","@id":"https:\/\/www.prijedordanas.com\/?p=147310#breadcrumb","itemListElement":[{"@type":"ListItem","position":1,"name":"Home","item":"https:\/\/www.prijedordanas.com\/"},{"@type":"ListItem","position":2,"name":"Dva novooboljela lica od korona virusa u Prijedoru: Zaklju\u010dci \u0160taba za vanredne situacije za 13. maj"}]},{"@type":"WebSite","@id":"https:\/\/www.prijedordanas.com\/#website","url":"https:\/\/www.prijedordanas.com\/","name":"PrijedorDanas.com - Prijedorski gradski portal","description":"Portal o doga\u0111anjima u gradu Prijedoru","publisher":{"@id":"https:\/\/www.prijedordanas.com\/#organization"},"potentialAction":[{"@type":"SearchAction","target":{"@type":"EntryPoint","urlTemplate":"https:\/\/www.prijedordanas.com\/?s={search_term_string}"},"query-input":"required name=search_term_string"}],"inLanguage":"en-US"},{"@type":"Organization","@id":"https:\/\/www.prijedordanas.com\/#organization","name":"PrijedorDanas.com","url":"https:\/\/www.prijedordanas.com\/","logo":{"@type":"ImageObject","inLanguage":"en-US","@id":"https:\/\/www.prijedordanas.com\/#\/schema\/logo\/image\/","url":"http:\/\/www.prijedordanas.com\/wp-content\/uploads\/2021\/12\/logopng.png","contentUrl":"http:\/\/www.prijedordanas.com\/wp-content\/uploads\/2021\/12\/logopng.png","width":1019,"height":776,"caption":"PrijedorDanas.com"},"image":{"@id":"https:\/\/www.prijedordanas.com\/#\/schema\/logo\/image\/"},"sameAs":["https:\/\/www.facebook.com\/PrijedorDanasCom\/"]},{"@type":"Person","@id":"https:\/\/www.prijedordanas.com\/#\/schema\/person\/4e08ccf29b506ca916ff86d46bb700e6","name":"admin","image":{"@type":"ImageObject","inLanguage":"en-US","@id":"https:\/\/www.prijedordanas.com\/#\/schema\/person\/image\/","url":"https:\/\/secure.gravatar.com\/avatar\/1d3fc949d550f0b53a5f0d51e06dfd79?s=96&d=mm&r=g","contentUrl":"https:\/\/secure.gravatar.com\/avatar\/1d3fc949d550f0b53a5f0d51e06dfd79?s=96&d=mm&r=g","caption":"admin"},"url":"https:\/\/www.prijedordanas.com\/?author=1"}]}},"_links":{"self":[{"href":"https:\/\/www.prijedordanas.com\/index.php?rest_route=\/wp\/v2\/posts\/147310"}],"collection":[{"href":"https:\/\/www.prijedordanas.com\/index.php?rest_route=\/wp\/v2\/posts"}],"about":[{"href":"https:\/\/www.prijedordanas.com\/index.php?rest_route=\/wp\/v2\/types\/post"}],"author":[{"embeddable":true,"href":"https:\/\/www.prijedordanas.com\/index.php?rest_route=\/wp\/v2\/users\/1"}],"replies":[{"embeddable":true,"href":"https:\/\/www.prijedordanas.com\/index.php?rest_route=%2Fwp%2Fv2%2Fcomments&post=147310"}],"version-history":[{"count":1,"href":"https:\/\/www.prijedordanas.com\/index.php?rest_route=\/wp\/v2\/posts\/147310\/revisions"}],"predecessor-version":[{"id":147314,"href":"https:\/\/www.prijedordanas.com\/index.php?rest_route=\/wp\/v2\/posts\/147310\/revisions\/147314"}],"wp:attachment":[{"href":"https:\/\/www.prijedordanas.com\/index.php?rest_route=%2Fwp%2Fv2%2Fmedia&parent=147310"}],"wp:term":[{"taxonomy":"category","embeddable":true,"href":"https:\/\/www.prijedordanas.com\/index.php?rest_route=%2Fwp%2Fv2%2Fcategories&post=147310"},{"taxonomy":"post_tag","embeddable":true,"href":"https:\/\/www.prijedordanas.com\/index.php?rest_route=%2Fwp%2Fv2%2Ftags&post=147310"}],"curies":[{"name":"wp","href":"https:\/\/api.w.org\/{rel}","templated":true}]}}