{"id":146829,"date":"2020-05-06T20:30:50","date_gmt":"2020-05-06T18:30:50","guid":{"rendered":"https:\/\/www.prijedordanas.com\/?p=146829"},"modified":"2020-05-06T20:30:50","modified_gmt":"2020-05-06T18:30:50","slug":"prijedor-do-kraja-sedmice-bice-poznate-mjere-uslovi-i-nacin-rada-vrtica","status":"publish","type":"post","link":"https:\/\/www.prijedordanas.com\/?p=146829","title":{"rendered":"Prijedor: Do kraja sedmice bi\u0107e poznate mjere, uslovi i na\u010din rada vrti\u0107a"},"content":{"rendered":"<p><a href=\"https:\/\/www.prijedordanas.com\/wp-content\/uploads\/2020\/05\/stab-6maj-3.jpg\"><img loading=\"lazy\" decoding=\"async\" class=\"alignleft size-medium wp-image-146830\" src=\"https:\/\/www.prijedordanas.com\/wp-content\/uploads\/2020\/05\/stab-6maj-3-300x222.jpg\" alt=\"\" width=\"300\" height=\"222\" srcset=\"https:\/\/www.prijedordanas.com\/wp-content\/uploads\/2020\/05\/stab-6maj-3-300x222.jpg 300w, https:\/\/www.prijedordanas.com\/wp-content\/uploads\/2020\/05\/stab-6maj-3.jpg 675w\" sizes=\"(max-width: 300px) 100vw, 300px\" \/><\/a>\u0160tab za vanredne situacije grada Prijedora oformio je danas radnu grupu koja ima obavezu da na bazi stanja i preporuka Instituta za javno zdravlje Republike Srpske pripremi prijedlog mjera u vezi sa uslovima i na\u010dinom rada Dje\u010dijeg vrti\u0107a &#8220;Radost&#8221; Prijedor u narednom periodu.<\/p>\n<p>&#8220;Rok za realizaciju ove aktivnosti je petak, 8. maj&#8221;, saop\u0161teno je nakon dana\u0161nje sjednice \u0160taba.<\/p>\n<p>Radnu grupu \u010dine na\u010delnik gradskog Odjeljenja za dru\u0161tvene djelatnosti Monja Kasalovi\u0107, epidemiolog Doma zdravlja Prijedor Milica Otkovi\u0107 i \u0161ef prijedorskog Odsjeka civilne za\u0161tite Du\u0161an Vranje\u0161.<\/p>\n<p>Dje\u010dji vrti\u0107 &#8220;Radost&#8221; Prijedor ju\u010de se obratio gradskom \u0160tabu za vanredne situacije sa zahtjevom da se daju instrukcije za dalje postupanje i rad ove ustanove.<\/p>\n<p>Gradski \u0160tab je saop\u0161tio i da je Republi\u010dki \u0161tab za vanredne situacije donio zaklju\u010dke o raspodjeli doniranih sredstava, kojima se bolnici &#8220;Doktor Mladen Stojanovi\u0107\u201c Prijedor dodjeljuju monitor za pra\u0107enje vitalnih funkcija pacijenata i dva respiratora \/model JX100 ventilator\/.<\/p>\n<p>SRNA<\/p>\n<p><a href=\"https:\/\/www.prijedordanas.com\/wp-content\/uploads\/2020\/05\/stab-6maj-7.jpg\"><img loading=\"lazy\" decoding=\"async\" class=\"alignleft size-medium wp-image-146831\" src=\"https:\/\/www.prijedordanas.com\/wp-content\/uploads\/2020\/05\/stab-6maj-7-300x200.jpg\" alt=\"\" width=\"300\" height=\"200\" srcset=\"https:\/\/www.prijedordanas.com\/wp-content\/uploads\/2020\/05\/stab-6maj-7-300x200.jpg 300w, https:\/\/www.prijedordanas.com\/wp-content\/uploads\/2020\/05\/stab-6maj-7-480x320.jpg 480w, https:\/\/www.prijedordanas.com\/wp-content\/uploads\/2020\/05\/stab-6maj-7.jpg 600w\" sizes=\"(max-width: 300px) 100vw, 300px\" \/><\/a> <a href=\"https:\/\/www.prijedordanas.com\/wp-content\/uploads\/2020\/05\/stab-6maj-9.jpg\"><img loading=\"lazy\" decoding=\"async\" class=\"alignleft size-medium wp-image-146832\" src=\"https:\/\/www.prijedordanas.com\/wp-content\/uploads\/2020\/05\/stab-6maj-9-300x200.jpg\" alt=\"\" width=\"300\" height=\"200\" srcset=\"https:\/\/www.prijedordanas.com\/wp-content\/uploads\/2020\/05\/stab-6maj-9-300x200.jpg 300w, https:\/\/www.prijedordanas.com\/wp-content\/uploads\/2020\/05\/stab-6maj-9-480x320.jpg 480w, https:\/\/www.prijedordanas.com\/wp-content\/uploads\/2020\/05\/stab-6maj-9.jpg 600w\" sizes=\"(max-width: 300px) 100vw, 300px\" \/><\/a><\/p>\n","protected":false},"excerpt":{"rendered":"<p>\u0160tab za vanredne situacije grada Prijedora oformio je danas radnu grupu koja ima obavezu da na bazi stanja i preporuka Instituta za javno zdravlje Republike Srpske pripremi prijedlog mjera u [&hellip;]<\/p>\n","protected":false},"author":1,"featured_media":0,"comment_status":"closed","ping_status":"open","sticky":false,"template":"","format":"standard","meta":{"_monsterinsights_skip_tracking":false,"_monsterinsights_sitenote_active":false,"_monsterinsights_sitenote_note":"","_monsterinsights_sitenote_category":0,"footnotes":""},"categories":[8],"tags":[11081,11120,1024],"yoast_head":"<!-- This site is optimized with the Yoast SEO plugin v21.6 - https:\/\/yoast.com\/wordpress\/plugins\/seo\/ -->\n<title>Prijedor: Do kraja sedmice bi\u0107e poznate mjere, uslovi i na\u010din rada vrti\u0107a - PrijedorDanas.com - Prijedorski gradski portal<\/title>\n<meta name=\"robots\" content=\"index, follow, max-snippet:-1, max-image-preview:large, max-video-preview:-1\" \/>\n<link rel=\"canonical\" href=\"https:\/\/www.prijedordanas.com\/?p=146829\" \/>\n<meta property=\"og:locale\" content=\"en_US\" \/>\n<meta property=\"og:type\" content=\"article\" \/>\n<meta property=\"og:title\" content=\"Prijedor: Do kraja sedmice bi\u0107e poznate mjere, uslovi i na\u010din rada vrti\u0107a - PrijedorDanas.com - Prijedorski gradski portal\" \/>\n<meta property=\"og:description\" content=\"\u0160tab za vanredne situacije grada Prijedora oformio je danas radnu grupu koja ima obavezu da na bazi stanja i preporuka Instituta za javno zdravlje Republike Srpske pripremi prijedlog mjera u [&hellip;]\" \/>\n<meta property=\"og:url\" content=\"https:\/\/www.prijedordanas.com\/?p=146829\" \/>\n<meta property=\"og:site_name\" content=\"PrijedorDanas.com - Prijedorski gradski portal\" \/>\n<meta property=\"article:publisher\" content=\"https:\/\/www.facebook.com\/PrijedorDanasCom\/\" \/>\n<meta property=\"article:published_time\" content=\"2020-05-06T18:30:50+00:00\" \/>\n<meta property=\"og:image\" content=\"https:\/\/www.prijedordanas.com\/wp-content\/uploads\/2020\/05\/stab-6maj-3-300x222.jpg\" \/>\n<meta name=\"author\" content=\"admin\" \/>\n<meta name=\"twitter:card\" content=\"summary_large_image\" \/>\n<meta name=\"twitter:label1\" content=\"Written by\" \/>\n\t<meta name=\"twitter:data1\" content=\"admin\" \/>\n\t<meta name=\"twitter:label2\" content=\"Est. reading time\" \/>\n\t<meta name=\"twitter:data2\" content=\"1 minute\" \/>\n<script type=\"application\/ld+json\" class=\"yoast-schema-graph\">{\"@context\":\"https:\/\/schema.org\",\"@graph\":[{\"@type\":\"Article\",\"@id\":\"https:\/\/www.prijedordanas.com\/?p=146829#article\",\"isPartOf\":{\"@id\":\"https:\/\/www.prijedordanas.com\/?p=146829\"},\"author\":{\"name\":\"admin\",\"@id\":\"https:\/\/www.prijedordanas.com\/#\/schema\/person\/4e08ccf29b506ca916ff86d46bb700e6\"},\"headline\":\"Prijedor: Do kraja sedmice bi\u0107e poznate mjere, uslovi i na\u010din rada vrti\u0107a\",\"datePublished\":\"2020-05-06T18:30:50+00:00\",\"dateModified\":\"2020-05-06T18:30:50+00:00\",\"mainEntityOfPage\":{\"@id\":\"https:\/\/www.prijedordanas.com\/?p=146829\"},\"wordCount\":176,\"publisher\":{\"@id\":\"https:\/\/www.prijedordanas.com\/#organization\"},\"keywords\":[\"korona\",\"\u0160tab za vanredne situacije grada Prijedora\",\"vrti\u0107\"],\"articleSection\":[\"Svakodnevno\"],\"inLanguage\":\"en-US\"},{\"@type\":\"WebPage\",\"@id\":\"https:\/\/www.prijedordanas.com\/?p=146829\",\"url\":\"https:\/\/www.prijedordanas.com\/?p=146829\",\"name\":\"Prijedor: Do kraja sedmice bi\u0107e poznate mjere, uslovi i na\u010din rada vrti\u0107a - PrijedorDanas.com - Prijedorski gradski portal\",\"isPartOf\":{\"@id\":\"https:\/\/www.prijedordanas.com\/#website\"},\"datePublished\":\"2020-05-06T18:30:50+00:00\",\"dateModified\":\"2020-05-06T18:30:50+00:00\",\"breadcrumb\":{\"@id\":\"https:\/\/www.prijedordanas.com\/?p=146829#breadcrumb\"},\"inLanguage\":\"en-US\",\"potentialAction\":[{\"@type\":\"ReadAction\",\"target\":[\"https:\/\/www.prijedordanas.com\/?p=146829\"]}]},{\"@type\":\"BreadcrumbList\",\"@id\":\"https:\/\/www.prijedordanas.com\/?p=146829#breadcrumb\",\"itemListElement\":[{\"@type\":\"ListItem\",\"position\":1,\"name\":\"Home\",\"item\":\"https:\/\/www.prijedordanas.com\/\"},{\"@type\":\"ListItem\",\"position\":2,\"name\":\"Prijedor: Do kraja sedmice bi\u0107e poznate mjere, uslovi i na\u010din rada vrti\u0107a\"}]},{\"@type\":\"WebSite\",\"@id\":\"https:\/\/www.prijedordanas.com\/#website\",\"url\":\"https:\/\/www.prijedordanas.com\/\",\"name\":\"PrijedorDanas.com - Prijedorski gradski portal\",\"description\":\"Portal o doga\u0111anjima u gradu Prijedoru\",\"publisher\":{\"@id\":\"https:\/\/www.prijedordanas.com\/#organization\"},\"potentialAction\":[{\"@type\":\"SearchAction\",\"target\":{\"@type\":\"EntryPoint\",\"urlTemplate\":\"https:\/\/www.prijedordanas.com\/?s={search_term_string}\"},\"query-input\":\"required name=search_term_string\"}],\"inLanguage\":\"en-US\"},{\"@type\":\"Organization\",\"@id\":\"https:\/\/www.prijedordanas.com\/#organization\",\"name\":\"PrijedorDanas.com\",\"url\":\"https:\/\/www.prijedordanas.com\/\",\"logo\":{\"@type\":\"ImageObject\",\"inLanguage\":\"en-US\",\"@id\":\"https:\/\/www.prijedordanas.com\/#\/schema\/logo\/image\/\",\"url\":\"http:\/\/www.prijedordanas.com\/wp-content\/uploads\/2021\/12\/logopng.png\",\"contentUrl\":\"http:\/\/www.prijedordanas.com\/wp-content\/uploads\/2021\/12\/logopng.png\",\"width\":1019,\"height\":776,\"caption\":\"PrijedorDanas.com\"},\"image\":{\"@id\":\"https:\/\/www.prijedordanas.com\/#\/schema\/logo\/image\/\"},\"sameAs\":[\"https:\/\/www.facebook.com\/PrijedorDanasCom\/\"]},{\"@type\":\"Person\",\"@id\":\"https:\/\/www.prijedordanas.com\/#\/schema\/person\/4e08ccf29b506ca916ff86d46bb700e6\",\"name\":\"admin\",\"image\":{\"@type\":\"ImageObject\",\"inLanguage\":\"en-US\",\"@id\":\"https:\/\/www.prijedordanas.com\/#\/schema\/person\/image\/\",\"url\":\"https:\/\/secure.gravatar.com\/avatar\/1d3fc949d550f0b53a5f0d51e06dfd79?s=96&d=mm&r=g\",\"contentUrl\":\"https:\/\/secure.gravatar.com\/avatar\/1d3fc949d550f0b53a5f0d51e06dfd79?s=96&d=mm&r=g\",\"caption\":\"admin\"},\"url\":\"https:\/\/www.prijedordanas.com\/?author=1\"}]}<\/script>\n<!-- \/ Yoast SEO plugin. -->","yoast_head_json":{"title":"Prijedor: Do kraja sedmice bi\u0107e poznate mjere, uslovi i na\u010din rada vrti\u0107a - PrijedorDanas.com - Prijedorski gradski portal","robots":{"index":"index","follow":"follow","max-snippet":"max-snippet:-1","max-image-preview":"max-image-preview:large","max-video-preview":"max-video-preview:-1"},"canonical":"https:\/\/www.prijedordanas.com\/?p=146829","og_locale":"en_US","og_type":"article","og_title":"Prijedor: Do kraja sedmice bi\u0107e poznate mjere, uslovi i na\u010din rada vrti\u0107a - PrijedorDanas.com - Prijedorski gradski portal","og_description":"\u0160tab za vanredne situacije grada Prijedora oformio je danas radnu grupu koja ima obavezu da na bazi stanja i preporuka Instituta za javno zdravlje Republike Srpske pripremi prijedlog mjera u [&hellip;]","og_url":"https:\/\/www.prijedordanas.com\/?p=146829","og_site_name":"PrijedorDanas.com - Prijedorski gradski portal","article_publisher":"https:\/\/www.facebook.com\/PrijedorDanasCom\/","article_published_time":"2020-05-06T18:30:50+00:00","og_image":[{"url":"https:\/\/www.prijedordanas.com\/wp-content\/uploads\/2020\/05\/stab-6maj-3-300x222.jpg"}],"author":"admin","twitter_card":"summary_large_image","twitter_misc":{"Written by":"admin","Est. reading time":"1 minute"},"schema":{"@context":"https:\/\/schema.org","@graph":[{"@type":"Article","@id":"https:\/\/www.prijedordanas.com\/?p=146829#article","isPartOf":{"@id":"https:\/\/www.prijedordanas.com\/?p=146829"},"author":{"name":"admin","@id":"https:\/\/www.prijedordanas.com\/#\/schema\/person\/4e08ccf29b506ca916ff86d46bb700e6"},"headline":"Prijedor: Do kraja sedmice bi\u0107e poznate mjere, uslovi i na\u010din rada vrti\u0107a","datePublished":"2020-05-06T18:30:50+00:00","dateModified":"2020-05-06T18:30:50+00:00","mainEntityOfPage":{"@id":"https:\/\/www.prijedordanas.com\/?p=146829"},"wordCount":176,"publisher":{"@id":"https:\/\/www.prijedordanas.com\/#organization"},"keywords":["korona","\u0160tab za vanredne situacije grada Prijedora","vrti\u0107"],"articleSection":["Svakodnevno"],"inLanguage":"en-US"},{"@type":"WebPage","@id":"https:\/\/www.prijedordanas.com\/?p=146829","url":"https:\/\/www.prijedordanas.com\/?p=146829","name":"Prijedor: Do kraja sedmice bi\u0107e poznate mjere, uslovi i na\u010din rada vrti\u0107a - PrijedorDanas.com - Prijedorski gradski portal","isPartOf":{"@id":"https:\/\/www.prijedordanas.com\/#website"},"datePublished":"2020-05-06T18:30:50+00:00","dateModified":"2020-05-06T18:30:50+00:00","breadcrumb":{"@id":"https:\/\/www.prijedordanas.com\/?p=146829#breadcrumb"},"inLanguage":"en-US","potentialAction":[{"@type":"ReadAction","target":["https:\/\/www.prijedordanas.com\/?p=146829"]}]},{"@type":"BreadcrumbList","@id":"https:\/\/www.prijedordanas.com\/?p=146829#breadcrumb","itemListElement":[{"@type":"ListItem","position":1,"name":"Home","item":"https:\/\/www.prijedordanas.com\/"},{"@type":"ListItem","position":2,"name":"Prijedor: Do kraja sedmice bi\u0107e poznate mjere, uslovi i na\u010din rada vrti\u0107a"}]},{"@type":"WebSite","@id":"https:\/\/www.prijedordanas.com\/#website","url":"https:\/\/www.prijedordanas.com\/","name":"PrijedorDanas.com - Prijedorski gradski portal","description":"Portal o doga\u0111anjima u gradu Prijedoru","publisher":{"@id":"https:\/\/www.prijedordanas.com\/#organization"},"potentialAction":[{"@type":"SearchAction","target":{"@type":"EntryPoint","urlTemplate":"https:\/\/www.prijedordanas.com\/?s={search_term_string}"},"query-input":"required name=search_term_string"}],"inLanguage":"en-US"},{"@type":"Organization","@id":"https:\/\/www.prijedordanas.com\/#organization","name":"PrijedorDanas.com","url":"https:\/\/www.prijedordanas.com\/","logo":{"@type":"ImageObject","inLanguage":"en-US","@id":"https:\/\/www.prijedordanas.com\/#\/schema\/logo\/image\/","url":"http:\/\/www.prijedordanas.com\/wp-content\/uploads\/2021\/12\/logopng.png","contentUrl":"http:\/\/www.prijedordanas.com\/wp-content\/uploads\/2021\/12\/logopng.png","width":1019,"height":776,"caption":"PrijedorDanas.com"},"image":{"@id":"https:\/\/www.prijedordanas.com\/#\/schema\/logo\/image\/"},"sameAs":["https:\/\/www.facebook.com\/PrijedorDanasCom\/"]},{"@type":"Person","@id":"https:\/\/www.prijedordanas.com\/#\/schema\/person\/4e08ccf29b506ca916ff86d46bb700e6","name":"admin","image":{"@type":"ImageObject","inLanguage":"en-US","@id":"https:\/\/www.prijedordanas.com\/#\/schema\/person\/image\/","url":"https:\/\/secure.gravatar.com\/avatar\/1d3fc949d550f0b53a5f0d51e06dfd79?s=96&d=mm&r=g","contentUrl":"https:\/\/secure.gravatar.com\/avatar\/1d3fc949d550f0b53a5f0d51e06dfd79?s=96&d=mm&r=g","caption":"admin"},"url":"https:\/\/www.prijedordanas.com\/?author=1"}]}},"_links":{"self":[{"href":"https:\/\/www.prijedordanas.com\/index.php?rest_route=\/wp\/v2\/posts\/146829"}],"collection":[{"href":"https:\/\/www.prijedordanas.com\/index.php?rest_route=\/wp\/v2\/posts"}],"about":[{"href":"https:\/\/www.prijedordanas.com\/index.php?rest_route=\/wp\/v2\/types\/post"}],"author":[{"embeddable":true,"href":"https:\/\/www.prijedordanas.com\/index.php?rest_route=\/wp\/v2\/users\/1"}],"replies":[{"embeddable":true,"href":"https:\/\/www.prijedordanas.com\/index.php?rest_route=%2Fwp%2Fv2%2Fcomments&post=146829"}],"version-history":[{"count":1,"href":"https:\/\/www.prijedordanas.com\/index.php?rest_route=\/wp\/v2\/posts\/146829\/revisions"}],"predecessor-version":[{"id":146833,"href":"https:\/\/www.prijedordanas.com\/index.php?rest_route=\/wp\/v2\/posts\/146829\/revisions\/146833"}],"wp:attachment":[{"href":"https:\/\/www.prijedordanas.com\/index.php?rest_route=%2Fwp%2Fv2%2Fmedia&parent=146829"}],"wp:term":[{"taxonomy":"category","embeddable":true,"href":"https:\/\/www.prijedordanas.com\/index.php?rest_route=%2Fwp%2Fv2%2Fcategories&post=146829"},{"taxonomy":"post_tag","embeddable":true,"href":"https:\/\/www.prijedordanas.com\/index.php?rest_route=%2Fwp%2Fv2%2Ftags&post=146829"}],"curies":[{"name":"wp","href":"https:\/\/api.w.org\/{rel}","templated":true}]}}