{"id":146583,"date":"2020-05-02T21:28:17","date_gmt":"2020-05-02T19:28:17","guid":{"rendered":"https:\/\/www.prijedordanas.com\/?p=146583"},"modified":"2020-05-02T21:28:17","modified_gmt":"2020-05-02T19:28:17","slug":"moja-apoteka-urucene-donacije-za-cetiri-doma-zdravlja-medu-kojima-je-i-prijedorski","status":"publish","type":"post","link":"https:\/\/www.prijedordanas.com\/?p=146583","title":{"rendered":"&#8220;Moja apoteka&#8221;: Uru\u010dene donacije za \u010detiri doma zdravlja me\u0111u kojima je i prijedorski"},"content":{"rendered":"<p><a href=\"https:\/\/www.prijedordanas.com\/wp-content\/uploads\/2020\/05\/moja-apoteka-donacija-dom-zdravlja-prijedor.jpg\"><img loading=\"lazy\" decoding=\"async\" src=\"https:\/\/www.prijedordanas.com\/wp-content\/uploads\/2020\/05\/moja-apoteka-donacija-dom-zdravlja-prijedor-300x222.jpg\" alt=\"\" width=\"300\" height=\"222\" class=\"alignleft size-medium wp-image-146584\" srcset=\"https:\/\/www.prijedordanas.com\/wp-content\/uploads\/2020\/05\/moja-apoteka-donacija-dom-zdravlja-prijedor-300x222.jpg 300w, https:\/\/www.prijedordanas.com\/wp-content\/uploads\/2020\/05\/moja-apoteka-donacija-dom-zdravlja-prijedor.jpg 675w\" sizes=\"(max-width: 300px) 100vw, 300px\" \/><\/a>Direktorica Zdravstvene ustanove &#8220;Moja apoteka&#8221; Nata\u0161a Stanojevi\u0107 posjetila je domove zdravlja u Prijedoru, Gradi\u0161ci, Lakta\u0161ima i \u010celincu i uru\u010dila specijalne medicinske maske za sve radnike ovih zdravstvenih ustanova, kao i zna\u010dajne robne donacije neophodne za rad, u vrijednosti vi\u0161e hiljada maraka.<\/p>\n<p>Ova zdravstvena ustanova ranije je najavila da \u0107e uru\u010diti donacije u vrijednosti od 100.000 KM domovima zdravlja u vi\u0161e od 20 op\u0161tina u Republici Srpskoj povodom borbe protiv virusa korona.<\/p>\n<p>&#8220;Podsje\u0107amo da je planirana podjela 5.000 specijalnih vi\u0161ekratnih medicinskih maski svim zaposlenim radnicima ovih domova zdravlja za \u010diju nabavku su ulo\u017eeni veliki napori &#8220;, saop\u0161teno je iz &#8220;Moje apoteke&#8221;.<\/p>\n<p>Kako vlasnik Strahinja Kujund\u017ei\u0107 i direktorica ZU &#8220;Moja apoteka&#8221; Nata\u0161a Stanojevi\u0107 isti\u010du, cilj im je ukazati na zna\u010daj svih zaposlenih u Domovima zdravlja i svojim primjerom pozvati i druge privredne subjekte na sli\u010dan poduhvat, u skladu sa njihovim mogu\u0107nostima.<\/p>\n<p>&#8220;Direktori Domova zdravlja, kao i ostalo radno osoblje iskazali su veliku zahvalnost na ovom gestu i uprkos vanrednim okolnostima, u kojima se nalazimo, pokazali izuzetno gostoprimstvo&#8221;, navode iz &#8220;Moje apoteke&#8221;.<\/p>\n<p>Nezavisne novine<\/p>\n","protected":false},"excerpt":{"rendered":"<p>Direktorica Zdravstvene ustanove &#8220;Moja apoteka&#8221; Nata\u0161a Stanojevi\u0107 posjetila je domove zdravlja u Prijedoru, Gradi\u0161ci, Lakta\u0161ima i \u010celincu i uru\u010dila specijalne medicinske maske za sve radnike ovih zdravstvenih ustanova, kao i [&hellip;]<\/p>\n","protected":false},"author":1,"featured_media":0,"comment_status":"closed","ping_status":"open","sticky":false,"template":"","format":"standard","meta":{"_monsterinsights_skip_tracking":false,"_monsterinsights_sitenote_active":false,"_monsterinsights_sitenote_note":"","_monsterinsights_sitenote_category":0,"footnotes":""},"categories":[8],"tags":[662],"yoast_head":"<!-- This site is optimized with the Yoast SEO plugin v21.6 - https:\/\/yoast.com\/wordpress\/plugins\/seo\/ -->\n<title>&quot;Moja apoteka&quot;: Uru\u010dene donacije za \u010detiri doma zdravlja me\u0111u kojima je i prijedorski - PrijedorDanas.com - Prijedorski gradski portal<\/title>\n<meta name=\"robots\" content=\"index, follow, max-snippet:-1, max-image-preview:large, max-video-preview:-1\" \/>\n<link rel=\"canonical\" href=\"https:\/\/www.prijedordanas.com\/?p=146583\" \/>\n<meta property=\"og:locale\" content=\"en_US\" \/>\n<meta property=\"og:type\" content=\"article\" \/>\n<meta property=\"og:title\" content=\"&quot;Moja apoteka&quot;: Uru\u010dene donacije za \u010detiri doma zdravlja me\u0111u kojima je i prijedorski - PrijedorDanas.com - Prijedorski gradski portal\" \/>\n<meta property=\"og:description\" content=\"Direktorica Zdravstvene ustanove &#8220;Moja apoteka&#8221; Nata\u0161a Stanojevi\u0107 posjetila je domove zdravlja u Prijedoru, Gradi\u0161ci, Lakta\u0161ima i \u010celincu i uru\u010dila specijalne medicinske maske za sve radnike ovih zdravstvenih ustanova, kao i [&hellip;]\" \/>\n<meta property=\"og:url\" content=\"https:\/\/www.prijedordanas.com\/?p=146583\" \/>\n<meta property=\"og:site_name\" content=\"PrijedorDanas.com - Prijedorski gradski portal\" \/>\n<meta property=\"article:publisher\" content=\"https:\/\/www.facebook.com\/PrijedorDanasCom\/\" \/>\n<meta property=\"article:published_time\" content=\"2020-05-02T19:28:17+00:00\" \/>\n<meta property=\"og:image\" content=\"https:\/\/www.prijedordanas.com\/wp-content\/uploads\/2020\/05\/moja-apoteka-donacija-dom-zdravlja-prijedor-300x222.jpg\" \/>\n<meta name=\"author\" content=\"admin\" \/>\n<meta name=\"twitter:card\" content=\"summary_large_image\" \/>\n<meta name=\"twitter:label1\" content=\"Written by\" \/>\n\t<meta name=\"twitter:data1\" content=\"admin\" \/>\n\t<meta name=\"twitter:label2\" content=\"Est. reading time\" \/>\n\t<meta name=\"twitter:data2\" content=\"1 minute\" \/>\n<script type=\"application\/ld+json\" class=\"yoast-schema-graph\">{\"@context\":\"https:\/\/schema.org\",\"@graph\":[{\"@type\":\"Article\",\"@id\":\"https:\/\/www.prijedordanas.com\/?p=146583#article\",\"isPartOf\":{\"@id\":\"https:\/\/www.prijedordanas.com\/?p=146583\"},\"author\":{\"name\":\"admin\",\"@id\":\"https:\/\/www.prijedordanas.com\/#\/schema\/person\/4e08ccf29b506ca916ff86d46bb700e6\"},\"headline\":\"&#8220;Moja apoteka&#8221;: Uru\u010dene donacije za \u010detiri doma zdravlja me\u0111u kojima je i prijedorski\",\"datePublished\":\"2020-05-02T19:28:17+00:00\",\"dateModified\":\"2020-05-02T19:28:17+00:00\",\"mainEntityOfPage\":{\"@id\":\"https:\/\/www.prijedordanas.com\/?p=146583\"},\"wordCount\":201,\"publisher\":{\"@id\":\"https:\/\/www.prijedordanas.com\/#organization\"},\"keywords\":[\"donacija\"],\"articleSection\":[\"Svakodnevno\"],\"inLanguage\":\"en-US\"},{\"@type\":\"WebPage\",\"@id\":\"https:\/\/www.prijedordanas.com\/?p=146583\",\"url\":\"https:\/\/www.prijedordanas.com\/?p=146583\",\"name\":\"\\\"Moja apoteka\\\": Uru\u010dene donacije za \u010detiri doma zdravlja me\u0111u kojima je i prijedorski - PrijedorDanas.com - Prijedorski gradski portal\",\"isPartOf\":{\"@id\":\"https:\/\/www.prijedordanas.com\/#website\"},\"datePublished\":\"2020-05-02T19:28:17+00:00\",\"dateModified\":\"2020-05-02T19:28:17+00:00\",\"breadcrumb\":{\"@id\":\"https:\/\/www.prijedordanas.com\/?p=146583#breadcrumb\"},\"inLanguage\":\"en-US\",\"potentialAction\":[{\"@type\":\"ReadAction\",\"target\":[\"https:\/\/www.prijedordanas.com\/?p=146583\"]}]},{\"@type\":\"BreadcrumbList\",\"@id\":\"https:\/\/www.prijedordanas.com\/?p=146583#breadcrumb\",\"itemListElement\":[{\"@type\":\"ListItem\",\"position\":1,\"name\":\"Home\",\"item\":\"https:\/\/www.prijedordanas.com\/\"},{\"@type\":\"ListItem\",\"position\":2,\"name\":\"&#8220;Moja apoteka&#8221;: Uru\u010dene donacije za \u010detiri doma zdravlja me\u0111u kojima je i prijedorski\"}]},{\"@type\":\"WebSite\",\"@id\":\"https:\/\/www.prijedordanas.com\/#website\",\"url\":\"https:\/\/www.prijedordanas.com\/\",\"name\":\"PrijedorDanas.com - Prijedorski gradski portal\",\"description\":\"Portal o doga\u0111anjima u gradu Prijedoru\",\"publisher\":{\"@id\":\"https:\/\/www.prijedordanas.com\/#organization\"},\"potentialAction\":[{\"@type\":\"SearchAction\",\"target\":{\"@type\":\"EntryPoint\",\"urlTemplate\":\"https:\/\/www.prijedordanas.com\/?s={search_term_string}\"},\"query-input\":\"required name=search_term_string\"}],\"inLanguage\":\"en-US\"},{\"@type\":\"Organization\",\"@id\":\"https:\/\/www.prijedordanas.com\/#organization\",\"name\":\"PrijedorDanas.com\",\"url\":\"https:\/\/www.prijedordanas.com\/\",\"logo\":{\"@type\":\"ImageObject\",\"inLanguage\":\"en-US\",\"@id\":\"https:\/\/www.prijedordanas.com\/#\/schema\/logo\/image\/\",\"url\":\"http:\/\/www.prijedordanas.com\/wp-content\/uploads\/2021\/12\/logopng.png\",\"contentUrl\":\"http:\/\/www.prijedordanas.com\/wp-content\/uploads\/2021\/12\/logopng.png\",\"width\":1019,\"height\":776,\"caption\":\"PrijedorDanas.com\"},\"image\":{\"@id\":\"https:\/\/www.prijedordanas.com\/#\/schema\/logo\/image\/\"},\"sameAs\":[\"https:\/\/www.facebook.com\/PrijedorDanasCom\/\"]},{\"@type\":\"Person\",\"@id\":\"https:\/\/www.prijedordanas.com\/#\/schema\/person\/4e08ccf29b506ca916ff86d46bb700e6\",\"name\":\"admin\",\"image\":{\"@type\":\"ImageObject\",\"inLanguage\":\"en-US\",\"@id\":\"https:\/\/www.prijedordanas.com\/#\/schema\/person\/image\/\",\"url\":\"https:\/\/secure.gravatar.com\/avatar\/1d3fc949d550f0b53a5f0d51e06dfd79?s=96&d=mm&r=g\",\"contentUrl\":\"https:\/\/secure.gravatar.com\/avatar\/1d3fc949d550f0b53a5f0d51e06dfd79?s=96&d=mm&r=g\",\"caption\":\"admin\"},\"url\":\"https:\/\/www.prijedordanas.com\/?author=1\"}]}<\/script>\n<!-- \/ Yoast SEO plugin. -->","yoast_head_json":{"title":"\"Moja apoteka\": Uru\u010dene donacije za \u010detiri doma zdravlja me\u0111u kojima je i prijedorski - PrijedorDanas.com - Prijedorski gradski portal","robots":{"index":"index","follow":"follow","max-snippet":"max-snippet:-1","max-image-preview":"max-image-preview:large","max-video-preview":"max-video-preview:-1"},"canonical":"https:\/\/www.prijedordanas.com\/?p=146583","og_locale":"en_US","og_type":"article","og_title":"\"Moja apoteka\": Uru\u010dene donacije za \u010detiri doma zdravlja me\u0111u kojima je i prijedorski - PrijedorDanas.com - Prijedorski gradski portal","og_description":"Direktorica Zdravstvene ustanove &#8220;Moja apoteka&#8221; Nata\u0161a Stanojevi\u0107 posjetila je domove zdravlja u Prijedoru, Gradi\u0161ci, Lakta\u0161ima i \u010celincu i uru\u010dila specijalne medicinske maske za sve radnike ovih zdravstvenih ustanova, kao i [&hellip;]","og_url":"https:\/\/www.prijedordanas.com\/?p=146583","og_site_name":"PrijedorDanas.com - Prijedorski gradski portal","article_publisher":"https:\/\/www.facebook.com\/PrijedorDanasCom\/","article_published_time":"2020-05-02T19:28:17+00:00","og_image":[{"url":"https:\/\/www.prijedordanas.com\/wp-content\/uploads\/2020\/05\/moja-apoteka-donacija-dom-zdravlja-prijedor-300x222.jpg"}],"author":"admin","twitter_card":"summary_large_image","twitter_misc":{"Written by":"admin","Est. reading time":"1 minute"},"schema":{"@context":"https:\/\/schema.org","@graph":[{"@type":"Article","@id":"https:\/\/www.prijedordanas.com\/?p=146583#article","isPartOf":{"@id":"https:\/\/www.prijedordanas.com\/?p=146583"},"author":{"name":"admin","@id":"https:\/\/www.prijedordanas.com\/#\/schema\/person\/4e08ccf29b506ca916ff86d46bb700e6"},"headline":"&#8220;Moja apoteka&#8221;: Uru\u010dene donacije za \u010detiri doma zdravlja me\u0111u kojima je i prijedorski","datePublished":"2020-05-02T19:28:17+00:00","dateModified":"2020-05-02T19:28:17+00:00","mainEntityOfPage":{"@id":"https:\/\/www.prijedordanas.com\/?p=146583"},"wordCount":201,"publisher":{"@id":"https:\/\/www.prijedordanas.com\/#organization"},"keywords":["donacija"],"articleSection":["Svakodnevno"],"inLanguage":"en-US"},{"@type":"WebPage","@id":"https:\/\/www.prijedordanas.com\/?p=146583","url":"https:\/\/www.prijedordanas.com\/?p=146583","name":"\"Moja apoteka\": Uru\u010dene donacije za \u010detiri doma zdravlja me\u0111u kojima je i prijedorski - PrijedorDanas.com - Prijedorski gradski portal","isPartOf":{"@id":"https:\/\/www.prijedordanas.com\/#website"},"datePublished":"2020-05-02T19:28:17+00:00","dateModified":"2020-05-02T19:28:17+00:00","breadcrumb":{"@id":"https:\/\/www.prijedordanas.com\/?p=146583#breadcrumb"},"inLanguage":"en-US","potentialAction":[{"@type":"ReadAction","target":["https:\/\/www.prijedordanas.com\/?p=146583"]}]},{"@type":"BreadcrumbList","@id":"https:\/\/www.prijedordanas.com\/?p=146583#breadcrumb","itemListElement":[{"@type":"ListItem","position":1,"name":"Home","item":"https:\/\/www.prijedordanas.com\/"},{"@type":"ListItem","position":2,"name":"&#8220;Moja apoteka&#8221;: Uru\u010dene donacije za \u010detiri doma zdravlja me\u0111u kojima je i prijedorski"}]},{"@type":"WebSite","@id":"https:\/\/www.prijedordanas.com\/#website","url":"https:\/\/www.prijedordanas.com\/","name":"PrijedorDanas.com - Prijedorski gradski portal","description":"Portal o doga\u0111anjima u gradu Prijedoru","publisher":{"@id":"https:\/\/www.prijedordanas.com\/#organization"},"potentialAction":[{"@type":"SearchAction","target":{"@type":"EntryPoint","urlTemplate":"https:\/\/www.prijedordanas.com\/?s={search_term_string}"},"query-input":"required name=search_term_string"}],"inLanguage":"en-US"},{"@type":"Organization","@id":"https:\/\/www.prijedordanas.com\/#organization","name":"PrijedorDanas.com","url":"https:\/\/www.prijedordanas.com\/","logo":{"@type":"ImageObject","inLanguage":"en-US","@id":"https:\/\/www.prijedordanas.com\/#\/schema\/logo\/image\/","url":"http:\/\/www.prijedordanas.com\/wp-content\/uploads\/2021\/12\/logopng.png","contentUrl":"http:\/\/www.prijedordanas.com\/wp-content\/uploads\/2021\/12\/logopng.png","width":1019,"height":776,"caption":"PrijedorDanas.com"},"image":{"@id":"https:\/\/www.prijedordanas.com\/#\/schema\/logo\/image\/"},"sameAs":["https:\/\/www.facebook.com\/PrijedorDanasCom\/"]},{"@type":"Person","@id":"https:\/\/www.prijedordanas.com\/#\/schema\/person\/4e08ccf29b506ca916ff86d46bb700e6","name":"admin","image":{"@type":"ImageObject","inLanguage":"en-US","@id":"https:\/\/www.prijedordanas.com\/#\/schema\/person\/image\/","url":"https:\/\/secure.gravatar.com\/avatar\/1d3fc949d550f0b53a5f0d51e06dfd79?s=96&d=mm&r=g","contentUrl":"https:\/\/secure.gravatar.com\/avatar\/1d3fc949d550f0b53a5f0d51e06dfd79?s=96&d=mm&r=g","caption":"admin"},"url":"https:\/\/www.prijedordanas.com\/?author=1"}]}},"_links":{"self":[{"href":"https:\/\/www.prijedordanas.com\/index.php?rest_route=\/wp\/v2\/posts\/146583"}],"collection":[{"href":"https:\/\/www.prijedordanas.com\/index.php?rest_route=\/wp\/v2\/posts"}],"about":[{"href":"https:\/\/www.prijedordanas.com\/index.php?rest_route=\/wp\/v2\/types\/post"}],"author":[{"embeddable":true,"href":"https:\/\/www.prijedordanas.com\/index.php?rest_route=\/wp\/v2\/users\/1"}],"replies":[{"embeddable":true,"href":"https:\/\/www.prijedordanas.com\/index.php?rest_route=%2Fwp%2Fv2%2Fcomments&post=146583"}],"version-history":[{"count":1,"href":"https:\/\/www.prijedordanas.com\/index.php?rest_route=\/wp\/v2\/posts\/146583\/revisions"}],"predecessor-version":[{"id":146585,"href":"https:\/\/www.prijedordanas.com\/index.php?rest_route=\/wp\/v2\/posts\/146583\/revisions\/146585"}],"wp:attachment":[{"href":"https:\/\/www.prijedordanas.com\/index.php?rest_route=%2Fwp%2Fv2%2Fmedia&parent=146583"}],"wp:term":[{"taxonomy":"category","embeddable":true,"href":"https:\/\/www.prijedordanas.com\/index.php?rest_route=%2Fwp%2Fv2%2Fcategories&post=146583"},{"taxonomy":"post_tag","embeddable":true,"href":"https:\/\/www.prijedordanas.com\/index.php?rest_route=%2Fwp%2Fv2%2Ftags&post=146583"}],"curies":[{"name":"wp","href":"https:\/\/api.w.org\/{rel}","templated":true}]}}