{"id":146575,"date":"2020-05-02T20:45:01","date_gmt":"2020-05-02T18:45:01","guid":{"rendered":"https:\/\/www.prijedordanas.com\/?p=146575"},"modified":"2020-05-02T20:45:01","modified_gmt":"2020-05-02T18:45:01","slug":"za-1-maj-nisu-postovali-policijski-cas-zabranu-kretanja-prekrsio-201-gradanin-republike-srpske","status":"publish","type":"post","link":"https:\/\/www.prijedordanas.com\/?p=146575","title":{"rendered":"Za 1. maj nisu po\u0161tovali policijski \u010das: Zabranu kretanja prekr\u0161io 201 gra\u0111anin Republike Srpske"},"content":{"rendered":"<p><a href=\"https:\/\/www.prijedordanas.com\/wp-content\/uploads\/2019\/11\/blic-policija-rs.jpg\"><img loading=\"lazy\" decoding=\"async\" src=\"https:\/\/www.prijedordanas.com\/wp-content\/uploads\/2019\/11\/blic-policija-rs-300x217.jpg\" alt=\"\" width=\"300\" height=\"217\" class=\"alignleft size-medium wp-image-136795\" srcset=\"https:\/\/www.prijedordanas.com\/wp-content\/uploads\/2019\/11\/blic-policija-rs-300x217.jpg 300w, https:\/\/www.prijedordanas.com\/wp-content\/uploads\/2019\/11\/blic-policija-rs.jpg 692w\" sizes=\"(max-width: 300px) 100vw, 300px\" \/><\/a>Zabranu kretanja u Republici Srpskoj u protekla 24 \u010dasa prekr\u0161io je 201 gra\u0111anin, a evidentirano je i osam prekr\u0161aja zbog okupljanja vi\u0161e od tri osobe na javnom mjestu, saop\u0161teno je iz Ministarstva unutra\u0161njih poslova MUP Republike Srpske.<\/p>\n<p>Kr\u0161enje zabrane kretanja odnosilo se na zaklju\u010dak Republi\u010dkog \u0161taba za vanredne situacije za lica sa navr\u0161enih 65 godina \u017eivota i vi\u0161e, kao i na kr\u0161enje policijskog \u010dasa u periodu od 12.00 do 5.00 \u010dasova.<\/p>\n<p>Od ove zabrane izuzeta su lica kojima je poslodavac izdao potvrdu o potrebi kretanja zbog nesmetanog obavljanja procesa rada i lica kojima je MUP izdao dozvolu za kretanje.<\/p>\n<p>Iz MUP su podsjetili gra\u0111ane da je u Republici Srpskoj i danas i sutra na snazi zabrana kretanja u periodu od 12 \u010dasova do 5 \u010dasova narednog dana.<\/p>\n<p>MUP Republike Srpske apeluje da gra\u0111ani po\u0161tuju zaklju\u010dak Republi\u010dkog \u0161taba za vanredne situacije o obaveznom sprovo\u0111enju mjera za reagovanje na pojavu bolesti izazvane novim virusom korona.<\/p>\n<p>SRNA-srpskainfo.com<\/p>\n","protected":false},"excerpt":{"rendered":"<p>Zabranu kretanja u Republici Srpskoj u protekla 24 \u010dasa prekr\u0161io je 201 gra\u0111anin, a evidentirano je i osam prekr\u0161aja zbog okupljanja vi\u0161e od tri osobe na javnom mjestu, saop\u0161teno je [&hellip;]<\/p>\n","protected":false},"author":1,"featured_media":0,"comment_status":"closed","ping_status":"open","sticky":false,"template":"","format":"standard","meta":{"_monsterinsights_skip_tracking":false,"_monsterinsights_sitenote_active":false,"_monsterinsights_sitenote_note":"","_monsterinsights_sitenote_category":0,"footnotes":""},"categories":[5],"tags":[11081,11113],"yoast_head":"<!-- This site is optimized with the Yoast SEO plugin v21.6 - https:\/\/yoast.com\/wordpress\/plugins\/seo\/ -->\n<title>Za 1. maj nisu po\u0161tovali policijski \u010das: Zabranu kretanja prekr\u0161io 201 gra\u0111anin Republike Srpske - PrijedorDanas.com - Prijedorski gradski portal<\/title>\n<meta name=\"robots\" content=\"index, follow, max-snippet:-1, max-image-preview:large, max-video-preview:-1\" \/>\n<link rel=\"canonical\" href=\"https:\/\/www.prijedordanas.com\/?p=146575\" \/>\n<meta property=\"og:locale\" content=\"en_US\" \/>\n<meta property=\"og:type\" content=\"article\" \/>\n<meta property=\"og:title\" content=\"Za 1. maj nisu po\u0161tovali policijski \u010das: Zabranu kretanja prekr\u0161io 201 gra\u0111anin Republike Srpske - PrijedorDanas.com - Prijedorski gradski portal\" \/>\n<meta property=\"og:description\" content=\"Zabranu kretanja u Republici Srpskoj u protekla 24 \u010dasa prekr\u0161io je 201 gra\u0111anin, a evidentirano je i osam prekr\u0161aja zbog okupljanja vi\u0161e od tri osobe na javnom mjestu, saop\u0161teno je [&hellip;]\" \/>\n<meta property=\"og:url\" content=\"https:\/\/www.prijedordanas.com\/?p=146575\" \/>\n<meta property=\"og:site_name\" content=\"PrijedorDanas.com - Prijedorski gradski portal\" \/>\n<meta property=\"article:publisher\" content=\"https:\/\/www.facebook.com\/PrijedorDanasCom\/\" \/>\n<meta property=\"article:published_time\" content=\"2020-05-02T18:45:01+00:00\" \/>\n<meta property=\"og:image\" content=\"https:\/\/www.prijedordanas.com\/wp-content\/uploads\/2019\/11\/blic-policija-rs-300x217.jpg\" \/>\n<meta name=\"author\" content=\"admin\" \/>\n<meta name=\"twitter:card\" content=\"summary_large_image\" \/>\n<meta name=\"twitter:label1\" content=\"Written by\" \/>\n\t<meta name=\"twitter:data1\" content=\"admin\" \/>\n\t<meta name=\"twitter:label2\" content=\"Est. reading time\" \/>\n\t<meta name=\"twitter:data2\" content=\"1 minute\" \/>\n<script type=\"application\/ld+json\" class=\"yoast-schema-graph\">{\"@context\":\"https:\/\/schema.org\",\"@graph\":[{\"@type\":\"Article\",\"@id\":\"https:\/\/www.prijedordanas.com\/?p=146575#article\",\"isPartOf\":{\"@id\":\"https:\/\/www.prijedordanas.com\/?p=146575\"},\"author\":{\"name\":\"admin\",\"@id\":\"https:\/\/www.prijedordanas.com\/#\/schema\/person\/4e08ccf29b506ca916ff86d46bb700e6\"},\"headline\":\"Za 1. maj nisu po\u0161tovali policijski \u010das: Zabranu kretanja prekr\u0161io 201 gra\u0111anin Republike Srpske\",\"datePublished\":\"2020-05-02T18:45:01+00:00\",\"dateModified\":\"2020-05-02T18:45:01+00:00\",\"mainEntityOfPage\":{\"@id\":\"https:\/\/www.prijedordanas.com\/?p=146575\"},\"wordCount\":181,\"publisher\":{\"@id\":\"https:\/\/www.prijedordanas.com\/#organization\"},\"keywords\":[\"korona\",\"policijski \u010das\"],\"articleSection\":[\"Hronika\"],\"inLanguage\":\"en-US\"},{\"@type\":\"WebPage\",\"@id\":\"https:\/\/www.prijedordanas.com\/?p=146575\",\"url\":\"https:\/\/www.prijedordanas.com\/?p=146575\",\"name\":\"Za 1. maj nisu po\u0161tovali policijski \u010das: Zabranu kretanja prekr\u0161io 201 gra\u0111anin Republike Srpske - PrijedorDanas.com - Prijedorski gradski portal\",\"isPartOf\":{\"@id\":\"https:\/\/www.prijedordanas.com\/#website\"},\"datePublished\":\"2020-05-02T18:45:01+00:00\",\"dateModified\":\"2020-05-02T18:45:01+00:00\",\"breadcrumb\":{\"@id\":\"https:\/\/www.prijedordanas.com\/?p=146575#breadcrumb\"},\"inLanguage\":\"en-US\",\"potentialAction\":[{\"@type\":\"ReadAction\",\"target\":[\"https:\/\/www.prijedordanas.com\/?p=146575\"]}]},{\"@type\":\"BreadcrumbList\",\"@id\":\"https:\/\/www.prijedordanas.com\/?p=146575#breadcrumb\",\"itemListElement\":[{\"@type\":\"ListItem\",\"position\":1,\"name\":\"Home\",\"item\":\"https:\/\/www.prijedordanas.com\/\"},{\"@type\":\"ListItem\",\"position\":2,\"name\":\"Za 1. maj nisu po\u0161tovali policijski \u010das: Zabranu kretanja prekr\u0161io 201 gra\u0111anin Republike Srpske\"}]},{\"@type\":\"WebSite\",\"@id\":\"https:\/\/www.prijedordanas.com\/#website\",\"url\":\"https:\/\/www.prijedordanas.com\/\",\"name\":\"PrijedorDanas.com - Prijedorski gradski portal\",\"description\":\"Portal o doga\u0111anjima u gradu Prijedoru\",\"publisher\":{\"@id\":\"https:\/\/www.prijedordanas.com\/#organization\"},\"potentialAction\":[{\"@type\":\"SearchAction\",\"target\":{\"@type\":\"EntryPoint\",\"urlTemplate\":\"https:\/\/www.prijedordanas.com\/?s={search_term_string}\"},\"query-input\":\"required name=search_term_string\"}],\"inLanguage\":\"en-US\"},{\"@type\":\"Organization\",\"@id\":\"https:\/\/www.prijedordanas.com\/#organization\",\"name\":\"PrijedorDanas.com\",\"url\":\"https:\/\/www.prijedordanas.com\/\",\"logo\":{\"@type\":\"ImageObject\",\"inLanguage\":\"en-US\",\"@id\":\"https:\/\/www.prijedordanas.com\/#\/schema\/logo\/image\/\",\"url\":\"http:\/\/www.prijedordanas.com\/wp-content\/uploads\/2021\/12\/logopng.png\",\"contentUrl\":\"http:\/\/www.prijedordanas.com\/wp-content\/uploads\/2021\/12\/logopng.png\",\"width\":1019,\"height\":776,\"caption\":\"PrijedorDanas.com\"},\"image\":{\"@id\":\"https:\/\/www.prijedordanas.com\/#\/schema\/logo\/image\/\"},\"sameAs\":[\"https:\/\/www.facebook.com\/PrijedorDanasCom\/\"]},{\"@type\":\"Person\",\"@id\":\"https:\/\/www.prijedordanas.com\/#\/schema\/person\/4e08ccf29b506ca916ff86d46bb700e6\",\"name\":\"admin\",\"image\":{\"@type\":\"ImageObject\",\"inLanguage\":\"en-US\",\"@id\":\"https:\/\/www.prijedordanas.com\/#\/schema\/person\/image\/\",\"url\":\"https:\/\/secure.gravatar.com\/avatar\/1d3fc949d550f0b53a5f0d51e06dfd79?s=96&d=mm&r=g\",\"contentUrl\":\"https:\/\/secure.gravatar.com\/avatar\/1d3fc949d550f0b53a5f0d51e06dfd79?s=96&d=mm&r=g\",\"caption\":\"admin\"},\"url\":\"https:\/\/www.prijedordanas.com\/?author=1\"}]}<\/script>\n<!-- \/ Yoast SEO plugin. -->","yoast_head_json":{"title":"Za 1. maj nisu po\u0161tovali policijski \u010das: Zabranu kretanja prekr\u0161io 201 gra\u0111anin Republike Srpske - PrijedorDanas.com - Prijedorski gradski portal","robots":{"index":"index","follow":"follow","max-snippet":"max-snippet:-1","max-image-preview":"max-image-preview:large","max-video-preview":"max-video-preview:-1"},"canonical":"https:\/\/www.prijedordanas.com\/?p=146575","og_locale":"en_US","og_type":"article","og_title":"Za 1. maj nisu po\u0161tovali policijski \u010das: Zabranu kretanja prekr\u0161io 201 gra\u0111anin Republike Srpske - PrijedorDanas.com - Prijedorski gradski portal","og_description":"Zabranu kretanja u Republici Srpskoj u protekla 24 \u010dasa prekr\u0161io je 201 gra\u0111anin, a evidentirano je i osam prekr\u0161aja zbog okupljanja vi\u0161e od tri osobe na javnom mjestu, saop\u0161teno je [&hellip;]","og_url":"https:\/\/www.prijedordanas.com\/?p=146575","og_site_name":"PrijedorDanas.com - Prijedorski gradski portal","article_publisher":"https:\/\/www.facebook.com\/PrijedorDanasCom\/","article_published_time":"2020-05-02T18:45:01+00:00","og_image":[{"url":"https:\/\/www.prijedordanas.com\/wp-content\/uploads\/2019\/11\/blic-policija-rs-300x217.jpg"}],"author":"admin","twitter_card":"summary_large_image","twitter_misc":{"Written by":"admin","Est. reading time":"1 minute"},"schema":{"@context":"https:\/\/schema.org","@graph":[{"@type":"Article","@id":"https:\/\/www.prijedordanas.com\/?p=146575#article","isPartOf":{"@id":"https:\/\/www.prijedordanas.com\/?p=146575"},"author":{"name":"admin","@id":"https:\/\/www.prijedordanas.com\/#\/schema\/person\/4e08ccf29b506ca916ff86d46bb700e6"},"headline":"Za 1. maj nisu po\u0161tovali policijski \u010das: Zabranu kretanja prekr\u0161io 201 gra\u0111anin Republike Srpske","datePublished":"2020-05-02T18:45:01+00:00","dateModified":"2020-05-02T18:45:01+00:00","mainEntityOfPage":{"@id":"https:\/\/www.prijedordanas.com\/?p=146575"},"wordCount":181,"publisher":{"@id":"https:\/\/www.prijedordanas.com\/#organization"},"keywords":["korona","policijski \u010das"],"articleSection":["Hronika"],"inLanguage":"en-US"},{"@type":"WebPage","@id":"https:\/\/www.prijedordanas.com\/?p=146575","url":"https:\/\/www.prijedordanas.com\/?p=146575","name":"Za 1. maj nisu po\u0161tovali policijski \u010das: Zabranu kretanja prekr\u0161io 201 gra\u0111anin Republike Srpske - PrijedorDanas.com - Prijedorski gradski portal","isPartOf":{"@id":"https:\/\/www.prijedordanas.com\/#website"},"datePublished":"2020-05-02T18:45:01+00:00","dateModified":"2020-05-02T18:45:01+00:00","breadcrumb":{"@id":"https:\/\/www.prijedordanas.com\/?p=146575#breadcrumb"},"inLanguage":"en-US","potentialAction":[{"@type":"ReadAction","target":["https:\/\/www.prijedordanas.com\/?p=146575"]}]},{"@type":"BreadcrumbList","@id":"https:\/\/www.prijedordanas.com\/?p=146575#breadcrumb","itemListElement":[{"@type":"ListItem","position":1,"name":"Home","item":"https:\/\/www.prijedordanas.com\/"},{"@type":"ListItem","position":2,"name":"Za 1. maj nisu po\u0161tovali policijski \u010das: Zabranu kretanja prekr\u0161io 201 gra\u0111anin Republike Srpske"}]},{"@type":"WebSite","@id":"https:\/\/www.prijedordanas.com\/#website","url":"https:\/\/www.prijedordanas.com\/","name":"PrijedorDanas.com - Prijedorski gradski portal","description":"Portal o doga\u0111anjima u gradu Prijedoru","publisher":{"@id":"https:\/\/www.prijedordanas.com\/#organization"},"potentialAction":[{"@type":"SearchAction","target":{"@type":"EntryPoint","urlTemplate":"https:\/\/www.prijedordanas.com\/?s={search_term_string}"},"query-input":"required name=search_term_string"}],"inLanguage":"en-US"},{"@type":"Organization","@id":"https:\/\/www.prijedordanas.com\/#organization","name":"PrijedorDanas.com","url":"https:\/\/www.prijedordanas.com\/","logo":{"@type":"ImageObject","inLanguage":"en-US","@id":"https:\/\/www.prijedordanas.com\/#\/schema\/logo\/image\/","url":"http:\/\/www.prijedordanas.com\/wp-content\/uploads\/2021\/12\/logopng.png","contentUrl":"http:\/\/www.prijedordanas.com\/wp-content\/uploads\/2021\/12\/logopng.png","width":1019,"height":776,"caption":"PrijedorDanas.com"},"image":{"@id":"https:\/\/www.prijedordanas.com\/#\/schema\/logo\/image\/"},"sameAs":["https:\/\/www.facebook.com\/PrijedorDanasCom\/"]},{"@type":"Person","@id":"https:\/\/www.prijedordanas.com\/#\/schema\/person\/4e08ccf29b506ca916ff86d46bb700e6","name":"admin","image":{"@type":"ImageObject","inLanguage":"en-US","@id":"https:\/\/www.prijedordanas.com\/#\/schema\/person\/image\/","url":"https:\/\/secure.gravatar.com\/avatar\/1d3fc949d550f0b53a5f0d51e06dfd79?s=96&d=mm&r=g","contentUrl":"https:\/\/secure.gravatar.com\/avatar\/1d3fc949d550f0b53a5f0d51e06dfd79?s=96&d=mm&r=g","caption":"admin"},"url":"https:\/\/www.prijedordanas.com\/?author=1"}]}},"_links":{"self":[{"href":"https:\/\/www.prijedordanas.com\/index.php?rest_route=\/wp\/v2\/posts\/146575"}],"collection":[{"href":"https:\/\/www.prijedordanas.com\/index.php?rest_route=\/wp\/v2\/posts"}],"about":[{"href":"https:\/\/www.prijedordanas.com\/index.php?rest_route=\/wp\/v2\/types\/post"}],"author":[{"embeddable":true,"href":"https:\/\/www.prijedordanas.com\/index.php?rest_route=\/wp\/v2\/users\/1"}],"replies":[{"embeddable":true,"href":"https:\/\/www.prijedordanas.com\/index.php?rest_route=%2Fwp%2Fv2%2Fcomments&post=146575"}],"version-history":[{"count":2,"href":"https:\/\/www.prijedordanas.com\/index.php?rest_route=\/wp\/v2\/posts\/146575\/revisions"}],"predecessor-version":[{"id":146582,"href":"https:\/\/www.prijedordanas.com\/index.php?rest_route=\/wp\/v2\/posts\/146575\/revisions\/146582"}],"wp:attachment":[{"href":"https:\/\/www.prijedordanas.com\/index.php?rest_route=%2Fwp%2Fv2%2Fmedia&parent=146575"}],"wp:term":[{"taxonomy":"category","embeddable":true,"href":"https:\/\/www.prijedordanas.com\/index.php?rest_route=%2Fwp%2Fv2%2Fcategories&post=146575"},{"taxonomy":"post_tag","embeddable":true,"href":"https:\/\/www.prijedordanas.com\/index.php?rest_route=%2Fwp%2Fv2%2Ftags&post=146575"}],"curies":[{"name":"wp","href":"https:\/\/api.w.org\/{rel}","templated":true}]}}