{"id":146502,"date":"2020-04-30T23:53:59","date_gmt":"2020-04-30T21:53:59","guid":{"rendered":"https:\/\/www.prijedordanas.com\/?p=146502"},"modified":"2020-04-30T23:53:59","modified_gmt":"2020-04-30T21:53:59","slug":"u-prijedorskoj-bolnici-smjesteno-osam-osoba-sa-utvrdenim-oboljenjem-od-virusa-korona-zakljucci-staba-za-vanredne-situacije-za-30-april","status":"publish","type":"post","link":"https:\/\/www.prijedordanas.com\/?p=146502","title":{"rendered":"U prijedorskoj bolnici smje\u0161teno osam osoba sa utvr\u0111enim oboljenjem od virusa korona: Zaklju\u010dci \u0160taba za vanredne situacije za 30. april"},"content":{"rendered":"<p><a href=\"https:\/\/www.prijedordanas.com\/wp-content\/uploads\/2020\/04\/stab-30april-3.jpg\"><img loading=\"lazy\" decoding=\"async\" class=\"alignleft size-medium wp-image-146503\" src=\"https:\/\/www.prijedordanas.com\/wp-content\/uploads\/2020\/04\/stab-30april-3-300x222.jpg\" alt=\"\" width=\"300\" height=\"222\" srcset=\"https:\/\/www.prijedordanas.com\/wp-content\/uploads\/2020\/04\/stab-30april-3-300x222.jpg 300w, https:\/\/www.prijedordanas.com\/wp-content\/uploads\/2020\/04\/stab-30april-3.jpg 675w\" sizes=\"(max-width: 300px) 100vw, 300px\" \/><\/a>GRADSKI \u0160TAB ZA VANREDNE SITUACIJE<\/p>\n<p>Na osnovu \u010dlana 39. stav 3. i \u010dlana 40. stav b. Zakona o za\u0161titi i spasavanju u vanrednim situacijama (&#8220;Slu\u017ebeni glasnik Republike Srpske&#8221;, broj: 121\/12) i \u010dlana 12. stav 3. Odluke o organizovanju i funkcionisanju civilne za\u0161tite u oblasti za\u0161tite i spasavanja Grada Prijedora (&#8220;Slu\u017ebeni glasnik Grada Prijedora&#8221;, broj: 7\/13), na sjednici odr\u017eanoj dana 30.04.2020. godine Gradski \u0161tab za vanredne situacije Grada Prijedora, donosi slijede\u0107e:<\/p>\n<p>ZAKLJU\u010cKE<\/p>\n<p>Gradski \u0161tab za vanredne situacije konstatuje:<\/p>\n<p>1. Na podru\u010dju grada Prijedora u odnosu na prethodni dan nije registrovan ni jedan novi slu\u010daj sa pozitivnim testom na korona virus tako da je trenutno 12 lica sa pozitivnim testom na korona virus. Pod zdravstvenim nadzorom u ku\u0107noj izolaciji je 59 lica, a u formiranom karantinu u Hotelu &#8220;Prijedor&#8221; trenutno je smje\u0161teno 26 lica. Zdravstveni nadzor je prestao za 1267 lica.<br \/>\nU Bolnicu &#8220;Doktora Mladen Stojanovi\u0107&#8221; Prijedor radi lije\u010denja smje\u0161teno je 8 osoba sa utvr\u0111enim oboljenjem od novog virusa korona, od kojih je jedna osoba iz Prijedora, a 7 osoba iz op\u0161tine O\u0161tra Luka.<br \/>\n<a href=\"https:\/\/www.prijedordanas.com\/wp-content\/uploads\/2020\/04\/stab-30april-5.jpg\"><img loading=\"lazy\" decoding=\"async\" class=\"alignleft size-medium wp-image-146504\" src=\"https:\/\/www.prijedordanas.com\/wp-content\/uploads\/2020\/04\/stab-30april-5-300x222.jpg\" alt=\"\" width=\"300\" height=\"222\" srcset=\"https:\/\/www.prijedordanas.com\/wp-content\/uploads\/2020\/04\/stab-30april-5-300x222.jpg 300w, https:\/\/www.prijedordanas.com\/wp-content\/uploads\/2020\/04\/stab-30april-5.jpg 675w\" sizes=\"(max-width: 300px) 100vw, 300px\" \/><\/a>2. Dana 30.04.2020.godine Republi\u010dki \u0161tab za vanredne situacije donio je Zaklju\u010dak o ograni\u010denju i zabrani kretanja na teritoriji Republike Srpske u dane prvomajskih praznika kojim se nare\u0111uje zabrana kretanja u periodu:<br \/>\n&#8211; od petka 01.05.2020.godine u 12,00 do subote 02.05.2020. godine u 05.00 \u010dasova, &#8211; od subote 02.05.2020.godine u 12,00 do nedjelje 03.05.2020.godine u 05.00 \u010dasova i<br \/>\n&#8211; od nedjelje 03.05.2020.godine u 12,00 do ponedjeljka 04.05.2020.godine u 05.00 \u010dasova.<br \/>\n3. Dana 30.04.2020.godine od strane Ministarstva uprave i lokalne samouprave Gradskom \u0161tabu za vanredne situacija dostavljena je Uredba sa zakonskom snagom o izmjenama i dopunama Zakona o za\u0161titi stanovni\u0161tva od zaraznih bolesti koja je donesena od strane Predsjednika Republike Srpske, kao i Instrukcija o obavezi sprovo\u0111enja mjera propisanih ovom Uredbom.<br \/>\n4. Prema informacijama dobijenim od strane Odjeljenja za privredu i poljoprivredu Gradske uprave Prijedor na skladi\u0161tima trgovinskih centara na podru\u010dju grada Prijedora ima dovoljna koli\u010dina svih roba, a snabdijevanje novim koli\u010dinama roba je uredno.<br \/>\n5. \u0160tab \u0107e i dalje aktivno pratiti razvoj situacije u vezi sa pojavom i \u0161irenjem korona virusa i u skladu sa razvojem doga\u0111aja blagovremeno donositi zaklju\u010dke i usmjeravati rad nadle\u017enih slu\u017ebi.<\/p>\n<p><a href=\"https:\/\/www.prijedordanas.com\/wp-content\/uploads\/2020\/04\/stab-30april-9.jpg\"><img loading=\"lazy\" decoding=\"async\" src=\"https:\/\/www.prijedordanas.com\/wp-content\/uploads\/2020\/04\/stab-30april-9-300x200.jpg\" alt=\"\" width=\"300\" height=\"200\" class=\"alignleft size-medium wp-image-146505\" srcset=\"https:\/\/www.prijedordanas.com\/wp-content\/uploads\/2020\/04\/stab-30april-9-300x200.jpg 300w, https:\/\/www.prijedordanas.com\/wp-content\/uploads\/2020\/04\/stab-30april-9-480x320.jpg 480w, https:\/\/www.prijedordanas.com\/wp-content\/uploads\/2020\/04\/stab-30april-9.jpg 600w\" sizes=\"(max-width: 300px) 100vw, 300px\" \/><\/a>Naredbe, zadu\u017eenja i preporuke:<br \/>\n1. Obavezuju se svi subjekti, pravna i fizi\u010dka lica na podru\u010dju grada Prijedora da se u potpunosti pridr\u017eavaju zaklju\u010daka Republi\u010dkog \u0161taba za vanredne situacije donesenih 30.04.2020.godine, a koji se odnose na zabranu kretanja u dane tokom prvomajskih praznika, te da se pridr\u017eavaju svih propisanih mjera za\u0161tite radi spre\u010davanja \u0161irenja novog virusa korona.<br \/>\n2. Obavezuju se nadle\u017eni inspekcijski i kontrolni organi na podru\u010dju grada Prijedora da u potpunosti sprovedu Instrukciju o obavezi sprovo\u0111enja mjera propisanih Uredbom sa zakonskom snagom o izmjenama i dopunama Zakona o za\u0161titi stanovni\u0161tva od zaraznih bolesti.<br \/>\n3. Gradski \u0161tab za vanredne situacije \u0107e donijeti poseban Zaklju\u010dke koji se odnose na sprovo\u0111enje mjera zabrane i ograni\u010denja rada koji su uskla\u0111eni sa Zaklju\u010dkom Republi\u010dkog \u0161taba za vanredne situacije koji je donesen dana 27.04.2020.godine, kao i o regulisanju rada trgovinskik, ugostiteljskih, zanatskih, uslu\u017enih i drugih objekata na teritoriji grada Prijedora na dane 01.05., 02.05. i 03.05.2020.godine.<br \/>\n4. Tokom slijede\u0107eg vikenda izvr\u0161iti periodi\u010dnu-sedmi\u010dnu dezinfekciju javnih povr\u0161ina, javnih objekata i sredstva javnog prevoza na podru\u010dju grada Prijedora.<br \/>\nNosilac aktivnosti: Odjeljenje za saobra\u0107aj , komunalne poslove i za\u0161titu \u017eivotne sredine i imovinsko stambene poslove.<\/p>\n<p>Za realizaciju ovih zaklju\u010daka zadu\u017euju se organi i slu\u017ebe Gradske uprave Prijedor, privredna dru\u0161tva , javne ustanove i institucije na podru\u010dju grada Prijedora.<\/p>\n<p>Broj: 02-sl-37\/20<br \/>\nDatum: 30.04.2020. godine<\/p>\n<p>KOMANDANT<br \/>\nMilenko \u0110akovi\u0107<\/p>\n","protected":false},"excerpt":{"rendered":"<p>GRADSKI \u0160TAB ZA VANREDNE SITUACIJE Na osnovu \u010dlana 39. stav 3. i \u010dlana 40. stav b. Zakona o za\u0161titi i spasavanju u vanrednim situacijama (&#8220;Slu\u017ebeni glasnik Republike Srpske&#8221;, broj: 121\/12) [&hellip;]<\/p>\n","protected":false},"author":1,"featured_media":0,"comment_status":"closed","ping_status":"open","sticky":false,"template":"","format":"standard","meta":{"_monsterinsights_skip_tracking":false,"_monsterinsights_sitenote_active":false,"_monsterinsights_sitenote_note":"","_monsterinsights_sitenote_category":0,"footnotes":""},"categories":[8],"tags":[11081,11120],"yoast_head":"<!-- This site is optimized with the Yoast SEO plugin v21.6 - https:\/\/yoast.com\/wordpress\/plugins\/seo\/ -->\n<title>U prijedorskoj bolnici smje\u0161teno osam osoba sa utvr\u0111enim oboljenjem od virusa korona: Zaklju\u010dci \u0160taba za vanredne situacije za 30. april - PrijedorDanas.com - Prijedorski gradski portal<\/title>\n<meta name=\"robots\" content=\"index, follow, max-snippet:-1, max-image-preview:large, max-video-preview:-1\" \/>\n<link rel=\"canonical\" href=\"https:\/\/www.prijedordanas.com\/?p=146502\" \/>\n<meta property=\"og:locale\" content=\"en_US\" \/>\n<meta property=\"og:type\" content=\"article\" \/>\n<meta property=\"og:title\" content=\"U prijedorskoj bolnici smje\u0161teno osam osoba sa utvr\u0111enim oboljenjem od virusa korona: Zaklju\u010dci \u0160taba za vanredne situacije za 30. april - PrijedorDanas.com - Prijedorski gradski portal\" \/>\n<meta property=\"og:description\" content=\"GRADSKI \u0160TAB ZA VANREDNE SITUACIJE Na osnovu \u010dlana 39. stav 3. i \u010dlana 40. stav b. Zakona o za\u0161titi i spasavanju u vanrednim situacijama (&#8220;Slu\u017ebeni glasnik Republike Srpske&#8221;, broj: 121\/12) [&hellip;]\" \/>\n<meta property=\"og:url\" content=\"https:\/\/www.prijedordanas.com\/?p=146502\" \/>\n<meta property=\"og:site_name\" content=\"PrijedorDanas.com - Prijedorski gradski portal\" \/>\n<meta property=\"article:publisher\" content=\"https:\/\/www.facebook.com\/PrijedorDanasCom\/\" \/>\n<meta property=\"article:published_time\" content=\"2020-04-30T21:53:59+00:00\" \/>\n<meta property=\"og:image\" content=\"https:\/\/www.prijedordanas.com\/wp-content\/uploads\/2020\/04\/stab-30april-3-300x222.jpg\" \/>\n<meta name=\"author\" content=\"admin\" \/>\n<meta name=\"twitter:card\" content=\"summary_large_image\" \/>\n<meta name=\"twitter:label1\" content=\"Written by\" \/>\n\t<meta name=\"twitter:data1\" content=\"admin\" \/>\n\t<meta name=\"twitter:label2\" content=\"Est. reading time\" \/>\n\t<meta name=\"twitter:data2\" content=\"3 minutes\" \/>\n<script type=\"application\/ld+json\" class=\"yoast-schema-graph\">{\"@context\":\"https:\/\/schema.org\",\"@graph\":[{\"@type\":\"Article\",\"@id\":\"https:\/\/www.prijedordanas.com\/?p=146502#article\",\"isPartOf\":{\"@id\":\"https:\/\/www.prijedordanas.com\/?p=146502\"},\"author\":{\"name\":\"admin\",\"@id\":\"https:\/\/www.prijedordanas.com\/#\/schema\/person\/4e08ccf29b506ca916ff86d46bb700e6\"},\"headline\":\"U prijedorskoj bolnici smje\u0161teno osam osoba sa utvr\u0111enim oboljenjem od virusa korona: Zaklju\u010dci \u0160taba za vanredne situacije za 30. april\",\"datePublished\":\"2020-04-30T21:53:59+00:00\",\"dateModified\":\"2020-04-30T21:53:59+00:00\",\"mainEntityOfPage\":{\"@id\":\"https:\/\/www.prijedordanas.com\/?p=146502\"},\"wordCount\":625,\"publisher\":{\"@id\":\"https:\/\/www.prijedordanas.com\/#organization\"},\"keywords\":[\"korona\",\"\u0160tab za vanredne situacije grada Prijedora\"],\"articleSection\":[\"Svakodnevno\"],\"inLanguage\":\"en-US\"},{\"@type\":\"WebPage\",\"@id\":\"https:\/\/www.prijedordanas.com\/?p=146502\",\"url\":\"https:\/\/www.prijedordanas.com\/?p=146502\",\"name\":\"U prijedorskoj bolnici smje\u0161teno osam osoba sa utvr\u0111enim oboljenjem od virusa korona: Zaklju\u010dci \u0160taba za vanredne situacije za 30. april - PrijedorDanas.com - Prijedorski gradski portal\",\"isPartOf\":{\"@id\":\"https:\/\/www.prijedordanas.com\/#website\"},\"datePublished\":\"2020-04-30T21:53:59+00:00\",\"dateModified\":\"2020-04-30T21:53:59+00:00\",\"breadcrumb\":{\"@id\":\"https:\/\/www.prijedordanas.com\/?p=146502#breadcrumb\"},\"inLanguage\":\"en-US\",\"potentialAction\":[{\"@type\":\"ReadAction\",\"target\":[\"https:\/\/www.prijedordanas.com\/?p=146502\"]}]},{\"@type\":\"BreadcrumbList\",\"@id\":\"https:\/\/www.prijedordanas.com\/?p=146502#breadcrumb\",\"itemListElement\":[{\"@type\":\"ListItem\",\"position\":1,\"name\":\"Home\",\"item\":\"https:\/\/www.prijedordanas.com\/\"},{\"@type\":\"ListItem\",\"position\":2,\"name\":\"U prijedorskoj bolnici smje\u0161teno osam osoba sa utvr\u0111enim oboljenjem od virusa korona: Zaklju\u010dci \u0160taba za vanredne situacije za 30. april\"}]},{\"@type\":\"WebSite\",\"@id\":\"https:\/\/www.prijedordanas.com\/#website\",\"url\":\"https:\/\/www.prijedordanas.com\/\",\"name\":\"PrijedorDanas.com - Prijedorski gradski portal\",\"description\":\"Portal o doga\u0111anjima u gradu Prijedoru\",\"publisher\":{\"@id\":\"https:\/\/www.prijedordanas.com\/#organization\"},\"potentialAction\":[{\"@type\":\"SearchAction\",\"target\":{\"@type\":\"EntryPoint\",\"urlTemplate\":\"https:\/\/www.prijedordanas.com\/?s={search_term_string}\"},\"query-input\":\"required name=search_term_string\"}],\"inLanguage\":\"en-US\"},{\"@type\":\"Organization\",\"@id\":\"https:\/\/www.prijedordanas.com\/#organization\",\"name\":\"PrijedorDanas.com\",\"url\":\"https:\/\/www.prijedordanas.com\/\",\"logo\":{\"@type\":\"ImageObject\",\"inLanguage\":\"en-US\",\"@id\":\"https:\/\/www.prijedordanas.com\/#\/schema\/logo\/image\/\",\"url\":\"http:\/\/www.prijedordanas.com\/wp-content\/uploads\/2021\/12\/logopng.png\",\"contentUrl\":\"http:\/\/www.prijedordanas.com\/wp-content\/uploads\/2021\/12\/logopng.png\",\"width\":1019,\"height\":776,\"caption\":\"PrijedorDanas.com\"},\"image\":{\"@id\":\"https:\/\/www.prijedordanas.com\/#\/schema\/logo\/image\/\"},\"sameAs\":[\"https:\/\/www.facebook.com\/PrijedorDanasCom\/\"]},{\"@type\":\"Person\",\"@id\":\"https:\/\/www.prijedordanas.com\/#\/schema\/person\/4e08ccf29b506ca916ff86d46bb700e6\",\"name\":\"admin\",\"image\":{\"@type\":\"ImageObject\",\"inLanguage\":\"en-US\",\"@id\":\"https:\/\/www.prijedordanas.com\/#\/schema\/person\/image\/\",\"url\":\"https:\/\/secure.gravatar.com\/avatar\/1d3fc949d550f0b53a5f0d51e06dfd79?s=96&d=mm&r=g\",\"contentUrl\":\"https:\/\/secure.gravatar.com\/avatar\/1d3fc949d550f0b53a5f0d51e06dfd79?s=96&d=mm&r=g\",\"caption\":\"admin\"},\"url\":\"https:\/\/www.prijedordanas.com\/?author=1\"}]}<\/script>\n<!-- \/ Yoast SEO plugin. -->","yoast_head_json":{"title":"U prijedorskoj bolnici smje\u0161teno osam osoba sa utvr\u0111enim oboljenjem od virusa korona: Zaklju\u010dci \u0160taba za vanredne situacije za 30. april - PrijedorDanas.com - Prijedorski gradski portal","robots":{"index":"index","follow":"follow","max-snippet":"max-snippet:-1","max-image-preview":"max-image-preview:large","max-video-preview":"max-video-preview:-1"},"canonical":"https:\/\/www.prijedordanas.com\/?p=146502","og_locale":"en_US","og_type":"article","og_title":"U prijedorskoj bolnici smje\u0161teno osam osoba sa utvr\u0111enim oboljenjem od virusa korona: Zaklju\u010dci \u0160taba za vanredne situacije za 30. april - PrijedorDanas.com - Prijedorski gradski portal","og_description":"GRADSKI \u0160TAB ZA VANREDNE SITUACIJE Na osnovu \u010dlana 39. stav 3. i \u010dlana 40. stav b. Zakona o za\u0161titi i spasavanju u vanrednim situacijama (&#8220;Slu\u017ebeni glasnik Republike Srpske&#8221;, broj: 121\/12) [&hellip;]","og_url":"https:\/\/www.prijedordanas.com\/?p=146502","og_site_name":"PrijedorDanas.com - Prijedorski gradski portal","article_publisher":"https:\/\/www.facebook.com\/PrijedorDanasCom\/","article_published_time":"2020-04-30T21:53:59+00:00","og_image":[{"url":"https:\/\/www.prijedordanas.com\/wp-content\/uploads\/2020\/04\/stab-30april-3-300x222.jpg"}],"author":"admin","twitter_card":"summary_large_image","twitter_misc":{"Written by":"admin","Est. reading time":"3 minutes"},"schema":{"@context":"https:\/\/schema.org","@graph":[{"@type":"Article","@id":"https:\/\/www.prijedordanas.com\/?p=146502#article","isPartOf":{"@id":"https:\/\/www.prijedordanas.com\/?p=146502"},"author":{"name":"admin","@id":"https:\/\/www.prijedordanas.com\/#\/schema\/person\/4e08ccf29b506ca916ff86d46bb700e6"},"headline":"U prijedorskoj bolnici smje\u0161teno osam osoba sa utvr\u0111enim oboljenjem od virusa korona: Zaklju\u010dci \u0160taba za vanredne situacije za 30. april","datePublished":"2020-04-30T21:53:59+00:00","dateModified":"2020-04-30T21:53:59+00:00","mainEntityOfPage":{"@id":"https:\/\/www.prijedordanas.com\/?p=146502"},"wordCount":625,"publisher":{"@id":"https:\/\/www.prijedordanas.com\/#organization"},"keywords":["korona","\u0160tab za vanredne situacije grada Prijedora"],"articleSection":["Svakodnevno"],"inLanguage":"en-US"},{"@type":"WebPage","@id":"https:\/\/www.prijedordanas.com\/?p=146502","url":"https:\/\/www.prijedordanas.com\/?p=146502","name":"U prijedorskoj bolnici smje\u0161teno osam osoba sa utvr\u0111enim oboljenjem od virusa korona: Zaklju\u010dci \u0160taba za vanredne situacije za 30. april - PrijedorDanas.com - Prijedorski gradski portal","isPartOf":{"@id":"https:\/\/www.prijedordanas.com\/#website"},"datePublished":"2020-04-30T21:53:59+00:00","dateModified":"2020-04-30T21:53:59+00:00","breadcrumb":{"@id":"https:\/\/www.prijedordanas.com\/?p=146502#breadcrumb"},"inLanguage":"en-US","potentialAction":[{"@type":"ReadAction","target":["https:\/\/www.prijedordanas.com\/?p=146502"]}]},{"@type":"BreadcrumbList","@id":"https:\/\/www.prijedordanas.com\/?p=146502#breadcrumb","itemListElement":[{"@type":"ListItem","position":1,"name":"Home","item":"https:\/\/www.prijedordanas.com\/"},{"@type":"ListItem","position":2,"name":"U prijedorskoj bolnici smje\u0161teno osam osoba sa utvr\u0111enim oboljenjem od virusa korona: Zaklju\u010dci \u0160taba za vanredne situacije za 30. april"}]},{"@type":"WebSite","@id":"https:\/\/www.prijedordanas.com\/#website","url":"https:\/\/www.prijedordanas.com\/","name":"PrijedorDanas.com - Prijedorski gradski portal","description":"Portal o doga\u0111anjima u gradu Prijedoru","publisher":{"@id":"https:\/\/www.prijedordanas.com\/#organization"},"potentialAction":[{"@type":"SearchAction","target":{"@type":"EntryPoint","urlTemplate":"https:\/\/www.prijedordanas.com\/?s={search_term_string}"},"query-input":"required name=search_term_string"}],"inLanguage":"en-US"},{"@type":"Organization","@id":"https:\/\/www.prijedordanas.com\/#organization","name":"PrijedorDanas.com","url":"https:\/\/www.prijedordanas.com\/","logo":{"@type":"ImageObject","inLanguage":"en-US","@id":"https:\/\/www.prijedordanas.com\/#\/schema\/logo\/image\/","url":"http:\/\/www.prijedordanas.com\/wp-content\/uploads\/2021\/12\/logopng.png","contentUrl":"http:\/\/www.prijedordanas.com\/wp-content\/uploads\/2021\/12\/logopng.png","width":1019,"height":776,"caption":"PrijedorDanas.com"},"image":{"@id":"https:\/\/www.prijedordanas.com\/#\/schema\/logo\/image\/"},"sameAs":["https:\/\/www.facebook.com\/PrijedorDanasCom\/"]},{"@type":"Person","@id":"https:\/\/www.prijedordanas.com\/#\/schema\/person\/4e08ccf29b506ca916ff86d46bb700e6","name":"admin","image":{"@type":"ImageObject","inLanguage":"en-US","@id":"https:\/\/www.prijedordanas.com\/#\/schema\/person\/image\/","url":"https:\/\/secure.gravatar.com\/avatar\/1d3fc949d550f0b53a5f0d51e06dfd79?s=96&d=mm&r=g","contentUrl":"https:\/\/secure.gravatar.com\/avatar\/1d3fc949d550f0b53a5f0d51e06dfd79?s=96&d=mm&r=g","caption":"admin"},"url":"https:\/\/www.prijedordanas.com\/?author=1"}]}},"_links":{"self":[{"href":"https:\/\/www.prijedordanas.com\/index.php?rest_route=\/wp\/v2\/posts\/146502"}],"collection":[{"href":"https:\/\/www.prijedordanas.com\/index.php?rest_route=\/wp\/v2\/posts"}],"about":[{"href":"https:\/\/www.prijedordanas.com\/index.php?rest_route=\/wp\/v2\/types\/post"}],"author":[{"embeddable":true,"href":"https:\/\/www.prijedordanas.com\/index.php?rest_route=\/wp\/v2\/users\/1"}],"replies":[{"embeddable":true,"href":"https:\/\/www.prijedordanas.com\/index.php?rest_route=%2Fwp%2Fv2%2Fcomments&post=146502"}],"version-history":[{"count":1,"href":"https:\/\/www.prijedordanas.com\/index.php?rest_route=\/wp\/v2\/posts\/146502\/revisions"}],"predecessor-version":[{"id":146506,"href":"https:\/\/www.prijedordanas.com\/index.php?rest_route=\/wp\/v2\/posts\/146502\/revisions\/146506"}],"wp:attachment":[{"href":"https:\/\/www.prijedordanas.com\/index.php?rest_route=%2Fwp%2Fv2%2Fmedia&parent=146502"}],"wp:term":[{"taxonomy":"category","embeddable":true,"href":"https:\/\/www.prijedordanas.com\/index.php?rest_route=%2Fwp%2Fv2%2Fcategories&post=146502"},{"taxonomy":"post_tag","embeddable":true,"href":"https:\/\/www.prijedordanas.com\/index.php?rest_route=%2Fwp%2Fv2%2Ftags&post=146502"}],"curies":[{"name":"wp","href":"https:\/\/api.w.org\/{rel}","templated":true}]}}