{"id":146493,"date":"2020-04-30T22:38:23","date_gmt":"2020-04-30T20:38:23","guid":{"rendered":"https:\/\/www.prijedordanas.com\/?p=146493"},"modified":"2020-04-30T22:38:23","modified_gmt":"2020-04-30T20:38:23","slug":"dakovic-medusobnu-distancu-treba-da-postuju-i-clanovi-prijedorskog-staba-za-vanredne-situacije","status":"publish","type":"post","link":"https:\/\/www.prijedordanas.com\/?p=146493","title":{"rendered":"\u0110akovi\u0107: Me\u0111usobnu distancu treba da po\u0161tuju i \u010dlanovi prijedorskog \u0160taba za vanredne situacije"},"content":{"rendered":"<p><a href=\"https:\/\/www.prijedordanas.com\/wp-content\/uploads\/2020\/04\/stab-30april-2.jpg\"><img loading=\"lazy\" decoding=\"async\" class=\"alignleft size-medium wp-image-146494\" src=\"https:\/\/www.prijedordanas.com\/wp-content\/uploads\/2020\/04\/stab-30april-2-300x222.jpg\" alt=\"\" width=\"300\" height=\"222\" srcset=\"https:\/\/www.prijedordanas.com\/wp-content\/uploads\/2020\/04\/stab-30april-2-300x222.jpg 300w, https:\/\/www.prijedordanas.com\/wp-content\/uploads\/2020\/04\/stab-30april-2.jpg 675w\" sizes=\"(max-width: 300px) 100vw, 300px\" \/><\/a>Gradona\u010delnik Prijedora Milenko \u0110akovi\u0107 izjavio je nakon dana\u0161nje sjednice Gradskog \u0161taba za vanredne situacije da bi \u010dlanovi \u0160taba trebali tokom zasjedanja da se pridr\u017eavaju neophodne socijalne distance.<\/p>\n<p>Odgovaraju\u0107i na novinarsko pitanje da li bi \u010dlanovima \u0160taba trebalo mjeriti tjelesnu temperaturu, onako kako je mjerena odbornicima pred po\u010detak Skup\u0161tine i da li se razmi\u0161lja o me\u0111usobnoj distanci prilikom sjednica gradskog \u0160taba, \u0110akovi\u0107 je rekao da je u toku potra\u017enja radi nabavke ure\u0111aja za mjerenje tjelesne temperature.<\/p>\n<p>&#8220;Razmisli\u0107emo i o tunelu za dezinfekciju jer imamo ponude i te vrste. Poku\u0161avamo da nabavimo jo\u0161 neke ure\u0111aje, one koji se koriste za dezinfekciju na aerodromima, ali ih nismo na\u0161li na tr\u017ei\u0161tu. Uglavnom, za posebnu sjednicu Skup\u0161tine iskoristili smo bolni\u010dki ure\u0111aj koji nam je dobrodo\u0161ao. Potrudi\u0107emo se da \u0161to prije nabavimo takav beskontaktni toplomjer&#8221;, naglasio je \u0110akovi\u0107.<\/p>\n<p><a href=\"https:\/\/www.prijedordanas.com\/wp-content\/uploads\/2020\/04\/stab-30april-7.jpg\"><img loading=\"lazy\" decoding=\"async\" src=\"https:\/\/www.prijedordanas.com\/wp-content\/uploads\/2020\/04\/stab-30april-7-300x200.jpg\" alt=\"\" width=\"300\" height=\"200\" class=\"alignleft size-medium wp-image-146495\" srcset=\"https:\/\/www.prijedordanas.com\/wp-content\/uploads\/2020\/04\/stab-30april-7-300x200.jpg 300w, https:\/\/www.prijedordanas.com\/wp-content\/uploads\/2020\/04\/stab-30april-7-480x320.jpg 480w, https:\/\/www.prijedordanas.com\/wp-content\/uploads\/2020\/04\/stab-30april-7.jpg 600w\" sizes=\"(max-width: 300px) 100vw, 300px\" \/><\/a>Kad je rije\u010d o me\u0111usobnoj distanci, \u0110akovi\u0107 je naveo da se sla\u017ee s konstatacijom da \u010dlanovi \u0160taba idu na teren, da ostvaruju brojne kontakte i dodao da \u0107e poku\u0161ati u\u010diniti ne\u0161to i na tom planu.<\/p>\n<p>&#8220;Sla\u017eem se s tim i kolege \u0107u poku\u0161ati malo bolje razmjestiti, ali jako mi je te\u0161ko da funkcionere na to upozoravam. Smatram da je to li\u010dni stav, bez obzira \u0161to je to opasnost po mene ili po bilo koga drugog. Ako neko nema li\u010dnu svijest o tome, a stalno govorimo o tome, na to ga je te\u0161ko upozoriti jer na\u0161i ljudi zamjeraju sve ono \u0161to nije po njihovoj mjeri&#8221;, pojasnio je \u0110akovi\u0107.<\/p>\n<p>On je najavio da \u0107e ve\u0107 na narednoj sjednici \u0160taba, zbog pitanja novinara, zatra\u017eiti da se rije\u0161i pitanje distance.<\/p>\n<p>SRNA<\/p>\n<p><a href=\"https:\/\/www.prijedordanas.com\/wp-content\/uploads\/2020\/04\/stab-30april-6.jpg\"><img loading=\"lazy\" decoding=\"async\" src=\"https:\/\/www.prijedordanas.com\/wp-content\/uploads\/2020\/04\/stab-30april-6-300x200.jpg\" alt=\"\" width=\"300\" height=\"200\" class=\"alignleft size-medium wp-image-146496\" srcset=\"https:\/\/www.prijedordanas.com\/wp-content\/uploads\/2020\/04\/stab-30april-6-300x200.jpg 300w, https:\/\/www.prijedordanas.com\/wp-content\/uploads\/2020\/04\/stab-30april-6-480x320.jpg 480w, https:\/\/www.prijedordanas.com\/wp-content\/uploads\/2020\/04\/stab-30april-6.jpg 600w\" sizes=\"(max-width: 300px) 100vw, 300px\" \/><\/a><\/p>\n","protected":false},"excerpt":{"rendered":"<p>Gradona\u010delnik Prijedora Milenko \u0110akovi\u0107 izjavio je nakon dana\u0161nje sjednice Gradskog \u0161taba za vanredne situacije da bi \u010dlanovi \u0160taba trebali tokom zasjedanja da se pridr\u017eavaju neophodne socijalne distance. Odgovaraju\u0107i na novinarsko [&hellip;]<\/p>\n","protected":false},"author":1,"featured_media":0,"comment_status":"closed","ping_status":"open","sticky":false,"template":"","format":"standard","meta":{"_monsterinsights_skip_tracking":false,"_monsterinsights_sitenote_active":false,"_monsterinsights_sitenote_note":"","_monsterinsights_sitenote_category":0,"footnotes":""},"categories":[4],"tags":[11190,11081],"yoast_head":"<!-- This site is optimized with the Yoast SEO plugin v21.6 - https:\/\/yoast.com\/wordpress\/plugins\/seo\/ -->\n<title>\u0110akovi\u0107: Me\u0111usobnu distancu treba da po\u0161tuju i \u010dlanovi prijedorskog \u0160taba za vanredne situacije - PrijedorDanas.com - Prijedorski gradski portal<\/title>\n<meta name=\"robots\" content=\"index, follow, max-snippet:-1, max-image-preview:large, max-video-preview:-1\" \/>\n<link rel=\"canonical\" href=\"https:\/\/www.prijedordanas.com\/?p=146493\" \/>\n<meta property=\"og:locale\" content=\"en_US\" \/>\n<meta property=\"og:type\" content=\"article\" \/>\n<meta property=\"og:title\" content=\"\u0110akovi\u0107: Me\u0111usobnu distancu treba da po\u0161tuju i \u010dlanovi prijedorskog \u0160taba za vanredne situacije - PrijedorDanas.com - Prijedorski gradski portal\" \/>\n<meta property=\"og:description\" content=\"Gradona\u010delnik Prijedora Milenko \u0110akovi\u0107 izjavio je nakon dana\u0161nje sjednice Gradskog \u0161taba za vanredne situacije da bi \u010dlanovi \u0160taba trebali tokom zasjedanja da se pridr\u017eavaju neophodne socijalne distance. Odgovaraju\u0107i na novinarsko [&hellip;]\" \/>\n<meta property=\"og:url\" content=\"https:\/\/www.prijedordanas.com\/?p=146493\" \/>\n<meta property=\"og:site_name\" content=\"PrijedorDanas.com - Prijedorski gradski portal\" \/>\n<meta property=\"article:publisher\" content=\"https:\/\/www.facebook.com\/PrijedorDanasCom\/\" \/>\n<meta property=\"article:published_time\" content=\"2020-04-30T20:38:23+00:00\" \/>\n<meta property=\"og:image\" content=\"https:\/\/www.prijedordanas.com\/wp-content\/uploads\/2020\/04\/stab-30april-2-300x222.jpg\" \/>\n<meta name=\"author\" content=\"admin\" \/>\n<meta name=\"twitter:card\" content=\"summary_large_image\" \/>\n<meta name=\"twitter:label1\" content=\"Written by\" \/>\n\t<meta name=\"twitter:data1\" content=\"admin\" \/>\n\t<meta name=\"twitter:label2\" content=\"Est. reading time\" \/>\n\t<meta name=\"twitter:data2\" content=\"1 minute\" \/>\n<script type=\"application\/ld+json\" class=\"yoast-schema-graph\">{\"@context\":\"https:\/\/schema.org\",\"@graph\":[{\"@type\":\"Article\",\"@id\":\"https:\/\/www.prijedordanas.com\/?p=146493#article\",\"isPartOf\":{\"@id\":\"https:\/\/www.prijedordanas.com\/?p=146493\"},\"author\":{\"name\":\"admin\",\"@id\":\"https:\/\/www.prijedordanas.com\/#\/schema\/person\/4e08ccf29b506ca916ff86d46bb700e6\"},\"headline\":\"\u0110akovi\u0107: Me\u0111usobnu distancu treba da po\u0161tuju i \u010dlanovi prijedorskog \u0160taba za vanredne situacije\",\"datePublished\":\"2020-04-30T20:38:23+00:00\",\"dateModified\":\"2020-04-30T20:38:23+00:00\",\"mainEntityOfPage\":{\"@id\":\"https:\/\/www.prijedordanas.com\/?p=146493\"},\"wordCount\":309,\"publisher\":{\"@id\":\"https:\/\/www.prijedordanas.com\/#organization\"},\"keywords\":[\"distanca\",\"korona\"],\"articleSection\":[\"Dru\u0161tvo\"],\"inLanguage\":\"en-US\"},{\"@type\":\"WebPage\",\"@id\":\"https:\/\/www.prijedordanas.com\/?p=146493\",\"url\":\"https:\/\/www.prijedordanas.com\/?p=146493\",\"name\":\"\u0110akovi\u0107: Me\u0111usobnu distancu treba da po\u0161tuju i \u010dlanovi prijedorskog \u0160taba za vanredne situacije - PrijedorDanas.com - Prijedorski gradski portal\",\"isPartOf\":{\"@id\":\"https:\/\/www.prijedordanas.com\/#website\"},\"datePublished\":\"2020-04-30T20:38:23+00:00\",\"dateModified\":\"2020-04-30T20:38:23+00:00\",\"breadcrumb\":{\"@id\":\"https:\/\/www.prijedordanas.com\/?p=146493#breadcrumb\"},\"inLanguage\":\"en-US\",\"potentialAction\":[{\"@type\":\"ReadAction\",\"target\":[\"https:\/\/www.prijedordanas.com\/?p=146493\"]}]},{\"@type\":\"BreadcrumbList\",\"@id\":\"https:\/\/www.prijedordanas.com\/?p=146493#breadcrumb\",\"itemListElement\":[{\"@type\":\"ListItem\",\"position\":1,\"name\":\"Home\",\"item\":\"https:\/\/www.prijedordanas.com\/\"},{\"@type\":\"ListItem\",\"position\":2,\"name\":\"\u0110akovi\u0107: Me\u0111usobnu distancu treba da po\u0161tuju i \u010dlanovi prijedorskog \u0160taba za vanredne situacije\"}]},{\"@type\":\"WebSite\",\"@id\":\"https:\/\/www.prijedordanas.com\/#website\",\"url\":\"https:\/\/www.prijedordanas.com\/\",\"name\":\"PrijedorDanas.com - Prijedorski gradski portal\",\"description\":\"Portal o doga\u0111anjima u gradu Prijedoru\",\"publisher\":{\"@id\":\"https:\/\/www.prijedordanas.com\/#organization\"},\"potentialAction\":[{\"@type\":\"SearchAction\",\"target\":{\"@type\":\"EntryPoint\",\"urlTemplate\":\"https:\/\/www.prijedordanas.com\/?s={search_term_string}\"},\"query-input\":\"required name=search_term_string\"}],\"inLanguage\":\"en-US\"},{\"@type\":\"Organization\",\"@id\":\"https:\/\/www.prijedordanas.com\/#organization\",\"name\":\"PrijedorDanas.com\",\"url\":\"https:\/\/www.prijedordanas.com\/\",\"logo\":{\"@type\":\"ImageObject\",\"inLanguage\":\"en-US\",\"@id\":\"https:\/\/www.prijedordanas.com\/#\/schema\/logo\/image\/\",\"url\":\"http:\/\/www.prijedordanas.com\/wp-content\/uploads\/2021\/12\/logopng.png\",\"contentUrl\":\"http:\/\/www.prijedordanas.com\/wp-content\/uploads\/2021\/12\/logopng.png\",\"width\":1019,\"height\":776,\"caption\":\"PrijedorDanas.com\"},\"image\":{\"@id\":\"https:\/\/www.prijedordanas.com\/#\/schema\/logo\/image\/\"},\"sameAs\":[\"https:\/\/www.facebook.com\/PrijedorDanasCom\/\"]},{\"@type\":\"Person\",\"@id\":\"https:\/\/www.prijedordanas.com\/#\/schema\/person\/4e08ccf29b506ca916ff86d46bb700e6\",\"name\":\"admin\",\"image\":{\"@type\":\"ImageObject\",\"inLanguage\":\"en-US\",\"@id\":\"https:\/\/www.prijedordanas.com\/#\/schema\/person\/image\/\",\"url\":\"https:\/\/secure.gravatar.com\/avatar\/1d3fc949d550f0b53a5f0d51e06dfd79?s=96&d=mm&r=g\",\"contentUrl\":\"https:\/\/secure.gravatar.com\/avatar\/1d3fc949d550f0b53a5f0d51e06dfd79?s=96&d=mm&r=g\",\"caption\":\"admin\"},\"url\":\"https:\/\/www.prijedordanas.com\/?author=1\"}]}<\/script>\n<!-- \/ Yoast SEO plugin. -->","yoast_head_json":{"title":"\u0110akovi\u0107: Me\u0111usobnu distancu treba da po\u0161tuju i \u010dlanovi prijedorskog \u0160taba za vanredne situacije - PrijedorDanas.com - Prijedorski gradski portal","robots":{"index":"index","follow":"follow","max-snippet":"max-snippet:-1","max-image-preview":"max-image-preview:large","max-video-preview":"max-video-preview:-1"},"canonical":"https:\/\/www.prijedordanas.com\/?p=146493","og_locale":"en_US","og_type":"article","og_title":"\u0110akovi\u0107: Me\u0111usobnu distancu treba da po\u0161tuju i \u010dlanovi prijedorskog \u0160taba za vanredne situacije - PrijedorDanas.com - Prijedorski gradski portal","og_description":"Gradona\u010delnik Prijedora Milenko \u0110akovi\u0107 izjavio je nakon dana\u0161nje sjednice Gradskog \u0161taba za vanredne situacije da bi \u010dlanovi \u0160taba trebali tokom zasjedanja da se pridr\u017eavaju neophodne socijalne distance. Odgovaraju\u0107i na novinarsko [&hellip;]","og_url":"https:\/\/www.prijedordanas.com\/?p=146493","og_site_name":"PrijedorDanas.com - Prijedorski gradski portal","article_publisher":"https:\/\/www.facebook.com\/PrijedorDanasCom\/","article_published_time":"2020-04-30T20:38:23+00:00","og_image":[{"url":"https:\/\/www.prijedordanas.com\/wp-content\/uploads\/2020\/04\/stab-30april-2-300x222.jpg"}],"author":"admin","twitter_card":"summary_large_image","twitter_misc":{"Written by":"admin","Est. reading time":"1 minute"},"schema":{"@context":"https:\/\/schema.org","@graph":[{"@type":"Article","@id":"https:\/\/www.prijedordanas.com\/?p=146493#article","isPartOf":{"@id":"https:\/\/www.prijedordanas.com\/?p=146493"},"author":{"name":"admin","@id":"https:\/\/www.prijedordanas.com\/#\/schema\/person\/4e08ccf29b506ca916ff86d46bb700e6"},"headline":"\u0110akovi\u0107: Me\u0111usobnu distancu treba da po\u0161tuju i \u010dlanovi prijedorskog \u0160taba za vanredne situacije","datePublished":"2020-04-30T20:38:23+00:00","dateModified":"2020-04-30T20:38:23+00:00","mainEntityOfPage":{"@id":"https:\/\/www.prijedordanas.com\/?p=146493"},"wordCount":309,"publisher":{"@id":"https:\/\/www.prijedordanas.com\/#organization"},"keywords":["distanca","korona"],"articleSection":["Dru\u0161tvo"],"inLanguage":"en-US"},{"@type":"WebPage","@id":"https:\/\/www.prijedordanas.com\/?p=146493","url":"https:\/\/www.prijedordanas.com\/?p=146493","name":"\u0110akovi\u0107: Me\u0111usobnu distancu treba da po\u0161tuju i \u010dlanovi prijedorskog \u0160taba za vanredne situacije - PrijedorDanas.com - Prijedorski gradski portal","isPartOf":{"@id":"https:\/\/www.prijedordanas.com\/#website"},"datePublished":"2020-04-30T20:38:23+00:00","dateModified":"2020-04-30T20:38:23+00:00","breadcrumb":{"@id":"https:\/\/www.prijedordanas.com\/?p=146493#breadcrumb"},"inLanguage":"en-US","potentialAction":[{"@type":"ReadAction","target":["https:\/\/www.prijedordanas.com\/?p=146493"]}]},{"@type":"BreadcrumbList","@id":"https:\/\/www.prijedordanas.com\/?p=146493#breadcrumb","itemListElement":[{"@type":"ListItem","position":1,"name":"Home","item":"https:\/\/www.prijedordanas.com\/"},{"@type":"ListItem","position":2,"name":"\u0110akovi\u0107: Me\u0111usobnu distancu treba da po\u0161tuju i \u010dlanovi prijedorskog \u0160taba za vanredne situacije"}]},{"@type":"WebSite","@id":"https:\/\/www.prijedordanas.com\/#website","url":"https:\/\/www.prijedordanas.com\/","name":"PrijedorDanas.com - Prijedorski gradski portal","description":"Portal o doga\u0111anjima u gradu Prijedoru","publisher":{"@id":"https:\/\/www.prijedordanas.com\/#organization"},"potentialAction":[{"@type":"SearchAction","target":{"@type":"EntryPoint","urlTemplate":"https:\/\/www.prijedordanas.com\/?s={search_term_string}"},"query-input":"required name=search_term_string"}],"inLanguage":"en-US"},{"@type":"Organization","@id":"https:\/\/www.prijedordanas.com\/#organization","name":"PrijedorDanas.com","url":"https:\/\/www.prijedordanas.com\/","logo":{"@type":"ImageObject","inLanguage":"en-US","@id":"https:\/\/www.prijedordanas.com\/#\/schema\/logo\/image\/","url":"http:\/\/www.prijedordanas.com\/wp-content\/uploads\/2021\/12\/logopng.png","contentUrl":"http:\/\/www.prijedordanas.com\/wp-content\/uploads\/2021\/12\/logopng.png","width":1019,"height":776,"caption":"PrijedorDanas.com"},"image":{"@id":"https:\/\/www.prijedordanas.com\/#\/schema\/logo\/image\/"},"sameAs":["https:\/\/www.facebook.com\/PrijedorDanasCom\/"]},{"@type":"Person","@id":"https:\/\/www.prijedordanas.com\/#\/schema\/person\/4e08ccf29b506ca916ff86d46bb700e6","name":"admin","image":{"@type":"ImageObject","inLanguage":"en-US","@id":"https:\/\/www.prijedordanas.com\/#\/schema\/person\/image\/","url":"https:\/\/secure.gravatar.com\/avatar\/1d3fc949d550f0b53a5f0d51e06dfd79?s=96&d=mm&r=g","contentUrl":"https:\/\/secure.gravatar.com\/avatar\/1d3fc949d550f0b53a5f0d51e06dfd79?s=96&d=mm&r=g","caption":"admin"},"url":"https:\/\/www.prijedordanas.com\/?author=1"}]}},"_links":{"self":[{"href":"https:\/\/www.prijedordanas.com\/index.php?rest_route=\/wp\/v2\/posts\/146493"}],"collection":[{"href":"https:\/\/www.prijedordanas.com\/index.php?rest_route=\/wp\/v2\/posts"}],"about":[{"href":"https:\/\/www.prijedordanas.com\/index.php?rest_route=\/wp\/v2\/types\/post"}],"author":[{"embeddable":true,"href":"https:\/\/www.prijedordanas.com\/index.php?rest_route=\/wp\/v2\/users\/1"}],"replies":[{"embeddable":true,"href":"https:\/\/www.prijedordanas.com\/index.php?rest_route=%2Fwp%2Fv2%2Fcomments&post=146493"}],"version-history":[{"count":1,"href":"https:\/\/www.prijedordanas.com\/index.php?rest_route=\/wp\/v2\/posts\/146493\/revisions"}],"predecessor-version":[{"id":146497,"href":"https:\/\/www.prijedordanas.com\/index.php?rest_route=\/wp\/v2\/posts\/146493\/revisions\/146497"}],"wp:attachment":[{"href":"https:\/\/www.prijedordanas.com\/index.php?rest_route=%2Fwp%2Fv2%2Fmedia&parent=146493"}],"wp:term":[{"taxonomy":"category","embeddable":true,"href":"https:\/\/www.prijedordanas.com\/index.php?rest_route=%2Fwp%2Fv2%2Fcategories&post=146493"},{"taxonomy":"post_tag","embeddable":true,"href":"https:\/\/www.prijedordanas.com\/index.php?rest_route=%2Fwp%2Fv2%2Ftags&post=146493"}],"curies":[{"name":"wp","href":"https:\/\/api.w.org\/{rel}","templated":true}]}}