{"id":146409,"date":"2020-04-29T18:28:43","date_gmt":"2020-04-29T16:28:43","guid":{"rendered":"https:\/\/www.prijedordanas.com\/?p=146409"},"modified":"2020-04-29T18:28:43","modified_gmt":"2020-04-29T16:28:43","slug":"narodna-biblioteka-cirilo-i-metodije-prijedor-od-4-maja-rad-sa-korisnicima-uz-stroge-mjere","status":"publish","type":"post","link":"https:\/\/www.prijedordanas.com\/?p=146409","title":{"rendered":"Narodna biblioteka &#8220;\u0106irilo i Metodije&#8221; Prijedor: Od 4. maja rad sa korisnicima, uz stroge mjere"},"content":{"rendered":"<p><a href=\"https:\/\/www.prijedordanas.com\/wp-content\/uploads\/2020\/04\/biblioteka-prijedor-5.jpg\"><img loading=\"lazy\" decoding=\"async\" class=\"alignleft size-medium wp-image-146410\" src=\"https:\/\/www.prijedordanas.com\/wp-content\/uploads\/2020\/04\/biblioteka-prijedor-5-300x222.jpg\" alt=\"\" width=\"300\" height=\"222\" srcset=\"https:\/\/www.prijedordanas.com\/wp-content\/uploads\/2020\/04\/biblioteka-prijedor-5-300x222.jpg 300w, https:\/\/www.prijedordanas.com\/wp-content\/uploads\/2020\/04\/biblioteka-prijedor-5.jpg 675w\" sizes=\"(max-width: 300px) 100vw, 300px\" \/><\/a>Narodna biblioteka &#8220;\u0106irilo i Metodije&#8221; Prijedor u ponedjeljak, 4. maja, po\u010dinje sa korisnicima rad zatvorenog tipa, najavila je danas direktor ove ustanove Mara E\u0107im.<\/p>\n<p>&#8220;Radno vrijeme ustanove bi\u0107e od ponedjeljka do petka od 8.00 do 16.00 \u010dasova, a radno vrijeme sa korisnicima od 8.00 do 15.00 \u010dasova, uz strogo po\u0161tovanje pravila u vanrednim uslovima, a na prvom mjestu izbjegavanja okupljanja&#8221;, izjavila je E\u0107imova Srni.<\/p>\n<p>Prilikom ulaska u biblioteku korisnici moraju nositi za\u0161titne maske i rukavice, a pristup fondu i zadr\u017eavanje u prostorijama biblioteke korisnicima ne\u0107e biti dozvoljeni.<\/p>\n<p><a href=\"https:\/\/www.prijedordanas.com\/wp-content\/uploads\/2020\/04\/biblioteka-prijedor-4.jpg\"><img loading=\"lazy\" decoding=\"async\" src=\"https:\/\/www.prijedordanas.com\/wp-content\/uploads\/2020\/04\/biblioteka-prijedor-4-300x222.jpg\" alt=\"\" width=\"300\" height=\"222\" class=\"alignleft size-medium wp-image-146411\" srcset=\"https:\/\/www.prijedordanas.com\/wp-content\/uploads\/2020\/04\/biblioteka-prijedor-4-300x222.jpg 300w, https:\/\/www.prijedordanas.com\/wp-content\/uploads\/2020\/04\/biblioteka-prijedor-4.jpg 675w\" sizes=\"(max-width: 300px) 100vw, 300px\" \/><\/a>&#8220;Preporu\u010dujemo \u010ditaocima da \u017eeljene naslove posude uz prethodnu najavu na mejl odjeljenja za odrasle nbodraslo@gmail.com i odjeljenja za djecu nbdjecije@gmail.com ili pozivom na telefonski broj 052 211 324 i molimo da odr\u017ee fizi\u010dko rastojanje od drugih osoba od najmanje dva metra&#8221;, poru\u010dila je E\u0107imova.<\/p>\n<p>Do okon\u010danja vanrednog stanja ne mogu se koristiti usluge \u010ditaonice i u ovom objektu rad je organizovan samo u okviru de\u017eurstva.<\/p>\n<p>&#8220;Vra\u0107anje knjiga bi\u0107e omogu\u0107eno uz najstro\u017ee mjere opreza. Knjige \u0107e se vra\u0107ati odlaganjem u kutiju odakle \u0107e biti razdu\u017eene i dostupne za izdavanje tek nakon petodnevnog karantina, a svi rokovi posu\u0111ene gra\u0111e bi\u0107e produ\u017eeni&#8221;, navela je E\u0107imova.<\/p>\n<p>Godi\u0161nje \u010dlanarine koje su bile aktivne 16. marta godine bi\u0107e produ\u017eene za 40 dana da bi se \u010dlanovima nadoknadilo izgubljeno vrijeme, a obnova \u010dlanstva vr\u0161i\u0107e se prilikom preuzimanja knjiga.<\/p>\n<p>Institut za javno zdravstvo dostavio je 21. aprila Narodnoj biblioteci &#8220;\u0106irilo i Metodije&#8221; Prijedor preporuku za rad biblioteka koje je potom potvrdio i gradski \u0160tab za vanredne situacije, gdje je omogu\u0107eno ovoj ustanovi da organizuje rad zatvorenog tipa uz primjenu mjera za\u0161tite i spre\u010davanja \u0161irenja virusa korona.<\/p>\n<p>SRNA<\/p>\n","protected":false},"excerpt":{"rendered":"<p>Narodna biblioteka &#8220;\u0106irilo i Metodije&#8221; Prijedor u ponedjeljak, 4. maja, po\u010dinje sa korisnicima rad zatvorenog tipa, najavila je danas direktor ove ustanove Mara E\u0107im. &#8220;Radno vrijeme ustanove bi\u0107e od ponedjeljka [&hellip;]<\/p>\n","protected":false},"author":1,"featured_media":0,"comment_status":"closed","ping_status":"open","sticky":false,"template":"","format":"standard","meta":{"_monsterinsights_skip_tracking":false,"_monsterinsights_sitenote_active":false,"_monsterinsights_sitenote_note":"","_monsterinsights_sitenote_category":0,"footnotes":""},"categories":[6],"tags":[4723],"yoast_head":"<!-- This site is optimized with the Yoast SEO plugin v21.6 - https:\/\/yoast.com\/wordpress\/plugins\/seo\/ -->\n<title>Narodna biblioteka &quot;\u0106irilo i Metodije&quot; Prijedor: Od 4. maja rad sa korisnicima, uz stroge mjere - PrijedorDanas.com - Prijedorski gradski portal<\/title>\n<meta name=\"robots\" content=\"index, follow, max-snippet:-1, max-image-preview:large, max-video-preview:-1\" \/>\n<link rel=\"canonical\" href=\"https:\/\/www.prijedordanas.com\/?p=146409\" \/>\n<meta property=\"og:locale\" content=\"en_US\" \/>\n<meta property=\"og:type\" content=\"article\" \/>\n<meta property=\"og:title\" content=\"Narodna biblioteka &quot;\u0106irilo i Metodije&quot; Prijedor: Od 4. maja rad sa korisnicima, uz stroge mjere - PrijedorDanas.com - Prijedorski gradski portal\" \/>\n<meta property=\"og:description\" content=\"Narodna biblioteka &#8220;\u0106irilo i Metodije&#8221; Prijedor u ponedjeljak, 4. maja, po\u010dinje sa korisnicima rad zatvorenog tipa, najavila je danas direktor ove ustanove Mara E\u0107im. &#8220;Radno vrijeme ustanove bi\u0107e od ponedjeljka [&hellip;]\" \/>\n<meta property=\"og:url\" content=\"https:\/\/www.prijedordanas.com\/?p=146409\" \/>\n<meta property=\"og:site_name\" content=\"PrijedorDanas.com - Prijedorski gradski portal\" \/>\n<meta property=\"article:publisher\" content=\"https:\/\/www.facebook.com\/PrijedorDanasCom\/\" \/>\n<meta property=\"article:published_time\" content=\"2020-04-29T16:28:43+00:00\" \/>\n<meta property=\"og:image\" content=\"https:\/\/www.prijedordanas.com\/wp-content\/uploads\/2020\/04\/biblioteka-prijedor-5-300x222.jpg\" \/>\n<meta name=\"author\" content=\"admin\" \/>\n<meta name=\"twitter:card\" content=\"summary_large_image\" \/>\n<meta name=\"twitter:label1\" content=\"Written by\" \/>\n\t<meta name=\"twitter:data1\" content=\"admin\" \/>\n\t<meta name=\"twitter:label2\" content=\"Est. reading time\" \/>\n\t<meta name=\"twitter:data2\" content=\"1 minute\" \/>\n<script type=\"application\/ld+json\" class=\"yoast-schema-graph\">{\"@context\":\"https:\/\/schema.org\",\"@graph\":[{\"@type\":\"Article\",\"@id\":\"https:\/\/www.prijedordanas.com\/?p=146409#article\",\"isPartOf\":{\"@id\":\"https:\/\/www.prijedordanas.com\/?p=146409\"},\"author\":{\"name\":\"admin\",\"@id\":\"https:\/\/www.prijedordanas.com\/#\/schema\/person\/4e08ccf29b506ca916ff86d46bb700e6\"},\"headline\":\"Narodna biblioteka &#8220;\u0106irilo i Metodije&#8221; Prijedor: Od 4. maja rad sa korisnicima, uz stroge mjere\",\"datePublished\":\"2020-04-29T16:28:43+00:00\",\"dateModified\":\"2020-04-29T16:28:43+00:00\",\"mainEntityOfPage\":{\"@id\":\"https:\/\/www.prijedordanas.com\/?p=146409\"},\"wordCount\":307,\"publisher\":{\"@id\":\"https:\/\/www.prijedordanas.com\/#organization\"},\"keywords\":[\"Narodna biblioteka \\\"\u0106irilo i Metodije\\\" Prijedor\"],\"articleSection\":[\"Kultura\"],\"inLanguage\":\"en-US\"},{\"@type\":\"WebPage\",\"@id\":\"https:\/\/www.prijedordanas.com\/?p=146409\",\"url\":\"https:\/\/www.prijedordanas.com\/?p=146409\",\"name\":\"Narodna biblioteka \\\"\u0106irilo i Metodije\\\" Prijedor: Od 4. maja rad sa korisnicima, uz stroge mjere - PrijedorDanas.com - Prijedorski gradski portal\",\"isPartOf\":{\"@id\":\"https:\/\/www.prijedordanas.com\/#website\"},\"datePublished\":\"2020-04-29T16:28:43+00:00\",\"dateModified\":\"2020-04-29T16:28:43+00:00\",\"breadcrumb\":{\"@id\":\"https:\/\/www.prijedordanas.com\/?p=146409#breadcrumb\"},\"inLanguage\":\"en-US\",\"potentialAction\":[{\"@type\":\"ReadAction\",\"target\":[\"https:\/\/www.prijedordanas.com\/?p=146409\"]}]},{\"@type\":\"BreadcrumbList\",\"@id\":\"https:\/\/www.prijedordanas.com\/?p=146409#breadcrumb\",\"itemListElement\":[{\"@type\":\"ListItem\",\"position\":1,\"name\":\"Home\",\"item\":\"https:\/\/www.prijedordanas.com\/\"},{\"@type\":\"ListItem\",\"position\":2,\"name\":\"Narodna biblioteka &#8220;\u0106irilo i Metodije&#8221; Prijedor: Od 4. maja rad sa korisnicima, uz stroge mjere\"}]},{\"@type\":\"WebSite\",\"@id\":\"https:\/\/www.prijedordanas.com\/#website\",\"url\":\"https:\/\/www.prijedordanas.com\/\",\"name\":\"PrijedorDanas.com - Prijedorski gradski portal\",\"description\":\"Portal o doga\u0111anjima u gradu Prijedoru\",\"publisher\":{\"@id\":\"https:\/\/www.prijedordanas.com\/#organization\"},\"potentialAction\":[{\"@type\":\"SearchAction\",\"target\":{\"@type\":\"EntryPoint\",\"urlTemplate\":\"https:\/\/www.prijedordanas.com\/?s={search_term_string}\"},\"query-input\":\"required name=search_term_string\"}],\"inLanguage\":\"en-US\"},{\"@type\":\"Organization\",\"@id\":\"https:\/\/www.prijedordanas.com\/#organization\",\"name\":\"PrijedorDanas.com\",\"url\":\"https:\/\/www.prijedordanas.com\/\",\"logo\":{\"@type\":\"ImageObject\",\"inLanguage\":\"en-US\",\"@id\":\"https:\/\/www.prijedordanas.com\/#\/schema\/logo\/image\/\",\"url\":\"http:\/\/www.prijedordanas.com\/wp-content\/uploads\/2021\/12\/logopng.png\",\"contentUrl\":\"http:\/\/www.prijedordanas.com\/wp-content\/uploads\/2021\/12\/logopng.png\",\"width\":1019,\"height\":776,\"caption\":\"PrijedorDanas.com\"},\"image\":{\"@id\":\"https:\/\/www.prijedordanas.com\/#\/schema\/logo\/image\/\"},\"sameAs\":[\"https:\/\/www.facebook.com\/PrijedorDanasCom\/\"]},{\"@type\":\"Person\",\"@id\":\"https:\/\/www.prijedordanas.com\/#\/schema\/person\/4e08ccf29b506ca916ff86d46bb700e6\",\"name\":\"admin\",\"image\":{\"@type\":\"ImageObject\",\"inLanguage\":\"en-US\",\"@id\":\"https:\/\/www.prijedordanas.com\/#\/schema\/person\/image\/\",\"url\":\"https:\/\/secure.gravatar.com\/avatar\/1d3fc949d550f0b53a5f0d51e06dfd79?s=96&d=mm&r=g\",\"contentUrl\":\"https:\/\/secure.gravatar.com\/avatar\/1d3fc949d550f0b53a5f0d51e06dfd79?s=96&d=mm&r=g\",\"caption\":\"admin\"},\"url\":\"https:\/\/www.prijedordanas.com\/?author=1\"}]}<\/script>\n<!-- \/ Yoast SEO plugin. -->","yoast_head_json":{"title":"Narodna biblioteka \"\u0106irilo i Metodije\" Prijedor: Od 4. maja rad sa korisnicima, uz stroge mjere - PrijedorDanas.com - Prijedorski gradski portal","robots":{"index":"index","follow":"follow","max-snippet":"max-snippet:-1","max-image-preview":"max-image-preview:large","max-video-preview":"max-video-preview:-1"},"canonical":"https:\/\/www.prijedordanas.com\/?p=146409","og_locale":"en_US","og_type":"article","og_title":"Narodna biblioteka \"\u0106irilo i Metodije\" Prijedor: Od 4. maja rad sa korisnicima, uz stroge mjere - PrijedorDanas.com - Prijedorski gradski portal","og_description":"Narodna biblioteka &#8220;\u0106irilo i Metodije&#8221; Prijedor u ponedjeljak, 4. maja, po\u010dinje sa korisnicima rad zatvorenog tipa, najavila je danas direktor ove ustanove Mara E\u0107im. &#8220;Radno vrijeme ustanove bi\u0107e od ponedjeljka [&hellip;]","og_url":"https:\/\/www.prijedordanas.com\/?p=146409","og_site_name":"PrijedorDanas.com - Prijedorski gradski portal","article_publisher":"https:\/\/www.facebook.com\/PrijedorDanasCom\/","article_published_time":"2020-04-29T16:28:43+00:00","og_image":[{"url":"https:\/\/www.prijedordanas.com\/wp-content\/uploads\/2020\/04\/biblioteka-prijedor-5-300x222.jpg"}],"author":"admin","twitter_card":"summary_large_image","twitter_misc":{"Written by":"admin","Est. reading time":"1 minute"},"schema":{"@context":"https:\/\/schema.org","@graph":[{"@type":"Article","@id":"https:\/\/www.prijedordanas.com\/?p=146409#article","isPartOf":{"@id":"https:\/\/www.prijedordanas.com\/?p=146409"},"author":{"name":"admin","@id":"https:\/\/www.prijedordanas.com\/#\/schema\/person\/4e08ccf29b506ca916ff86d46bb700e6"},"headline":"Narodna biblioteka &#8220;\u0106irilo i Metodije&#8221; Prijedor: Od 4. maja rad sa korisnicima, uz stroge mjere","datePublished":"2020-04-29T16:28:43+00:00","dateModified":"2020-04-29T16:28:43+00:00","mainEntityOfPage":{"@id":"https:\/\/www.prijedordanas.com\/?p=146409"},"wordCount":307,"publisher":{"@id":"https:\/\/www.prijedordanas.com\/#organization"},"keywords":["Narodna biblioteka \"\u0106irilo i Metodije\" Prijedor"],"articleSection":["Kultura"],"inLanguage":"en-US"},{"@type":"WebPage","@id":"https:\/\/www.prijedordanas.com\/?p=146409","url":"https:\/\/www.prijedordanas.com\/?p=146409","name":"Narodna biblioteka \"\u0106irilo i Metodije\" Prijedor: Od 4. maja rad sa korisnicima, uz stroge mjere - PrijedorDanas.com - Prijedorski gradski portal","isPartOf":{"@id":"https:\/\/www.prijedordanas.com\/#website"},"datePublished":"2020-04-29T16:28:43+00:00","dateModified":"2020-04-29T16:28:43+00:00","breadcrumb":{"@id":"https:\/\/www.prijedordanas.com\/?p=146409#breadcrumb"},"inLanguage":"en-US","potentialAction":[{"@type":"ReadAction","target":["https:\/\/www.prijedordanas.com\/?p=146409"]}]},{"@type":"BreadcrumbList","@id":"https:\/\/www.prijedordanas.com\/?p=146409#breadcrumb","itemListElement":[{"@type":"ListItem","position":1,"name":"Home","item":"https:\/\/www.prijedordanas.com\/"},{"@type":"ListItem","position":2,"name":"Narodna biblioteka &#8220;\u0106irilo i Metodije&#8221; Prijedor: Od 4. maja rad sa korisnicima, uz stroge mjere"}]},{"@type":"WebSite","@id":"https:\/\/www.prijedordanas.com\/#website","url":"https:\/\/www.prijedordanas.com\/","name":"PrijedorDanas.com - Prijedorski gradski portal","description":"Portal o doga\u0111anjima u gradu Prijedoru","publisher":{"@id":"https:\/\/www.prijedordanas.com\/#organization"},"potentialAction":[{"@type":"SearchAction","target":{"@type":"EntryPoint","urlTemplate":"https:\/\/www.prijedordanas.com\/?s={search_term_string}"},"query-input":"required name=search_term_string"}],"inLanguage":"en-US"},{"@type":"Organization","@id":"https:\/\/www.prijedordanas.com\/#organization","name":"PrijedorDanas.com","url":"https:\/\/www.prijedordanas.com\/","logo":{"@type":"ImageObject","inLanguage":"en-US","@id":"https:\/\/www.prijedordanas.com\/#\/schema\/logo\/image\/","url":"http:\/\/www.prijedordanas.com\/wp-content\/uploads\/2021\/12\/logopng.png","contentUrl":"http:\/\/www.prijedordanas.com\/wp-content\/uploads\/2021\/12\/logopng.png","width":1019,"height":776,"caption":"PrijedorDanas.com"},"image":{"@id":"https:\/\/www.prijedordanas.com\/#\/schema\/logo\/image\/"},"sameAs":["https:\/\/www.facebook.com\/PrijedorDanasCom\/"]},{"@type":"Person","@id":"https:\/\/www.prijedordanas.com\/#\/schema\/person\/4e08ccf29b506ca916ff86d46bb700e6","name":"admin","image":{"@type":"ImageObject","inLanguage":"en-US","@id":"https:\/\/www.prijedordanas.com\/#\/schema\/person\/image\/","url":"https:\/\/secure.gravatar.com\/avatar\/1d3fc949d550f0b53a5f0d51e06dfd79?s=96&d=mm&r=g","contentUrl":"https:\/\/secure.gravatar.com\/avatar\/1d3fc949d550f0b53a5f0d51e06dfd79?s=96&d=mm&r=g","caption":"admin"},"url":"https:\/\/www.prijedordanas.com\/?author=1"}]}},"_links":{"self":[{"href":"https:\/\/www.prijedordanas.com\/index.php?rest_route=\/wp\/v2\/posts\/146409"}],"collection":[{"href":"https:\/\/www.prijedordanas.com\/index.php?rest_route=\/wp\/v2\/posts"}],"about":[{"href":"https:\/\/www.prijedordanas.com\/index.php?rest_route=\/wp\/v2\/types\/post"}],"author":[{"embeddable":true,"href":"https:\/\/www.prijedordanas.com\/index.php?rest_route=\/wp\/v2\/users\/1"}],"replies":[{"embeddable":true,"href":"https:\/\/www.prijedordanas.com\/index.php?rest_route=%2Fwp%2Fv2%2Fcomments&post=146409"}],"version-history":[{"count":1,"href":"https:\/\/www.prijedordanas.com\/index.php?rest_route=\/wp\/v2\/posts\/146409\/revisions"}],"predecessor-version":[{"id":146412,"href":"https:\/\/www.prijedordanas.com\/index.php?rest_route=\/wp\/v2\/posts\/146409\/revisions\/146412"}],"wp:attachment":[{"href":"https:\/\/www.prijedordanas.com\/index.php?rest_route=%2Fwp%2Fv2%2Fmedia&parent=146409"}],"wp:term":[{"taxonomy":"category","embeddable":true,"href":"https:\/\/www.prijedordanas.com\/index.php?rest_route=%2Fwp%2Fv2%2Fcategories&post=146409"},{"taxonomy":"post_tag","embeddable":true,"href":"https:\/\/www.prijedordanas.com\/index.php?rest_route=%2Fwp%2Fv2%2Ftags&post=146409"}],"curies":[{"name":"wp","href":"https:\/\/api.w.org\/{rel}","templated":true}]}}