{"id":146398,"date":"2020-04-29T15:45:27","date_gmt":"2020-04-29T13:45:27","guid":{"rendered":"https:\/\/www.prijedordanas.com\/?p=146398"},"modified":"2020-04-29T15:45:27","modified_gmt":"2020-04-29T13:45:27","slug":"stroga-zabrana-kretanja-poostren-policijski-cas-u-republici-srpskoj-u-vrijeme-praznika-rada","status":"publish","type":"post","link":"https:\/\/www.prijedordanas.com\/?p=146398","title":{"rendered":"Stroga zabrana kretanja: Poo\u0161tren policijski \u010das u Republici Srpskoj u vrijeme praznika rada"},"content":{"rendered":"<p><a href=\"https:\/\/www.prijedordanas.com\/wp-content\/uploads\/2019\/07\/policija-pd-2019-teren-8.jpg\"><img loading=\"lazy\" decoding=\"async\" src=\"https:\/\/www.prijedordanas.com\/wp-content\/uploads\/2019\/07\/policija-pd-2019-teren-8-300x232.jpg\" alt=\"\" width=\"300\" height=\"232\" class=\"alignleft size-medium wp-image-130651\" srcset=\"https:\/\/www.prijedordanas.com\/wp-content\/uploads\/2019\/07\/policija-pd-2019-teren-8-300x232.jpg 300w, https:\/\/www.prijedordanas.com\/wp-content\/uploads\/2019\/07\/policija-pd-2019-teren-8-100x77.jpg 100w, https:\/\/www.prijedordanas.com\/wp-content\/uploads\/2019\/07\/policija-pd-2019-teren-8.jpg 646w\" sizes=\"(max-width: 300px) 100vw, 300px\" \/><\/a>Zabrana kretanja na teritoriji Republike Srpske traja\u0107e od petka 1. maja u 12 sati do subote 2. maja u pet \u010dasova, saop\u0161tio je ministar poljoprivrede Republike Srpske Boris Pa\u0161ali\u0107 nakon sjednice Republi\u010dkog \u0161taba.<\/p>\n<p>Tako\u0111e, zbog spre\u010davanja \u0161irenja korona virusa, policijski \u010das \u0107e biti uveden od subote u 12 \u010dasova do nedjelje u pet \u010dasova, i od nedjelje u 12 \u010dasova do ponedjeljka pet \u010dasova, odlu\u010dio je danas Republi\u010dki \u0161tab za vanredne stuacije.<\/p>\n<p>Ministar poljoprivrede Boris Pa\u0161ali\u0107 je rekao i da \u0107e poljoprivredni proizvo\u0111a\u010di u pograni\u010dnom dijelu uz rijeku Drinu od sutra mo\u0107i prelaziti u Srbiju da bi mogli obavljati radove.<\/p>\n<p>EuroBlic-srpskainfo.com<\/p>\n","protected":false},"excerpt":{"rendered":"<p>Zabrana kretanja na teritoriji Republike Srpske traja\u0107e od petka 1. maja u 12 sati do subote 2. maja u pet \u010dasova, saop\u0161tio je ministar poljoprivrede Republike Srpske Boris Pa\u0161ali\u0107 nakon [&hellip;]<\/p>\n","protected":false},"author":1,"featured_media":0,"comment_status":"closed","ping_status":"open","sticky":false,"template":"","format":"standard","meta":{"_monsterinsights_skip_tracking":false,"_monsterinsights_sitenote_active":false,"_monsterinsights_sitenote_note":"","_monsterinsights_sitenote_category":0,"footnotes":""},"categories":[4],"tags":[11081,11113],"yoast_head":"<!-- This site is optimized with the Yoast SEO plugin v21.6 - https:\/\/yoast.com\/wordpress\/plugins\/seo\/ -->\n<title>Stroga zabrana kretanja: Poo\u0161tren policijski \u010das u Republici Srpskoj u vrijeme praznika rada - PrijedorDanas.com - Prijedorski gradski portal<\/title>\n<meta name=\"robots\" content=\"index, follow, max-snippet:-1, max-image-preview:large, max-video-preview:-1\" \/>\n<link rel=\"canonical\" href=\"https:\/\/www.prijedordanas.com\/?p=146398\" \/>\n<meta property=\"og:locale\" content=\"en_US\" \/>\n<meta property=\"og:type\" content=\"article\" \/>\n<meta property=\"og:title\" content=\"Stroga zabrana kretanja: Poo\u0161tren policijski \u010das u Republici Srpskoj u vrijeme praznika rada - PrijedorDanas.com - Prijedorski gradski portal\" \/>\n<meta property=\"og:description\" content=\"Zabrana kretanja na teritoriji Republike Srpske traja\u0107e od petka 1. maja u 12 sati do subote 2. maja u pet \u010dasova, saop\u0161tio je ministar poljoprivrede Republike Srpske Boris Pa\u0161ali\u0107 nakon [&hellip;]\" \/>\n<meta property=\"og:url\" content=\"https:\/\/www.prijedordanas.com\/?p=146398\" \/>\n<meta property=\"og:site_name\" content=\"PrijedorDanas.com - Prijedorski gradski portal\" \/>\n<meta property=\"article:publisher\" content=\"https:\/\/www.facebook.com\/PrijedorDanasCom\/\" \/>\n<meta property=\"article:published_time\" content=\"2020-04-29T13:45:27+00:00\" \/>\n<meta property=\"og:image\" content=\"https:\/\/www.prijedordanas.com\/wp-content\/uploads\/2019\/07\/policija-pd-2019-teren-8-300x232.jpg\" \/>\n<meta name=\"author\" content=\"admin\" \/>\n<meta name=\"twitter:card\" content=\"summary_large_image\" \/>\n<meta name=\"twitter:label1\" content=\"Written by\" \/>\n\t<meta name=\"twitter:data1\" content=\"admin\" \/>\n\t<meta name=\"twitter:label2\" content=\"Est. reading time\" \/>\n\t<meta name=\"twitter:data2\" content=\"1 minute\" \/>\n<script type=\"application\/ld+json\" class=\"yoast-schema-graph\">{\"@context\":\"https:\/\/schema.org\",\"@graph\":[{\"@type\":\"Article\",\"@id\":\"https:\/\/www.prijedordanas.com\/?p=146398#article\",\"isPartOf\":{\"@id\":\"https:\/\/www.prijedordanas.com\/?p=146398\"},\"author\":{\"name\":\"admin\",\"@id\":\"https:\/\/www.prijedordanas.com\/#\/schema\/person\/4e08ccf29b506ca916ff86d46bb700e6\"},\"headline\":\"Stroga zabrana kretanja: Poo\u0161tren policijski \u010das u Republici Srpskoj u vrijeme praznika rada\",\"datePublished\":\"2020-04-29T13:45:27+00:00\",\"dateModified\":\"2020-04-29T13:45:27+00:00\",\"mainEntityOfPage\":{\"@id\":\"https:\/\/www.prijedordanas.com\/?p=146398\"},\"wordCount\":124,\"publisher\":{\"@id\":\"https:\/\/www.prijedordanas.com\/#organization\"},\"keywords\":[\"korona\",\"policijski \u010das\"],\"articleSection\":[\"Dru\u0161tvo\"],\"inLanguage\":\"en-US\"},{\"@type\":\"WebPage\",\"@id\":\"https:\/\/www.prijedordanas.com\/?p=146398\",\"url\":\"https:\/\/www.prijedordanas.com\/?p=146398\",\"name\":\"Stroga zabrana kretanja: Poo\u0161tren policijski \u010das u Republici Srpskoj u vrijeme praznika rada - PrijedorDanas.com - Prijedorski gradski portal\",\"isPartOf\":{\"@id\":\"https:\/\/www.prijedordanas.com\/#website\"},\"datePublished\":\"2020-04-29T13:45:27+00:00\",\"dateModified\":\"2020-04-29T13:45:27+00:00\",\"breadcrumb\":{\"@id\":\"https:\/\/www.prijedordanas.com\/?p=146398#breadcrumb\"},\"inLanguage\":\"en-US\",\"potentialAction\":[{\"@type\":\"ReadAction\",\"target\":[\"https:\/\/www.prijedordanas.com\/?p=146398\"]}]},{\"@type\":\"BreadcrumbList\",\"@id\":\"https:\/\/www.prijedordanas.com\/?p=146398#breadcrumb\",\"itemListElement\":[{\"@type\":\"ListItem\",\"position\":1,\"name\":\"Home\",\"item\":\"https:\/\/www.prijedordanas.com\/\"},{\"@type\":\"ListItem\",\"position\":2,\"name\":\"Stroga zabrana kretanja: Poo\u0161tren policijski \u010das u Republici Srpskoj u vrijeme praznika rada\"}]},{\"@type\":\"WebSite\",\"@id\":\"https:\/\/www.prijedordanas.com\/#website\",\"url\":\"https:\/\/www.prijedordanas.com\/\",\"name\":\"PrijedorDanas.com - Prijedorski gradski portal\",\"description\":\"Portal o doga\u0111anjima u gradu Prijedoru\",\"publisher\":{\"@id\":\"https:\/\/www.prijedordanas.com\/#organization\"},\"potentialAction\":[{\"@type\":\"SearchAction\",\"target\":{\"@type\":\"EntryPoint\",\"urlTemplate\":\"https:\/\/www.prijedordanas.com\/?s={search_term_string}\"},\"query-input\":\"required name=search_term_string\"}],\"inLanguage\":\"en-US\"},{\"@type\":\"Organization\",\"@id\":\"https:\/\/www.prijedordanas.com\/#organization\",\"name\":\"PrijedorDanas.com\",\"url\":\"https:\/\/www.prijedordanas.com\/\",\"logo\":{\"@type\":\"ImageObject\",\"inLanguage\":\"en-US\",\"@id\":\"https:\/\/www.prijedordanas.com\/#\/schema\/logo\/image\/\",\"url\":\"http:\/\/www.prijedordanas.com\/wp-content\/uploads\/2021\/12\/logopng.png\",\"contentUrl\":\"http:\/\/www.prijedordanas.com\/wp-content\/uploads\/2021\/12\/logopng.png\",\"width\":1019,\"height\":776,\"caption\":\"PrijedorDanas.com\"},\"image\":{\"@id\":\"https:\/\/www.prijedordanas.com\/#\/schema\/logo\/image\/\"},\"sameAs\":[\"https:\/\/www.facebook.com\/PrijedorDanasCom\/\"]},{\"@type\":\"Person\",\"@id\":\"https:\/\/www.prijedordanas.com\/#\/schema\/person\/4e08ccf29b506ca916ff86d46bb700e6\",\"name\":\"admin\",\"image\":{\"@type\":\"ImageObject\",\"inLanguage\":\"en-US\",\"@id\":\"https:\/\/www.prijedordanas.com\/#\/schema\/person\/image\/\",\"url\":\"https:\/\/secure.gravatar.com\/avatar\/1d3fc949d550f0b53a5f0d51e06dfd79?s=96&d=mm&r=g\",\"contentUrl\":\"https:\/\/secure.gravatar.com\/avatar\/1d3fc949d550f0b53a5f0d51e06dfd79?s=96&d=mm&r=g\",\"caption\":\"admin\"},\"url\":\"https:\/\/www.prijedordanas.com\/?author=1\"}]}<\/script>\n<!-- \/ Yoast SEO plugin. -->","yoast_head_json":{"title":"Stroga zabrana kretanja: Poo\u0161tren policijski \u010das u Republici Srpskoj u vrijeme praznika rada - PrijedorDanas.com - Prijedorski gradski portal","robots":{"index":"index","follow":"follow","max-snippet":"max-snippet:-1","max-image-preview":"max-image-preview:large","max-video-preview":"max-video-preview:-1"},"canonical":"https:\/\/www.prijedordanas.com\/?p=146398","og_locale":"en_US","og_type":"article","og_title":"Stroga zabrana kretanja: Poo\u0161tren policijski \u010das u Republici Srpskoj u vrijeme praznika rada - PrijedorDanas.com - Prijedorski gradski portal","og_description":"Zabrana kretanja na teritoriji Republike Srpske traja\u0107e od petka 1. maja u 12 sati do subote 2. maja u pet \u010dasova, saop\u0161tio je ministar poljoprivrede Republike Srpske Boris Pa\u0161ali\u0107 nakon [&hellip;]","og_url":"https:\/\/www.prijedordanas.com\/?p=146398","og_site_name":"PrijedorDanas.com - Prijedorski gradski portal","article_publisher":"https:\/\/www.facebook.com\/PrijedorDanasCom\/","article_published_time":"2020-04-29T13:45:27+00:00","og_image":[{"url":"https:\/\/www.prijedordanas.com\/wp-content\/uploads\/2019\/07\/policija-pd-2019-teren-8-300x232.jpg"}],"author":"admin","twitter_card":"summary_large_image","twitter_misc":{"Written by":"admin","Est. reading time":"1 minute"},"schema":{"@context":"https:\/\/schema.org","@graph":[{"@type":"Article","@id":"https:\/\/www.prijedordanas.com\/?p=146398#article","isPartOf":{"@id":"https:\/\/www.prijedordanas.com\/?p=146398"},"author":{"name":"admin","@id":"https:\/\/www.prijedordanas.com\/#\/schema\/person\/4e08ccf29b506ca916ff86d46bb700e6"},"headline":"Stroga zabrana kretanja: Poo\u0161tren policijski \u010das u Republici Srpskoj u vrijeme praznika rada","datePublished":"2020-04-29T13:45:27+00:00","dateModified":"2020-04-29T13:45:27+00:00","mainEntityOfPage":{"@id":"https:\/\/www.prijedordanas.com\/?p=146398"},"wordCount":124,"publisher":{"@id":"https:\/\/www.prijedordanas.com\/#organization"},"keywords":["korona","policijski \u010das"],"articleSection":["Dru\u0161tvo"],"inLanguage":"en-US"},{"@type":"WebPage","@id":"https:\/\/www.prijedordanas.com\/?p=146398","url":"https:\/\/www.prijedordanas.com\/?p=146398","name":"Stroga zabrana kretanja: Poo\u0161tren policijski \u010das u Republici Srpskoj u vrijeme praznika rada - PrijedorDanas.com - Prijedorski gradski portal","isPartOf":{"@id":"https:\/\/www.prijedordanas.com\/#website"},"datePublished":"2020-04-29T13:45:27+00:00","dateModified":"2020-04-29T13:45:27+00:00","breadcrumb":{"@id":"https:\/\/www.prijedordanas.com\/?p=146398#breadcrumb"},"inLanguage":"en-US","potentialAction":[{"@type":"ReadAction","target":["https:\/\/www.prijedordanas.com\/?p=146398"]}]},{"@type":"BreadcrumbList","@id":"https:\/\/www.prijedordanas.com\/?p=146398#breadcrumb","itemListElement":[{"@type":"ListItem","position":1,"name":"Home","item":"https:\/\/www.prijedordanas.com\/"},{"@type":"ListItem","position":2,"name":"Stroga zabrana kretanja: Poo\u0161tren policijski \u010das u Republici Srpskoj u vrijeme praznika rada"}]},{"@type":"WebSite","@id":"https:\/\/www.prijedordanas.com\/#website","url":"https:\/\/www.prijedordanas.com\/","name":"PrijedorDanas.com - Prijedorski gradski portal","description":"Portal o doga\u0111anjima u gradu Prijedoru","publisher":{"@id":"https:\/\/www.prijedordanas.com\/#organization"},"potentialAction":[{"@type":"SearchAction","target":{"@type":"EntryPoint","urlTemplate":"https:\/\/www.prijedordanas.com\/?s={search_term_string}"},"query-input":"required name=search_term_string"}],"inLanguage":"en-US"},{"@type":"Organization","@id":"https:\/\/www.prijedordanas.com\/#organization","name":"PrijedorDanas.com","url":"https:\/\/www.prijedordanas.com\/","logo":{"@type":"ImageObject","inLanguage":"en-US","@id":"https:\/\/www.prijedordanas.com\/#\/schema\/logo\/image\/","url":"http:\/\/www.prijedordanas.com\/wp-content\/uploads\/2021\/12\/logopng.png","contentUrl":"http:\/\/www.prijedordanas.com\/wp-content\/uploads\/2021\/12\/logopng.png","width":1019,"height":776,"caption":"PrijedorDanas.com"},"image":{"@id":"https:\/\/www.prijedordanas.com\/#\/schema\/logo\/image\/"},"sameAs":["https:\/\/www.facebook.com\/PrijedorDanasCom\/"]},{"@type":"Person","@id":"https:\/\/www.prijedordanas.com\/#\/schema\/person\/4e08ccf29b506ca916ff86d46bb700e6","name":"admin","image":{"@type":"ImageObject","inLanguage":"en-US","@id":"https:\/\/www.prijedordanas.com\/#\/schema\/person\/image\/","url":"https:\/\/secure.gravatar.com\/avatar\/1d3fc949d550f0b53a5f0d51e06dfd79?s=96&d=mm&r=g","contentUrl":"https:\/\/secure.gravatar.com\/avatar\/1d3fc949d550f0b53a5f0d51e06dfd79?s=96&d=mm&r=g","caption":"admin"},"url":"https:\/\/www.prijedordanas.com\/?author=1"}]}},"_links":{"self":[{"href":"https:\/\/www.prijedordanas.com\/index.php?rest_route=\/wp\/v2\/posts\/146398"}],"collection":[{"href":"https:\/\/www.prijedordanas.com\/index.php?rest_route=\/wp\/v2\/posts"}],"about":[{"href":"https:\/\/www.prijedordanas.com\/index.php?rest_route=\/wp\/v2\/types\/post"}],"author":[{"embeddable":true,"href":"https:\/\/www.prijedordanas.com\/index.php?rest_route=\/wp\/v2\/users\/1"}],"replies":[{"embeddable":true,"href":"https:\/\/www.prijedordanas.com\/index.php?rest_route=%2Fwp%2Fv2%2Fcomments&post=146398"}],"version-history":[{"count":1,"href":"https:\/\/www.prijedordanas.com\/index.php?rest_route=\/wp\/v2\/posts\/146398\/revisions"}],"predecessor-version":[{"id":146399,"href":"https:\/\/www.prijedordanas.com\/index.php?rest_route=\/wp\/v2\/posts\/146398\/revisions\/146399"}],"wp:attachment":[{"href":"https:\/\/www.prijedordanas.com\/index.php?rest_route=%2Fwp%2Fv2%2Fmedia&parent=146398"}],"wp:term":[{"taxonomy":"category","embeddable":true,"href":"https:\/\/www.prijedordanas.com\/index.php?rest_route=%2Fwp%2Fv2%2Fcategories&post=146398"},{"taxonomy":"post_tag","embeddable":true,"href":"https:\/\/www.prijedordanas.com\/index.php?rest_route=%2Fwp%2Fv2%2Ftags&post=146398"}],"curies":[{"name":"wp","href":"https:\/\/api.w.org\/{rel}","templated":true}]}}