{"id":146323,"date":"2020-04-28T12:40:36","date_gmt":"2020-04-28T10:40:36","guid":{"rendered":"https:\/\/www.prijedordanas.com\/?p=146323"},"modified":"2020-04-28T12:40:36","modified_gmt":"2020-04-28T10:40:36","slug":"korona-ispisala-2-621-kaznu-u-republici-srpskoj","status":"publish","type":"post","link":"https:\/\/www.prijedordanas.com\/?p=146323","title":{"rendered":"Korona ispisala 2.621 kaznu u Republici Srpskoj"},"content":{"rendered":"<p><a href=\"https:\/\/www.prijedordanas.com\/wp-content\/uploads\/2020\/04\/policijski-cas-prijedor-kontrola.jpg\"><img loading=\"lazy\" decoding=\"async\" src=\"https:\/\/www.prijedordanas.com\/wp-content\/uploads\/2020\/04\/policijski-cas-prijedor-kontrola-300x222.jpg\" alt=\"\" width=\"300\" height=\"222\" class=\"alignleft size-medium wp-image-144785\" srcset=\"https:\/\/www.prijedordanas.com\/wp-content\/uploads\/2020\/04\/policijski-cas-prijedor-kontrola-300x222.jpg 300w, https:\/\/www.prijedordanas.com\/wp-content\/uploads\/2020\/04\/policijski-cas-prijedor-kontrola.jpg 675w\" sizes=\"(max-width: 300px) 100vw, 300px\" \/><\/a>Zbog nepo\u0161tovanja zaklju\u010daka Republi\u010dkog \u0161taba za vanredne situacije i ograni\u010denja kretanja zbog epidemije virusa korona, policijski slu\u017ebenici Ministarstva unutra\u0161njih poslova Republike Srpske su od 20. marta do 27. aprila evidentirali ukupno 2.621 prekr\u0161aj.<\/p>\n<p>Ovi prekr\u0161aji pisani su po \u010dlanu 22. Zakona o javnom redu i miru, a u vezi sa vanrednom situacijom.<\/p>\n<p>&#8220;Ko ne postupi po naredbi ili rje\u0161enju dr\u017eavnog organa u vezi sa ograni\u010denjem ili zabranom kretanja ili zadr\u017eavanja lica na odre\u0111enim javnim mjestima ili podru\u010djima, ili ko se ne udalji iz grupe koju je ovla\u0161\u0107eni policijski slu\u017ebenik upozorio da se razi\u0111e, bi\u0107e ka\u017enjen nov\u010danom kaznom od 500 do 1.500 KM&#8221; pi\u0161e u \u010dlanu 22. Zakona o javnom redu i miru.<\/p>\n<p>Mirna Miljanovi\u0107, na\u010delnik Odjeljenja za odnose sa javno\u0161\u0107u MUP-a RS, kazala je za &#8220;Nezavisne&#8221; da je od 20. marta do 27. aprila evidentirano ukupno 28 krivi\u010dnih djela protiv zdravlja ljudi.<\/p>\n<p>&#8220;Od ovog broja jedno je krivi\u010dno djelo preno\u0161enje zarazne bolesti i 27 krivi\u010dnih djela nepostupanje po zdravstvenim propisima za vrijeme epidemije&#8221;, rekla je Miljanovi\u0107eva.<\/p>\n<p>Prema njenim rije\u010dima, do sada su bila 353 prekr\u0161aja po\u010dinjena od strane lica sa navr\u0161enih 65 i vi\u0161e godina u periodu od nula do 24 \u010dasa.<\/p>\n<p>&#8220;Najvi\u0161e je prekr\u0161aja do sada bilo po\u010dinjenih od strane svih drugih lica od 20 do pet \u010dasova, u toku policijskog \u010dasa, i to njih 1.623&#8221;, istakla je Miljanovi\u0107eva.<\/p>\n<p>Dodala je da je 414 osoba do sada prekr\u0161ilo mjeru zabrane u dane vikenda, odnosno zabranu kretanja van mjesta prebivali\u0161ta.<\/p>\n<p>&#8220;Prekr\u0161aja po\u010dinjenih zbog okupljanja u grupama ve\u0107im od tri osobe na javnim mjestima \u0161irom Republike Srpske je bilo 143&#8221;, pojasnila je Miljanovi\u0107eva.<\/p>\n<p>Istakla je da su do sada bila 72 prekr\u0161aja po\u010dinjena od strane lica koja su prekr\u0161ila mjeru samoizolacije.<\/p>\n<p>&#8220;Broj lica koja su prekr\u0161ila mjeru samoizolacije i policijski \u010das je 16&#8221;, naglasila je Miljanovi\u0107eva.<\/p>\n<p>Zaklju\u010dak o zabrani kretanja se, izme\u0111u ostalog, ne odnosi na zdravstvene radnike koji su na zadatku, na lica kojima je neodlo\u017eno potrebna pomo\u0107, pripadnike MUP-a, lica kojima poslodavac izda potvrdu, kao i ona kojima MUP izda dozvolu.<\/p>\n<p>Drago T., penzioner iz Banjaluke, rekao je da se pridr\u017eava svih mjera koje je donio Republi\u010dki \u0161tab za vanredne situacije, ali da je najstarijima potrebno dodatnih dana za izlazak.<\/p>\n<p>&#8220;Trenutno mo\u017eemo izlaziti dva puta sedmi\u010dno po tri sata, ali mislim da bi nam trebalo i u ovoj te\u0161koj situaciji omogu\u0107iti da mo\u017eemo vi\u0161e izlaziti i vjerujem da se ve\u0107ina penzionera sla\u017ee sa mnom&#8221;, zaklju\u010dio je on.<\/p>\n<p>Nezavisne novine<br \/>\nFoto &#8211; ilustracija<\/p>\n","protected":false},"excerpt":{"rendered":"<p>Zbog nepo\u0161tovanja zaklju\u010daka Republi\u010dkog \u0161taba za vanredne situacije i ograni\u010denja kretanja zbog epidemije virusa korona, policijski slu\u017ebenici Ministarstva unutra\u0161njih poslova Republike Srpske su od 20. marta do 27. aprila evidentirali [&hellip;]<\/p>\n","protected":false},"author":1,"featured_media":0,"comment_status":"closed","ping_status":"open","sticky":false,"template":"","format":"standard","meta":{"_monsterinsights_skip_tracking":false,"_monsterinsights_sitenote_active":false,"_monsterinsights_sitenote_note":"","_monsterinsights_sitenote_category":0,"footnotes":""},"categories":[5],"tags":[1767,11081],"yoast_head":"<!-- This site is optimized with the Yoast SEO plugin v21.6 - https:\/\/yoast.com\/wordpress\/plugins\/seo\/ -->\n<title>Korona ispisala 2.621 kaznu u Republici Srpskoj - PrijedorDanas.com - Prijedorski gradski portal<\/title>\n<meta name=\"robots\" content=\"index, follow, max-snippet:-1, max-image-preview:large, max-video-preview:-1\" \/>\n<link rel=\"canonical\" href=\"https:\/\/www.prijedordanas.com\/?p=146323\" \/>\n<meta property=\"og:locale\" content=\"en_US\" \/>\n<meta property=\"og:type\" content=\"article\" \/>\n<meta property=\"og:title\" content=\"Korona ispisala 2.621 kaznu u Republici Srpskoj - PrijedorDanas.com - Prijedorski gradski portal\" \/>\n<meta property=\"og:description\" content=\"Zbog nepo\u0161tovanja zaklju\u010daka Republi\u010dkog \u0161taba za vanredne situacije i ograni\u010denja kretanja zbog epidemije virusa korona, policijski slu\u017ebenici Ministarstva unutra\u0161njih poslova Republike Srpske su od 20. marta do 27. aprila evidentirali [&hellip;]\" \/>\n<meta property=\"og:url\" content=\"https:\/\/www.prijedordanas.com\/?p=146323\" \/>\n<meta property=\"og:site_name\" content=\"PrijedorDanas.com - Prijedorski gradski portal\" \/>\n<meta property=\"article:publisher\" content=\"https:\/\/www.facebook.com\/PrijedorDanasCom\/\" \/>\n<meta property=\"article:published_time\" content=\"2020-04-28T10:40:36+00:00\" \/>\n<meta property=\"og:image\" content=\"https:\/\/www.prijedordanas.com\/wp-content\/uploads\/2020\/04\/policijski-cas-prijedor-kontrola-300x222.jpg\" \/>\n<meta name=\"author\" content=\"admin\" \/>\n<meta name=\"twitter:card\" content=\"summary_large_image\" \/>\n<meta name=\"twitter:label1\" content=\"Written by\" \/>\n\t<meta name=\"twitter:data1\" content=\"admin\" \/>\n\t<meta name=\"twitter:label2\" content=\"Est. reading time\" \/>\n\t<meta name=\"twitter:data2\" content=\"2 minutes\" \/>\n<script type=\"application\/ld+json\" class=\"yoast-schema-graph\">{\"@context\":\"https:\/\/schema.org\",\"@graph\":[{\"@type\":\"Article\",\"@id\":\"https:\/\/www.prijedordanas.com\/?p=146323#article\",\"isPartOf\":{\"@id\":\"https:\/\/www.prijedordanas.com\/?p=146323\"},\"author\":{\"name\":\"admin\",\"@id\":\"https:\/\/www.prijedordanas.com\/#\/schema\/person\/4e08ccf29b506ca916ff86d46bb700e6\"},\"headline\":\"Korona ispisala 2.621 kaznu u Republici Srpskoj\",\"datePublished\":\"2020-04-28T10:40:36+00:00\",\"dateModified\":\"2020-04-28T10:40:36+00:00\",\"mainEntityOfPage\":{\"@id\":\"https:\/\/www.prijedordanas.com\/?p=146323\"},\"wordCount\":451,\"publisher\":{\"@id\":\"https:\/\/www.prijedordanas.com\/#organization\"},\"keywords\":[\"kazne\",\"korona\"],\"articleSection\":[\"Hronika\"],\"inLanguage\":\"en-US\"},{\"@type\":\"WebPage\",\"@id\":\"https:\/\/www.prijedordanas.com\/?p=146323\",\"url\":\"https:\/\/www.prijedordanas.com\/?p=146323\",\"name\":\"Korona ispisala 2.621 kaznu u Republici Srpskoj - PrijedorDanas.com - Prijedorski gradski portal\",\"isPartOf\":{\"@id\":\"https:\/\/www.prijedordanas.com\/#website\"},\"datePublished\":\"2020-04-28T10:40:36+00:00\",\"dateModified\":\"2020-04-28T10:40:36+00:00\",\"breadcrumb\":{\"@id\":\"https:\/\/www.prijedordanas.com\/?p=146323#breadcrumb\"},\"inLanguage\":\"en-US\",\"potentialAction\":[{\"@type\":\"ReadAction\",\"target\":[\"https:\/\/www.prijedordanas.com\/?p=146323\"]}]},{\"@type\":\"BreadcrumbList\",\"@id\":\"https:\/\/www.prijedordanas.com\/?p=146323#breadcrumb\",\"itemListElement\":[{\"@type\":\"ListItem\",\"position\":1,\"name\":\"Home\",\"item\":\"https:\/\/www.prijedordanas.com\/\"},{\"@type\":\"ListItem\",\"position\":2,\"name\":\"Korona ispisala 2.621 kaznu u Republici Srpskoj\"}]},{\"@type\":\"WebSite\",\"@id\":\"https:\/\/www.prijedordanas.com\/#website\",\"url\":\"https:\/\/www.prijedordanas.com\/\",\"name\":\"PrijedorDanas.com - Prijedorski gradski portal\",\"description\":\"Portal o doga\u0111anjima u gradu Prijedoru\",\"publisher\":{\"@id\":\"https:\/\/www.prijedordanas.com\/#organization\"},\"potentialAction\":[{\"@type\":\"SearchAction\",\"target\":{\"@type\":\"EntryPoint\",\"urlTemplate\":\"https:\/\/www.prijedordanas.com\/?s={search_term_string}\"},\"query-input\":\"required name=search_term_string\"}],\"inLanguage\":\"en-US\"},{\"@type\":\"Organization\",\"@id\":\"https:\/\/www.prijedordanas.com\/#organization\",\"name\":\"PrijedorDanas.com\",\"url\":\"https:\/\/www.prijedordanas.com\/\",\"logo\":{\"@type\":\"ImageObject\",\"inLanguage\":\"en-US\",\"@id\":\"https:\/\/www.prijedordanas.com\/#\/schema\/logo\/image\/\",\"url\":\"http:\/\/www.prijedordanas.com\/wp-content\/uploads\/2021\/12\/logopng.png\",\"contentUrl\":\"http:\/\/www.prijedordanas.com\/wp-content\/uploads\/2021\/12\/logopng.png\",\"width\":1019,\"height\":776,\"caption\":\"PrijedorDanas.com\"},\"image\":{\"@id\":\"https:\/\/www.prijedordanas.com\/#\/schema\/logo\/image\/\"},\"sameAs\":[\"https:\/\/www.facebook.com\/PrijedorDanasCom\/\"]},{\"@type\":\"Person\",\"@id\":\"https:\/\/www.prijedordanas.com\/#\/schema\/person\/4e08ccf29b506ca916ff86d46bb700e6\",\"name\":\"admin\",\"image\":{\"@type\":\"ImageObject\",\"inLanguage\":\"en-US\",\"@id\":\"https:\/\/www.prijedordanas.com\/#\/schema\/person\/image\/\",\"url\":\"https:\/\/secure.gravatar.com\/avatar\/1d3fc949d550f0b53a5f0d51e06dfd79?s=96&d=mm&r=g\",\"contentUrl\":\"https:\/\/secure.gravatar.com\/avatar\/1d3fc949d550f0b53a5f0d51e06dfd79?s=96&d=mm&r=g\",\"caption\":\"admin\"},\"url\":\"https:\/\/www.prijedordanas.com\/?author=1\"}]}<\/script>\n<!-- \/ Yoast SEO plugin. -->","yoast_head_json":{"title":"Korona ispisala 2.621 kaznu u Republici Srpskoj - PrijedorDanas.com - Prijedorski gradski portal","robots":{"index":"index","follow":"follow","max-snippet":"max-snippet:-1","max-image-preview":"max-image-preview:large","max-video-preview":"max-video-preview:-1"},"canonical":"https:\/\/www.prijedordanas.com\/?p=146323","og_locale":"en_US","og_type":"article","og_title":"Korona ispisala 2.621 kaznu u Republici Srpskoj - PrijedorDanas.com - Prijedorski gradski portal","og_description":"Zbog nepo\u0161tovanja zaklju\u010daka Republi\u010dkog \u0161taba za vanredne situacije i ograni\u010denja kretanja zbog epidemije virusa korona, policijski slu\u017ebenici Ministarstva unutra\u0161njih poslova Republike Srpske su od 20. marta do 27. aprila evidentirali [&hellip;]","og_url":"https:\/\/www.prijedordanas.com\/?p=146323","og_site_name":"PrijedorDanas.com - Prijedorski gradski portal","article_publisher":"https:\/\/www.facebook.com\/PrijedorDanasCom\/","article_published_time":"2020-04-28T10:40:36+00:00","og_image":[{"url":"https:\/\/www.prijedordanas.com\/wp-content\/uploads\/2020\/04\/policijski-cas-prijedor-kontrola-300x222.jpg"}],"author":"admin","twitter_card":"summary_large_image","twitter_misc":{"Written by":"admin","Est. reading time":"2 minutes"},"schema":{"@context":"https:\/\/schema.org","@graph":[{"@type":"Article","@id":"https:\/\/www.prijedordanas.com\/?p=146323#article","isPartOf":{"@id":"https:\/\/www.prijedordanas.com\/?p=146323"},"author":{"name":"admin","@id":"https:\/\/www.prijedordanas.com\/#\/schema\/person\/4e08ccf29b506ca916ff86d46bb700e6"},"headline":"Korona ispisala 2.621 kaznu u Republici Srpskoj","datePublished":"2020-04-28T10:40:36+00:00","dateModified":"2020-04-28T10:40:36+00:00","mainEntityOfPage":{"@id":"https:\/\/www.prijedordanas.com\/?p=146323"},"wordCount":451,"publisher":{"@id":"https:\/\/www.prijedordanas.com\/#organization"},"keywords":["kazne","korona"],"articleSection":["Hronika"],"inLanguage":"en-US"},{"@type":"WebPage","@id":"https:\/\/www.prijedordanas.com\/?p=146323","url":"https:\/\/www.prijedordanas.com\/?p=146323","name":"Korona ispisala 2.621 kaznu u Republici Srpskoj - PrijedorDanas.com - Prijedorski gradski portal","isPartOf":{"@id":"https:\/\/www.prijedordanas.com\/#website"},"datePublished":"2020-04-28T10:40:36+00:00","dateModified":"2020-04-28T10:40:36+00:00","breadcrumb":{"@id":"https:\/\/www.prijedordanas.com\/?p=146323#breadcrumb"},"inLanguage":"en-US","potentialAction":[{"@type":"ReadAction","target":["https:\/\/www.prijedordanas.com\/?p=146323"]}]},{"@type":"BreadcrumbList","@id":"https:\/\/www.prijedordanas.com\/?p=146323#breadcrumb","itemListElement":[{"@type":"ListItem","position":1,"name":"Home","item":"https:\/\/www.prijedordanas.com\/"},{"@type":"ListItem","position":2,"name":"Korona ispisala 2.621 kaznu u Republici Srpskoj"}]},{"@type":"WebSite","@id":"https:\/\/www.prijedordanas.com\/#website","url":"https:\/\/www.prijedordanas.com\/","name":"PrijedorDanas.com - Prijedorski gradski portal","description":"Portal o doga\u0111anjima u gradu Prijedoru","publisher":{"@id":"https:\/\/www.prijedordanas.com\/#organization"},"potentialAction":[{"@type":"SearchAction","target":{"@type":"EntryPoint","urlTemplate":"https:\/\/www.prijedordanas.com\/?s={search_term_string}"},"query-input":"required name=search_term_string"}],"inLanguage":"en-US"},{"@type":"Organization","@id":"https:\/\/www.prijedordanas.com\/#organization","name":"PrijedorDanas.com","url":"https:\/\/www.prijedordanas.com\/","logo":{"@type":"ImageObject","inLanguage":"en-US","@id":"https:\/\/www.prijedordanas.com\/#\/schema\/logo\/image\/","url":"http:\/\/www.prijedordanas.com\/wp-content\/uploads\/2021\/12\/logopng.png","contentUrl":"http:\/\/www.prijedordanas.com\/wp-content\/uploads\/2021\/12\/logopng.png","width":1019,"height":776,"caption":"PrijedorDanas.com"},"image":{"@id":"https:\/\/www.prijedordanas.com\/#\/schema\/logo\/image\/"},"sameAs":["https:\/\/www.facebook.com\/PrijedorDanasCom\/"]},{"@type":"Person","@id":"https:\/\/www.prijedordanas.com\/#\/schema\/person\/4e08ccf29b506ca916ff86d46bb700e6","name":"admin","image":{"@type":"ImageObject","inLanguage":"en-US","@id":"https:\/\/www.prijedordanas.com\/#\/schema\/person\/image\/","url":"https:\/\/secure.gravatar.com\/avatar\/1d3fc949d550f0b53a5f0d51e06dfd79?s=96&d=mm&r=g","contentUrl":"https:\/\/secure.gravatar.com\/avatar\/1d3fc949d550f0b53a5f0d51e06dfd79?s=96&d=mm&r=g","caption":"admin"},"url":"https:\/\/www.prijedordanas.com\/?author=1"}]}},"_links":{"self":[{"href":"https:\/\/www.prijedordanas.com\/index.php?rest_route=\/wp\/v2\/posts\/146323"}],"collection":[{"href":"https:\/\/www.prijedordanas.com\/index.php?rest_route=\/wp\/v2\/posts"}],"about":[{"href":"https:\/\/www.prijedordanas.com\/index.php?rest_route=\/wp\/v2\/types\/post"}],"author":[{"embeddable":true,"href":"https:\/\/www.prijedordanas.com\/index.php?rest_route=\/wp\/v2\/users\/1"}],"replies":[{"embeddable":true,"href":"https:\/\/www.prijedordanas.com\/index.php?rest_route=%2Fwp%2Fv2%2Fcomments&post=146323"}],"version-history":[{"count":1,"href":"https:\/\/www.prijedordanas.com\/index.php?rest_route=\/wp\/v2\/posts\/146323\/revisions"}],"predecessor-version":[{"id":146324,"href":"https:\/\/www.prijedordanas.com\/index.php?rest_route=\/wp\/v2\/posts\/146323\/revisions\/146324"}],"wp:attachment":[{"href":"https:\/\/www.prijedordanas.com\/index.php?rest_route=%2Fwp%2Fv2%2Fmedia&parent=146323"}],"wp:term":[{"taxonomy":"category","embeddable":true,"href":"https:\/\/www.prijedordanas.com\/index.php?rest_route=%2Fwp%2Fv2%2Fcategories&post=146323"},{"taxonomy":"post_tag","embeddable":true,"href":"https:\/\/www.prijedordanas.com\/index.php?rest_route=%2Fwp%2Fv2%2Ftags&post=146323"}],"curies":[{"name":"wp","href":"https:\/\/api.w.org\/{rel}","templated":true}]}}