{"id":146228,"date":"2020-04-26T09:24:59","date_gmt":"2020-04-26T07:24:59","guid":{"rendered":"https:\/\/www.prijedordanas.com\/?p=146228"},"modified":"2020-04-26T09:24:59","modified_gmt":"2020-04-26T07:24:59","slug":"bez-saglasnosti-republickog-staba-nema-skupstinskog-zasjedanja-u-lokalnim-zajednicama","status":"publish","type":"post","link":"https:\/\/www.prijedordanas.com\/?p=146228","title":{"rendered":"Bez saglasnosti Republi\u010dkog \u0161taba nema skup\u0161tinskog zasjedanja u lokalnim zajednicama"},"content":{"rendered":"<p><a href=\"https:\/\/www.prijedordanas.com\/wp-content\/uploads\/2020\/04\/vladars-ministar-lejla-resic.jpg\"><img loading=\"lazy\" decoding=\"async\" src=\"https:\/\/www.prijedordanas.com\/wp-content\/uploads\/2020\/04\/vladars-ministar-lejla-resic-300x217.jpg\" alt=\"\" width=\"300\" height=\"217\" class=\"alignleft size-medium wp-image-146229\" srcset=\"https:\/\/www.prijedordanas.com\/wp-content\/uploads\/2020\/04\/vladars-ministar-lejla-resic-300x217.jpg 300w, https:\/\/www.prijedordanas.com\/wp-content\/uploads\/2020\/04\/vladars-ministar-lejla-resic.jpg 690w\" sizes=\"(max-width: 300px) 100vw, 300px\" \/><\/a>Republi\u010dki \u0161tab za vanredne situacije odr\u017eao je 25. sjednicu putem video linka.<\/p>\n<p>Ministar uprave i lokalne samouprave Republike Srpske Lejla Re\u0161ic\u0301 rekla je da su pojedine lokalne zajednice po\u010dele da zakazuju sjednice skup\u0161tina bez saglasnosti Republi\u010dkog \u0161taba za vanredne situacije i upozorila da je to nedopustivo i da se time kr\u0161e zaklju\u010dci Republi\u010dkog \u0161taba.<\/p>\n<p>\u201cI dalje je na snazi mjera da nijedna sjednica skup\u0161tine lokalnih zajednica ne mo\u017ee biti zakazana i odr\u017eana bez saglasnosti Republi\u010dkog \u0161taba za vanredne situacije. Sjednica podrazumijeva da se vi\u0161e od tri lica okupljaju u javnom prostru, a to predstavlja kr\u0161enje zaklju\u010dka Republi\u010dkog \u0161taba za vanredne situacije\u201d, istakla je ministar Re\u0161ic\u0301.<\/p>\n<p>Ministar uprave i lokalne samouprave objasnila je da me\u0111u lokalnim zajednicama vjerovatno postoji bojazan jer je Zakonom o lokalnoj samoupravi definisano da c\u0301e snositi sankcije ukoliko dva ili tri mjeseca ne bude odr\u017eana sjednica skup\u0161tine.<\/p>\n<p>\u201cVanredno je stanje i nijedna od propisanih sankcija nec\u0301e biti primjenjivana. Apelujem da lokalne zajednice, ukoliko sazivaju sjednicu skup\u0161tine samo zbog toga da bi bili amnestirani od kazne, da to ne rade, nego samo ako imaju realne potrebe u vezi sa saniranjem posljedica virusa korona. Jedino u tim situacijama c\u0301e Republi\u010dki \u0161tab za vanredne situacije razmatrati zahtjeve za odr\u017eavanje sjednice\u201d, poru\u010dila je ministar Re\u0161ic\u0301.<\/p>\n<p>Kada i dobiju odobrenje za odr\u017eavanje sjednice, dodala je ona, lokalne zajednice moraju da po\u0161tuju niz preporuka kao \u0161to su obavezna dezinfekcija, no\u0161enje maski i rukavica, dr\u017eanje rastojanja od najmanje dva metra, dok osobe koje imaju 65 godina ili su starije ne mogu prisustvovati sjednici skup\u0161tine jer se na njih primjenjuje zabrana kretanja.<\/p>\n<p>Ministar Re\u0161ic\u0301 je dodala da c\u0301e predlo\u017eiti da od ponedjeljka, 27. aprila, \u0161alter-sale otvore za gra\u0111ane, ali uz obavezu postavljanja providnu fizi\u010dke pregrade i po\u0161tovanje ostalih propisanih mjera.<\/p>\n<p>Ona je podsjetila da od 16. marta u skladu sa instrukcijom \u0161alter-sale funkcioni\u0161u elektronski i uz smanjene socijalne kontakte.<\/p>\n<p>\u201cTo i dalje od njih tra\u017eimo, ali uz ugra\u0111ivanje providnih barijera mogu otvoriti svoj rad prema gra\u0111anima da bi bili fleksibilniji. Moraju po\u0161tovati i socijalnu distancu i ograni\u010diti broj ljudi koji c\u0301e ulaziti u \u0161alter salu i broj radnika koji mogu sjediti za pultom\u201d, pojasnila je ministar Re\u0161ic\u0301.<\/p>\n<p>Prema njenim rije\u010dima, od po\u010detka rada \u0161alter sala po novom re\u017eimu nije evidentiran nijedan problem.<\/p>\n<p>\u201cNiko od gra\u0111ana se nije \u017ealio da nije mogao doc\u0301i do nekog od izvoda i svi su nesmetano obavljali svoje potrebe. Rodni listovi i ostali izvodi se izdaju elektronski i to c\u0301emo nastaviti i kada je rije\u010d o upisu prva\u010dic\u0301a. Pru\u017eic\u0301emo tehni\u010dku pomoc\u0301 lokalnim zajednicama i Ministarstvu prosvjete i kulture u tom procesu\u201d, rekla je ministar lokalne uprave i samouprave Lejla Re\u0161ic\u0301 i dodala da su od 16. marta u mati\u010dne knjige elektronski upisana 674 novoro\u0111en\u010deta, a obavljeno je i 85 vjen\u010danja uz po\u0161tovanje mjera zdravstvene za\u0161tite.<\/p>\n<p>koronavirususrpskoj.com<\/p>\n","protected":false},"excerpt":{"rendered":"<p>Republi\u010dki \u0161tab za vanredne situacije odr\u017eao je 25. sjednicu putem video linka. Ministar uprave i lokalne samouprave Republike Srpske Lejla Re\u0161ic\u0301 rekla je da su pojedine lokalne zajednice po\u010dele da [&hellip;]<\/p>\n","protected":false},"author":1,"featured_media":0,"comment_status":"closed","ping_status":"open","sticky":false,"template":"","format":"standard","meta":{"_monsterinsights_skip_tracking":false,"_monsterinsights_sitenote_active":false,"_monsterinsights_sitenote_note":"","_monsterinsights_sitenote_category":0,"footnotes":""},"categories":[8],"tags":[11081,341],"yoast_head":"<!-- This site is optimized with the Yoast SEO plugin v21.6 - https:\/\/yoast.com\/wordpress\/plugins\/seo\/ -->\n<title>Bez saglasnosti Republi\u010dkog \u0161taba nema skup\u0161tinskog zasjedanja u lokalnim zajednicama - PrijedorDanas.com - Prijedorski gradski portal<\/title>\n<meta name=\"robots\" content=\"index, follow, max-snippet:-1, max-image-preview:large, max-video-preview:-1\" \/>\n<link rel=\"canonical\" href=\"https:\/\/www.prijedordanas.com\/?p=146228\" \/>\n<meta property=\"og:locale\" content=\"en_US\" \/>\n<meta property=\"og:type\" content=\"article\" \/>\n<meta property=\"og:title\" content=\"Bez saglasnosti Republi\u010dkog \u0161taba nema skup\u0161tinskog zasjedanja u lokalnim zajednicama - PrijedorDanas.com - Prijedorski gradski portal\" \/>\n<meta property=\"og:description\" content=\"Republi\u010dki \u0161tab za vanredne situacije odr\u017eao je 25. sjednicu putem video linka. Ministar uprave i lokalne samouprave Republike Srpske Lejla Re\u0161ic\u0301 rekla je da su pojedine lokalne zajednice po\u010dele da [&hellip;]\" \/>\n<meta property=\"og:url\" content=\"https:\/\/www.prijedordanas.com\/?p=146228\" \/>\n<meta property=\"og:site_name\" content=\"PrijedorDanas.com - Prijedorski gradski portal\" \/>\n<meta property=\"article:publisher\" content=\"https:\/\/www.facebook.com\/PrijedorDanasCom\/\" \/>\n<meta property=\"article:published_time\" content=\"2020-04-26T07:24:59+00:00\" \/>\n<meta property=\"og:image\" content=\"https:\/\/www.prijedordanas.com\/wp-content\/uploads\/2020\/04\/vladars-ministar-lejla-resic-300x217.jpg\" \/>\n<meta name=\"author\" content=\"admin\" \/>\n<meta name=\"twitter:card\" content=\"summary_large_image\" \/>\n<meta name=\"twitter:label1\" content=\"Written by\" \/>\n\t<meta name=\"twitter:data1\" content=\"admin\" \/>\n\t<meta name=\"twitter:label2\" content=\"Est. reading time\" \/>\n\t<meta name=\"twitter:data2\" content=\"3 minutes\" \/>\n<script type=\"application\/ld+json\" class=\"yoast-schema-graph\">{\"@context\":\"https:\/\/schema.org\",\"@graph\":[{\"@type\":\"Article\",\"@id\":\"https:\/\/www.prijedordanas.com\/?p=146228#article\",\"isPartOf\":{\"@id\":\"https:\/\/www.prijedordanas.com\/?p=146228\"},\"author\":{\"name\":\"admin\",\"@id\":\"https:\/\/www.prijedordanas.com\/#\/schema\/person\/4e08ccf29b506ca916ff86d46bb700e6\"},\"headline\":\"Bez saglasnosti Republi\u010dkog \u0161taba nema skup\u0161tinskog zasjedanja u lokalnim zajednicama\",\"datePublished\":\"2020-04-26T07:24:59+00:00\",\"dateModified\":\"2020-04-26T07:24:59+00:00\",\"mainEntityOfPage\":{\"@id\":\"https:\/\/www.prijedordanas.com\/?p=146228\"},\"wordCount\":527,\"publisher\":{\"@id\":\"https:\/\/www.prijedordanas.com\/#organization\"},\"keywords\":[\"korona\",\"sjednica\"],\"articleSection\":[\"Svakodnevno\"],\"inLanguage\":\"en-US\"},{\"@type\":\"WebPage\",\"@id\":\"https:\/\/www.prijedordanas.com\/?p=146228\",\"url\":\"https:\/\/www.prijedordanas.com\/?p=146228\",\"name\":\"Bez saglasnosti Republi\u010dkog \u0161taba nema skup\u0161tinskog zasjedanja u lokalnim zajednicama - PrijedorDanas.com - Prijedorski gradski portal\",\"isPartOf\":{\"@id\":\"https:\/\/www.prijedordanas.com\/#website\"},\"datePublished\":\"2020-04-26T07:24:59+00:00\",\"dateModified\":\"2020-04-26T07:24:59+00:00\",\"breadcrumb\":{\"@id\":\"https:\/\/www.prijedordanas.com\/?p=146228#breadcrumb\"},\"inLanguage\":\"en-US\",\"potentialAction\":[{\"@type\":\"ReadAction\",\"target\":[\"https:\/\/www.prijedordanas.com\/?p=146228\"]}]},{\"@type\":\"BreadcrumbList\",\"@id\":\"https:\/\/www.prijedordanas.com\/?p=146228#breadcrumb\",\"itemListElement\":[{\"@type\":\"ListItem\",\"position\":1,\"name\":\"Home\",\"item\":\"https:\/\/www.prijedordanas.com\/\"},{\"@type\":\"ListItem\",\"position\":2,\"name\":\"Bez saglasnosti Republi\u010dkog \u0161taba nema skup\u0161tinskog zasjedanja u lokalnim zajednicama\"}]},{\"@type\":\"WebSite\",\"@id\":\"https:\/\/www.prijedordanas.com\/#website\",\"url\":\"https:\/\/www.prijedordanas.com\/\",\"name\":\"PrijedorDanas.com - Prijedorski gradski portal\",\"description\":\"Portal o doga\u0111anjima u gradu Prijedoru\",\"publisher\":{\"@id\":\"https:\/\/www.prijedordanas.com\/#organization\"},\"potentialAction\":[{\"@type\":\"SearchAction\",\"target\":{\"@type\":\"EntryPoint\",\"urlTemplate\":\"https:\/\/www.prijedordanas.com\/?s={search_term_string}\"},\"query-input\":\"required name=search_term_string\"}],\"inLanguage\":\"en-US\"},{\"@type\":\"Organization\",\"@id\":\"https:\/\/www.prijedordanas.com\/#organization\",\"name\":\"PrijedorDanas.com\",\"url\":\"https:\/\/www.prijedordanas.com\/\",\"logo\":{\"@type\":\"ImageObject\",\"inLanguage\":\"en-US\",\"@id\":\"https:\/\/www.prijedordanas.com\/#\/schema\/logo\/image\/\",\"url\":\"http:\/\/www.prijedordanas.com\/wp-content\/uploads\/2021\/12\/logopng.png\",\"contentUrl\":\"http:\/\/www.prijedordanas.com\/wp-content\/uploads\/2021\/12\/logopng.png\",\"width\":1019,\"height\":776,\"caption\":\"PrijedorDanas.com\"},\"image\":{\"@id\":\"https:\/\/www.prijedordanas.com\/#\/schema\/logo\/image\/\"},\"sameAs\":[\"https:\/\/www.facebook.com\/PrijedorDanasCom\/\"]},{\"@type\":\"Person\",\"@id\":\"https:\/\/www.prijedordanas.com\/#\/schema\/person\/4e08ccf29b506ca916ff86d46bb700e6\",\"name\":\"admin\",\"image\":{\"@type\":\"ImageObject\",\"inLanguage\":\"en-US\",\"@id\":\"https:\/\/www.prijedordanas.com\/#\/schema\/person\/image\/\",\"url\":\"https:\/\/secure.gravatar.com\/avatar\/1d3fc949d550f0b53a5f0d51e06dfd79?s=96&d=mm&r=g\",\"contentUrl\":\"https:\/\/secure.gravatar.com\/avatar\/1d3fc949d550f0b53a5f0d51e06dfd79?s=96&d=mm&r=g\",\"caption\":\"admin\"},\"url\":\"https:\/\/www.prijedordanas.com\/?author=1\"}]}<\/script>\n<!-- \/ Yoast SEO plugin. -->","yoast_head_json":{"title":"Bez saglasnosti Republi\u010dkog \u0161taba nema skup\u0161tinskog zasjedanja u lokalnim zajednicama - PrijedorDanas.com - Prijedorski gradski portal","robots":{"index":"index","follow":"follow","max-snippet":"max-snippet:-1","max-image-preview":"max-image-preview:large","max-video-preview":"max-video-preview:-1"},"canonical":"https:\/\/www.prijedordanas.com\/?p=146228","og_locale":"en_US","og_type":"article","og_title":"Bez saglasnosti Republi\u010dkog \u0161taba nema skup\u0161tinskog zasjedanja u lokalnim zajednicama - PrijedorDanas.com - Prijedorski gradski portal","og_description":"Republi\u010dki \u0161tab za vanredne situacije odr\u017eao je 25. sjednicu putem video linka. Ministar uprave i lokalne samouprave Republike Srpske Lejla Re\u0161ic\u0301 rekla je da su pojedine lokalne zajednice po\u010dele da [&hellip;]","og_url":"https:\/\/www.prijedordanas.com\/?p=146228","og_site_name":"PrijedorDanas.com - Prijedorski gradski portal","article_publisher":"https:\/\/www.facebook.com\/PrijedorDanasCom\/","article_published_time":"2020-04-26T07:24:59+00:00","og_image":[{"url":"https:\/\/www.prijedordanas.com\/wp-content\/uploads\/2020\/04\/vladars-ministar-lejla-resic-300x217.jpg"}],"author":"admin","twitter_card":"summary_large_image","twitter_misc":{"Written by":"admin","Est. reading time":"3 minutes"},"schema":{"@context":"https:\/\/schema.org","@graph":[{"@type":"Article","@id":"https:\/\/www.prijedordanas.com\/?p=146228#article","isPartOf":{"@id":"https:\/\/www.prijedordanas.com\/?p=146228"},"author":{"name":"admin","@id":"https:\/\/www.prijedordanas.com\/#\/schema\/person\/4e08ccf29b506ca916ff86d46bb700e6"},"headline":"Bez saglasnosti Republi\u010dkog \u0161taba nema skup\u0161tinskog zasjedanja u lokalnim zajednicama","datePublished":"2020-04-26T07:24:59+00:00","dateModified":"2020-04-26T07:24:59+00:00","mainEntityOfPage":{"@id":"https:\/\/www.prijedordanas.com\/?p=146228"},"wordCount":527,"publisher":{"@id":"https:\/\/www.prijedordanas.com\/#organization"},"keywords":["korona","sjednica"],"articleSection":["Svakodnevno"],"inLanguage":"en-US"},{"@type":"WebPage","@id":"https:\/\/www.prijedordanas.com\/?p=146228","url":"https:\/\/www.prijedordanas.com\/?p=146228","name":"Bez saglasnosti Republi\u010dkog \u0161taba nema skup\u0161tinskog zasjedanja u lokalnim zajednicama - PrijedorDanas.com - Prijedorski gradski portal","isPartOf":{"@id":"https:\/\/www.prijedordanas.com\/#website"},"datePublished":"2020-04-26T07:24:59+00:00","dateModified":"2020-04-26T07:24:59+00:00","breadcrumb":{"@id":"https:\/\/www.prijedordanas.com\/?p=146228#breadcrumb"},"inLanguage":"en-US","potentialAction":[{"@type":"ReadAction","target":["https:\/\/www.prijedordanas.com\/?p=146228"]}]},{"@type":"BreadcrumbList","@id":"https:\/\/www.prijedordanas.com\/?p=146228#breadcrumb","itemListElement":[{"@type":"ListItem","position":1,"name":"Home","item":"https:\/\/www.prijedordanas.com\/"},{"@type":"ListItem","position":2,"name":"Bez saglasnosti Republi\u010dkog \u0161taba nema skup\u0161tinskog zasjedanja u lokalnim zajednicama"}]},{"@type":"WebSite","@id":"https:\/\/www.prijedordanas.com\/#website","url":"https:\/\/www.prijedordanas.com\/","name":"PrijedorDanas.com - Prijedorski gradski portal","description":"Portal o doga\u0111anjima u gradu Prijedoru","publisher":{"@id":"https:\/\/www.prijedordanas.com\/#organization"},"potentialAction":[{"@type":"SearchAction","target":{"@type":"EntryPoint","urlTemplate":"https:\/\/www.prijedordanas.com\/?s={search_term_string}"},"query-input":"required name=search_term_string"}],"inLanguage":"en-US"},{"@type":"Organization","@id":"https:\/\/www.prijedordanas.com\/#organization","name":"PrijedorDanas.com","url":"https:\/\/www.prijedordanas.com\/","logo":{"@type":"ImageObject","inLanguage":"en-US","@id":"https:\/\/www.prijedordanas.com\/#\/schema\/logo\/image\/","url":"http:\/\/www.prijedordanas.com\/wp-content\/uploads\/2021\/12\/logopng.png","contentUrl":"http:\/\/www.prijedordanas.com\/wp-content\/uploads\/2021\/12\/logopng.png","width":1019,"height":776,"caption":"PrijedorDanas.com"},"image":{"@id":"https:\/\/www.prijedordanas.com\/#\/schema\/logo\/image\/"},"sameAs":["https:\/\/www.facebook.com\/PrijedorDanasCom\/"]},{"@type":"Person","@id":"https:\/\/www.prijedordanas.com\/#\/schema\/person\/4e08ccf29b506ca916ff86d46bb700e6","name":"admin","image":{"@type":"ImageObject","inLanguage":"en-US","@id":"https:\/\/www.prijedordanas.com\/#\/schema\/person\/image\/","url":"https:\/\/secure.gravatar.com\/avatar\/1d3fc949d550f0b53a5f0d51e06dfd79?s=96&d=mm&r=g","contentUrl":"https:\/\/secure.gravatar.com\/avatar\/1d3fc949d550f0b53a5f0d51e06dfd79?s=96&d=mm&r=g","caption":"admin"},"url":"https:\/\/www.prijedordanas.com\/?author=1"}]}},"_links":{"self":[{"href":"https:\/\/www.prijedordanas.com\/index.php?rest_route=\/wp\/v2\/posts\/146228"}],"collection":[{"href":"https:\/\/www.prijedordanas.com\/index.php?rest_route=\/wp\/v2\/posts"}],"about":[{"href":"https:\/\/www.prijedordanas.com\/index.php?rest_route=\/wp\/v2\/types\/post"}],"author":[{"embeddable":true,"href":"https:\/\/www.prijedordanas.com\/index.php?rest_route=\/wp\/v2\/users\/1"}],"replies":[{"embeddable":true,"href":"https:\/\/www.prijedordanas.com\/index.php?rest_route=%2Fwp%2Fv2%2Fcomments&post=146228"}],"version-history":[{"count":1,"href":"https:\/\/www.prijedordanas.com\/index.php?rest_route=\/wp\/v2\/posts\/146228\/revisions"}],"predecessor-version":[{"id":146230,"href":"https:\/\/www.prijedordanas.com\/index.php?rest_route=\/wp\/v2\/posts\/146228\/revisions\/146230"}],"wp:attachment":[{"href":"https:\/\/www.prijedordanas.com\/index.php?rest_route=%2Fwp%2Fv2%2Fmedia&parent=146228"}],"wp:term":[{"taxonomy":"category","embeddable":true,"href":"https:\/\/www.prijedordanas.com\/index.php?rest_route=%2Fwp%2Fv2%2Fcategories&post=146228"},{"taxonomy":"post_tag","embeddable":true,"href":"https:\/\/www.prijedordanas.com\/index.php?rest_route=%2Fwp%2Fv2%2Ftags&post=146228"}],"curies":[{"name":"wp","href":"https:\/\/api.w.org\/{rel}","templated":true}]}}