{"id":146191,"date":"2020-04-25T13:39:07","date_gmt":"2020-04-25T11:39:07","guid":{"rendered":"https:\/\/www.prijedordanas.com\/?p=146191"},"modified":"2020-04-25T13:42:30","modified_gmt":"2020-04-25T11:42:30","slug":"dakovic-medu-troje-novozarazenih-u-prijedoru-dvoje-su-medicinski-radnici","status":"publish","type":"post","link":"https:\/\/www.prijedordanas.com\/?p=146191","title":{"rendered":"\u0110akovi\u0107: Me\u0111u troje novozara\u017eenih u Prijedoru dvoje su medicinski radnici"},"content":{"rendered":"<p><a href=\"https:\/\/www.prijedordanas.com\/wp-content\/uploads\/2020\/04\/djakovic-pres-25april-1.jpg\"><img loading=\"lazy\" decoding=\"async\" class=\"alignleft size-medium wp-image-146192\" src=\"https:\/\/www.prijedordanas.com\/wp-content\/uploads\/2020\/04\/djakovic-pres-25april-1-300x222.jpg\" alt=\"\" width=\"300\" height=\"222\" srcset=\"https:\/\/www.prijedordanas.com\/wp-content\/uploads\/2020\/04\/djakovic-pres-25april-1-300x222.jpg 300w, https:\/\/www.prijedordanas.com\/wp-content\/uploads\/2020\/04\/djakovic-pres-25april-1.jpg 675w\" sizes=\"(max-width: 300px) 100vw, 300px\" \/><\/a>Gradona\u010delnik Prijedora Milenko \u0110akovic\u0301 rekao je danas da je u posljednja 24 \u010dasa kod tri lica iz Prijedora potvr\u0111eno oboljenje kovid 19.<\/p>\n<p>-Od ova tri lica dvoje su medicinski radnici. Jedno je medicinska sestra koja radi na UKC-u u Banjaluci a drugo medicinski tehni\u010dar koji radi u Domu zdravlja O\u0161tra Luka. Tre\u0107a osoba je k\u0107erka prethodno zara\u017eenog voza\u010da hitne pomo\u0107i O\u0161tra Luka. Svi oni \u017eive u Prijedoru &#8211; izjavio je \u0110akovi\u0107.<\/p>\n<p><strong><a href=\"https:\/\/www.prijedordanas.com\/?p=146171\" target=\"_blank\" rel=\"noopener noreferrer\">Jo\u0161 tri osobe iz Prijedora pozitivne na korona virus: U RS 39 novozara\u017eenih, osam medicinskih radnika<\/a><\/strong><\/p>\n<p>On je dodao da je, na\u017ealost, preminula starija \u017eena iz Prijedora oboljela od korona virusa.<\/p>\n<p>Ova Prijedor\u010danka je prethodnih dana bila hospitalizovana u UKC RS u Banjaluci.<\/p>\n<p>Tekst i foto &#8211; <a href=\"https:\/\/www.prijedordanas.com\" target=\"_blank\" rel=\"noopener noreferrer\">www.prijedordanas.com<\/a><\/p>\n","protected":false},"excerpt":{"rendered":"<p>Gradona\u010delnik Prijedora Milenko \u0110akovic\u0301 rekao je danas da je u posljednja 24 \u010dasa kod tri lica iz Prijedora potvr\u0111eno oboljenje kovid 19. -Od ova tri lica dvoje su medicinski radnici. [&hellip;]<\/p>\n","protected":false},"author":1,"featured_media":0,"comment_status":"closed","ping_status":"open","sticky":false,"template":"","format":"standard","meta":{"_monsterinsights_skip_tracking":false,"_monsterinsights_sitenote_active":false,"_monsterinsights_sitenote_note":"","_monsterinsights_sitenote_category":0,"footnotes":""},"categories":[4],"tags":[11081],"yoast_head":"<!-- This site is optimized with the Yoast SEO plugin v21.6 - https:\/\/yoast.com\/wordpress\/plugins\/seo\/ -->\n<title>\u0110akovi\u0107: Me\u0111u troje novozara\u017eenih u Prijedoru dvoje su medicinski radnici - PrijedorDanas.com - Prijedorski gradski portal<\/title>\n<meta name=\"robots\" content=\"index, follow, max-snippet:-1, max-image-preview:large, max-video-preview:-1\" \/>\n<link rel=\"canonical\" href=\"https:\/\/www.prijedordanas.com\/?p=146191\" \/>\n<meta property=\"og:locale\" content=\"en_US\" \/>\n<meta property=\"og:type\" content=\"article\" \/>\n<meta property=\"og:title\" content=\"\u0110akovi\u0107: Me\u0111u troje novozara\u017eenih u Prijedoru dvoje su medicinski radnici - PrijedorDanas.com - Prijedorski gradski portal\" \/>\n<meta property=\"og:description\" content=\"Gradona\u010delnik Prijedora Milenko \u0110akovic\u0301 rekao je danas da je u posljednja 24 \u010dasa kod tri lica iz Prijedora potvr\u0111eno oboljenje kovid 19. -Od ova tri lica dvoje su medicinski radnici. [&hellip;]\" \/>\n<meta property=\"og:url\" content=\"https:\/\/www.prijedordanas.com\/?p=146191\" \/>\n<meta property=\"og:site_name\" content=\"PrijedorDanas.com - Prijedorski gradski portal\" \/>\n<meta property=\"article:publisher\" content=\"https:\/\/www.facebook.com\/PrijedorDanasCom\/\" \/>\n<meta property=\"article:published_time\" content=\"2020-04-25T11:39:07+00:00\" \/>\n<meta property=\"article:modified_time\" content=\"2020-04-25T11:42:30+00:00\" \/>\n<meta property=\"og:image\" content=\"https:\/\/www.prijedordanas.com\/wp-content\/uploads\/2020\/04\/djakovic-pres-25april-1-300x222.jpg\" \/>\n<meta name=\"author\" content=\"admin\" \/>\n<meta name=\"twitter:card\" content=\"summary_large_image\" \/>\n<meta name=\"twitter:label1\" content=\"Written by\" \/>\n\t<meta name=\"twitter:data1\" content=\"admin\" \/>\n\t<meta name=\"twitter:label2\" content=\"Est. reading time\" \/>\n\t<meta name=\"twitter:data2\" content=\"1 minute\" \/>\n<script type=\"application\/ld+json\" class=\"yoast-schema-graph\">{\"@context\":\"https:\/\/schema.org\",\"@graph\":[{\"@type\":\"Article\",\"@id\":\"https:\/\/www.prijedordanas.com\/?p=146191#article\",\"isPartOf\":{\"@id\":\"https:\/\/www.prijedordanas.com\/?p=146191\"},\"author\":{\"name\":\"admin\",\"@id\":\"https:\/\/www.prijedordanas.com\/#\/schema\/person\/4e08ccf29b506ca916ff86d46bb700e6\"},\"headline\":\"\u0110akovi\u0107: Me\u0111u troje novozara\u017eenih u Prijedoru dvoje su medicinski radnici\",\"datePublished\":\"2020-04-25T11:39:07+00:00\",\"dateModified\":\"2020-04-25T11:42:30+00:00\",\"mainEntityOfPage\":{\"@id\":\"https:\/\/www.prijedordanas.com\/?p=146191\"},\"wordCount\":143,\"publisher\":{\"@id\":\"https:\/\/www.prijedordanas.com\/#organization\"},\"keywords\":[\"korona\"],\"articleSection\":[\"Dru\u0161tvo\"],\"inLanguage\":\"en-US\"},{\"@type\":\"WebPage\",\"@id\":\"https:\/\/www.prijedordanas.com\/?p=146191\",\"url\":\"https:\/\/www.prijedordanas.com\/?p=146191\",\"name\":\"\u0110akovi\u0107: Me\u0111u troje novozara\u017eenih u Prijedoru dvoje su medicinski radnici - PrijedorDanas.com - Prijedorski gradski portal\",\"isPartOf\":{\"@id\":\"https:\/\/www.prijedordanas.com\/#website\"},\"datePublished\":\"2020-04-25T11:39:07+00:00\",\"dateModified\":\"2020-04-25T11:42:30+00:00\",\"breadcrumb\":{\"@id\":\"https:\/\/www.prijedordanas.com\/?p=146191#breadcrumb\"},\"inLanguage\":\"en-US\",\"potentialAction\":[{\"@type\":\"ReadAction\",\"target\":[\"https:\/\/www.prijedordanas.com\/?p=146191\"]}]},{\"@type\":\"BreadcrumbList\",\"@id\":\"https:\/\/www.prijedordanas.com\/?p=146191#breadcrumb\",\"itemListElement\":[{\"@type\":\"ListItem\",\"position\":1,\"name\":\"Home\",\"item\":\"https:\/\/www.prijedordanas.com\/\"},{\"@type\":\"ListItem\",\"position\":2,\"name\":\"\u0110akovi\u0107: Me\u0111u troje novozara\u017eenih u Prijedoru dvoje su medicinski radnici\"}]},{\"@type\":\"WebSite\",\"@id\":\"https:\/\/www.prijedordanas.com\/#website\",\"url\":\"https:\/\/www.prijedordanas.com\/\",\"name\":\"PrijedorDanas.com - Prijedorski gradski portal\",\"description\":\"Portal o doga\u0111anjima u gradu Prijedoru\",\"publisher\":{\"@id\":\"https:\/\/www.prijedordanas.com\/#organization\"},\"potentialAction\":[{\"@type\":\"SearchAction\",\"target\":{\"@type\":\"EntryPoint\",\"urlTemplate\":\"https:\/\/www.prijedordanas.com\/?s={search_term_string}\"},\"query-input\":\"required name=search_term_string\"}],\"inLanguage\":\"en-US\"},{\"@type\":\"Organization\",\"@id\":\"https:\/\/www.prijedordanas.com\/#organization\",\"name\":\"PrijedorDanas.com\",\"url\":\"https:\/\/www.prijedordanas.com\/\",\"logo\":{\"@type\":\"ImageObject\",\"inLanguage\":\"en-US\",\"@id\":\"https:\/\/www.prijedordanas.com\/#\/schema\/logo\/image\/\",\"url\":\"http:\/\/www.prijedordanas.com\/wp-content\/uploads\/2021\/12\/logopng.png\",\"contentUrl\":\"http:\/\/www.prijedordanas.com\/wp-content\/uploads\/2021\/12\/logopng.png\",\"width\":1019,\"height\":776,\"caption\":\"PrijedorDanas.com\"},\"image\":{\"@id\":\"https:\/\/www.prijedordanas.com\/#\/schema\/logo\/image\/\"},\"sameAs\":[\"https:\/\/www.facebook.com\/PrijedorDanasCom\/\"]},{\"@type\":\"Person\",\"@id\":\"https:\/\/www.prijedordanas.com\/#\/schema\/person\/4e08ccf29b506ca916ff86d46bb700e6\",\"name\":\"admin\",\"image\":{\"@type\":\"ImageObject\",\"inLanguage\":\"en-US\",\"@id\":\"https:\/\/www.prijedordanas.com\/#\/schema\/person\/image\/\",\"url\":\"https:\/\/secure.gravatar.com\/avatar\/1d3fc949d550f0b53a5f0d51e06dfd79?s=96&d=mm&r=g\",\"contentUrl\":\"https:\/\/secure.gravatar.com\/avatar\/1d3fc949d550f0b53a5f0d51e06dfd79?s=96&d=mm&r=g\",\"caption\":\"admin\"},\"url\":\"https:\/\/www.prijedordanas.com\/?author=1\"}]}<\/script>\n<!-- \/ Yoast SEO plugin. -->","yoast_head_json":{"title":"\u0110akovi\u0107: Me\u0111u troje novozara\u017eenih u Prijedoru dvoje su medicinski radnici - PrijedorDanas.com - Prijedorski gradski portal","robots":{"index":"index","follow":"follow","max-snippet":"max-snippet:-1","max-image-preview":"max-image-preview:large","max-video-preview":"max-video-preview:-1"},"canonical":"https:\/\/www.prijedordanas.com\/?p=146191","og_locale":"en_US","og_type":"article","og_title":"\u0110akovi\u0107: Me\u0111u troje novozara\u017eenih u Prijedoru dvoje su medicinski radnici - PrijedorDanas.com - Prijedorski gradski portal","og_description":"Gradona\u010delnik Prijedora Milenko \u0110akovic\u0301 rekao je danas da je u posljednja 24 \u010dasa kod tri lica iz Prijedora potvr\u0111eno oboljenje kovid 19. -Od ova tri lica dvoje su medicinski radnici. [&hellip;]","og_url":"https:\/\/www.prijedordanas.com\/?p=146191","og_site_name":"PrijedorDanas.com - Prijedorski gradski portal","article_publisher":"https:\/\/www.facebook.com\/PrijedorDanasCom\/","article_published_time":"2020-04-25T11:39:07+00:00","article_modified_time":"2020-04-25T11:42:30+00:00","og_image":[{"url":"https:\/\/www.prijedordanas.com\/wp-content\/uploads\/2020\/04\/djakovic-pres-25april-1-300x222.jpg"}],"author":"admin","twitter_card":"summary_large_image","twitter_misc":{"Written by":"admin","Est. reading time":"1 minute"},"schema":{"@context":"https:\/\/schema.org","@graph":[{"@type":"Article","@id":"https:\/\/www.prijedordanas.com\/?p=146191#article","isPartOf":{"@id":"https:\/\/www.prijedordanas.com\/?p=146191"},"author":{"name":"admin","@id":"https:\/\/www.prijedordanas.com\/#\/schema\/person\/4e08ccf29b506ca916ff86d46bb700e6"},"headline":"\u0110akovi\u0107: Me\u0111u troje novozara\u017eenih u Prijedoru dvoje su medicinski radnici","datePublished":"2020-04-25T11:39:07+00:00","dateModified":"2020-04-25T11:42:30+00:00","mainEntityOfPage":{"@id":"https:\/\/www.prijedordanas.com\/?p=146191"},"wordCount":143,"publisher":{"@id":"https:\/\/www.prijedordanas.com\/#organization"},"keywords":["korona"],"articleSection":["Dru\u0161tvo"],"inLanguage":"en-US"},{"@type":"WebPage","@id":"https:\/\/www.prijedordanas.com\/?p=146191","url":"https:\/\/www.prijedordanas.com\/?p=146191","name":"\u0110akovi\u0107: Me\u0111u troje novozara\u017eenih u Prijedoru dvoje su medicinski radnici - PrijedorDanas.com - Prijedorski gradski portal","isPartOf":{"@id":"https:\/\/www.prijedordanas.com\/#website"},"datePublished":"2020-04-25T11:39:07+00:00","dateModified":"2020-04-25T11:42:30+00:00","breadcrumb":{"@id":"https:\/\/www.prijedordanas.com\/?p=146191#breadcrumb"},"inLanguage":"en-US","potentialAction":[{"@type":"ReadAction","target":["https:\/\/www.prijedordanas.com\/?p=146191"]}]},{"@type":"BreadcrumbList","@id":"https:\/\/www.prijedordanas.com\/?p=146191#breadcrumb","itemListElement":[{"@type":"ListItem","position":1,"name":"Home","item":"https:\/\/www.prijedordanas.com\/"},{"@type":"ListItem","position":2,"name":"\u0110akovi\u0107: Me\u0111u troje novozara\u017eenih u Prijedoru dvoje su medicinski radnici"}]},{"@type":"WebSite","@id":"https:\/\/www.prijedordanas.com\/#website","url":"https:\/\/www.prijedordanas.com\/","name":"PrijedorDanas.com - Prijedorski gradski portal","description":"Portal o doga\u0111anjima u gradu Prijedoru","publisher":{"@id":"https:\/\/www.prijedordanas.com\/#organization"},"potentialAction":[{"@type":"SearchAction","target":{"@type":"EntryPoint","urlTemplate":"https:\/\/www.prijedordanas.com\/?s={search_term_string}"},"query-input":"required name=search_term_string"}],"inLanguage":"en-US"},{"@type":"Organization","@id":"https:\/\/www.prijedordanas.com\/#organization","name":"PrijedorDanas.com","url":"https:\/\/www.prijedordanas.com\/","logo":{"@type":"ImageObject","inLanguage":"en-US","@id":"https:\/\/www.prijedordanas.com\/#\/schema\/logo\/image\/","url":"http:\/\/www.prijedordanas.com\/wp-content\/uploads\/2021\/12\/logopng.png","contentUrl":"http:\/\/www.prijedordanas.com\/wp-content\/uploads\/2021\/12\/logopng.png","width":1019,"height":776,"caption":"PrijedorDanas.com"},"image":{"@id":"https:\/\/www.prijedordanas.com\/#\/schema\/logo\/image\/"},"sameAs":["https:\/\/www.facebook.com\/PrijedorDanasCom\/"]},{"@type":"Person","@id":"https:\/\/www.prijedordanas.com\/#\/schema\/person\/4e08ccf29b506ca916ff86d46bb700e6","name":"admin","image":{"@type":"ImageObject","inLanguage":"en-US","@id":"https:\/\/www.prijedordanas.com\/#\/schema\/person\/image\/","url":"https:\/\/secure.gravatar.com\/avatar\/1d3fc949d550f0b53a5f0d51e06dfd79?s=96&d=mm&r=g","contentUrl":"https:\/\/secure.gravatar.com\/avatar\/1d3fc949d550f0b53a5f0d51e06dfd79?s=96&d=mm&r=g","caption":"admin"},"url":"https:\/\/www.prijedordanas.com\/?author=1"}]}},"_links":{"self":[{"href":"https:\/\/www.prijedordanas.com\/index.php?rest_route=\/wp\/v2\/posts\/146191"}],"collection":[{"href":"https:\/\/www.prijedordanas.com\/index.php?rest_route=\/wp\/v2\/posts"}],"about":[{"href":"https:\/\/www.prijedordanas.com\/index.php?rest_route=\/wp\/v2\/types\/post"}],"author":[{"embeddable":true,"href":"https:\/\/www.prijedordanas.com\/index.php?rest_route=\/wp\/v2\/users\/1"}],"replies":[{"embeddable":true,"href":"https:\/\/www.prijedordanas.com\/index.php?rest_route=%2Fwp%2Fv2%2Fcomments&post=146191"}],"version-history":[{"count":2,"href":"https:\/\/www.prijedordanas.com\/index.php?rest_route=\/wp\/v2\/posts\/146191\/revisions"}],"predecessor-version":[{"id":146194,"href":"https:\/\/www.prijedordanas.com\/index.php?rest_route=\/wp\/v2\/posts\/146191\/revisions\/146194"}],"wp:attachment":[{"href":"https:\/\/www.prijedordanas.com\/index.php?rest_route=%2Fwp%2Fv2%2Fmedia&parent=146191"}],"wp:term":[{"taxonomy":"category","embeddable":true,"href":"https:\/\/www.prijedordanas.com\/index.php?rest_route=%2Fwp%2Fv2%2Fcategories&post=146191"},{"taxonomy":"post_tag","embeddable":true,"href":"https:\/\/www.prijedordanas.com\/index.php?rest_route=%2Fwp%2Fv2%2Ftags&post=146191"}],"curies":[{"name":"wp","href":"https:\/\/api.w.org\/{rel}","templated":true}]}}