{"id":146126,"date":"2020-04-24T19:12:40","date_gmt":"2020-04-24T17:12:40","guid":{"rendered":"https:\/\/www.prijedordanas.com\/?p=146126"},"modified":"2020-04-24T19:12:40","modified_gmt":"2020-04-24T17:12:40","slug":"prenosi-se-rodbinskim-vezama-u-ostroj-luci-korona-privremeno-zatvorila-benzinsku-pumpu","status":"publish","type":"post","link":"https:\/\/www.prijedordanas.com\/?p=146126","title":{"rendered":"&#8220;Prenosi se rodbinskim vezama&#8221;: U O\u0161troj Luci korona privremeno zatvorila benzinsku pumpu"},"content":{"rendered":"<p><a href=\"https:\/\/www.prijedordanas.com\/wp-content\/uploads\/2020\/04\/ostra-luka-privatna-arhiva.jpg\"><img loading=\"lazy\" decoding=\"async\" class=\"alignleft size-medium wp-image-146127\" src=\"https:\/\/www.prijedordanas.com\/wp-content\/uploads\/2020\/04\/ostra-luka-privatna-arhiva-300x225.jpg\" alt=\"\" width=\"300\" height=\"225\" srcset=\"https:\/\/www.prijedordanas.com\/wp-content\/uploads\/2020\/04\/ostra-luka-privatna-arhiva-300x225.jpg 300w, https:\/\/www.prijedordanas.com\/wp-content\/uploads\/2020\/04\/ostra-luka-privatna-arhiva-640x480.jpg 640w, https:\/\/www.prijedordanas.com\/wp-content\/uploads\/2020\/04\/ostra-luka-privatna-arhiva.jpg 667w\" sizes=\"(max-width: 300px) 100vw, 300px\" \/><\/a>U op\u0161tini O\u0161tra Luka u poslednjih 24 sata nema novih zara\u017eenih osoba korona virusom.<\/p>\n<p>Na\u010delnik O\u0161tre Luke Dragan Stanar za Srpskainfo ka\u017ee da trenutno ima sedam zara\u017eenih koji \u017eive u ovoj lokalnoj zajednici. On pri\u010da da nadle\u017ene institucije ra\u010dunaju da je u ovoj op\u0161tini zara\u017eena jo\u0161 jedna, odnosno osma osoba za koju obja\u0161njava da ima dokumente iz O\u0161tre Luke, ali ipak ne \u017eivi tu.<\/p>\n<p>-Od sedam zara\u017eenih \u0161est je mu\u0161kog pola, a jedna osoba je \u017eenskog pola. Jedna osoba je mla\u0111e \u017eivotne dobi, tri su srednje dobi i tri starije \u017eivotne dobi \u2013 ka\u017ee Stanar.<\/p>\n<p>On dodaje da je \u0161est zara\u017eenih na lije\u010denju u bolnici \u201cDoktor Mladen Stojanovi\u0107\u201d Prijedor, dok je jedna osoba na lije\u010denju u Banjaluci.<\/p>\n<p><a href=\"https:\/\/www.prijedordanas.com\/wp-content\/uploads\/2020\/04\/dragan-stanar-privatna-arhiva.jpg\"><img loading=\"lazy\" decoding=\"async\" class=\"alignleft size-medium wp-image-146128\" src=\"https:\/\/www.prijedordanas.com\/wp-content\/uploads\/2020\/04\/dragan-stanar-privatna-arhiva-300x222.jpg\" alt=\"\" width=\"300\" height=\"222\" srcset=\"https:\/\/www.prijedordanas.com\/wp-content\/uploads\/2020\/04\/dragan-stanar-privatna-arhiva-300x222.jpg 300w, https:\/\/www.prijedordanas.com\/wp-content\/uploads\/2020\/04\/dragan-stanar-privatna-arhiva.jpg 675w\" sizes=\"(max-width: 300px) 100vw, 300px\" \/><\/a>Stanar obja\u0161najva da su svi zara\u017eeni u rodbinskim i kom\u0161ijskim vezama koje su i razlog \u0161irenja virusa me\u0111u ovim osobama. Navodi da su odre\u0111eni porodi\u010dni kontakti testirani, dok je za 39 osoba nare\u0111ena izolacija.<\/p>\n<p>-Gledaju\u0107i situaciju sve su to kom\u0161ijske i rodbinske veze, veza izme\u0111u svih ovih zara\u017eenih se mo\u017ee na\u0107i. Nekoliko porodica je testirano \u2013 pri\u010da Stanar.<\/p>\n<p>On navodi da je jedan od sedam zara\u017eenih iz O\u0161tre Luke bio zaposlen na jednoj benzinskoj pumpi u ovoj op\u0161tini te da je danas ta pumpa privremeno zatvorena.<br \/>\n-Radnici benzinske pumpe koji su bili u kontaktu sa zara\u017eenim su prije dva dana oti\u0161li u izolaciju i pumpa je dezinfikovana, ali epidemiolog je danas predlo\u017eio da se zatvori pumpa dok se svi oni ne testiraju \u2013 pri\u010da on.<\/p>\n<p>Dodaje da se zbog 39 osoba u izolaciji O\u0161tra Luka dana\u0161njim zaklju\u010dkom \u0160taba op\u0161tine obratila \u0160tabu grada Prijedora.<\/p>\n<p>-Od njih tra\u017eimo pomo\u0107 Komunalne policije u kontroli osoba koje su u izolaciji jer ih ima relativno mnogo, a mi smo prili\u010dno iscrpljeni pa \u0107e Prijedor da nam pomogne \u2013 tvrdi on.<\/p>\n<p>Stanar isti\u010de da nema mjesta panici i poru\u010duje mje\u0161tanima da informacije ne kupe sa dru\u0161tvenih mre\u017ea na kojima je veliki broj neta\u010dnih navoda.<\/p>\n<p>\u2013 U principu ne treba nasjedati na bilo kakve dezinformacije. Na sajtu op\u0161tine su sve potrebne informacije i zaklju\u010dci Republi\u010dkog i op\u0161tinskog \u0161taba. Op\u0161tina O\u0161tra Luka i Crveni krst imaju volontere, ljude koji su spremni da poma\u017eu onima kojima je potrebna pomo\u0107 u nabavci osnovnih \u017eivotnih namirnica i lijekova. Mo\u017ee da se tra\u017ei njihova pomo\u0107 na broj telefona 052\/337-200 svakim radnim danom od osam do 13 sati \u2013 poru\u010dio je prvi \u010dovjek O\u0161tre Luke.<\/p>\n<p>EuroBlic-srpskainfo.com<\/p>\n","protected":false},"excerpt":{"rendered":"<p>U op\u0161tini O\u0161tra Luka u poslednjih 24 sata nema novih zara\u017eenih osoba korona virusom. Na\u010delnik O\u0161tre Luke Dragan Stanar za Srpskainfo ka\u017ee da trenutno ima sedam zara\u017eenih koji \u017eive u [&hellip;]<\/p>\n","protected":false},"author":1,"featured_media":0,"comment_status":"closed","ping_status":"open","sticky":false,"template":"","format":"standard","meta":{"_monsterinsights_skip_tracking":false,"_monsterinsights_sitenote_active":false,"_monsterinsights_sitenote_note":"","_monsterinsights_sitenote_category":0,"footnotes":""},"categories":[8],"tags":[11081,170],"yoast_head":"<!-- This site is optimized with the Yoast SEO plugin v21.6 - https:\/\/yoast.com\/wordpress\/plugins\/seo\/ -->\n<title>&quot;Prenosi se rodbinskim vezama&quot;: U O\u0161troj Luci korona privremeno zatvorila benzinsku pumpu - PrijedorDanas.com - Prijedorski gradski portal<\/title>\n<meta name=\"robots\" content=\"index, follow, max-snippet:-1, max-image-preview:large, max-video-preview:-1\" \/>\n<link rel=\"canonical\" href=\"https:\/\/www.prijedordanas.com\/?p=146126\" \/>\n<meta property=\"og:locale\" content=\"en_US\" \/>\n<meta property=\"og:type\" content=\"article\" \/>\n<meta property=\"og:title\" content=\"&quot;Prenosi se rodbinskim vezama&quot;: U O\u0161troj Luci korona privremeno zatvorila benzinsku pumpu - PrijedorDanas.com - Prijedorski gradski portal\" \/>\n<meta property=\"og:description\" content=\"U op\u0161tini O\u0161tra Luka u poslednjih 24 sata nema novih zara\u017eenih osoba korona virusom. Na\u010delnik O\u0161tre Luke Dragan Stanar za Srpskainfo ka\u017ee da trenutno ima sedam zara\u017eenih koji \u017eive u [&hellip;]\" \/>\n<meta property=\"og:url\" content=\"https:\/\/www.prijedordanas.com\/?p=146126\" \/>\n<meta property=\"og:site_name\" content=\"PrijedorDanas.com - Prijedorski gradski portal\" \/>\n<meta property=\"article:publisher\" content=\"https:\/\/www.facebook.com\/PrijedorDanasCom\/\" \/>\n<meta property=\"article:published_time\" content=\"2020-04-24T17:12:40+00:00\" \/>\n<meta property=\"og:image\" content=\"https:\/\/www.prijedordanas.com\/wp-content\/uploads\/2020\/04\/ostra-luka-privatna-arhiva-300x225.jpg\" \/>\n<meta name=\"author\" content=\"admin\" \/>\n<meta name=\"twitter:card\" content=\"summary_large_image\" \/>\n<meta name=\"twitter:label1\" content=\"Written by\" \/>\n\t<meta name=\"twitter:data1\" content=\"admin\" \/>\n\t<meta name=\"twitter:label2\" content=\"Est. reading time\" \/>\n\t<meta name=\"twitter:data2\" content=\"2 minutes\" \/>\n<script type=\"application\/ld+json\" class=\"yoast-schema-graph\">{\"@context\":\"https:\/\/schema.org\",\"@graph\":[{\"@type\":\"Article\",\"@id\":\"https:\/\/www.prijedordanas.com\/?p=146126#article\",\"isPartOf\":{\"@id\":\"https:\/\/www.prijedordanas.com\/?p=146126\"},\"author\":{\"name\":\"admin\",\"@id\":\"https:\/\/www.prijedordanas.com\/#\/schema\/person\/4e08ccf29b506ca916ff86d46bb700e6\"},\"headline\":\"&#8220;Prenosi se rodbinskim vezama&#8221;: U O\u0161troj Luci korona privremeno zatvorila benzinsku pumpu\",\"datePublished\":\"2020-04-24T17:12:40+00:00\",\"dateModified\":\"2020-04-24T17:12:40+00:00\",\"mainEntityOfPage\":{\"@id\":\"https:\/\/www.prijedordanas.com\/?p=146126\"},\"wordCount\":459,\"publisher\":{\"@id\":\"https:\/\/www.prijedordanas.com\/#organization\"},\"keywords\":[\"korona\",\"O\u0161tra Luka\"],\"articleSection\":[\"Svakodnevno\"],\"inLanguage\":\"en-US\"},{\"@type\":\"WebPage\",\"@id\":\"https:\/\/www.prijedordanas.com\/?p=146126\",\"url\":\"https:\/\/www.prijedordanas.com\/?p=146126\",\"name\":\"\\\"Prenosi se rodbinskim vezama\\\": U O\u0161troj Luci korona privremeno zatvorila benzinsku pumpu - PrijedorDanas.com - Prijedorski gradski portal\",\"isPartOf\":{\"@id\":\"https:\/\/www.prijedordanas.com\/#website\"},\"datePublished\":\"2020-04-24T17:12:40+00:00\",\"dateModified\":\"2020-04-24T17:12:40+00:00\",\"breadcrumb\":{\"@id\":\"https:\/\/www.prijedordanas.com\/?p=146126#breadcrumb\"},\"inLanguage\":\"en-US\",\"potentialAction\":[{\"@type\":\"ReadAction\",\"target\":[\"https:\/\/www.prijedordanas.com\/?p=146126\"]}]},{\"@type\":\"BreadcrumbList\",\"@id\":\"https:\/\/www.prijedordanas.com\/?p=146126#breadcrumb\",\"itemListElement\":[{\"@type\":\"ListItem\",\"position\":1,\"name\":\"Home\",\"item\":\"https:\/\/www.prijedordanas.com\/\"},{\"@type\":\"ListItem\",\"position\":2,\"name\":\"&#8220;Prenosi se rodbinskim vezama&#8221;: U O\u0161troj Luci korona privremeno zatvorila benzinsku pumpu\"}]},{\"@type\":\"WebSite\",\"@id\":\"https:\/\/www.prijedordanas.com\/#website\",\"url\":\"https:\/\/www.prijedordanas.com\/\",\"name\":\"PrijedorDanas.com - Prijedorski gradski portal\",\"description\":\"Portal o doga\u0111anjima u gradu Prijedoru\",\"publisher\":{\"@id\":\"https:\/\/www.prijedordanas.com\/#organization\"},\"potentialAction\":[{\"@type\":\"SearchAction\",\"target\":{\"@type\":\"EntryPoint\",\"urlTemplate\":\"https:\/\/www.prijedordanas.com\/?s={search_term_string}\"},\"query-input\":\"required name=search_term_string\"}],\"inLanguage\":\"en-US\"},{\"@type\":\"Organization\",\"@id\":\"https:\/\/www.prijedordanas.com\/#organization\",\"name\":\"PrijedorDanas.com\",\"url\":\"https:\/\/www.prijedordanas.com\/\",\"logo\":{\"@type\":\"ImageObject\",\"inLanguage\":\"en-US\",\"@id\":\"https:\/\/www.prijedordanas.com\/#\/schema\/logo\/image\/\",\"url\":\"http:\/\/www.prijedordanas.com\/wp-content\/uploads\/2021\/12\/logopng.png\",\"contentUrl\":\"http:\/\/www.prijedordanas.com\/wp-content\/uploads\/2021\/12\/logopng.png\",\"width\":1019,\"height\":776,\"caption\":\"PrijedorDanas.com\"},\"image\":{\"@id\":\"https:\/\/www.prijedordanas.com\/#\/schema\/logo\/image\/\"},\"sameAs\":[\"https:\/\/www.facebook.com\/PrijedorDanasCom\/\"]},{\"@type\":\"Person\",\"@id\":\"https:\/\/www.prijedordanas.com\/#\/schema\/person\/4e08ccf29b506ca916ff86d46bb700e6\",\"name\":\"admin\",\"image\":{\"@type\":\"ImageObject\",\"inLanguage\":\"en-US\",\"@id\":\"https:\/\/www.prijedordanas.com\/#\/schema\/person\/image\/\",\"url\":\"https:\/\/secure.gravatar.com\/avatar\/1d3fc949d550f0b53a5f0d51e06dfd79?s=96&d=mm&r=g\",\"contentUrl\":\"https:\/\/secure.gravatar.com\/avatar\/1d3fc949d550f0b53a5f0d51e06dfd79?s=96&d=mm&r=g\",\"caption\":\"admin\"},\"url\":\"https:\/\/www.prijedordanas.com\/?author=1\"}]}<\/script>\n<!-- \/ Yoast SEO plugin. -->","yoast_head_json":{"title":"\"Prenosi se rodbinskim vezama\": U O\u0161troj Luci korona privremeno zatvorila benzinsku pumpu - PrijedorDanas.com - Prijedorski gradski portal","robots":{"index":"index","follow":"follow","max-snippet":"max-snippet:-1","max-image-preview":"max-image-preview:large","max-video-preview":"max-video-preview:-1"},"canonical":"https:\/\/www.prijedordanas.com\/?p=146126","og_locale":"en_US","og_type":"article","og_title":"\"Prenosi se rodbinskim vezama\": U O\u0161troj Luci korona privremeno zatvorila benzinsku pumpu - PrijedorDanas.com - Prijedorski gradski portal","og_description":"U op\u0161tini O\u0161tra Luka u poslednjih 24 sata nema novih zara\u017eenih osoba korona virusom. Na\u010delnik O\u0161tre Luke Dragan Stanar za Srpskainfo ka\u017ee da trenutno ima sedam zara\u017eenih koji \u017eive u [&hellip;]","og_url":"https:\/\/www.prijedordanas.com\/?p=146126","og_site_name":"PrijedorDanas.com - Prijedorski gradski portal","article_publisher":"https:\/\/www.facebook.com\/PrijedorDanasCom\/","article_published_time":"2020-04-24T17:12:40+00:00","og_image":[{"url":"https:\/\/www.prijedordanas.com\/wp-content\/uploads\/2020\/04\/ostra-luka-privatna-arhiva-300x225.jpg"}],"author":"admin","twitter_card":"summary_large_image","twitter_misc":{"Written by":"admin","Est. reading time":"2 minutes"},"schema":{"@context":"https:\/\/schema.org","@graph":[{"@type":"Article","@id":"https:\/\/www.prijedordanas.com\/?p=146126#article","isPartOf":{"@id":"https:\/\/www.prijedordanas.com\/?p=146126"},"author":{"name":"admin","@id":"https:\/\/www.prijedordanas.com\/#\/schema\/person\/4e08ccf29b506ca916ff86d46bb700e6"},"headline":"&#8220;Prenosi se rodbinskim vezama&#8221;: U O\u0161troj Luci korona privremeno zatvorila benzinsku pumpu","datePublished":"2020-04-24T17:12:40+00:00","dateModified":"2020-04-24T17:12:40+00:00","mainEntityOfPage":{"@id":"https:\/\/www.prijedordanas.com\/?p=146126"},"wordCount":459,"publisher":{"@id":"https:\/\/www.prijedordanas.com\/#organization"},"keywords":["korona","O\u0161tra Luka"],"articleSection":["Svakodnevno"],"inLanguage":"en-US"},{"@type":"WebPage","@id":"https:\/\/www.prijedordanas.com\/?p=146126","url":"https:\/\/www.prijedordanas.com\/?p=146126","name":"\"Prenosi se rodbinskim vezama\": U O\u0161troj Luci korona privremeno zatvorila benzinsku pumpu - PrijedorDanas.com - Prijedorski gradski portal","isPartOf":{"@id":"https:\/\/www.prijedordanas.com\/#website"},"datePublished":"2020-04-24T17:12:40+00:00","dateModified":"2020-04-24T17:12:40+00:00","breadcrumb":{"@id":"https:\/\/www.prijedordanas.com\/?p=146126#breadcrumb"},"inLanguage":"en-US","potentialAction":[{"@type":"ReadAction","target":["https:\/\/www.prijedordanas.com\/?p=146126"]}]},{"@type":"BreadcrumbList","@id":"https:\/\/www.prijedordanas.com\/?p=146126#breadcrumb","itemListElement":[{"@type":"ListItem","position":1,"name":"Home","item":"https:\/\/www.prijedordanas.com\/"},{"@type":"ListItem","position":2,"name":"&#8220;Prenosi se rodbinskim vezama&#8221;: U O\u0161troj Luci korona privremeno zatvorila benzinsku pumpu"}]},{"@type":"WebSite","@id":"https:\/\/www.prijedordanas.com\/#website","url":"https:\/\/www.prijedordanas.com\/","name":"PrijedorDanas.com - Prijedorski gradski portal","description":"Portal o doga\u0111anjima u gradu Prijedoru","publisher":{"@id":"https:\/\/www.prijedordanas.com\/#organization"},"potentialAction":[{"@type":"SearchAction","target":{"@type":"EntryPoint","urlTemplate":"https:\/\/www.prijedordanas.com\/?s={search_term_string}"},"query-input":"required name=search_term_string"}],"inLanguage":"en-US"},{"@type":"Organization","@id":"https:\/\/www.prijedordanas.com\/#organization","name":"PrijedorDanas.com","url":"https:\/\/www.prijedordanas.com\/","logo":{"@type":"ImageObject","inLanguage":"en-US","@id":"https:\/\/www.prijedordanas.com\/#\/schema\/logo\/image\/","url":"http:\/\/www.prijedordanas.com\/wp-content\/uploads\/2021\/12\/logopng.png","contentUrl":"http:\/\/www.prijedordanas.com\/wp-content\/uploads\/2021\/12\/logopng.png","width":1019,"height":776,"caption":"PrijedorDanas.com"},"image":{"@id":"https:\/\/www.prijedordanas.com\/#\/schema\/logo\/image\/"},"sameAs":["https:\/\/www.facebook.com\/PrijedorDanasCom\/"]},{"@type":"Person","@id":"https:\/\/www.prijedordanas.com\/#\/schema\/person\/4e08ccf29b506ca916ff86d46bb700e6","name":"admin","image":{"@type":"ImageObject","inLanguage":"en-US","@id":"https:\/\/www.prijedordanas.com\/#\/schema\/person\/image\/","url":"https:\/\/secure.gravatar.com\/avatar\/1d3fc949d550f0b53a5f0d51e06dfd79?s=96&d=mm&r=g","contentUrl":"https:\/\/secure.gravatar.com\/avatar\/1d3fc949d550f0b53a5f0d51e06dfd79?s=96&d=mm&r=g","caption":"admin"},"url":"https:\/\/www.prijedordanas.com\/?author=1"}]}},"_links":{"self":[{"href":"https:\/\/www.prijedordanas.com\/index.php?rest_route=\/wp\/v2\/posts\/146126"}],"collection":[{"href":"https:\/\/www.prijedordanas.com\/index.php?rest_route=\/wp\/v2\/posts"}],"about":[{"href":"https:\/\/www.prijedordanas.com\/index.php?rest_route=\/wp\/v2\/types\/post"}],"author":[{"embeddable":true,"href":"https:\/\/www.prijedordanas.com\/index.php?rest_route=\/wp\/v2\/users\/1"}],"replies":[{"embeddable":true,"href":"https:\/\/www.prijedordanas.com\/index.php?rest_route=%2Fwp%2Fv2%2Fcomments&post=146126"}],"version-history":[{"count":1,"href":"https:\/\/www.prijedordanas.com\/index.php?rest_route=\/wp\/v2\/posts\/146126\/revisions"}],"predecessor-version":[{"id":146129,"href":"https:\/\/www.prijedordanas.com\/index.php?rest_route=\/wp\/v2\/posts\/146126\/revisions\/146129"}],"wp:attachment":[{"href":"https:\/\/www.prijedordanas.com\/index.php?rest_route=%2Fwp%2Fv2%2Fmedia&parent=146126"}],"wp:term":[{"taxonomy":"category","embeddable":true,"href":"https:\/\/www.prijedordanas.com\/index.php?rest_route=%2Fwp%2Fv2%2Fcategories&post=146126"},{"taxonomy":"post_tag","embeddable":true,"href":"https:\/\/www.prijedordanas.com\/index.php?rest_route=%2Fwp%2Fv2%2Ftags&post=146126"}],"curies":[{"name":"wp","href":"https:\/\/api.w.org\/{rel}","templated":true}]}}