{"id":146038,"date":"2020-04-23T11:51:18","date_gmt":"2020-04-23T09:51:18","guid":{"rendered":"https:\/\/www.prijedordanas.com\/?p=146038"},"modified":"2020-04-23T11:51:18","modified_gmt":"2020-04-23T09:51:18","slug":"prijedorcanin-uhapsen-za-vrijeme-policijskog-casa-vrijedao-psovao-i-fizicki-napao-policijske-sluzbenike","status":"publish","type":"post","link":"https:\/\/www.prijedordanas.com\/?p=146038","title":{"rendered":"Prijedor\u010danin uhap\u0161en za vrijeme policijskog \u010dasa: Vrije\u0111ao, psovao i fizi\u010dki napao policijske slu\u017ebenike"},"content":{"rendered":"<p><a href=\"https:\/\/www.prijedordanas.com\/wp-content\/uploads\/2019\/01\/policija-prijedor-hapsenje.jpg\"><img loading=\"lazy\" decoding=\"async\" src=\"https:\/\/www.prijedordanas.com\/wp-content\/uploads\/2019\/01\/policija-prijedor-hapsenje-239x300.jpg\" alt=\"\" width=\"239\" height=\"300\" class=\"alignleft size-medium wp-image-120345\" srcset=\"https:\/\/www.prijedordanas.com\/wp-content\/uploads\/2019\/01\/policija-prijedor-hapsenje-239x300.jpg 239w, https:\/\/www.prijedordanas.com\/wp-content\/uploads\/2019\/01\/policija-prijedor-hapsenje-80x100.jpg 80w, https:\/\/www.prijedordanas.com\/wp-content\/uploads\/2019\/01\/policija-prijedor-hapsenje.jpg 477w\" sizes=\"(max-width: 239px) 100vw, 239px\" \/><\/a>Policijski slu\u017ebenici Policijske uprave Prijedor, dana 21.04.2020. godine, za vrijeme trajanja policijskog \u010dasa, oko 20.15 \u010dasova na parking prostoru u ulici Kozarska zatekli su lice B.M. iz Prijedora.<\/p>\n<p>Prilikom kontrole i legitimisanja lice B.M. je vrije\u0111alo i psovalo policijske slu\u017ebenike, a nakon \u0161to je odbio da postupi po nare\u0111enju isti je li\u0161en slobode. <\/p>\n<p>Prilikom li\u0161enja slobode i preduzimanja slu\u017ebenih ovla\u0161c\u0301enja, B.M. je fizi\u010dki nasrnuo na policijske slu\u017ebenike, kom prilikom su dva policijska slu\u017ebenika zadobila lak\u0161e tjelesne povrede. <\/p>\n<p>O svemu je obavije\u0161ten de\u017eurni tu\u017eilac Okru\u017enog javnog tu\u017eila\u0161tva Prijedor, kojem c\u0301e nakon kompletiranja predmeta, protiv lica B.M., biti dostavljen izvje\u0161taj za po\u010dinjeno krivi\u010dno djelo &#8220;Napad na slu\u017ebeno lice u vr\u0161enju slu\u017ebene du\u017enosti&#8221;.<\/p>\n<p>PU Prijedor<br \/>\nFoto &#8211; ilustracija<\/p>\n","protected":false},"excerpt":{"rendered":"<p>Policijski slu\u017ebenici Policijske uprave Prijedor, dana 21.04.2020. godine, za vrijeme trajanja policijskog \u010dasa, oko 20.15 \u010dasova na parking prostoru u ulici Kozarska zatekli su lice B.M. iz Prijedora. Prilikom kontrole [&hellip;]<\/p>\n","protected":false},"author":1,"featured_media":0,"comment_status":"closed","ping_status":"open","sticky":false,"template":"","format":"standard","meta":{"_monsterinsights_skip_tracking":false,"_monsterinsights_sitenote_active":false,"_monsterinsights_sitenote_note":"","_monsterinsights_sitenote_category":0,"footnotes":""},"categories":[5],"tags":[1438],"yoast_head":"<!-- This site is optimized with the Yoast SEO plugin v21.6 - https:\/\/yoast.com\/wordpress\/plugins\/seo\/ -->\n<title>Prijedor\u010danin uhap\u0161en za vrijeme policijskog \u010dasa: Vrije\u0111ao, psovao i fizi\u010dki napao policijske slu\u017ebenike - PrijedorDanas.com - Prijedorski gradski portal<\/title>\n<meta name=\"robots\" content=\"index, follow, max-snippet:-1, max-image-preview:large, max-video-preview:-1\" \/>\n<link rel=\"canonical\" href=\"https:\/\/www.prijedordanas.com\/?p=146038\" \/>\n<meta property=\"og:locale\" content=\"en_US\" \/>\n<meta property=\"og:type\" content=\"article\" \/>\n<meta property=\"og:title\" content=\"Prijedor\u010danin uhap\u0161en za vrijeme policijskog \u010dasa: Vrije\u0111ao, psovao i fizi\u010dki napao policijske slu\u017ebenike - PrijedorDanas.com - Prijedorski gradski portal\" \/>\n<meta property=\"og:description\" content=\"Policijski slu\u017ebenici Policijske uprave Prijedor, dana 21.04.2020. godine, za vrijeme trajanja policijskog \u010dasa, oko 20.15 \u010dasova na parking prostoru u ulici Kozarska zatekli su lice B.M. iz Prijedora. Prilikom kontrole [&hellip;]\" \/>\n<meta property=\"og:url\" content=\"https:\/\/www.prijedordanas.com\/?p=146038\" \/>\n<meta property=\"og:site_name\" content=\"PrijedorDanas.com - Prijedorski gradski portal\" \/>\n<meta property=\"article:publisher\" content=\"https:\/\/www.facebook.com\/PrijedorDanasCom\/\" \/>\n<meta property=\"article:published_time\" content=\"2020-04-23T09:51:18+00:00\" \/>\n<meta property=\"og:image\" content=\"https:\/\/www.prijedordanas.com\/wp-content\/uploads\/2019\/01\/policija-prijedor-hapsenje-239x300.jpg\" \/>\n<meta name=\"author\" content=\"admin\" \/>\n<meta name=\"twitter:card\" content=\"summary_large_image\" \/>\n<meta name=\"twitter:label1\" content=\"Written by\" \/>\n\t<meta name=\"twitter:data1\" content=\"admin\" \/>\n\t<meta name=\"twitter:label2\" content=\"Est. reading time\" \/>\n\t<meta name=\"twitter:data2\" content=\"1 minute\" \/>\n<script type=\"application\/ld+json\" class=\"yoast-schema-graph\">{\"@context\":\"https:\/\/schema.org\",\"@graph\":[{\"@type\":\"Article\",\"@id\":\"https:\/\/www.prijedordanas.com\/?p=146038#article\",\"isPartOf\":{\"@id\":\"https:\/\/www.prijedordanas.com\/?p=146038\"},\"author\":{\"name\":\"admin\",\"@id\":\"https:\/\/www.prijedordanas.com\/#\/schema\/person\/4e08ccf29b506ca916ff86d46bb700e6\"},\"headline\":\"Prijedor\u010danin uhap\u0161en za vrijeme policijskog \u010dasa: Vrije\u0111ao, psovao i fizi\u010dki napao policijske slu\u017ebenike\",\"datePublished\":\"2020-04-23T09:51:18+00:00\",\"dateModified\":\"2020-04-23T09:51:18+00:00\",\"mainEntityOfPage\":{\"@id\":\"https:\/\/www.prijedordanas.com\/?p=146038\"},\"wordCount\":162,\"publisher\":{\"@id\":\"https:\/\/www.prijedordanas.com\/#organization\"},\"keywords\":[\"hap\u0161enje\"],\"articleSection\":[\"Hronika\"],\"inLanguage\":\"en-US\"},{\"@type\":\"WebPage\",\"@id\":\"https:\/\/www.prijedordanas.com\/?p=146038\",\"url\":\"https:\/\/www.prijedordanas.com\/?p=146038\",\"name\":\"Prijedor\u010danin uhap\u0161en za vrijeme policijskog \u010dasa: Vrije\u0111ao, psovao i fizi\u010dki napao policijske slu\u017ebenike - PrijedorDanas.com - Prijedorski gradski portal\",\"isPartOf\":{\"@id\":\"https:\/\/www.prijedordanas.com\/#website\"},\"datePublished\":\"2020-04-23T09:51:18+00:00\",\"dateModified\":\"2020-04-23T09:51:18+00:00\",\"breadcrumb\":{\"@id\":\"https:\/\/www.prijedordanas.com\/?p=146038#breadcrumb\"},\"inLanguage\":\"en-US\",\"potentialAction\":[{\"@type\":\"ReadAction\",\"target\":[\"https:\/\/www.prijedordanas.com\/?p=146038\"]}]},{\"@type\":\"BreadcrumbList\",\"@id\":\"https:\/\/www.prijedordanas.com\/?p=146038#breadcrumb\",\"itemListElement\":[{\"@type\":\"ListItem\",\"position\":1,\"name\":\"Home\",\"item\":\"https:\/\/www.prijedordanas.com\/\"},{\"@type\":\"ListItem\",\"position\":2,\"name\":\"Prijedor\u010danin uhap\u0161en za vrijeme policijskog \u010dasa: Vrije\u0111ao, psovao i fizi\u010dki napao policijske slu\u017ebenike\"}]},{\"@type\":\"WebSite\",\"@id\":\"https:\/\/www.prijedordanas.com\/#website\",\"url\":\"https:\/\/www.prijedordanas.com\/\",\"name\":\"PrijedorDanas.com - Prijedorski gradski portal\",\"description\":\"Portal o doga\u0111anjima u gradu Prijedoru\",\"publisher\":{\"@id\":\"https:\/\/www.prijedordanas.com\/#organization\"},\"potentialAction\":[{\"@type\":\"SearchAction\",\"target\":{\"@type\":\"EntryPoint\",\"urlTemplate\":\"https:\/\/www.prijedordanas.com\/?s={search_term_string}\"},\"query-input\":\"required name=search_term_string\"}],\"inLanguage\":\"en-US\"},{\"@type\":\"Organization\",\"@id\":\"https:\/\/www.prijedordanas.com\/#organization\",\"name\":\"PrijedorDanas.com\",\"url\":\"https:\/\/www.prijedordanas.com\/\",\"logo\":{\"@type\":\"ImageObject\",\"inLanguage\":\"en-US\",\"@id\":\"https:\/\/www.prijedordanas.com\/#\/schema\/logo\/image\/\",\"url\":\"http:\/\/www.prijedordanas.com\/wp-content\/uploads\/2021\/12\/logopng.png\",\"contentUrl\":\"http:\/\/www.prijedordanas.com\/wp-content\/uploads\/2021\/12\/logopng.png\",\"width\":1019,\"height\":776,\"caption\":\"PrijedorDanas.com\"},\"image\":{\"@id\":\"https:\/\/www.prijedordanas.com\/#\/schema\/logo\/image\/\"},\"sameAs\":[\"https:\/\/www.facebook.com\/PrijedorDanasCom\/\"]},{\"@type\":\"Person\",\"@id\":\"https:\/\/www.prijedordanas.com\/#\/schema\/person\/4e08ccf29b506ca916ff86d46bb700e6\",\"name\":\"admin\",\"image\":{\"@type\":\"ImageObject\",\"inLanguage\":\"en-US\",\"@id\":\"https:\/\/www.prijedordanas.com\/#\/schema\/person\/image\/\",\"url\":\"https:\/\/secure.gravatar.com\/avatar\/1d3fc949d550f0b53a5f0d51e06dfd79?s=96&d=mm&r=g\",\"contentUrl\":\"https:\/\/secure.gravatar.com\/avatar\/1d3fc949d550f0b53a5f0d51e06dfd79?s=96&d=mm&r=g\",\"caption\":\"admin\"},\"url\":\"https:\/\/www.prijedordanas.com\/?author=1\"}]}<\/script>\n<!-- \/ Yoast SEO plugin. -->","yoast_head_json":{"title":"Prijedor\u010danin uhap\u0161en za vrijeme policijskog \u010dasa: Vrije\u0111ao, psovao i fizi\u010dki napao policijske slu\u017ebenike - PrijedorDanas.com - Prijedorski gradski portal","robots":{"index":"index","follow":"follow","max-snippet":"max-snippet:-1","max-image-preview":"max-image-preview:large","max-video-preview":"max-video-preview:-1"},"canonical":"https:\/\/www.prijedordanas.com\/?p=146038","og_locale":"en_US","og_type":"article","og_title":"Prijedor\u010danin uhap\u0161en za vrijeme policijskog \u010dasa: Vrije\u0111ao, psovao i fizi\u010dki napao policijske slu\u017ebenike - PrijedorDanas.com - Prijedorski gradski portal","og_description":"Policijski slu\u017ebenici Policijske uprave Prijedor, dana 21.04.2020. godine, za vrijeme trajanja policijskog \u010dasa, oko 20.15 \u010dasova na parking prostoru u ulici Kozarska zatekli su lice B.M. iz Prijedora. Prilikom kontrole [&hellip;]","og_url":"https:\/\/www.prijedordanas.com\/?p=146038","og_site_name":"PrijedorDanas.com - Prijedorski gradski portal","article_publisher":"https:\/\/www.facebook.com\/PrijedorDanasCom\/","article_published_time":"2020-04-23T09:51:18+00:00","og_image":[{"url":"https:\/\/www.prijedordanas.com\/wp-content\/uploads\/2019\/01\/policija-prijedor-hapsenje-239x300.jpg"}],"author":"admin","twitter_card":"summary_large_image","twitter_misc":{"Written by":"admin","Est. reading time":"1 minute"},"schema":{"@context":"https:\/\/schema.org","@graph":[{"@type":"Article","@id":"https:\/\/www.prijedordanas.com\/?p=146038#article","isPartOf":{"@id":"https:\/\/www.prijedordanas.com\/?p=146038"},"author":{"name":"admin","@id":"https:\/\/www.prijedordanas.com\/#\/schema\/person\/4e08ccf29b506ca916ff86d46bb700e6"},"headline":"Prijedor\u010danin uhap\u0161en za vrijeme policijskog \u010dasa: Vrije\u0111ao, psovao i fizi\u010dki napao policijske slu\u017ebenike","datePublished":"2020-04-23T09:51:18+00:00","dateModified":"2020-04-23T09:51:18+00:00","mainEntityOfPage":{"@id":"https:\/\/www.prijedordanas.com\/?p=146038"},"wordCount":162,"publisher":{"@id":"https:\/\/www.prijedordanas.com\/#organization"},"keywords":["hap\u0161enje"],"articleSection":["Hronika"],"inLanguage":"en-US"},{"@type":"WebPage","@id":"https:\/\/www.prijedordanas.com\/?p=146038","url":"https:\/\/www.prijedordanas.com\/?p=146038","name":"Prijedor\u010danin uhap\u0161en za vrijeme policijskog \u010dasa: Vrije\u0111ao, psovao i fizi\u010dki napao policijske slu\u017ebenike - PrijedorDanas.com - Prijedorski gradski portal","isPartOf":{"@id":"https:\/\/www.prijedordanas.com\/#website"},"datePublished":"2020-04-23T09:51:18+00:00","dateModified":"2020-04-23T09:51:18+00:00","breadcrumb":{"@id":"https:\/\/www.prijedordanas.com\/?p=146038#breadcrumb"},"inLanguage":"en-US","potentialAction":[{"@type":"ReadAction","target":["https:\/\/www.prijedordanas.com\/?p=146038"]}]},{"@type":"BreadcrumbList","@id":"https:\/\/www.prijedordanas.com\/?p=146038#breadcrumb","itemListElement":[{"@type":"ListItem","position":1,"name":"Home","item":"https:\/\/www.prijedordanas.com\/"},{"@type":"ListItem","position":2,"name":"Prijedor\u010danin uhap\u0161en za vrijeme policijskog \u010dasa: Vrije\u0111ao, psovao i fizi\u010dki napao policijske slu\u017ebenike"}]},{"@type":"WebSite","@id":"https:\/\/www.prijedordanas.com\/#website","url":"https:\/\/www.prijedordanas.com\/","name":"PrijedorDanas.com - Prijedorski gradski portal","description":"Portal o doga\u0111anjima u gradu Prijedoru","publisher":{"@id":"https:\/\/www.prijedordanas.com\/#organization"},"potentialAction":[{"@type":"SearchAction","target":{"@type":"EntryPoint","urlTemplate":"https:\/\/www.prijedordanas.com\/?s={search_term_string}"},"query-input":"required name=search_term_string"}],"inLanguage":"en-US"},{"@type":"Organization","@id":"https:\/\/www.prijedordanas.com\/#organization","name":"PrijedorDanas.com","url":"https:\/\/www.prijedordanas.com\/","logo":{"@type":"ImageObject","inLanguage":"en-US","@id":"https:\/\/www.prijedordanas.com\/#\/schema\/logo\/image\/","url":"http:\/\/www.prijedordanas.com\/wp-content\/uploads\/2021\/12\/logopng.png","contentUrl":"http:\/\/www.prijedordanas.com\/wp-content\/uploads\/2021\/12\/logopng.png","width":1019,"height":776,"caption":"PrijedorDanas.com"},"image":{"@id":"https:\/\/www.prijedordanas.com\/#\/schema\/logo\/image\/"},"sameAs":["https:\/\/www.facebook.com\/PrijedorDanasCom\/"]},{"@type":"Person","@id":"https:\/\/www.prijedordanas.com\/#\/schema\/person\/4e08ccf29b506ca916ff86d46bb700e6","name":"admin","image":{"@type":"ImageObject","inLanguage":"en-US","@id":"https:\/\/www.prijedordanas.com\/#\/schema\/person\/image\/","url":"https:\/\/secure.gravatar.com\/avatar\/1d3fc949d550f0b53a5f0d51e06dfd79?s=96&d=mm&r=g","contentUrl":"https:\/\/secure.gravatar.com\/avatar\/1d3fc949d550f0b53a5f0d51e06dfd79?s=96&d=mm&r=g","caption":"admin"},"url":"https:\/\/www.prijedordanas.com\/?author=1"}]}},"_links":{"self":[{"href":"https:\/\/www.prijedordanas.com\/index.php?rest_route=\/wp\/v2\/posts\/146038"}],"collection":[{"href":"https:\/\/www.prijedordanas.com\/index.php?rest_route=\/wp\/v2\/posts"}],"about":[{"href":"https:\/\/www.prijedordanas.com\/index.php?rest_route=\/wp\/v2\/types\/post"}],"author":[{"embeddable":true,"href":"https:\/\/www.prijedordanas.com\/index.php?rest_route=\/wp\/v2\/users\/1"}],"replies":[{"embeddable":true,"href":"https:\/\/www.prijedordanas.com\/index.php?rest_route=%2Fwp%2Fv2%2Fcomments&post=146038"}],"version-history":[{"count":1,"href":"https:\/\/www.prijedordanas.com\/index.php?rest_route=\/wp\/v2\/posts\/146038\/revisions"}],"predecessor-version":[{"id":146039,"href":"https:\/\/www.prijedordanas.com\/index.php?rest_route=\/wp\/v2\/posts\/146038\/revisions\/146039"}],"wp:attachment":[{"href":"https:\/\/www.prijedordanas.com\/index.php?rest_route=%2Fwp%2Fv2%2Fmedia&parent=146038"}],"wp:term":[{"taxonomy":"category","embeddable":true,"href":"https:\/\/www.prijedordanas.com\/index.php?rest_route=%2Fwp%2Fv2%2Fcategories&post=146038"},{"taxonomy":"post_tag","embeddable":true,"href":"https:\/\/www.prijedordanas.com\/index.php?rest_route=%2Fwp%2Fv2%2Ftags&post=146038"}],"curies":[{"name":"wp","href":"https:\/\/api.w.org\/{rel}","templated":true}]}}