{"id":145923,"date":"2020-04-21T12:55:40","date_gmt":"2020-04-21T10:55:40","guid":{"rendered":"https:\/\/www.prijedordanas.com\/?p=145923"},"modified":"2020-04-21T12:55:40","modified_gmt":"2020-04-21T10:55:40","slug":"dakovic-cekaju-se-odgovori-nadleznih-o-goloj-sjeci-na-kozari","status":"publish","type":"post","link":"https:\/\/www.prijedordanas.com\/?p=145923","title":{"rendered":"\u0110akovi\u0107: \u010cekaju se odgovori nadle\u017enih o goloj sje\u010di na Kozari"},"content":{"rendered":"<p><a href=\"https:\/\/www.prijedordanas.com\/wp-content\/uploads\/2020\/04\/gola-sjeca-djakovic.jpg\"><img loading=\"lazy\" decoding=\"async\" class=\"alignleft size-medium wp-image-145924\" src=\"https:\/\/www.prijedordanas.com\/wp-content\/uploads\/2020\/04\/gola-sjeca-djakovic-300x225.jpg\" alt=\"\" width=\"300\" height=\"225\" srcset=\"https:\/\/www.prijedordanas.com\/wp-content\/uploads\/2020\/04\/gola-sjeca-djakovic-300x225.jpg 300w, https:\/\/www.prijedordanas.com\/wp-content\/uploads\/2020\/04\/gola-sjeca-djakovic-640x480.jpg 640w, https:\/\/www.prijedordanas.com\/wp-content\/uploads\/2020\/04\/gola-sjeca-djakovic.jpg 667w\" sizes=\"(max-width: 300px) 100vw, 300px\" \/><\/a>Gradona\u010delnik Prijedora Milenko \u0110akovi\u0107 izjavio je danas da ne mo\u017ee odgovoriti na pitanja o goloj sje\u010di na Kozari dok ne dobije zvani\u010dne podatke, kao i da je uputio pismo \u0160umskom gazdinstvu &#8220;Prijedor&#8221; i Javnom preduze\u0107u &#8220;\u0160ume Republike Srpske&#8221; da bi se o tome informisao.<\/p>\n<p>&#8220;Ne \u017eelim ni\u0161ta komentarisati dok ne dobijem zvani\u010dne odgovore, ali, iskreno, moram re\u0107i &#8211; ono \u0161to sam vidio na snimcima izgleda katastrofalno na Kozari. Opravdanost \u0107emo vidjeti kad dobijem zvani\u010dne odgovore iz nadle\u017enih institucija i obavijesti\u0107u vas tada&#8221;, rekao je \u0110akovi\u0107 novinarima u Prijedoru.<\/p>\n<p><strong><a href=\"https:\/\/www.prijedordanas.com\/?p=145887\" target=\"_blank\" rel=\"noopener noreferrer\">Gola sje\u010da \u0161ume na Kozari \u2013 FOTO\/VIDEO<\/a><\/strong><\/p>\n<p>U medijima i na dru\u0161tvenim mre\u017eama u posljednja dva dana pojavili su se snimci gole sje\u010de na Kozari, planini koja je svojim najve\u0107im dijelom u granicama istoimenog nacionalnog parka.<\/p>\n<p>\u0160umsko gazdinstvo &#8220;Prijedor&#8221; je za sutra u 13.00 \u010dasova najavilo konferenciju za novinare.<\/p>\n<p>SRNA<\/p>\n<p><a href=\"https:\/\/www.prijedordanas.com\/wp-content\/uploads\/2020\/04\/stab-21april-10.jpg\"><img loading=\"lazy\" decoding=\"async\" class=\"alignleft size-medium wp-image-145925\" src=\"https:\/\/www.prijedordanas.com\/wp-content\/uploads\/2020\/04\/stab-21april-10-300x200.jpg\" alt=\"\" width=\"300\" height=\"200\" srcset=\"https:\/\/www.prijedordanas.com\/wp-content\/uploads\/2020\/04\/stab-21april-10-300x200.jpg 300w, https:\/\/www.prijedordanas.com\/wp-content\/uploads\/2020\/04\/stab-21april-10-480x320.jpg 480w, https:\/\/www.prijedordanas.com\/wp-content\/uploads\/2020\/04\/stab-21april-10.jpg 600w\" sizes=\"(max-width: 300px) 100vw, 300px\" \/><\/a> <a href=\"https:\/\/www.prijedordanas.com\/wp-content\/uploads\/2020\/04\/gola-sjeca-kozara-2020-2.jpg\"><img loading=\"lazy\" decoding=\"async\" class=\"alignleft size-medium wp-image-145891\" src=\"https:\/\/www.prijedordanas.com\/wp-content\/uploads\/2020\/04\/gola-sjeca-kozara-2020-2-300x225.jpg\" alt=\"\" width=\"300\" height=\"225\" srcset=\"https:\/\/www.prijedordanas.com\/wp-content\/uploads\/2020\/04\/gola-sjeca-kozara-2020-2-300x225.jpg 300w, https:\/\/www.prijedordanas.com\/wp-content\/uploads\/2020\/04\/gola-sjeca-kozara-2020-2-640x480.jpg 640w, https:\/\/www.prijedordanas.com\/wp-content\/uploads\/2020\/04\/gola-sjeca-kozara-2020-2.jpg 667w\" sizes=\"(max-width: 300px) 100vw, 300px\" \/><\/a><\/p>\n","protected":false},"excerpt":{"rendered":"<p>Gradona\u010delnik Prijedora Milenko \u0110akovi\u0107 izjavio je danas da ne mo\u017ee odgovoriti na pitanja o goloj sje\u010di na Kozari dok ne dobije zvani\u010dne podatke, kao i da je uputio pismo \u0160umskom [&hellip;]<\/p>\n","protected":false},"author":1,"featured_media":0,"comment_status":"closed","ping_status":"open","sticky":false,"template":"","format":"standard","meta":{"_monsterinsights_skip_tracking":false,"_monsterinsights_sitenote_active":false,"_monsterinsights_sitenote_note":"","_monsterinsights_sitenote_category":0,"footnotes":""},"categories":[4],"tags":[11178,9211,427],"yoast_head":"<!-- This site is optimized with the Yoast SEO plugin v21.6 - https:\/\/yoast.com\/wordpress\/plugins\/seo\/ -->\n<title>\u0110akovi\u0107: \u010cekaju se odgovori nadle\u017enih o goloj sje\u010di na Kozari - PrijedorDanas.com - Prijedorski gradski portal<\/title>\n<meta name=\"robots\" content=\"index, follow, max-snippet:-1, max-image-preview:large, max-video-preview:-1\" \/>\n<link rel=\"canonical\" href=\"https:\/\/www.prijedordanas.com\/?p=145923\" \/>\n<meta property=\"og:locale\" content=\"en_US\" \/>\n<meta property=\"og:type\" content=\"article\" \/>\n<meta property=\"og:title\" content=\"\u0110akovi\u0107: \u010cekaju se odgovori nadle\u017enih o goloj sje\u010di na Kozari - PrijedorDanas.com - Prijedorski gradski portal\" \/>\n<meta property=\"og:description\" content=\"Gradona\u010delnik Prijedora Milenko \u0110akovi\u0107 izjavio je danas da ne mo\u017ee odgovoriti na pitanja o goloj sje\u010di na Kozari dok ne dobije zvani\u010dne podatke, kao i da je uputio pismo \u0160umskom [&hellip;]\" \/>\n<meta property=\"og:url\" content=\"https:\/\/www.prijedordanas.com\/?p=145923\" \/>\n<meta property=\"og:site_name\" content=\"PrijedorDanas.com - Prijedorski gradski portal\" \/>\n<meta property=\"article:publisher\" content=\"https:\/\/www.facebook.com\/PrijedorDanasCom\/\" \/>\n<meta property=\"article:published_time\" content=\"2020-04-21T10:55:40+00:00\" \/>\n<meta property=\"og:image\" content=\"https:\/\/www.prijedordanas.com\/wp-content\/uploads\/2020\/04\/gola-sjeca-djakovic-300x225.jpg\" \/>\n<meta name=\"author\" content=\"admin\" \/>\n<meta name=\"twitter:card\" content=\"summary_large_image\" \/>\n<meta name=\"twitter:label1\" content=\"Written by\" \/>\n\t<meta name=\"twitter:data1\" content=\"admin\" \/>\n\t<meta name=\"twitter:label2\" content=\"Est. reading time\" \/>\n\t<meta name=\"twitter:data2\" content=\"1 minute\" \/>\n<script type=\"application\/ld+json\" class=\"yoast-schema-graph\">{\"@context\":\"https:\/\/schema.org\",\"@graph\":[{\"@type\":\"Article\",\"@id\":\"https:\/\/www.prijedordanas.com\/?p=145923#article\",\"isPartOf\":{\"@id\":\"https:\/\/www.prijedordanas.com\/?p=145923\"},\"author\":{\"name\":\"admin\",\"@id\":\"https:\/\/www.prijedordanas.com\/#\/schema\/person\/4e08ccf29b506ca916ff86d46bb700e6\"},\"headline\":\"\u0110akovi\u0107: \u010cekaju se odgovori nadle\u017enih o goloj sje\u010di na Kozari\",\"datePublished\":\"2020-04-21T10:55:40+00:00\",\"dateModified\":\"2020-04-21T10:55:40+00:00\",\"mainEntityOfPage\":{\"@id\":\"https:\/\/www.prijedordanas.com\/?p=145923\"},\"wordCount\":165,\"publisher\":{\"@id\":\"https:\/\/www.prijedordanas.com\/#organization\"},\"keywords\":[\"gola sje\u010da\",\"gradona\u010delnik Milenko \u0110akovi\u0107\",\"Kozara\"],\"articleSection\":[\"Dru\u0161tvo\"],\"inLanguage\":\"en-US\"},{\"@type\":\"WebPage\",\"@id\":\"https:\/\/www.prijedordanas.com\/?p=145923\",\"url\":\"https:\/\/www.prijedordanas.com\/?p=145923\",\"name\":\"\u0110akovi\u0107: \u010cekaju se odgovori nadle\u017enih o goloj sje\u010di na Kozari - PrijedorDanas.com - Prijedorski gradski portal\",\"isPartOf\":{\"@id\":\"https:\/\/www.prijedordanas.com\/#website\"},\"datePublished\":\"2020-04-21T10:55:40+00:00\",\"dateModified\":\"2020-04-21T10:55:40+00:00\",\"breadcrumb\":{\"@id\":\"https:\/\/www.prijedordanas.com\/?p=145923#breadcrumb\"},\"inLanguage\":\"en-US\",\"potentialAction\":[{\"@type\":\"ReadAction\",\"target\":[\"https:\/\/www.prijedordanas.com\/?p=145923\"]}]},{\"@type\":\"BreadcrumbList\",\"@id\":\"https:\/\/www.prijedordanas.com\/?p=145923#breadcrumb\",\"itemListElement\":[{\"@type\":\"ListItem\",\"position\":1,\"name\":\"Home\",\"item\":\"https:\/\/www.prijedordanas.com\/\"},{\"@type\":\"ListItem\",\"position\":2,\"name\":\"\u0110akovi\u0107: \u010cekaju se odgovori nadle\u017enih o goloj sje\u010di na Kozari\"}]},{\"@type\":\"WebSite\",\"@id\":\"https:\/\/www.prijedordanas.com\/#website\",\"url\":\"https:\/\/www.prijedordanas.com\/\",\"name\":\"PrijedorDanas.com - Prijedorski gradski portal\",\"description\":\"Portal o doga\u0111anjima u gradu Prijedoru\",\"publisher\":{\"@id\":\"https:\/\/www.prijedordanas.com\/#organization\"},\"potentialAction\":[{\"@type\":\"SearchAction\",\"target\":{\"@type\":\"EntryPoint\",\"urlTemplate\":\"https:\/\/www.prijedordanas.com\/?s={search_term_string}\"},\"query-input\":\"required name=search_term_string\"}],\"inLanguage\":\"en-US\"},{\"@type\":\"Organization\",\"@id\":\"https:\/\/www.prijedordanas.com\/#organization\",\"name\":\"PrijedorDanas.com\",\"url\":\"https:\/\/www.prijedordanas.com\/\",\"logo\":{\"@type\":\"ImageObject\",\"inLanguage\":\"en-US\",\"@id\":\"https:\/\/www.prijedordanas.com\/#\/schema\/logo\/image\/\",\"url\":\"http:\/\/www.prijedordanas.com\/wp-content\/uploads\/2021\/12\/logopng.png\",\"contentUrl\":\"http:\/\/www.prijedordanas.com\/wp-content\/uploads\/2021\/12\/logopng.png\",\"width\":1019,\"height\":776,\"caption\":\"PrijedorDanas.com\"},\"image\":{\"@id\":\"https:\/\/www.prijedordanas.com\/#\/schema\/logo\/image\/\"},\"sameAs\":[\"https:\/\/www.facebook.com\/PrijedorDanasCom\/\"]},{\"@type\":\"Person\",\"@id\":\"https:\/\/www.prijedordanas.com\/#\/schema\/person\/4e08ccf29b506ca916ff86d46bb700e6\",\"name\":\"admin\",\"image\":{\"@type\":\"ImageObject\",\"inLanguage\":\"en-US\",\"@id\":\"https:\/\/www.prijedordanas.com\/#\/schema\/person\/image\/\",\"url\":\"https:\/\/secure.gravatar.com\/avatar\/1d3fc949d550f0b53a5f0d51e06dfd79?s=96&d=mm&r=g\",\"contentUrl\":\"https:\/\/secure.gravatar.com\/avatar\/1d3fc949d550f0b53a5f0d51e06dfd79?s=96&d=mm&r=g\",\"caption\":\"admin\"},\"url\":\"https:\/\/www.prijedordanas.com\/?author=1\"}]}<\/script>\n<!-- \/ Yoast SEO plugin. -->","yoast_head_json":{"title":"\u0110akovi\u0107: \u010cekaju se odgovori nadle\u017enih o goloj sje\u010di na Kozari - PrijedorDanas.com - Prijedorski gradski portal","robots":{"index":"index","follow":"follow","max-snippet":"max-snippet:-1","max-image-preview":"max-image-preview:large","max-video-preview":"max-video-preview:-1"},"canonical":"https:\/\/www.prijedordanas.com\/?p=145923","og_locale":"en_US","og_type":"article","og_title":"\u0110akovi\u0107: \u010cekaju se odgovori nadle\u017enih o goloj sje\u010di na Kozari - PrijedorDanas.com - Prijedorski gradski portal","og_description":"Gradona\u010delnik Prijedora Milenko \u0110akovi\u0107 izjavio je danas da ne mo\u017ee odgovoriti na pitanja o goloj sje\u010di na Kozari dok ne dobije zvani\u010dne podatke, kao i da je uputio pismo \u0160umskom [&hellip;]","og_url":"https:\/\/www.prijedordanas.com\/?p=145923","og_site_name":"PrijedorDanas.com - Prijedorski gradski portal","article_publisher":"https:\/\/www.facebook.com\/PrijedorDanasCom\/","article_published_time":"2020-04-21T10:55:40+00:00","og_image":[{"url":"https:\/\/www.prijedordanas.com\/wp-content\/uploads\/2020\/04\/gola-sjeca-djakovic-300x225.jpg"}],"author":"admin","twitter_card":"summary_large_image","twitter_misc":{"Written by":"admin","Est. reading time":"1 minute"},"schema":{"@context":"https:\/\/schema.org","@graph":[{"@type":"Article","@id":"https:\/\/www.prijedordanas.com\/?p=145923#article","isPartOf":{"@id":"https:\/\/www.prijedordanas.com\/?p=145923"},"author":{"name":"admin","@id":"https:\/\/www.prijedordanas.com\/#\/schema\/person\/4e08ccf29b506ca916ff86d46bb700e6"},"headline":"\u0110akovi\u0107: \u010cekaju se odgovori nadle\u017enih o goloj sje\u010di na Kozari","datePublished":"2020-04-21T10:55:40+00:00","dateModified":"2020-04-21T10:55:40+00:00","mainEntityOfPage":{"@id":"https:\/\/www.prijedordanas.com\/?p=145923"},"wordCount":165,"publisher":{"@id":"https:\/\/www.prijedordanas.com\/#organization"},"keywords":["gola sje\u010da","gradona\u010delnik Milenko \u0110akovi\u0107","Kozara"],"articleSection":["Dru\u0161tvo"],"inLanguage":"en-US"},{"@type":"WebPage","@id":"https:\/\/www.prijedordanas.com\/?p=145923","url":"https:\/\/www.prijedordanas.com\/?p=145923","name":"\u0110akovi\u0107: \u010cekaju se odgovori nadle\u017enih o goloj sje\u010di na Kozari - PrijedorDanas.com - Prijedorski gradski portal","isPartOf":{"@id":"https:\/\/www.prijedordanas.com\/#website"},"datePublished":"2020-04-21T10:55:40+00:00","dateModified":"2020-04-21T10:55:40+00:00","breadcrumb":{"@id":"https:\/\/www.prijedordanas.com\/?p=145923#breadcrumb"},"inLanguage":"en-US","potentialAction":[{"@type":"ReadAction","target":["https:\/\/www.prijedordanas.com\/?p=145923"]}]},{"@type":"BreadcrumbList","@id":"https:\/\/www.prijedordanas.com\/?p=145923#breadcrumb","itemListElement":[{"@type":"ListItem","position":1,"name":"Home","item":"https:\/\/www.prijedordanas.com\/"},{"@type":"ListItem","position":2,"name":"\u0110akovi\u0107: \u010cekaju se odgovori nadle\u017enih o goloj sje\u010di na Kozari"}]},{"@type":"WebSite","@id":"https:\/\/www.prijedordanas.com\/#website","url":"https:\/\/www.prijedordanas.com\/","name":"PrijedorDanas.com - Prijedorski gradski portal","description":"Portal o doga\u0111anjima u gradu Prijedoru","publisher":{"@id":"https:\/\/www.prijedordanas.com\/#organization"},"potentialAction":[{"@type":"SearchAction","target":{"@type":"EntryPoint","urlTemplate":"https:\/\/www.prijedordanas.com\/?s={search_term_string}"},"query-input":"required name=search_term_string"}],"inLanguage":"en-US"},{"@type":"Organization","@id":"https:\/\/www.prijedordanas.com\/#organization","name":"PrijedorDanas.com","url":"https:\/\/www.prijedordanas.com\/","logo":{"@type":"ImageObject","inLanguage":"en-US","@id":"https:\/\/www.prijedordanas.com\/#\/schema\/logo\/image\/","url":"http:\/\/www.prijedordanas.com\/wp-content\/uploads\/2021\/12\/logopng.png","contentUrl":"http:\/\/www.prijedordanas.com\/wp-content\/uploads\/2021\/12\/logopng.png","width":1019,"height":776,"caption":"PrijedorDanas.com"},"image":{"@id":"https:\/\/www.prijedordanas.com\/#\/schema\/logo\/image\/"},"sameAs":["https:\/\/www.facebook.com\/PrijedorDanasCom\/"]},{"@type":"Person","@id":"https:\/\/www.prijedordanas.com\/#\/schema\/person\/4e08ccf29b506ca916ff86d46bb700e6","name":"admin","image":{"@type":"ImageObject","inLanguage":"en-US","@id":"https:\/\/www.prijedordanas.com\/#\/schema\/person\/image\/","url":"https:\/\/secure.gravatar.com\/avatar\/1d3fc949d550f0b53a5f0d51e06dfd79?s=96&d=mm&r=g","contentUrl":"https:\/\/secure.gravatar.com\/avatar\/1d3fc949d550f0b53a5f0d51e06dfd79?s=96&d=mm&r=g","caption":"admin"},"url":"https:\/\/www.prijedordanas.com\/?author=1"}]}},"_links":{"self":[{"href":"https:\/\/www.prijedordanas.com\/index.php?rest_route=\/wp\/v2\/posts\/145923"}],"collection":[{"href":"https:\/\/www.prijedordanas.com\/index.php?rest_route=\/wp\/v2\/posts"}],"about":[{"href":"https:\/\/www.prijedordanas.com\/index.php?rest_route=\/wp\/v2\/types\/post"}],"author":[{"embeddable":true,"href":"https:\/\/www.prijedordanas.com\/index.php?rest_route=\/wp\/v2\/users\/1"}],"replies":[{"embeddable":true,"href":"https:\/\/www.prijedordanas.com\/index.php?rest_route=%2Fwp%2Fv2%2Fcomments&post=145923"}],"version-history":[{"count":1,"href":"https:\/\/www.prijedordanas.com\/index.php?rest_route=\/wp\/v2\/posts\/145923\/revisions"}],"predecessor-version":[{"id":145926,"href":"https:\/\/www.prijedordanas.com\/index.php?rest_route=\/wp\/v2\/posts\/145923\/revisions\/145926"}],"wp:attachment":[{"href":"https:\/\/www.prijedordanas.com\/index.php?rest_route=%2Fwp%2Fv2%2Fmedia&parent=145923"}],"wp:term":[{"taxonomy":"category","embeddable":true,"href":"https:\/\/www.prijedordanas.com\/index.php?rest_route=%2Fwp%2Fv2%2Fcategories&post=145923"},{"taxonomy":"post_tag","embeddable":true,"href":"https:\/\/www.prijedordanas.com\/index.php?rest_route=%2Fwp%2Fv2%2Ftags&post=145923"}],"curies":[{"name":"wp","href":"https:\/\/api.w.org\/{rel}","templated":true}]}}