{"id":145826,"date":"2020-04-19T12:34:19","date_gmt":"2020-04-19T10:34:19","guid":{"rendered":"https:\/\/www.prijedordanas.com\/?p=145826"},"modified":"2020-04-19T12:34:19","modified_gmt":"2020-04-19T10:34:19","slug":"zabranu-kretanja-u-republici-srpskoj-prekrsila-92-lica","status":"publish","type":"post","link":"https:\/\/www.prijedordanas.com\/?p=145826","title":{"rendered":"Zabranu kretanja u Republici Srpskoj prekr\u0161ila 92 lica"},"content":{"rendered":"<p><a href=\"https:\/\/www.prijedordanas.com\/wp-content\/uploads\/2020\/04\/nezavisne-policijski-cas-1.jpg\"><img loading=\"lazy\" decoding=\"async\" src=\"https:\/\/www.prijedordanas.com\/wp-content\/uploads\/2020\/04\/nezavisne-policijski-cas-1-300x222.jpg\" alt=\"\" width=\"300\" height=\"222\" class=\"alignleft size-medium wp-image-145827\" srcset=\"https:\/\/www.prijedordanas.com\/wp-content\/uploads\/2020\/04\/nezavisne-policijski-cas-1-300x222.jpg 300w, https:\/\/www.prijedordanas.com\/wp-content\/uploads\/2020\/04\/nezavisne-policijski-cas-1.jpg 675w\" sizes=\"(max-width: 300px) 100vw, 300px\" \/><\/a>U Republici Srpskoj 75 ljudi je u protekla 24 \u010dasa prekr\u0161ilo zabranu kretanja za lica sa navr\u0161enih 65 godina \u017eivota i vi\u0161e, kao i zabranu kretanja na javnim povr\u0161inama.<\/p>\n<p>Policijski slu\u017ebenici zatekli su na ulici lice za vrijeme policijskog \u010dasa, koje je istovremeno prekr\u0161ilo izre\u010denu mjeru izolacije, saop\u0161teno je danas iz Ministarstva unutra\u0161njih poslova Republike Srpske \/MUP\/.<\/p>\n<p>Zabilje\u017eeno je i 17 prekr\u0161aja zbog kr\u0161enja zaklju\u010dka Republi\u010dkog \u0161taba za vanredne situacije u vezi sa zabranom napu\u0161tanja mjesta prebivali\u0161ta, koja je na snazi vikendima od subote od 12.00 do nedjelje do 18.00 \u010dasova.<\/p>\n<p>U saop\u0161tenju se podsje\u0107a da su od zabrane izuzeta lica kojima poslodavac izda potvrdu o potrebi kretanja radi nesmetanog obavljanja procesa rada i lica kojima MUP izda dozvolu za kretanje.<\/p>\n<p>MUP apeluje da gra\u0111ani po\u0161tuju zaklju\u010dak Republi\u010dkog \u0161taba za vanredne situacije o obaveznom sprovo\u0111enju mjera za reagovanje na pojavu bolesti izazvane novim virusom korona, a kojim se propisuju vanredne mjere s ciljem prevencije \u0161irenja virusa.<\/p>\n<p>Zabrana kretanja lica u Republici Srpskoj po\u010dela je ju\u010de u 15.00 \u010dasova i bi\u0107e na snazi do sutra ujutro u 5.00 \u010dasova. <\/p>\n<p>SRNA<br \/>\nFoto ilustracija &#8211; nezavisne.com<\/p>\n","protected":false},"excerpt":{"rendered":"<p>U Republici Srpskoj 75 ljudi je u protekla 24 \u010dasa prekr\u0161ilo zabranu kretanja za lica sa navr\u0161enih 65 godina \u017eivota i vi\u0161e, kao i zabranu kretanja na javnim povr\u0161inama. Policijski [&hellip;]<\/p>\n","protected":false},"author":1,"featured_media":0,"comment_status":"closed","ping_status":"open","sticky":false,"template":"","format":"standard","meta":{"_monsterinsights_skip_tracking":false,"_monsterinsights_sitenote_active":false,"_monsterinsights_sitenote_note":"","_monsterinsights_sitenote_category":0,"footnotes":""},"categories":[5],"tags":[11081,11116],"yoast_head":"<!-- This site is optimized with the Yoast SEO plugin v21.6 - https:\/\/yoast.com\/wordpress\/plugins\/seo\/ -->\n<title>Zabranu kretanja u Republici Srpskoj prekr\u0161ila 92 lica - PrijedorDanas.com - Prijedorski gradski portal<\/title>\n<meta name=\"robots\" content=\"index, follow, max-snippet:-1, max-image-preview:large, max-video-preview:-1\" \/>\n<link rel=\"canonical\" href=\"https:\/\/www.prijedordanas.com\/?p=145826\" \/>\n<meta property=\"og:locale\" content=\"en_US\" \/>\n<meta property=\"og:type\" content=\"article\" \/>\n<meta property=\"og:title\" content=\"Zabranu kretanja u Republici Srpskoj prekr\u0161ila 92 lica - PrijedorDanas.com - Prijedorski gradski portal\" \/>\n<meta property=\"og:description\" content=\"U Republici Srpskoj 75 ljudi je u protekla 24 \u010dasa prekr\u0161ilo zabranu kretanja za lica sa navr\u0161enih 65 godina \u017eivota i vi\u0161e, kao i zabranu kretanja na javnim povr\u0161inama. Policijski [&hellip;]\" \/>\n<meta property=\"og:url\" content=\"https:\/\/www.prijedordanas.com\/?p=145826\" \/>\n<meta property=\"og:site_name\" content=\"PrijedorDanas.com - Prijedorski gradski portal\" \/>\n<meta property=\"article:publisher\" content=\"https:\/\/www.facebook.com\/PrijedorDanasCom\/\" \/>\n<meta property=\"article:published_time\" content=\"2020-04-19T10:34:19+00:00\" \/>\n<meta property=\"og:image\" content=\"https:\/\/www.prijedordanas.com\/wp-content\/uploads\/2020\/04\/nezavisne-policijski-cas-1-300x222.jpg\" \/>\n<meta name=\"author\" content=\"admin\" \/>\n<meta name=\"twitter:card\" content=\"summary_large_image\" \/>\n<meta name=\"twitter:label1\" content=\"Written by\" \/>\n\t<meta name=\"twitter:data1\" content=\"admin\" \/>\n\t<meta name=\"twitter:label2\" content=\"Est. reading time\" \/>\n\t<meta name=\"twitter:data2\" content=\"1 minute\" \/>\n<script type=\"application\/ld+json\" class=\"yoast-schema-graph\">{\"@context\":\"https:\/\/schema.org\",\"@graph\":[{\"@type\":\"Article\",\"@id\":\"https:\/\/www.prijedordanas.com\/?p=145826#article\",\"isPartOf\":{\"@id\":\"https:\/\/www.prijedordanas.com\/?p=145826\"},\"author\":{\"name\":\"admin\",\"@id\":\"https:\/\/www.prijedordanas.com\/#\/schema\/person\/4e08ccf29b506ca916ff86d46bb700e6\"},\"headline\":\"Zabranu kretanja u Republici Srpskoj prekr\u0161ila 92 lica\",\"datePublished\":\"2020-04-19T10:34:19+00:00\",\"dateModified\":\"2020-04-19T10:34:19+00:00\",\"mainEntityOfPage\":{\"@id\":\"https:\/\/www.prijedordanas.com\/?p=145826\"},\"wordCount\":210,\"publisher\":{\"@id\":\"https:\/\/www.prijedordanas.com\/#organization\"},\"keywords\":[\"korona\",\"zabrana kretanja\"],\"articleSection\":[\"Hronika\"],\"inLanguage\":\"en-US\"},{\"@type\":\"WebPage\",\"@id\":\"https:\/\/www.prijedordanas.com\/?p=145826\",\"url\":\"https:\/\/www.prijedordanas.com\/?p=145826\",\"name\":\"Zabranu kretanja u Republici Srpskoj prekr\u0161ila 92 lica - PrijedorDanas.com - Prijedorski gradski portal\",\"isPartOf\":{\"@id\":\"https:\/\/www.prijedordanas.com\/#website\"},\"datePublished\":\"2020-04-19T10:34:19+00:00\",\"dateModified\":\"2020-04-19T10:34:19+00:00\",\"breadcrumb\":{\"@id\":\"https:\/\/www.prijedordanas.com\/?p=145826#breadcrumb\"},\"inLanguage\":\"en-US\",\"potentialAction\":[{\"@type\":\"ReadAction\",\"target\":[\"https:\/\/www.prijedordanas.com\/?p=145826\"]}]},{\"@type\":\"BreadcrumbList\",\"@id\":\"https:\/\/www.prijedordanas.com\/?p=145826#breadcrumb\",\"itemListElement\":[{\"@type\":\"ListItem\",\"position\":1,\"name\":\"Home\",\"item\":\"https:\/\/www.prijedordanas.com\/\"},{\"@type\":\"ListItem\",\"position\":2,\"name\":\"Zabranu kretanja u Republici Srpskoj prekr\u0161ila 92 lica\"}]},{\"@type\":\"WebSite\",\"@id\":\"https:\/\/www.prijedordanas.com\/#website\",\"url\":\"https:\/\/www.prijedordanas.com\/\",\"name\":\"PrijedorDanas.com - Prijedorski gradski portal\",\"description\":\"Portal o doga\u0111anjima u gradu Prijedoru\",\"publisher\":{\"@id\":\"https:\/\/www.prijedordanas.com\/#organization\"},\"potentialAction\":[{\"@type\":\"SearchAction\",\"target\":{\"@type\":\"EntryPoint\",\"urlTemplate\":\"https:\/\/www.prijedordanas.com\/?s={search_term_string}\"},\"query-input\":\"required name=search_term_string\"}],\"inLanguage\":\"en-US\"},{\"@type\":\"Organization\",\"@id\":\"https:\/\/www.prijedordanas.com\/#organization\",\"name\":\"PrijedorDanas.com\",\"url\":\"https:\/\/www.prijedordanas.com\/\",\"logo\":{\"@type\":\"ImageObject\",\"inLanguage\":\"en-US\",\"@id\":\"https:\/\/www.prijedordanas.com\/#\/schema\/logo\/image\/\",\"url\":\"http:\/\/www.prijedordanas.com\/wp-content\/uploads\/2021\/12\/logopng.png\",\"contentUrl\":\"http:\/\/www.prijedordanas.com\/wp-content\/uploads\/2021\/12\/logopng.png\",\"width\":1019,\"height\":776,\"caption\":\"PrijedorDanas.com\"},\"image\":{\"@id\":\"https:\/\/www.prijedordanas.com\/#\/schema\/logo\/image\/\"},\"sameAs\":[\"https:\/\/www.facebook.com\/PrijedorDanasCom\/\"]},{\"@type\":\"Person\",\"@id\":\"https:\/\/www.prijedordanas.com\/#\/schema\/person\/4e08ccf29b506ca916ff86d46bb700e6\",\"name\":\"admin\",\"image\":{\"@type\":\"ImageObject\",\"inLanguage\":\"en-US\",\"@id\":\"https:\/\/www.prijedordanas.com\/#\/schema\/person\/image\/\",\"url\":\"https:\/\/secure.gravatar.com\/avatar\/1d3fc949d550f0b53a5f0d51e06dfd79?s=96&d=mm&r=g\",\"contentUrl\":\"https:\/\/secure.gravatar.com\/avatar\/1d3fc949d550f0b53a5f0d51e06dfd79?s=96&d=mm&r=g\",\"caption\":\"admin\"},\"url\":\"https:\/\/www.prijedordanas.com\/?author=1\"}]}<\/script>\n<!-- \/ Yoast SEO plugin. -->","yoast_head_json":{"title":"Zabranu kretanja u Republici Srpskoj prekr\u0161ila 92 lica - PrijedorDanas.com - Prijedorski gradski portal","robots":{"index":"index","follow":"follow","max-snippet":"max-snippet:-1","max-image-preview":"max-image-preview:large","max-video-preview":"max-video-preview:-1"},"canonical":"https:\/\/www.prijedordanas.com\/?p=145826","og_locale":"en_US","og_type":"article","og_title":"Zabranu kretanja u Republici Srpskoj prekr\u0161ila 92 lica - PrijedorDanas.com - Prijedorski gradski portal","og_description":"U Republici Srpskoj 75 ljudi je u protekla 24 \u010dasa prekr\u0161ilo zabranu kretanja za lica sa navr\u0161enih 65 godina \u017eivota i vi\u0161e, kao i zabranu kretanja na javnim povr\u0161inama. Policijski [&hellip;]","og_url":"https:\/\/www.prijedordanas.com\/?p=145826","og_site_name":"PrijedorDanas.com - Prijedorski gradski portal","article_publisher":"https:\/\/www.facebook.com\/PrijedorDanasCom\/","article_published_time":"2020-04-19T10:34:19+00:00","og_image":[{"url":"https:\/\/www.prijedordanas.com\/wp-content\/uploads\/2020\/04\/nezavisne-policijski-cas-1-300x222.jpg"}],"author":"admin","twitter_card":"summary_large_image","twitter_misc":{"Written by":"admin","Est. reading time":"1 minute"},"schema":{"@context":"https:\/\/schema.org","@graph":[{"@type":"Article","@id":"https:\/\/www.prijedordanas.com\/?p=145826#article","isPartOf":{"@id":"https:\/\/www.prijedordanas.com\/?p=145826"},"author":{"name":"admin","@id":"https:\/\/www.prijedordanas.com\/#\/schema\/person\/4e08ccf29b506ca916ff86d46bb700e6"},"headline":"Zabranu kretanja u Republici Srpskoj prekr\u0161ila 92 lica","datePublished":"2020-04-19T10:34:19+00:00","dateModified":"2020-04-19T10:34:19+00:00","mainEntityOfPage":{"@id":"https:\/\/www.prijedordanas.com\/?p=145826"},"wordCount":210,"publisher":{"@id":"https:\/\/www.prijedordanas.com\/#organization"},"keywords":["korona","zabrana kretanja"],"articleSection":["Hronika"],"inLanguage":"en-US"},{"@type":"WebPage","@id":"https:\/\/www.prijedordanas.com\/?p=145826","url":"https:\/\/www.prijedordanas.com\/?p=145826","name":"Zabranu kretanja u Republici Srpskoj prekr\u0161ila 92 lica - PrijedorDanas.com - Prijedorski gradski portal","isPartOf":{"@id":"https:\/\/www.prijedordanas.com\/#website"},"datePublished":"2020-04-19T10:34:19+00:00","dateModified":"2020-04-19T10:34:19+00:00","breadcrumb":{"@id":"https:\/\/www.prijedordanas.com\/?p=145826#breadcrumb"},"inLanguage":"en-US","potentialAction":[{"@type":"ReadAction","target":["https:\/\/www.prijedordanas.com\/?p=145826"]}]},{"@type":"BreadcrumbList","@id":"https:\/\/www.prijedordanas.com\/?p=145826#breadcrumb","itemListElement":[{"@type":"ListItem","position":1,"name":"Home","item":"https:\/\/www.prijedordanas.com\/"},{"@type":"ListItem","position":2,"name":"Zabranu kretanja u Republici Srpskoj prekr\u0161ila 92 lica"}]},{"@type":"WebSite","@id":"https:\/\/www.prijedordanas.com\/#website","url":"https:\/\/www.prijedordanas.com\/","name":"PrijedorDanas.com - Prijedorski gradski portal","description":"Portal o doga\u0111anjima u gradu Prijedoru","publisher":{"@id":"https:\/\/www.prijedordanas.com\/#organization"},"potentialAction":[{"@type":"SearchAction","target":{"@type":"EntryPoint","urlTemplate":"https:\/\/www.prijedordanas.com\/?s={search_term_string}"},"query-input":"required name=search_term_string"}],"inLanguage":"en-US"},{"@type":"Organization","@id":"https:\/\/www.prijedordanas.com\/#organization","name":"PrijedorDanas.com","url":"https:\/\/www.prijedordanas.com\/","logo":{"@type":"ImageObject","inLanguage":"en-US","@id":"https:\/\/www.prijedordanas.com\/#\/schema\/logo\/image\/","url":"http:\/\/www.prijedordanas.com\/wp-content\/uploads\/2021\/12\/logopng.png","contentUrl":"http:\/\/www.prijedordanas.com\/wp-content\/uploads\/2021\/12\/logopng.png","width":1019,"height":776,"caption":"PrijedorDanas.com"},"image":{"@id":"https:\/\/www.prijedordanas.com\/#\/schema\/logo\/image\/"},"sameAs":["https:\/\/www.facebook.com\/PrijedorDanasCom\/"]},{"@type":"Person","@id":"https:\/\/www.prijedordanas.com\/#\/schema\/person\/4e08ccf29b506ca916ff86d46bb700e6","name":"admin","image":{"@type":"ImageObject","inLanguage":"en-US","@id":"https:\/\/www.prijedordanas.com\/#\/schema\/person\/image\/","url":"https:\/\/secure.gravatar.com\/avatar\/1d3fc949d550f0b53a5f0d51e06dfd79?s=96&d=mm&r=g","contentUrl":"https:\/\/secure.gravatar.com\/avatar\/1d3fc949d550f0b53a5f0d51e06dfd79?s=96&d=mm&r=g","caption":"admin"},"url":"https:\/\/www.prijedordanas.com\/?author=1"}]}},"_links":{"self":[{"href":"https:\/\/www.prijedordanas.com\/index.php?rest_route=\/wp\/v2\/posts\/145826"}],"collection":[{"href":"https:\/\/www.prijedordanas.com\/index.php?rest_route=\/wp\/v2\/posts"}],"about":[{"href":"https:\/\/www.prijedordanas.com\/index.php?rest_route=\/wp\/v2\/types\/post"}],"author":[{"embeddable":true,"href":"https:\/\/www.prijedordanas.com\/index.php?rest_route=\/wp\/v2\/users\/1"}],"replies":[{"embeddable":true,"href":"https:\/\/www.prijedordanas.com\/index.php?rest_route=%2Fwp%2Fv2%2Fcomments&post=145826"}],"version-history":[{"count":1,"href":"https:\/\/www.prijedordanas.com\/index.php?rest_route=\/wp\/v2\/posts\/145826\/revisions"}],"predecessor-version":[{"id":145828,"href":"https:\/\/www.prijedordanas.com\/index.php?rest_route=\/wp\/v2\/posts\/145826\/revisions\/145828"}],"wp:attachment":[{"href":"https:\/\/www.prijedordanas.com\/index.php?rest_route=%2Fwp%2Fv2%2Fmedia&parent=145826"}],"wp:term":[{"taxonomy":"category","embeddable":true,"href":"https:\/\/www.prijedordanas.com\/index.php?rest_route=%2Fwp%2Fv2%2Fcategories&post=145826"},{"taxonomy":"post_tag","embeddable":true,"href":"https:\/\/www.prijedordanas.com\/index.php?rest_route=%2Fwp%2Fv2%2Ftags&post=145826"}],"curies":[{"name":"wp","href":"https:\/\/api.w.org\/{rel}","templated":true}]}}