{"id":145786,"date":"2020-04-18T15:54:24","date_gmt":"2020-04-18T13:54:24","guid":{"rendered":"https:\/\/www.prijedordanas.com\/?p=145786"},"modified":"2020-04-18T15:54:24","modified_gmt":"2020-04-18T13:54:24","slug":"gradonacelnik-dakovic-u-prijedoru-nema-novozarazenih-korona-virusom-foto","status":"publish","type":"post","link":"https:\/\/www.prijedordanas.com\/?p=145786","title":{"rendered":"Gradona\u010delnik \u0110akovi\u0107: U Prijedoru nema novozara\u017eenih korona virusom &#8211; FOTO"},"content":{"rendered":"<p><a href=\"https:\/\/www.prijedordanas.com\/wp-content\/uploads\/2020\/04\/stab-18april-1.jpg\"><img loading=\"lazy\" decoding=\"async\" class=\"alignleft size-medium wp-image-145787\" src=\"https:\/\/www.prijedordanas.com\/wp-content\/uploads\/2020\/04\/stab-18april-1-300x222.jpg\" alt=\"\" width=\"300\" height=\"222\" srcset=\"https:\/\/www.prijedordanas.com\/wp-content\/uploads\/2020\/04\/stab-18april-1-300x222.jpg 300w, https:\/\/www.prijedordanas.com\/wp-content\/uploads\/2020\/04\/stab-18april-1.jpg 675w\" sizes=\"(max-width: 300px) 100vw, 300px\" \/><\/a>U poslednja dva dana nema novih zara\u017eenih osoba korona virusom na podru\u010dju grada Prijedora, potvrdio je ovo gradona\u010delnik Prijedora Milenko \u0110akovi\u0107 nakon dana\u0161nje sjednice \u0160taba za vanredne situacije grada Prijedora, \u010diji je on komandant.<\/p>\n<p>&#8220;Imamo dva lica koje su na lije\u010denju u bolnici u Prijedoru. Jedno lice je iz Prijedora, dobrog je zdravstvenog stanja, a drugo lice je iz O\u0161tre Luke, koja je danas prijavljeno kao oboljelo, a ve\u0107 je bilo na lije\u010denju u bolnici&#8221;, rekao je on.<\/p>\n<p>U Prijedoru je trenutno 115 ljudi u izolaciji, od \u010dega je 90 u ku\u0107noj izolaciji i 25 u karantinu, a 1.151 lice iza\u0161lo iz medicinskog nadzora.<\/p>\n<p><a href=\"https:\/\/www.prijedordanas.com\/wp-content\/uploads\/2020\/04\/stab-18april-3.jpg\"><img loading=\"lazy\" decoding=\"async\" class=\"alignleft size-medium wp-image-145788\" src=\"https:\/\/www.prijedordanas.com\/wp-content\/uploads\/2020\/04\/stab-18april-3-300x222.jpg\" alt=\"\" width=\"300\" height=\"222\" srcset=\"https:\/\/www.prijedordanas.com\/wp-content\/uploads\/2020\/04\/stab-18april-3-300x222.jpg 300w, https:\/\/www.prijedordanas.com\/wp-content\/uploads\/2020\/04\/stab-18april-3.jpg 675w\" sizes=\"(max-width: 300px) 100vw, 300px\" \/><\/a>&#8220;U pro\u0161lih 24 sata je bilo pet prekr\u0161aja zabrane kretanja u policijskom \u010dasu, jedna osoba je penzioner koja je prekr\u0161ila dozvolu za kretanje&#8221;, rekao je on.<\/p>\n<p>\u0110akovi\u0107 je istakao da u ovoj situaciji kada se \u010ditav grad zala\u017ee da se ne ra\u0161iri virus korone, najve\u0107i problem prave pojedinci koji pale i uzrokuju po\u017eare.<\/p>\n<p>&#8220;Moram naglasiti, iako smo vi\u0161e puta apelovali i molili gra\u0111ane da vode ra\u010duna prilikom paljenja, korova, trave i ostalog, ju\u010de smo imali tri velika po\u017eara na podru\u010dju Ljubije, Ljeskara i \u017duna, gdje se vatra otme onome ko pali i nastane veliki problemi za na\u0161e vatrogasce. Ja kao \u010dovjek, kao gradona\u010delnik, kao predsjednik \u0160taba, pozivam na\u0161e gra\u0111ane da povedu dobro ra\u010duna i kada ve\u0107 odlu\u010duju da pale, iako smo mi to zabranili i sigurno \u0107e sti\u0107i prekr\u0161ajne kazne, ja ih molim da to prijave u Vatrogasno ili policiji. Oni \u0107e pripremiti obezbje\u0111enje mjesta tog gdje se pali i da nemamo ovakve posljedice i ovakvu muku po na\u0161e vatrogasce-istakao je prvi \u010dovjek Prijedora.<\/p>\n<p><a href=\"https:\/\/www.prijedordanas.com\/wp-content\/uploads\/2020\/04\/stab-18april-6.jpg\"><img loading=\"lazy\" decoding=\"async\" src=\"https:\/\/www.prijedordanas.com\/wp-content\/uploads\/2020\/04\/stab-18april-6-300x200.jpg\" alt=\"\" width=\"300\" height=\"200\" class=\"alignleft size-medium wp-image-145790\" srcset=\"https:\/\/www.prijedordanas.com\/wp-content\/uploads\/2020\/04\/stab-18april-6-300x200.jpg 300w, https:\/\/www.prijedordanas.com\/wp-content\/uploads\/2020\/04\/stab-18april-6-480x320.jpg 480w, https:\/\/www.prijedordanas.com\/wp-content\/uploads\/2020\/04\/stab-18april-6.jpg 600w\" sizes=\"(max-width: 300px) 100vw, 300px\" \/><\/a>Sa druge strane, on se zahvalio svim gra\u0111anima koji po\u0161tuju propisane mjere.<\/p>\n<p>&#8220;Gledaju\u0107i cijelu situaciju i njihovo pona\u0161anje oni zaista korektno, gotovo apsolutno, po\u0161tuju zabrane koje su kolektivno date za pojedine grupacije i za sve gra\u0111ane, a evo na kraju vidimo situaciju i oko virusa, trenutno u poslednjim danima virus je stao \u0161to se ti\u010de grada Prijedora, ja se iskreno nadam da \u0107emo mi kao gra\u0111ani grada Prijedora iznijeti ovu situaciju ponosno, da \u0107emo ispo\u0161tovati sve naredbe svih \u0161tabova, jer sam siguran da po\u0161tivanje u gradu Prijedoru ovih odredbi je doprinijelo tome da imamo stabilnu situaciju u povodu epidemije u Prijedoru. Zato im se jo\u0161 jednom zahvaljujem i vjerujem da \u0107emo u ne tako dalekom vremenu do\u0107i do situacije smirivanja epidemije na podru\u010dju grada i pokretanja elementa normalnog \u017eivota u na\u0161em gradu&#8221;, rekao je on.<\/p>\n<p>Gradona\u010delnik \u0110akovi\u0107 je svim pravoslavnim vjernicima \u010destitao Vaskrs.<\/p>\n<p><a href=\"https:\/\/www.prijedordanas.com\/wp-content\/uploads\/2020\/04\/stab-18april-4.jpg\"><img loading=\"lazy\" decoding=\"async\" class=\"alignleft size-medium wp-image-145789\" src=\"https:\/\/www.prijedordanas.com\/wp-content\/uploads\/2020\/04\/stab-18april-4-300x222.jpg\" alt=\"\" width=\"300\" height=\"222\" srcset=\"https:\/\/www.prijedordanas.com\/wp-content\/uploads\/2020\/04\/stab-18april-4-300x222.jpg 300w, https:\/\/www.prijedordanas.com\/wp-content\/uploads\/2020\/04\/stab-18april-4.jpg 675w\" sizes=\"(max-width: 300px) 100vw, 300px\" \/><\/a>\u0160ef Tima za dezinfekciju grada Prijedora Zlatko Ritan potvrdio je da je danas ura\u0111ena dezinfekcija javnih ustanova i naveo da je u toku trenutno dezinfekcija pravoslavnih vjerskih objekata, dok \u0107e naredne sedmice biti dezinfikovani islamski i katoli\u010dki vjerski objekti.<\/p>\n<p>&#8220;Po\u010detkom slijede\u0107e sedmice vr\u0161i\u0107emo dezinfekciju javnih saobra\u0107ajnih povr\u0161ina preko cisterni sa ve\u0107om koli\u010dinom vode da na taj na\u010din uspijemo dezinfikovati grad na jo\u0161 kvalitetniji na\u010din. Stoga jo\u0161 jednom molim gra\u0111ane da u najve\u0107oj mogu\u0107oj mjeri, mislim da \u0107emo u ponedeljak vr\u0161iti na taj na\u010din dezinfekciju centralne zonu grada, da svoje automobile stave tamo gdje ne\u0107e smetati ovim velikim ma\u0161inama&#8221;, poru\u010dio je Ritan.<\/p>\n<p>On je dodao da grad Prijedor trenutno ima dovoljno volontera, ali i istakao da su to prete\u017eno isti ljudi.<\/p>\n<p>&#8220;Ukoliko postoje ljudi koji su spremni da budu dio ove pri\u010de mogu da se jave Volonterskom servisu grada Prijedora&#8221;, zaklju\u010dio je Ritan.<\/p>\n<p>www.prijedorgrad.org<\/p>\n","protected":false},"excerpt":{"rendered":"<p>U poslednja dva dana nema novih zara\u017eenih osoba korona virusom na podru\u010dju grada Prijedora, potvrdio je ovo gradona\u010delnik Prijedora Milenko \u0110akovi\u0107 nakon dana\u0161nje sjednice \u0160taba za vanredne situacije grada Prijedora, [&hellip;]<\/p>\n","protected":false},"author":1,"featured_media":0,"comment_status":"closed","ping_status":"open","sticky":false,"template":"","format":"standard","meta":{"_monsterinsights_skip_tracking":false,"_monsterinsights_sitenote_active":false,"_monsterinsights_sitenote_note":"","_monsterinsights_sitenote_category":0,"footnotes":""},"categories":[4],"tags":[11081,11120],"yoast_head":"<!-- This site is optimized with the Yoast SEO plugin v21.6 - https:\/\/yoast.com\/wordpress\/plugins\/seo\/ -->\n<title>Gradona\u010delnik \u0110akovi\u0107: U Prijedoru nema novozara\u017eenih korona virusom - FOTO - PrijedorDanas.com - Prijedorski gradski portal<\/title>\n<meta name=\"robots\" content=\"index, follow, max-snippet:-1, max-image-preview:large, max-video-preview:-1\" \/>\n<link rel=\"canonical\" href=\"https:\/\/www.prijedordanas.com\/?p=145786\" \/>\n<meta property=\"og:locale\" content=\"en_US\" \/>\n<meta property=\"og:type\" content=\"article\" \/>\n<meta property=\"og:title\" content=\"Gradona\u010delnik \u0110akovi\u0107: U Prijedoru nema novozara\u017eenih korona virusom - FOTO - PrijedorDanas.com - Prijedorski gradski portal\" \/>\n<meta property=\"og:description\" content=\"U poslednja dva dana nema novih zara\u017eenih osoba korona virusom na podru\u010dju grada Prijedora, potvrdio je ovo gradona\u010delnik Prijedora Milenko \u0110akovi\u0107 nakon dana\u0161nje sjednice \u0160taba za vanredne situacije grada Prijedora, [&hellip;]\" \/>\n<meta property=\"og:url\" content=\"https:\/\/www.prijedordanas.com\/?p=145786\" \/>\n<meta property=\"og:site_name\" content=\"PrijedorDanas.com - Prijedorski gradski portal\" \/>\n<meta property=\"article:publisher\" content=\"https:\/\/www.facebook.com\/PrijedorDanasCom\/\" \/>\n<meta property=\"article:published_time\" content=\"2020-04-18T13:54:24+00:00\" \/>\n<meta property=\"og:image\" content=\"https:\/\/www.prijedordanas.com\/wp-content\/uploads\/2020\/04\/stab-18april-1-300x222.jpg\" \/>\n<meta name=\"author\" content=\"admin\" \/>\n<meta name=\"twitter:card\" content=\"summary_large_image\" \/>\n<meta name=\"twitter:label1\" content=\"Written by\" \/>\n\t<meta name=\"twitter:data1\" content=\"admin\" \/>\n\t<meta name=\"twitter:label2\" content=\"Est. reading time\" \/>\n\t<meta name=\"twitter:data2\" content=\"3 minutes\" \/>\n<script type=\"application\/ld+json\" class=\"yoast-schema-graph\">{\"@context\":\"https:\/\/schema.org\",\"@graph\":[{\"@type\":\"Article\",\"@id\":\"https:\/\/www.prijedordanas.com\/?p=145786#article\",\"isPartOf\":{\"@id\":\"https:\/\/www.prijedordanas.com\/?p=145786\"},\"author\":{\"name\":\"admin\",\"@id\":\"https:\/\/www.prijedordanas.com\/#\/schema\/person\/4e08ccf29b506ca916ff86d46bb700e6\"},\"headline\":\"Gradona\u010delnik \u0110akovi\u0107: U Prijedoru nema novozara\u017eenih korona virusom &#8211; FOTO\",\"datePublished\":\"2020-04-18T13:54:24+00:00\",\"dateModified\":\"2020-04-18T13:54:24+00:00\",\"mainEntityOfPage\":{\"@id\":\"https:\/\/www.prijedordanas.com\/?p=145786\"},\"wordCount\":632,\"publisher\":{\"@id\":\"https:\/\/www.prijedordanas.com\/#organization\"},\"keywords\":[\"korona\",\"\u0160tab za vanredne situacije grada Prijedora\"],\"articleSection\":[\"Dru\u0161tvo\"],\"inLanguage\":\"en-US\"},{\"@type\":\"WebPage\",\"@id\":\"https:\/\/www.prijedordanas.com\/?p=145786\",\"url\":\"https:\/\/www.prijedordanas.com\/?p=145786\",\"name\":\"Gradona\u010delnik \u0110akovi\u0107: U Prijedoru nema novozara\u017eenih korona virusom - FOTO - PrijedorDanas.com - Prijedorski gradski portal\",\"isPartOf\":{\"@id\":\"https:\/\/www.prijedordanas.com\/#website\"},\"datePublished\":\"2020-04-18T13:54:24+00:00\",\"dateModified\":\"2020-04-18T13:54:24+00:00\",\"breadcrumb\":{\"@id\":\"https:\/\/www.prijedordanas.com\/?p=145786#breadcrumb\"},\"inLanguage\":\"en-US\",\"potentialAction\":[{\"@type\":\"ReadAction\",\"target\":[\"https:\/\/www.prijedordanas.com\/?p=145786\"]}]},{\"@type\":\"BreadcrumbList\",\"@id\":\"https:\/\/www.prijedordanas.com\/?p=145786#breadcrumb\",\"itemListElement\":[{\"@type\":\"ListItem\",\"position\":1,\"name\":\"Home\",\"item\":\"https:\/\/www.prijedordanas.com\/\"},{\"@type\":\"ListItem\",\"position\":2,\"name\":\"Gradona\u010delnik \u0110akovi\u0107: U Prijedoru nema novozara\u017eenih korona virusom &#8211; FOTO\"}]},{\"@type\":\"WebSite\",\"@id\":\"https:\/\/www.prijedordanas.com\/#website\",\"url\":\"https:\/\/www.prijedordanas.com\/\",\"name\":\"PrijedorDanas.com - Prijedorski gradski portal\",\"description\":\"Portal o doga\u0111anjima u gradu Prijedoru\",\"publisher\":{\"@id\":\"https:\/\/www.prijedordanas.com\/#organization\"},\"potentialAction\":[{\"@type\":\"SearchAction\",\"target\":{\"@type\":\"EntryPoint\",\"urlTemplate\":\"https:\/\/www.prijedordanas.com\/?s={search_term_string}\"},\"query-input\":\"required name=search_term_string\"}],\"inLanguage\":\"en-US\"},{\"@type\":\"Organization\",\"@id\":\"https:\/\/www.prijedordanas.com\/#organization\",\"name\":\"PrijedorDanas.com\",\"url\":\"https:\/\/www.prijedordanas.com\/\",\"logo\":{\"@type\":\"ImageObject\",\"inLanguage\":\"en-US\",\"@id\":\"https:\/\/www.prijedordanas.com\/#\/schema\/logo\/image\/\",\"url\":\"http:\/\/www.prijedordanas.com\/wp-content\/uploads\/2021\/12\/logopng.png\",\"contentUrl\":\"http:\/\/www.prijedordanas.com\/wp-content\/uploads\/2021\/12\/logopng.png\",\"width\":1019,\"height\":776,\"caption\":\"PrijedorDanas.com\"},\"image\":{\"@id\":\"https:\/\/www.prijedordanas.com\/#\/schema\/logo\/image\/\"},\"sameAs\":[\"https:\/\/www.facebook.com\/PrijedorDanasCom\/\"]},{\"@type\":\"Person\",\"@id\":\"https:\/\/www.prijedordanas.com\/#\/schema\/person\/4e08ccf29b506ca916ff86d46bb700e6\",\"name\":\"admin\",\"image\":{\"@type\":\"ImageObject\",\"inLanguage\":\"en-US\",\"@id\":\"https:\/\/www.prijedordanas.com\/#\/schema\/person\/image\/\",\"url\":\"https:\/\/secure.gravatar.com\/avatar\/1d3fc949d550f0b53a5f0d51e06dfd79?s=96&d=mm&r=g\",\"contentUrl\":\"https:\/\/secure.gravatar.com\/avatar\/1d3fc949d550f0b53a5f0d51e06dfd79?s=96&d=mm&r=g\",\"caption\":\"admin\"},\"url\":\"https:\/\/www.prijedordanas.com\/?author=1\"}]}<\/script>\n<!-- \/ Yoast SEO plugin. -->","yoast_head_json":{"title":"Gradona\u010delnik \u0110akovi\u0107: U Prijedoru nema novozara\u017eenih korona virusom - FOTO - PrijedorDanas.com - Prijedorski gradski portal","robots":{"index":"index","follow":"follow","max-snippet":"max-snippet:-1","max-image-preview":"max-image-preview:large","max-video-preview":"max-video-preview:-1"},"canonical":"https:\/\/www.prijedordanas.com\/?p=145786","og_locale":"en_US","og_type":"article","og_title":"Gradona\u010delnik \u0110akovi\u0107: U Prijedoru nema novozara\u017eenih korona virusom - FOTO - PrijedorDanas.com - Prijedorski gradski portal","og_description":"U poslednja dva dana nema novih zara\u017eenih osoba korona virusom na podru\u010dju grada Prijedora, potvrdio je ovo gradona\u010delnik Prijedora Milenko \u0110akovi\u0107 nakon dana\u0161nje sjednice \u0160taba za vanredne situacije grada Prijedora, [&hellip;]","og_url":"https:\/\/www.prijedordanas.com\/?p=145786","og_site_name":"PrijedorDanas.com - Prijedorski gradski portal","article_publisher":"https:\/\/www.facebook.com\/PrijedorDanasCom\/","article_published_time":"2020-04-18T13:54:24+00:00","og_image":[{"url":"https:\/\/www.prijedordanas.com\/wp-content\/uploads\/2020\/04\/stab-18april-1-300x222.jpg"}],"author":"admin","twitter_card":"summary_large_image","twitter_misc":{"Written by":"admin","Est. reading time":"3 minutes"},"schema":{"@context":"https:\/\/schema.org","@graph":[{"@type":"Article","@id":"https:\/\/www.prijedordanas.com\/?p=145786#article","isPartOf":{"@id":"https:\/\/www.prijedordanas.com\/?p=145786"},"author":{"name":"admin","@id":"https:\/\/www.prijedordanas.com\/#\/schema\/person\/4e08ccf29b506ca916ff86d46bb700e6"},"headline":"Gradona\u010delnik \u0110akovi\u0107: U Prijedoru nema novozara\u017eenih korona virusom &#8211; FOTO","datePublished":"2020-04-18T13:54:24+00:00","dateModified":"2020-04-18T13:54:24+00:00","mainEntityOfPage":{"@id":"https:\/\/www.prijedordanas.com\/?p=145786"},"wordCount":632,"publisher":{"@id":"https:\/\/www.prijedordanas.com\/#organization"},"keywords":["korona","\u0160tab za vanredne situacije grada Prijedora"],"articleSection":["Dru\u0161tvo"],"inLanguage":"en-US"},{"@type":"WebPage","@id":"https:\/\/www.prijedordanas.com\/?p=145786","url":"https:\/\/www.prijedordanas.com\/?p=145786","name":"Gradona\u010delnik \u0110akovi\u0107: U Prijedoru nema novozara\u017eenih korona virusom - FOTO - PrijedorDanas.com - Prijedorski gradski portal","isPartOf":{"@id":"https:\/\/www.prijedordanas.com\/#website"},"datePublished":"2020-04-18T13:54:24+00:00","dateModified":"2020-04-18T13:54:24+00:00","breadcrumb":{"@id":"https:\/\/www.prijedordanas.com\/?p=145786#breadcrumb"},"inLanguage":"en-US","potentialAction":[{"@type":"ReadAction","target":["https:\/\/www.prijedordanas.com\/?p=145786"]}]},{"@type":"BreadcrumbList","@id":"https:\/\/www.prijedordanas.com\/?p=145786#breadcrumb","itemListElement":[{"@type":"ListItem","position":1,"name":"Home","item":"https:\/\/www.prijedordanas.com\/"},{"@type":"ListItem","position":2,"name":"Gradona\u010delnik \u0110akovi\u0107: U Prijedoru nema novozara\u017eenih korona virusom &#8211; FOTO"}]},{"@type":"WebSite","@id":"https:\/\/www.prijedordanas.com\/#website","url":"https:\/\/www.prijedordanas.com\/","name":"PrijedorDanas.com - Prijedorski gradski portal","description":"Portal o doga\u0111anjima u gradu Prijedoru","publisher":{"@id":"https:\/\/www.prijedordanas.com\/#organization"},"potentialAction":[{"@type":"SearchAction","target":{"@type":"EntryPoint","urlTemplate":"https:\/\/www.prijedordanas.com\/?s={search_term_string}"},"query-input":"required name=search_term_string"}],"inLanguage":"en-US"},{"@type":"Organization","@id":"https:\/\/www.prijedordanas.com\/#organization","name":"PrijedorDanas.com","url":"https:\/\/www.prijedordanas.com\/","logo":{"@type":"ImageObject","inLanguage":"en-US","@id":"https:\/\/www.prijedordanas.com\/#\/schema\/logo\/image\/","url":"http:\/\/www.prijedordanas.com\/wp-content\/uploads\/2021\/12\/logopng.png","contentUrl":"http:\/\/www.prijedordanas.com\/wp-content\/uploads\/2021\/12\/logopng.png","width":1019,"height":776,"caption":"PrijedorDanas.com"},"image":{"@id":"https:\/\/www.prijedordanas.com\/#\/schema\/logo\/image\/"},"sameAs":["https:\/\/www.facebook.com\/PrijedorDanasCom\/"]},{"@type":"Person","@id":"https:\/\/www.prijedordanas.com\/#\/schema\/person\/4e08ccf29b506ca916ff86d46bb700e6","name":"admin","image":{"@type":"ImageObject","inLanguage":"en-US","@id":"https:\/\/www.prijedordanas.com\/#\/schema\/person\/image\/","url":"https:\/\/secure.gravatar.com\/avatar\/1d3fc949d550f0b53a5f0d51e06dfd79?s=96&d=mm&r=g","contentUrl":"https:\/\/secure.gravatar.com\/avatar\/1d3fc949d550f0b53a5f0d51e06dfd79?s=96&d=mm&r=g","caption":"admin"},"url":"https:\/\/www.prijedordanas.com\/?author=1"}]}},"_links":{"self":[{"href":"https:\/\/www.prijedordanas.com\/index.php?rest_route=\/wp\/v2\/posts\/145786"}],"collection":[{"href":"https:\/\/www.prijedordanas.com\/index.php?rest_route=\/wp\/v2\/posts"}],"about":[{"href":"https:\/\/www.prijedordanas.com\/index.php?rest_route=\/wp\/v2\/types\/post"}],"author":[{"embeddable":true,"href":"https:\/\/www.prijedordanas.com\/index.php?rest_route=\/wp\/v2\/users\/1"}],"replies":[{"embeddable":true,"href":"https:\/\/www.prijedordanas.com\/index.php?rest_route=%2Fwp%2Fv2%2Fcomments&post=145786"}],"version-history":[{"count":1,"href":"https:\/\/www.prijedordanas.com\/index.php?rest_route=\/wp\/v2\/posts\/145786\/revisions"}],"predecessor-version":[{"id":145791,"href":"https:\/\/www.prijedordanas.com\/index.php?rest_route=\/wp\/v2\/posts\/145786\/revisions\/145791"}],"wp:attachment":[{"href":"https:\/\/www.prijedordanas.com\/index.php?rest_route=%2Fwp%2Fv2%2Fmedia&parent=145786"}],"wp:term":[{"taxonomy":"category","embeddable":true,"href":"https:\/\/www.prijedordanas.com\/index.php?rest_route=%2Fwp%2Fv2%2Fcategories&post=145786"},{"taxonomy":"post_tag","embeddable":true,"href":"https:\/\/www.prijedordanas.com\/index.php?rest_route=%2Fwp%2Fv2%2Ftags&post=145786"}],"curies":[{"name":"wp","href":"https:\/\/api.w.org\/{rel}","templated":true}]}}