{"id":145635,"date":"2020-04-15T18:33:55","date_gmt":"2020-04-15T16:33:55","guid":{"rendered":"https:\/\/www.prijedordanas.com\/?p=145635"},"modified":"2020-04-15T18:33:55","modified_gmt":"2020-04-15T16:33:55","slug":"dakovic-novozarazeno-lice-u-prijedoru-iz-klastera-prethodno-oboljelog","status":"publish","type":"post","link":"https:\/\/www.prijedordanas.com\/?p=145635","title":{"rendered":"\u0110akovi\u0107: Novozara\u017eeno lice u Prijedoru iz klastera prethodno oboljelog"},"content":{"rendered":"<p><a href=\"https:\/\/www.prijedordanas.com\/wp-content\/uploads\/2020\/04\/stab-15april-2.jpg\"><img loading=\"lazy\" decoding=\"async\" class=\"alignleft size-medium wp-image-145636\" src=\"https:\/\/www.prijedordanas.com\/wp-content\/uploads\/2020\/04\/stab-15april-2-300x222.jpg\" alt=\"\" width=\"300\" height=\"222\" srcset=\"https:\/\/www.prijedordanas.com\/wp-content\/uploads\/2020\/04\/stab-15april-2-300x222.jpg 300w, https:\/\/www.prijedordanas.com\/wp-content\/uploads\/2020\/04\/stab-15april-2.jpg 675w\" sizes=\"(max-width: 300px) 100vw, 300px\" \/><\/a>Gradona\u010delnik Prijedora Milenko \u0110akovi\u0107 izjavio je danas da je u posljednja 24 \u010dasa u ovom gradu otkriveno jedno novozara\u017eeno lice virusom korona, koje je iz klastera prethodno oboljele osobe.<\/p>\n<p>&#8220;Ovaj klaster je, izgleda, jedan od slo\u017eenijih jer je poveznica bila kroz jedno vrijeme, potrajalo je i bilo poprili\u010dno kontakata. Sada se jedni po jedni testiraju da se utvrdi stanje svih onih koji su stavljeni u karantin&#8221;, rekao je \u0110akovi\u0107 novinarima u Prijedoru nakon sjednice gradskog \u0160taba za vanredne situacije.<\/p>\n<p>\u0110akovi\u0107 je podsjetio da su svi kontakti koji su sabirani za prvog oboljelog u ovom klasteru, u me\u0111uvremenu, ve\u0107 bili u izolaciji.<\/p>\n<p><strong><a href=\"https:\/\/www.prijedordanas.com\/?p=145615\" target=\"_blank\" rel=\"noopener noreferrer\">Novi slu\u010daj zaraze u Prijedoru: Kod jo\u0161 pet osoba u RS potvr\u0111en virus korona \u2013 VIDEO<\/a><\/strong><\/p>\n<p><a href=\"https:\/\/www.prijedordanas.com\/wp-content\/uploads\/2020\/04\/stab-15april-4.jpg\"><img loading=\"lazy\" decoding=\"async\" class=\"alignleft size-medium wp-image-145637\" src=\"https:\/\/www.prijedordanas.com\/wp-content\/uploads\/2020\/04\/stab-15april-4-300x200.jpg\" alt=\"\" width=\"300\" height=\"200\" srcset=\"https:\/\/www.prijedordanas.com\/wp-content\/uploads\/2020\/04\/stab-15april-4-300x200.jpg 300w, https:\/\/www.prijedordanas.com\/wp-content\/uploads\/2020\/04\/stab-15april-4-480x320.jpg 480w, https:\/\/www.prijedordanas.com\/wp-content\/uploads\/2020\/04\/stab-15april-4.jpg 600w\" sizes=\"(max-width: 300px) 100vw, 300px\" \/><\/a>&#8220;To \u0107emo morati pratiti. Nastojimo da budemo \u0161to realniji sa izjavama, ali ovo djeluje kao mogu\u0107e uslo\u017enjavanje epidemiolo\u0161ke slike u gradu Prijedoru&#8221;, ocijenio je \u0110akovi\u0107.<\/p>\n<p>On je istakao da su u Prijedoru zara\u017eene tri osobe, dvoje je preminulo, a jedno je izlije\u010deno.<\/p>\n<p>&#8220;Jedno lice je u dobrom stanju u Studentskom domu `Nikola Tesla` u Banjaluci, jedno lice je s pogor\u0161anjem stanja preba\u010deno na Infektivnu kliniku u Banjaluci, a novooboljeli se nalazi u izolaciji u prijedorskoj bolnici. Ovaj novooboljeli i ovo lice \u0161to je na Infektivnoj klinici su iz istog klastera&#8221;, pojasnio je \u0110akovi\u0107.<\/p>\n<p><strong><a href=\"https:\/\/www.prijedordanas.com\/?p=145618\" target=\"_blank\" rel=\"noopener noreferrer\">Zara\u017eena jo\u0161 jedna osoba: Gradona\u010delnik zabrinut za epidemiolo\u0161ku situaciju u Prijedoru<\/a><\/strong><\/p>\n<p><a href=\"https:\/\/www.prijedordanas.com\/wp-content\/uploads\/2020\/04\/stab-15april-9.jpg\"><img loading=\"lazy\" decoding=\"async\" src=\"https:\/\/www.prijedordanas.com\/wp-content\/uploads\/2020\/04\/stab-15april-9-300x200.jpg\" alt=\"\" width=\"300\" height=\"200\" class=\"alignleft size-medium wp-image-145638\" srcset=\"https:\/\/www.prijedordanas.com\/wp-content\/uploads\/2020\/04\/stab-15april-9-300x200.jpg 300w, https:\/\/www.prijedordanas.com\/wp-content\/uploads\/2020\/04\/stab-15april-9-480x320.jpg 480w, https:\/\/www.prijedordanas.com\/wp-content\/uploads\/2020\/04\/stab-15april-9.jpg 600w\" sizes=\"(max-width: 300px) 100vw, 300px\" \/><\/a>Govore\u0107i o drugim relevantnim podacima, \u0110akovi\u0107 je danas naveo da su 84 lica u ku\u0107noj izolaciji, da ih je 1.119 iza\u0161lo iz zdravstvenog nadzora, 17 lica je u karantinu u hotelu &#8220;Prijedor&#8221;, a da su od \u010detiri lica koja su na podru\u010dju prijedorske regije u protekla 24 \u010dasa ka\u017enjena zbog kr\u0161enja zabrane kretanja tri slu\u010daja bila u Prijedoru.<\/p>\n<p>&#8220;Bez obzira na naredbe i preporuke, obra\u0107am se sugra\u0111anima sa ljudske strane &#8211; budimo samodisciplinovani! Mislimo prvo o sebi, pa o svojim \u010dlanovima porodice i o svim drugim sugra\u0111anima&#8221;, poru\u010dio je \u0110akovi\u0107.<\/p>\n<p>SRNA<\/p>\n","protected":false},"excerpt":{"rendered":"<p>Gradona\u010delnik Prijedora Milenko \u0110akovi\u0107 izjavio je danas da je u posljednja 24 \u010dasa u ovom gradu otkriveno jedno novozara\u017eeno lice virusom korona, koje je iz klastera prethodno oboljele osobe. &#8220;Ovaj [&hellip;]<\/p>\n","protected":false},"author":1,"featured_media":0,"comment_status":"closed","ping_status":"open","sticky":false,"template":"","format":"standard","meta":{"_monsterinsights_skip_tracking":false,"_monsterinsights_sitenote_active":false,"_monsterinsights_sitenote_note":"","_monsterinsights_sitenote_category":0,"footnotes":""},"categories":[4],"tags":[11081],"yoast_head":"<!-- This site is optimized with the Yoast SEO plugin v21.6 - https:\/\/yoast.com\/wordpress\/plugins\/seo\/ -->\n<title>\u0110akovi\u0107: Novozara\u017eeno lice u Prijedoru iz klastera prethodno oboljelog - PrijedorDanas.com - Prijedorski gradski portal<\/title>\n<meta name=\"robots\" content=\"index, follow, max-snippet:-1, max-image-preview:large, max-video-preview:-1\" \/>\n<link rel=\"canonical\" href=\"https:\/\/www.prijedordanas.com\/?p=145635\" \/>\n<meta property=\"og:locale\" content=\"en_US\" \/>\n<meta property=\"og:type\" content=\"article\" \/>\n<meta property=\"og:title\" content=\"\u0110akovi\u0107: Novozara\u017eeno lice u Prijedoru iz klastera prethodno oboljelog - PrijedorDanas.com - Prijedorski gradski portal\" \/>\n<meta property=\"og:description\" content=\"Gradona\u010delnik Prijedora Milenko \u0110akovi\u0107 izjavio je danas da je u posljednja 24 \u010dasa u ovom gradu otkriveno jedno novozara\u017eeno lice virusom korona, koje je iz klastera prethodno oboljele osobe. &#8220;Ovaj [&hellip;]\" \/>\n<meta property=\"og:url\" content=\"https:\/\/www.prijedordanas.com\/?p=145635\" \/>\n<meta property=\"og:site_name\" content=\"PrijedorDanas.com - Prijedorski gradski portal\" \/>\n<meta property=\"article:publisher\" content=\"https:\/\/www.facebook.com\/PrijedorDanasCom\/\" \/>\n<meta property=\"article:published_time\" content=\"2020-04-15T16:33:55+00:00\" \/>\n<meta property=\"og:image\" content=\"https:\/\/www.prijedordanas.com\/wp-content\/uploads\/2020\/04\/stab-15april-2-300x222.jpg\" \/>\n<meta name=\"author\" content=\"admin\" \/>\n<meta name=\"twitter:card\" content=\"summary_large_image\" \/>\n<meta name=\"twitter:label1\" content=\"Written by\" \/>\n\t<meta name=\"twitter:data1\" content=\"admin\" \/>\n\t<meta name=\"twitter:label2\" content=\"Est. reading time\" \/>\n\t<meta name=\"twitter:data2\" content=\"2 minutes\" \/>\n<script type=\"application\/ld+json\" class=\"yoast-schema-graph\">{\"@context\":\"https:\/\/schema.org\",\"@graph\":[{\"@type\":\"Article\",\"@id\":\"https:\/\/www.prijedordanas.com\/?p=145635#article\",\"isPartOf\":{\"@id\":\"https:\/\/www.prijedordanas.com\/?p=145635\"},\"author\":{\"name\":\"admin\",\"@id\":\"https:\/\/www.prijedordanas.com\/#\/schema\/person\/4e08ccf29b506ca916ff86d46bb700e6\"},\"headline\":\"\u0110akovi\u0107: Novozara\u017eeno lice u Prijedoru iz klastera prethodno oboljelog\",\"datePublished\":\"2020-04-15T16:33:55+00:00\",\"dateModified\":\"2020-04-15T16:33:55+00:00\",\"mainEntityOfPage\":{\"@id\":\"https:\/\/www.prijedordanas.com\/?p=145635\"},\"wordCount\":344,\"publisher\":{\"@id\":\"https:\/\/www.prijedordanas.com\/#organization\"},\"keywords\":[\"korona\"],\"articleSection\":[\"Dru\u0161tvo\"],\"inLanguage\":\"en-US\"},{\"@type\":\"WebPage\",\"@id\":\"https:\/\/www.prijedordanas.com\/?p=145635\",\"url\":\"https:\/\/www.prijedordanas.com\/?p=145635\",\"name\":\"\u0110akovi\u0107: Novozara\u017eeno lice u Prijedoru iz klastera prethodno oboljelog - PrijedorDanas.com - Prijedorski gradski portal\",\"isPartOf\":{\"@id\":\"https:\/\/www.prijedordanas.com\/#website\"},\"datePublished\":\"2020-04-15T16:33:55+00:00\",\"dateModified\":\"2020-04-15T16:33:55+00:00\",\"breadcrumb\":{\"@id\":\"https:\/\/www.prijedordanas.com\/?p=145635#breadcrumb\"},\"inLanguage\":\"en-US\",\"potentialAction\":[{\"@type\":\"ReadAction\",\"target\":[\"https:\/\/www.prijedordanas.com\/?p=145635\"]}]},{\"@type\":\"BreadcrumbList\",\"@id\":\"https:\/\/www.prijedordanas.com\/?p=145635#breadcrumb\",\"itemListElement\":[{\"@type\":\"ListItem\",\"position\":1,\"name\":\"Home\",\"item\":\"https:\/\/www.prijedordanas.com\/\"},{\"@type\":\"ListItem\",\"position\":2,\"name\":\"\u0110akovi\u0107: Novozara\u017eeno lice u Prijedoru iz klastera prethodno oboljelog\"}]},{\"@type\":\"WebSite\",\"@id\":\"https:\/\/www.prijedordanas.com\/#website\",\"url\":\"https:\/\/www.prijedordanas.com\/\",\"name\":\"PrijedorDanas.com - Prijedorski gradski portal\",\"description\":\"Portal o doga\u0111anjima u gradu Prijedoru\",\"publisher\":{\"@id\":\"https:\/\/www.prijedordanas.com\/#organization\"},\"potentialAction\":[{\"@type\":\"SearchAction\",\"target\":{\"@type\":\"EntryPoint\",\"urlTemplate\":\"https:\/\/www.prijedordanas.com\/?s={search_term_string}\"},\"query-input\":\"required name=search_term_string\"}],\"inLanguage\":\"en-US\"},{\"@type\":\"Organization\",\"@id\":\"https:\/\/www.prijedordanas.com\/#organization\",\"name\":\"PrijedorDanas.com\",\"url\":\"https:\/\/www.prijedordanas.com\/\",\"logo\":{\"@type\":\"ImageObject\",\"inLanguage\":\"en-US\",\"@id\":\"https:\/\/www.prijedordanas.com\/#\/schema\/logo\/image\/\",\"url\":\"http:\/\/www.prijedordanas.com\/wp-content\/uploads\/2021\/12\/logopng.png\",\"contentUrl\":\"http:\/\/www.prijedordanas.com\/wp-content\/uploads\/2021\/12\/logopng.png\",\"width\":1019,\"height\":776,\"caption\":\"PrijedorDanas.com\"},\"image\":{\"@id\":\"https:\/\/www.prijedordanas.com\/#\/schema\/logo\/image\/\"},\"sameAs\":[\"https:\/\/www.facebook.com\/PrijedorDanasCom\/\"]},{\"@type\":\"Person\",\"@id\":\"https:\/\/www.prijedordanas.com\/#\/schema\/person\/4e08ccf29b506ca916ff86d46bb700e6\",\"name\":\"admin\",\"image\":{\"@type\":\"ImageObject\",\"inLanguage\":\"en-US\",\"@id\":\"https:\/\/www.prijedordanas.com\/#\/schema\/person\/image\/\",\"url\":\"https:\/\/secure.gravatar.com\/avatar\/1d3fc949d550f0b53a5f0d51e06dfd79?s=96&d=mm&r=g\",\"contentUrl\":\"https:\/\/secure.gravatar.com\/avatar\/1d3fc949d550f0b53a5f0d51e06dfd79?s=96&d=mm&r=g\",\"caption\":\"admin\"},\"url\":\"https:\/\/www.prijedordanas.com\/?author=1\"}]}<\/script>\n<!-- \/ Yoast SEO plugin. -->","yoast_head_json":{"title":"\u0110akovi\u0107: Novozara\u017eeno lice u Prijedoru iz klastera prethodno oboljelog - PrijedorDanas.com - Prijedorski gradski portal","robots":{"index":"index","follow":"follow","max-snippet":"max-snippet:-1","max-image-preview":"max-image-preview:large","max-video-preview":"max-video-preview:-1"},"canonical":"https:\/\/www.prijedordanas.com\/?p=145635","og_locale":"en_US","og_type":"article","og_title":"\u0110akovi\u0107: Novozara\u017eeno lice u Prijedoru iz klastera prethodno oboljelog - PrijedorDanas.com - Prijedorski gradski portal","og_description":"Gradona\u010delnik Prijedora Milenko \u0110akovi\u0107 izjavio je danas da je u posljednja 24 \u010dasa u ovom gradu otkriveno jedno novozara\u017eeno lice virusom korona, koje je iz klastera prethodno oboljele osobe. &#8220;Ovaj [&hellip;]","og_url":"https:\/\/www.prijedordanas.com\/?p=145635","og_site_name":"PrijedorDanas.com - Prijedorski gradski portal","article_publisher":"https:\/\/www.facebook.com\/PrijedorDanasCom\/","article_published_time":"2020-04-15T16:33:55+00:00","og_image":[{"url":"https:\/\/www.prijedordanas.com\/wp-content\/uploads\/2020\/04\/stab-15april-2-300x222.jpg"}],"author":"admin","twitter_card":"summary_large_image","twitter_misc":{"Written by":"admin","Est. reading time":"2 minutes"},"schema":{"@context":"https:\/\/schema.org","@graph":[{"@type":"Article","@id":"https:\/\/www.prijedordanas.com\/?p=145635#article","isPartOf":{"@id":"https:\/\/www.prijedordanas.com\/?p=145635"},"author":{"name":"admin","@id":"https:\/\/www.prijedordanas.com\/#\/schema\/person\/4e08ccf29b506ca916ff86d46bb700e6"},"headline":"\u0110akovi\u0107: Novozara\u017eeno lice u Prijedoru iz klastera prethodno oboljelog","datePublished":"2020-04-15T16:33:55+00:00","dateModified":"2020-04-15T16:33:55+00:00","mainEntityOfPage":{"@id":"https:\/\/www.prijedordanas.com\/?p=145635"},"wordCount":344,"publisher":{"@id":"https:\/\/www.prijedordanas.com\/#organization"},"keywords":["korona"],"articleSection":["Dru\u0161tvo"],"inLanguage":"en-US"},{"@type":"WebPage","@id":"https:\/\/www.prijedordanas.com\/?p=145635","url":"https:\/\/www.prijedordanas.com\/?p=145635","name":"\u0110akovi\u0107: Novozara\u017eeno lice u Prijedoru iz klastera prethodno oboljelog - PrijedorDanas.com - Prijedorski gradski portal","isPartOf":{"@id":"https:\/\/www.prijedordanas.com\/#website"},"datePublished":"2020-04-15T16:33:55+00:00","dateModified":"2020-04-15T16:33:55+00:00","breadcrumb":{"@id":"https:\/\/www.prijedordanas.com\/?p=145635#breadcrumb"},"inLanguage":"en-US","potentialAction":[{"@type":"ReadAction","target":["https:\/\/www.prijedordanas.com\/?p=145635"]}]},{"@type":"BreadcrumbList","@id":"https:\/\/www.prijedordanas.com\/?p=145635#breadcrumb","itemListElement":[{"@type":"ListItem","position":1,"name":"Home","item":"https:\/\/www.prijedordanas.com\/"},{"@type":"ListItem","position":2,"name":"\u0110akovi\u0107: Novozara\u017eeno lice u Prijedoru iz klastera prethodno oboljelog"}]},{"@type":"WebSite","@id":"https:\/\/www.prijedordanas.com\/#website","url":"https:\/\/www.prijedordanas.com\/","name":"PrijedorDanas.com - Prijedorski gradski portal","description":"Portal o doga\u0111anjima u gradu Prijedoru","publisher":{"@id":"https:\/\/www.prijedordanas.com\/#organization"},"potentialAction":[{"@type":"SearchAction","target":{"@type":"EntryPoint","urlTemplate":"https:\/\/www.prijedordanas.com\/?s={search_term_string}"},"query-input":"required name=search_term_string"}],"inLanguage":"en-US"},{"@type":"Organization","@id":"https:\/\/www.prijedordanas.com\/#organization","name":"PrijedorDanas.com","url":"https:\/\/www.prijedordanas.com\/","logo":{"@type":"ImageObject","inLanguage":"en-US","@id":"https:\/\/www.prijedordanas.com\/#\/schema\/logo\/image\/","url":"http:\/\/www.prijedordanas.com\/wp-content\/uploads\/2021\/12\/logopng.png","contentUrl":"http:\/\/www.prijedordanas.com\/wp-content\/uploads\/2021\/12\/logopng.png","width":1019,"height":776,"caption":"PrijedorDanas.com"},"image":{"@id":"https:\/\/www.prijedordanas.com\/#\/schema\/logo\/image\/"},"sameAs":["https:\/\/www.facebook.com\/PrijedorDanasCom\/"]},{"@type":"Person","@id":"https:\/\/www.prijedordanas.com\/#\/schema\/person\/4e08ccf29b506ca916ff86d46bb700e6","name":"admin","image":{"@type":"ImageObject","inLanguage":"en-US","@id":"https:\/\/www.prijedordanas.com\/#\/schema\/person\/image\/","url":"https:\/\/secure.gravatar.com\/avatar\/1d3fc949d550f0b53a5f0d51e06dfd79?s=96&d=mm&r=g","contentUrl":"https:\/\/secure.gravatar.com\/avatar\/1d3fc949d550f0b53a5f0d51e06dfd79?s=96&d=mm&r=g","caption":"admin"},"url":"https:\/\/www.prijedordanas.com\/?author=1"}]}},"_links":{"self":[{"href":"https:\/\/www.prijedordanas.com\/index.php?rest_route=\/wp\/v2\/posts\/145635"}],"collection":[{"href":"https:\/\/www.prijedordanas.com\/index.php?rest_route=\/wp\/v2\/posts"}],"about":[{"href":"https:\/\/www.prijedordanas.com\/index.php?rest_route=\/wp\/v2\/types\/post"}],"author":[{"embeddable":true,"href":"https:\/\/www.prijedordanas.com\/index.php?rest_route=\/wp\/v2\/users\/1"}],"replies":[{"embeddable":true,"href":"https:\/\/www.prijedordanas.com\/index.php?rest_route=%2Fwp%2Fv2%2Fcomments&post=145635"}],"version-history":[{"count":1,"href":"https:\/\/www.prijedordanas.com\/index.php?rest_route=\/wp\/v2\/posts\/145635\/revisions"}],"predecessor-version":[{"id":145639,"href":"https:\/\/www.prijedordanas.com\/index.php?rest_route=\/wp\/v2\/posts\/145635\/revisions\/145639"}],"wp:attachment":[{"href":"https:\/\/www.prijedordanas.com\/index.php?rest_route=%2Fwp%2Fv2%2Fmedia&parent=145635"}],"wp:term":[{"taxonomy":"category","embeddable":true,"href":"https:\/\/www.prijedordanas.com\/index.php?rest_route=%2Fwp%2Fv2%2Fcategories&post=145635"},{"taxonomy":"post_tag","embeddable":true,"href":"https:\/\/www.prijedordanas.com\/index.php?rest_route=%2Fwp%2Fv2%2Ftags&post=145635"}],"curies":[{"name":"wp","href":"https:\/\/api.w.org\/{rel}","templated":true}]}}