{"id":145537,"date":"2020-04-14T07:00:10","date_gmt":"2020-04-14T05:00:10","guid":{"rendered":"https:\/\/www.prijedordanas.com\/?p=145537"},"modified":"2020-04-14T07:00:10","modified_gmt":"2020-04-14T05:00:10","slug":"u-republici-srpskoj-izvjesno-uvodenje-policijskog-casa-za-vrijeme-vaskrsnjih-praznika","status":"publish","type":"post","link":"https:\/\/www.prijedordanas.com\/?p=145537","title":{"rendered":"U Republici Srpskoj izvjesno uvo\u0111enje policijskog \u010dasa za vrijeme vaskr\u0161njih praznika"},"content":{"rendered":"<p><a href=\"https:\/\/www.prijedordanas.com\/wp-content\/uploads\/2020\/04\/prijedor-policijski-cas-april.jpg\"><img loading=\"lazy\" decoding=\"async\" src=\"https:\/\/www.prijedordanas.com\/wp-content\/uploads\/2020\/04\/prijedor-policijski-cas-april-300x222.jpg\" alt=\"\" width=\"300\" height=\"222\" class=\"alignleft size-medium wp-image-145538\" srcset=\"https:\/\/www.prijedordanas.com\/wp-content\/uploads\/2020\/04\/prijedor-policijski-cas-april-300x222.jpg 300w, https:\/\/www.prijedordanas.com\/wp-content\/uploads\/2020\/04\/prijedor-policijski-cas-april.jpg 675w\" sizes=\"(max-width: 300px) 100vw, 300px\" \/><\/a>Srpski \u010dlan Predsjedni\u0161tva BiH Milorad Dodik rekao je danas da \u0107e u Srpskoj za vrijeme vaskr\u0161njih i prvomajskih praznika biti poo\u0161trene mjere kako ne bi do\u0161lo do erupcije zaraze virusom korona, a da \u0107e ukoliko taj period pro\u0111e bez problema razmotriti zna\u010dajno ubla\u017eavanje dosada\u0161njih mjera.<\/p>\n<p>Dodik je pojasnio da \u0107e najvjerovatnije donijeti odluku da bude uveden policijski \u010das koji \u0107e trajati od petka ujutro, 17. aprila, do ponedjeljka ujutro, 20. aprila.<\/p>\n<p>On je dodao da je plan da u subotu od 6.00 do 15.00 \u010dasova bude dozvoljena mogu\u0107nost nabavke, a od subote u 15.00 do ponedjeljka ujutro, 20. aprila, ponovo bude policijski \u010das.<\/p>\n<p>&#8220;Dosada\u0161nje mjere smo produ\u017eili do 27. aprila jer je Vaskrs vrijeme kada mo\u017eemo imati izra\u017eenu opasnost od \u0161irenja virusa. To \u010dinimo isklju\u010divo da bi bio smanjen kontakt me\u0111u ljudima i da ne bi do\u0161lo do toga da sve \u0161to smo do sada uradili bude poni\u0161teno i da do\u0111e do erupcije zaraze&#8221;, rekao je Dodik novinarima u Banjaluci.<\/p>\n<p>On je zamolio gra\u0111ane da imaju razumijevanja za ove mjere kako bi svi zajedno pro\u0161li kroz dva veoma izazovna perioda &#8211; Vaskrs i Prvi maj.<\/p>\n<p>&#8220;Ukoliko budemo dovoljno disciplinovani da u ova dva termina ne do\u0111e do ekspanzije, nakon toga \u0107emo mo\u0107i da razmi\u0161ljamo, a vjerujemo odmah nakon \u0110ur\u0111evdana \/6. maja\/, o smanjenju ovih mjera. Tada \u0107e biti stvoreni uslovi da ukidamo i policijski \u010das, otvaramo neke radnje i vra\u0107amo \u017eivot u normalne okvire&#8221;, naglasio je Dodik.<\/p>\n<p>Prema njegovim rije\u010dima, potrebno jo\u0161 strpljenja svih u Srpskoj.<\/p>\n<p>&#8220;Molim gra\u0111ane da to razumiju. Ukidanje mjera ne zavisi samo od nas, nego najvi\u0161e od njih. Molim sve gra\u0111ane da ostanu na socijalnoj distanci i u ku\u0107ama. Vaskrs jeste dan kada posje\u0107ujemo rodbinu i prijatelje, ali ove godine to moramo uraditi na ovaj na\u010din kako bismo sprije\u010dili \u0161irenje virusa&#8221;, poru\u010dio je Dodik.<\/p>\n<p>On je zahvalio gra\u0111anima za saradnju i zamolio ih da prebrode jo\u0161 Vaskrs, Prvi maj i \u0110ur\u0111evdan i da onda kre\u0107e ukidanje odre\u0111enih mjera ukoliko epidemiolo\u0161ka situacija ne bukne i po\u010dne pokazivati znakove smirivanja.<\/p>\n<p>&#8220;Veoma smo zainteresovani da po\u010dnu raditi tr\u017eni centri, restorani i sve ostalo kako bi se \u017eivot vratio u normalu. Ve\u0107 sada defini\u0161emo pravila pod kojim uslovima \u0107e mo\u0107i da rade resotrani, kafi\u0107i, prodavnice i ostali objekti, odnosno kakva \u0107e morati biti dezinfekacija u svakom objektu, koliko \u0107e ljudi mo\u0107i biti u prostoru i kako \u0107e se mo\u0107i pona\u0161ati. Sve \u0107e to biti pripremljeno do dana kada budu postepeno ukidane te mjere&#8221;, pojasnio je Dodik.<\/p>\n<p>On je istakao da su ljudi s pravom pomalo nervozni imaju\u0107i u vidu da ovo traje du\u017ee od mjesec dana.<\/p>\n<p>&#8220;Ali, mnogi \u0107e i olako shvatiti i smatrati da su Veliki petak i Vaskrs prilika i opravadanje da se vi\u0161e kre\u0107u i susre\u0107u i zato preduzimamo ove mjere&#8221;, ponovio je Dodik.<\/p>\n<p>SRNA<br \/>\nFoto &#8211; ilustracija<\/p>\n","protected":false},"excerpt":{"rendered":"<p>Srpski \u010dlan Predsjedni\u0161tva BiH Milorad Dodik rekao je danas da \u0107e u Srpskoj za vrijeme vaskr\u0161njih i prvomajskih praznika biti poo\u0161trene mjere kako ne bi do\u0161lo do erupcije zaraze virusom [&hellip;]<\/p>\n","protected":false},"author":1,"featured_media":0,"comment_status":"closed","ping_status":"open","sticky":false,"template":"","format":"standard","meta":{"_monsterinsights_skip_tracking":false,"_monsterinsights_sitenote_active":false,"_monsterinsights_sitenote_note":"","_monsterinsights_sitenote_category":0,"footnotes":""},"categories":[8],"tags":[11081,11113],"yoast_head":"<!-- This site is optimized with the Yoast SEO plugin v21.6 - https:\/\/yoast.com\/wordpress\/plugins\/seo\/ -->\n<title>U Republici Srpskoj izvjesno uvo\u0111enje policijskog \u010dasa za vrijeme vaskr\u0161njih praznika - PrijedorDanas.com - Prijedorski gradski portal<\/title>\n<meta name=\"robots\" content=\"index, follow, max-snippet:-1, max-image-preview:large, max-video-preview:-1\" \/>\n<link rel=\"canonical\" href=\"https:\/\/www.prijedordanas.com\/?p=145537\" \/>\n<meta property=\"og:locale\" content=\"en_US\" \/>\n<meta property=\"og:type\" content=\"article\" \/>\n<meta property=\"og:title\" content=\"U Republici Srpskoj izvjesno uvo\u0111enje policijskog \u010dasa za vrijeme vaskr\u0161njih praznika - PrijedorDanas.com - Prijedorski gradski portal\" \/>\n<meta property=\"og:description\" content=\"Srpski \u010dlan Predsjedni\u0161tva BiH Milorad Dodik rekao je danas da \u0107e u Srpskoj za vrijeme vaskr\u0161njih i prvomajskih praznika biti poo\u0161trene mjere kako ne bi do\u0161lo do erupcije zaraze virusom [&hellip;]\" \/>\n<meta property=\"og:url\" content=\"https:\/\/www.prijedordanas.com\/?p=145537\" \/>\n<meta property=\"og:site_name\" content=\"PrijedorDanas.com - Prijedorski gradski portal\" \/>\n<meta property=\"article:publisher\" content=\"https:\/\/www.facebook.com\/PrijedorDanasCom\/\" \/>\n<meta property=\"article:published_time\" content=\"2020-04-14T05:00:10+00:00\" \/>\n<meta property=\"og:image\" content=\"https:\/\/www.prijedordanas.com\/wp-content\/uploads\/2020\/04\/prijedor-policijski-cas-april-300x222.jpg\" \/>\n<meta name=\"author\" content=\"admin\" \/>\n<meta name=\"twitter:card\" content=\"summary_large_image\" \/>\n<meta name=\"twitter:label1\" content=\"Written by\" \/>\n\t<meta name=\"twitter:data1\" content=\"admin\" \/>\n\t<meta name=\"twitter:label2\" content=\"Est. reading time\" \/>\n\t<meta name=\"twitter:data2\" content=\"3 minutes\" \/>\n<script type=\"application\/ld+json\" class=\"yoast-schema-graph\">{\"@context\":\"https:\/\/schema.org\",\"@graph\":[{\"@type\":\"Article\",\"@id\":\"https:\/\/www.prijedordanas.com\/?p=145537#article\",\"isPartOf\":{\"@id\":\"https:\/\/www.prijedordanas.com\/?p=145537\"},\"author\":{\"name\":\"admin\",\"@id\":\"https:\/\/www.prijedordanas.com\/#\/schema\/person\/4e08ccf29b506ca916ff86d46bb700e6\"},\"headline\":\"U Republici Srpskoj izvjesno uvo\u0111enje policijskog \u010dasa za vrijeme vaskr\u0161njih praznika\",\"datePublished\":\"2020-04-14T05:00:10+00:00\",\"dateModified\":\"2020-04-14T05:00:10+00:00\",\"mainEntityOfPage\":{\"@id\":\"https:\/\/www.prijedordanas.com\/?p=145537\"},\"wordCount\":519,\"publisher\":{\"@id\":\"https:\/\/www.prijedordanas.com\/#organization\"},\"keywords\":[\"korona\",\"policijski \u010das\"],\"articleSection\":[\"Svakodnevno\"],\"inLanguage\":\"en-US\"},{\"@type\":\"WebPage\",\"@id\":\"https:\/\/www.prijedordanas.com\/?p=145537\",\"url\":\"https:\/\/www.prijedordanas.com\/?p=145537\",\"name\":\"U Republici Srpskoj izvjesno uvo\u0111enje policijskog \u010dasa za vrijeme vaskr\u0161njih praznika - PrijedorDanas.com - Prijedorski gradski portal\",\"isPartOf\":{\"@id\":\"https:\/\/www.prijedordanas.com\/#website\"},\"datePublished\":\"2020-04-14T05:00:10+00:00\",\"dateModified\":\"2020-04-14T05:00:10+00:00\",\"breadcrumb\":{\"@id\":\"https:\/\/www.prijedordanas.com\/?p=145537#breadcrumb\"},\"inLanguage\":\"en-US\",\"potentialAction\":[{\"@type\":\"ReadAction\",\"target\":[\"https:\/\/www.prijedordanas.com\/?p=145537\"]}]},{\"@type\":\"BreadcrumbList\",\"@id\":\"https:\/\/www.prijedordanas.com\/?p=145537#breadcrumb\",\"itemListElement\":[{\"@type\":\"ListItem\",\"position\":1,\"name\":\"Home\",\"item\":\"https:\/\/www.prijedordanas.com\/\"},{\"@type\":\"ListItem\",\"position\":2,\"name\":\"U Republici Srpskoj izvjesno uvo\u0111enje policijskog \u010dasa za vrijeme vaskr\u0161njih praznika\"}]},{\"@type\":\"WebSite\",\"@id\":\"https:\/\/www.prijedordanas.com\/#website\",\"url\":\"https:\/\/www.prijedordanas.com\/\",\"name\":\"PrijedorDanas.com - Prijedorski gradski portal\",\"description\":\"Portal o doga\u0111anjima u gradu Prijedoru\",\"publisher\":{\"@id\":\"https:\/\/www.prijedordanas.com\/#organization\"},\"potentialAction\":[{\"@type\":\"SearchAction\",\"target\":{\"@type\":\"EntryPoint\",\"urlTemplate\":\"https:\/\/www.prijedordanas.com\/?s={search_term_string}\"},\"query-input\":\"required name=search_term_string\"}],\"inLanguage\":\"en-US\"},{\"@type\":\"Organization\",\"@id\":\"https:\/\/www.prijedordanas.com\/#organization\",\"name\":\"PrijedorDanas.com\",\"url\":\"https:\/\/www.prijedordanas.com\/\",\"logo\":{\"@type\":\"ImageObject\",\"inLanguage\":\"en-US\",\"@id\":\"https:\/\/www.prijedordanas.com\/#\/schema\/logo\/image\/\",\"url\":\"http:\/\/www.prijedordanas.com\/wp-content\/uploads\/2021\/12\/logopng.png\",\"contentUrl\":\"http:\/\/www.prijedordanas.com\/wp-content\/uploads\/2021\/12\/logopng.png\",\"width\":1019,\"height\":776,\"caption\":\"PrijedorDanas.com\"},\"image\":{\"@id\":\"https:\/\/www.prijedordanas.com\/#\/schema\/logo\/image\/\"},\"sameAs\":[\"https:\/\/www.facebook.com\/PrijedorDanasCom\/\"]},{\"@type\":\"Person\",\"@id\":\"https:\/\/www.prijedordanas.com\/#\/schema\/person\/4e08ccf29b506ca916ff86d46bb700e6\",\"name\":\"admin\",\"image\":{\"@type\":\"ImageObject\",\"inLanguage\":\"en-US\",\"@id\":\"https:\/\/www.prijedordanas.com\/#\/schema\/person\/image\/\",\"url\":\"https:\/\/secure.gravatar.com\/avatar\/1d3fc949d550f0b53a5f0d51e06dfd79?s=96&d=mm&r=g\",\"contentUrl\":\"https:\/\/secure.gravatar.com\/avatar\/1d3fc949d550f0b53a5f0d51e06dfd79?s=96&d=mm&r=g\",\"caption\":\"admin\"},\"url\":\"https:\/\/www.prijedordanas.com\/?author=1\"}]}<\/script>\n<!-- \/ Yoast SEO plugin. -->","yoast_head_json":{"title":"U Republici Srpskoj izvjesno uvo\u0111enje policijskog \u010dasa za vrijeme vaskr\u0161njih praznika - PrijedorDanas.com - Prijedorski gradski portal","robots":{"index":"index","follow":"follow","max-snippet":"max-snippet:-1","max-image-preview":"max-image-preview:large","max-video-preview":"max-video-preview:-1"},"canonical":"https:\/\/www.prijedordanas.com\/?p=145537","og_locale":"en_US","og_type":"article","og_title":"U Republici Srpskoj izvjesno uvo\u0111enje policijskog \u010dasa za vrijeme vaskr\u0161njih praznika - PrijedorDanas.com - Prijedorski gradski portal","og_description":"Srpski \u010dlan Predsjedni\u0161tva BiH Milorad Dodik rekao je danas da \u0107e u Srpskoj za vrijeme vaskr\u0161njih i prvomajskih praznika biti poo\u0161trene mjere kako ne bi do\u0161lo do erupcije zaraze virusom [&hellip;]","og_url":"https:\/\/www.prijedordanas.com\/?p=145537","og_site_name":"PrijedorDanas.com - Prijedorski gradski portal","article_publisher":"https:\/\/www.facebook.com\/PrijedorDanasCom\/","article_published_time":"2020-04-14T05:00:10+00:00","og_image":[{"url":"https:\/\/www.prijedordanas.com\/wp-content\/uploads\/2020\/04\/prijedor-policijski-cas-april-300x222.jpg"}],"author":"admin","twitter_card":"summary_large_image","twitter_misc":{"Written by":"admin","Est. reading time":"3 minutes"},"schema":{"@context":"https:\/\/schema.org","@graph":[{"@type":"Article","@id":"https:\/\/www.prijedordanas.com\/?p=145537#article","isPartOf":{"@id":"https:\/\/www.prijedordanas.com\/?p=145537"},"author":{"name":"admin","@id":"https:\/\/www.prijedordanas.com\/#\/schema\/person\/4e08ccf29b506ca916ff86d46bb700e6"},"headline":"U Republici Srpskoj izvjesno uvo\u0111enje policijskog \u010dasa za vrijeme vaskr\u0161njih praznika","datePublished":"2020-04-14T05:00:10+00:00","dateModified":"2020-04-14T05:00:10+00:00","mainEntityOfPage":{"@id":"https:\/\/www.prijedordanas.com\/?p=145537"},"wordCount":519,"publisher":{"@id":"https:\/\/www.prijedordanas.com\/#organization"},"keywords":["korona","policijski \u010das"],"articleSection":["Svakodnevno"],"inLanguage":"en-US"},{"@type":"WebPage","@id":"https:\/\/www.prijedordanas.com\/?p=145537","url":"https:\/\/www.prijedordanas.com\/?p=145537","name":"U Republici Srpskoj izvjesno uvo\u0111enje policijskog \u010dasa za vrijeme vaskr\u0161njih praznika - PrijedorDanas.com - Prijedorski gradski portal","isPartOf":{"@id":"https:\/\/www.prijedordanas.com\/#website"},"datePublished":"2020-04-14T05:00:10+00:00","dateModified":"2020-04-14T05:00:10+00:00","breadcrumb":{"@id":"https:\/\/www.prijedordanas.com\/?p=145537#breadcrumb"},"inLanguage":"en-US","potentialAction":[{"@type":"ReadAction","target":["https:\/\/www.prijedordanas.com\/?p=145537"]}]},{"@type":"BreadcrumbList","@id":"https:\/\/www.prijedordanas.com\/?p=145537#breadcrumb","itemListElement":[{"@type":"ListItem","position":1,"name":"Home","item":"https:\/\/www.prijedordanas.com\/"},{"@type":"ListItem","position":2,"name":"U Republici Srpskoj izvjesno uvo\u0111enje policijskog \u010dasa za vrijeme vaskr\u0161njih praznika"}]},{"@type":"WebSite","@id":"https:\/\/www.prijedordanas.com\/#website","url":"https:\/\/www.prijedordanas.com\/","name":"PrijedorDanas.com - Prijedorski gradski portal","description":"Portal o doga\u0111anjima u gradu Prijedoru","publisher":{"@id":"https:\/\/www.prijedordanas.com\/#organization"},"potentialAction":[{"@type":"SearchAction","target":{"@type":"EntryPoint","urlTemplate":"https:\/\/www.prijedordanas.com\/?s={search_term_string}"},"query-input":"required name=search_term_string"}],"inLanguage":"en-US"},{"@type":"Organization","@id":"https:\/\/www.prijedordanas.com\/#organization","name":"PrijedorDanas.com","url":"https:\/\/www.prijedordanas.com\/","logo":{"@type":"ImageObject","inLanguage":"en-US","@id":"https:\/\/www.prijedordanas.com\/#\/schema\/logo\/image\/","url":"http:\/\/www.prijedordanas.com\/wp-content\/uploads\/2021\/12\/logopng.png","contentUrl":"http:\/\/www.prijedordanas.com\/wp-content\/uploads\/2021\/12\/logopng.png","width":1019,"height":776,"caption":"PrijedorDanas.com"},"image":{"@id":"https:\/\/www.prijedordanas.com\/#\/schema\/logo\/image\/"},"sameAs":["https:\/\/www.facebook.com\/PrijedorDanasCom\/"]},{"@type":"Person","@id":"https:\/\/www.prijedordanas.com\/#\/schema\/person\/4e08ccf29b506ca916ff86d46bb700e6","name":"admin","image":{"@type":"ImageObject","inLanguage":"en-US","@id":"https:\/\/www.prijedordanas.com\/#\/schema\/person\/image\/","url":"https:\/\/secure.gravatar.com\/avatar\/1d3fc949d550f0b53a5f0d51e06dfd79?s=96&d=mm&r=g","contentUrl":"https:\/\/secure.gravatar.com\/avatar\/1d3fc949d550f0b53a5f0d51e06dfd79?s=96&d=mm&r=g","caption":"admin"},"url":"https:\/\/www.prijedordanas.com\/?author=1"}]}},"_links":{"self":[{"href":"https:\/\/www.prijedordanas.com\/index.php?rest_route=\/wp\/v2\/posts\/145537"}],"collection":[{"href":"https:\/\/www.prijedordanas.com\/index.php?rest_route=\/wp\/v2\/posts"}],"about":[{"href":"https:\/\/www.prijedordanas.com\/index.php?rest_route=\/wp\/v2\/types\/post"}],"author":[{"embeddable":true,"href":"https:\/\/www.prijedordanas.com\/index.php?rest_route=\/wp\/v2\/users\/1"}],"replies":[{"embeddable":true,"href":"https:\/\/www.prijedordanas.com\/index.php?rest_route=%2Fwp%2Fv2%2Fcomments&post=145537"}],"version-history":[{"count":1,"href":"https:\/\/www.prijedordanas.com\/index.php?rest_route=\/wp\/v2\/posts\/145537\/revisions"}],"predecessor-version":[{"id":145539,"href":"https:\/\/www.prijedordanas.com\/index.php?rest_route=\/wp\/v2\/posts\/145537\/revisions\/145539"}],"wp:attachment":[{"href":"https:\/\/www.prijedordanas.com\/index.php?rest_route=%2Fwp%2Fv2%2Fmedia&parent=145537"}],"wp:term":[{"taxonomy":"category","embeddable":true,"href":"https:\/\/www.prijedordanas.com\/index.php?rest_route=%2Fwp%2Fv2%2Fcategories&post=145537"},{"taxonomy":"post_tag","embeddable":true,"href":"https:\/\/www.prijedordanas.com\/index.php?rest_route=%2Fwp%2Fv2%2Ftags&post=145537"}],"curies":[{"name":"wp","href":"https:\/\/api.w.org\/{rel}","templated":true}]}}