{"id":145517,"date":"2020-04-13T20:20:19","date_gmt":"2020-04-13T18:20:19","guid":{"rendered":"https:\/\/www.prijedordanas.com\/?p=145517"},"modified":"2020-04-13T20:20:19","modified_gmt":"2020-04-13T18:20:19","slug":"kolo-srpskih-sestara-prijedor-zbog-korona-virusa-ove-godine-bez-pripreme-vaskrsnjih-peretaka","status":"publish","type":"post","link":"https:\/\/www.prijedordanas.com\/?p=145517","title":{"rendered":"Kolo srpskih sestara Prijedor: Zbog korona virusa ove godine bez pripreme vaskr\u0161njih peretaka"},"content":{"rendered":"<p><a href=\"https:\/\/www.prijedordanas.com\/wp-content\/uploads\/2019\/04\/kss-prijedor-vaskrsnji-pereci-1.jpg\"><img loading=\"lazy\" decoding=\"async\" class=\"alignleft size-medium wp-image-126198\" src=\"https:\/\/www.prijedordanas.com\/wp-content\/uploads\/2019\/04\/kss-prijedor-vaskrsnji-pereci-1-300x222.jpg\" alt=\"\" width=\"300\" height=\"222\" srcset=\"https:\/\/www.prijedordanas.com\/wp-content\/uploads\/2019\/04\/kss-prijedor-vaskrsnji-pereci-1-300x222.jpg 300w, https:\/\/www.prijedordanas.com\/wp-content\/uploads\/2019\/04\/kss-prijedor-vaskrsnji-pereci-1-100x74.jpg 100w, https:\/\/www.prijedordanas.com\/wp-content\/uploads\/2019\/04\/kss-prijedor-vaskrsnji-pereci-1.jpg 675w\" sizes=\"(max-width: 300px) 100vw, 300px\" \/><\/a>Iako nisu \u017eeljele da prekinu dugogodi\u0161nju tradiciju, \u010dlanice Kola srpskih sestara iz Prijedora zbog situacije sa korona virusom, ove godine ne\u0107e pripremati vaskr\u0161nje peretke.<\/p>\n<p>-Iako smo prije ove pandemije nabavili skoro sve \u0161to je neophodno za na\u0161u akciju pravljenja peretaka, sve smo morali otkazati. S obzirom da je ve\u0107i broj na\u0161ih \u010dlanica stariji od 65 godine i ograni\u010deno im je kretanje, nas nekoliko mla\u0111ih smo imali veliku \u017eelju da napravimo odre\u0111enu koli\u010dinu za na\u0161e najvjernije kupce. Ipak, zdravlje nam je na prvom mjestu, pa smo odustale od aktivnosti za ovu godinu &#8211; rekla nam je Jadranka Miji\u0107, predsjednica Kola srpskih sestara Prijedor.<\/p>\n<p>Ona podsje\u0107a da su \u010dlanice Udru\u017eenja lani napravile vi\u0161e od 5.000 peretaka.<\/p>\n<p>-Sigurna sam da \u0107e se tradicija pravljenja vaskr\u0161njih peretaka u Kolu srpskih sestara Prijedor nastaviti naredne godine. To je autohtoni obi\u010daj Potkozarja. Na\u0161i pereci su veoma tra\u017eeni i \u010duveni po kvalitetu, jer ih pripremamo od doma\u0107ih jaja i sa strpljenjem, a po recepturi provjerenih doma\u0107ica \u2013 istakla je Miji\u0107eva.<\/p>\n<p>Ona je dodala da je situacija takva da ne\u0107e biti brojnih de\u0161avanja koja su pratila ovaj praznik, poput vaskr\u0161njih programa i tucijada za najmla\u0111e ili velikih porodi\u010dnih okupljanja.<\/p>\n<p>-Pozivam sve svoje sugra\u0111ane koji obilje\u017eavaju Vaskrs, da, po\u0161tuju\u0107i propisane mjere, to urade dostojanstveno u svojim ku\u0107ama. Svim pravoslavnim vjernicima \u010destitam predstoje\u0107i najve\u0107i hri\u0161\u0107anski praznik rije\u010dima &#8220;Hristos voskrese-vaistinu voskrese&#8221; &#8211; poru\u010dila je Jadranka Miji\u0107, predsjednica Kola srpskih sestara Prijedor.<\/p>\n<p>Tekst i foto arhiva &#8211; <a href=\"https:\/\/www.prijedordanas.com\" target=\"_blank\" rel=\"noopener noreferrer\">www.prijedordanas.com<\/a><\/p>\n","protected":false},"excerpt":{"rendered":"<p>Iako nisu \u017eeljele da prekinu dugogodi\u0161nju tradiciju, \u010dlanice Kola srpskih sestara iz Prijedora zbog situacije sa korona virusom, ove godine ne\u0107e pripremati vaskr\u0161nje peretke. -Iako smo prije ove pandemije nabavili [&hellip;]<\/p>\n","protected":false},"author":1,"featured_media":0,"comment_status":"closed","ping_status":"open","sticky":false,"template":"","format":"standard","meta":{"_monsterinsights_skip_tracking":false,"_monsterinsights_sitenote_active":false,"_monsterinsights_sitenote_note":"","_monsterinsights_sitenote_category":0,"footnotes":""},"categories":[3],"tags":[3960,11081,7660],"yoast_head":"<!-- This site is optimized with the Yoast SEO plugin v21.6 - https:\/\/yoast.com\/wordpress\/plugins\/seo\/ -->\n<title>Kolo srpskih sestara Prijedor: Zbog korona virusa ove godine bez pripreme vaskr\u0161njih peretaka - PrijedorDanas.com - Prijedorski gradski portal<\/title>\n<meta name=\"robots\" content=\"index, follow, max-snippet:-1, max-image-preview:large, max-video-preview:-1\" \/>\n<link rel=\"canonical\" href=\"https:\/\/www.prijedordanas.com\/?p=145517\" \/>\n<meta property=\"og:locale\" content=\"en_US\" \/>\n<meta property=\"og:type\" content=\"article\" \/>\n<meta property=\"og:title\" content=\"Kolo srpskih sestara Prijedor: Zbog korona virusa ove godine bez pripreme vaskr\u0161njih peretaka - PrijedorDanas.com - Prijedorski gradski portal\" \/>\n<meta property=\"og:description\" content=\"Iako nisu \u017eeljele da prekinu dugogodi\u0161nju tradiciju, \u010dlanice Kola srpskih sestara iz Prijedora zbog situacije sa korona virusom, ove godine ne\u0107e pripremati vaskr\u0161nje peretke. -Iako smo prije ove pandemije nabavili [&hellip;]\" \/>\n<meta property=\"og:url\" content=\"https:\/\/www.prijedordanas.com\/?p=145517\" \/>\n<meta property=\"og:site_name\" content=\"PrijedorDanas.com - Prijedorski gradski portal\" \/>\n<meta property=\"article:publisher\" content=\"https:\/\/www.facebook.com\/PrijedorDanasCom\/\" \/>\n<meta property=\"article:published_time\" content=\"2020-04-13T18:20:19+00:00\" \/>\n<meta property=\"og:image\" content=\"https:\/\/www.prijedordanas.com\/wp-content\/uploads\/2019\/04\/kss-prijedor-vaskrsnji-pereci-1-300x222.jpg\" \/>\n<meta name=\"author\" content=\"admin\" \/>\n<meta name=\"twitter:card\" content=\"summary_large_image\" \/>\n<meta name=\"twitter:label1\" content=\"Written by\" \/>\n\t<meta name=\"twitter:data1\" content=\"admin\" \/>\n\t<meta name=\"twitter:label2\" content=\"Est. reading time\" \/>\n\t<meta name=\"twitter:data2\" content=\"1 minute\" \/>\n<script type=\"application\/ld+json\" class=\"yoast-schema-graph\">{\"@context\":\"https:\/\/schema.org\",\"@graph\":[{\"@type\":\"Article\",\"@id\":\"https:\/\/www.prijedordanas.com\/?p=145517#article\",\"isPartOf\":{\"@id\":\"https:\/\/www.prijedordanas.com\/?p=145517\"},\"author\":{\"name\":\"admin\",\"@id\":\"https:\/\/www.prijedordanas.com\/#\/schema\/person\/4e08ccf29b506ca916ff86d46bb700e6\"},\"headline\":\"Kolo srpskih sestara Prijedor: Zbog korona virusa ove godine bez pripreme vaskr\u0161njih peretaka\",\"datePublished\":\"2020-04-13T18:20:19+00:00\",\"dateModified\":\"2020-04-13T18:20:19+00:00\",\"mainEntityOfPage\":{\"@id\":\"https:\/\/www.prijedordanas.com\/?p=145517\"},\"wordCount\":285,\"publisher\":{\"@id\":\"https:\/\/www.prijedordanas.com\/#organization\"},\"keywords\":[\"Kolo srpskih sestara Prijedor\",\"korona\",\"vaskr\u0161nji pereci\"],\"articleSection\":[\"\u017divot\"],\"inLanguage\":\"en-US\"},{\"@type\":\"WebPage\",\"@id\":\"https:\/\/www.prijedordanas.com\/?p=145517\",\"url\":\"https:\/\/www.prijedordanas.com\/?p=145517\",\"name\":\"Kolo srpskih sestara Prijedor: Zbog korona virusa ove godine bez pripreme vaskr\u0161njih peretaka - PrijedorDanas.com - Prijedorski gradski portal\",\"isPartOf\":{\"@id\":\"https:\/\/www.prijedordanas.com\/#website\"},\"datePublished\":\"2020-04-13T18:20:19+00:00\",\"dateModified\":\"2020-04-13T18:20:19+00:00\",\"breadcrumb\":{\"@id\":\"https:\/\/www.prijedordanas.com\/?p=145517#breadcrumb\"},\"inLanguage\":\"en-US\",\"potentialAction\":[{\"@type\":\"ReadAction\",\"target\":[\"https:\/\/www.prijedordanas.com\/?p=145517\"]}]},{\"@type\":\"BreadcrumbList\",\"@id\":\"https:\/\/www.prijedordanas.com\/?p=145517#breadcrumb\",\"itemListElement\":[{\"@type\":\"ListItem\",\"position\":1,\"name\":\"Home\",\"item\":\"https:\/\/www.prijedordanas.com\/\"},{\"@type\":\"ListItem\",\"position\":2,\"name\":\"Kolo srpskih sestara Prijedor: Zbog korona virusa ove godine bez pripreme vaskr\u0161njih peretaka\"}]},{\"@type\":\"WebSite\",\"@id\":\"https:\/\/www.prijedordanas.com\/#website\",\"url\":\"https:\/\/www.prijedordanas.com\/\",\"name\":\"PrijedorDanas.com - Prijedorski gradski portal\",\"description\":\"Portal o doga\u0111anjima u gradu Prijedoru\",\"publisher\":{\"@id\":\"https:\/\/www.prijedordanas.com\/#organization\"},\"potentialAction\":[{\"@type\":\"SearchAction\",\"target\":{\"@type\":\"EntryPoint\",\"urlTemplate\":\"https:\/\/www.prijedordanas.com\/?s={search_term_string}\"},\"query-input\":\"required name=search_term_string\"}],\"inLanguage\":\"en-US\"},{\"@type\":\"Organization\",\"@id\":\"https:\/\/www.prijedordanas.com\/#organization\",\"name\":\"PrijedorDanas.com\",\"url\":\"https:\/\/www.prijedordanas.com\/\",\"logo\":{\"@type\":\"ImageObject\",\"inLanguage\":\"en-US\",\"@id\":\"https:\/\/www.prijedordanas.com\/#\/schema\/logo\/image\/\",\"url\":\"http:\/\/www.prijedordanas.com\/wp-content\/uploads\/2021\/12\/logopng.png\",\"contentUrl\":\"http:\/\/www.prijedordanas.com\/wp-content\/uploads\/2021\/12\/logopng.png\",\"width\":1019,\"height\":776,\"caption\":\"PrijedorDanas.com\"},\"image\":{\"@id\":\"https:\/\/www.prijedordanas.com\/#\/schema\/logo\/image\/\"},\"sameAs\":[\"https:\/\/www.facebook.com\/PrijedorDanasCom\/\"]},{\"@type\":\"Person\",\"@id\":\"https:\/\/www.prijedordanas.com\/#\/schema\/person\/4e08ccf29b506ca916ff86d46bb700e6\",\"name\":\"admin\",\"image\":{\"@type\":\"ImageObject\",\"inLanguage\":\"en-US\",\"@id\":\"https:\/\/www.prijedordanas.com\/#\/schema\/person\/image\/\",\"url\":\"https:\/\/secure.gravatar.com\/avatar\/1d3fc949d550f0b53a5f0d51e06dfd79?s=96&d=mm&r=g\",\"contentUrl\":\"https:\/\/secure.gravatar.com\/avatar\/1d3fc949d550f0b53a5f0d51e06dfd79?s=96&d=mm&r=g\",\"caption\":\"admin\"},\"url\":\"https:\/\/www.prijedordanas.com\/?author=1\"}]}<\/script>\n<!-- \/ Yoast SEO plugin. -->","yoast_head_json":{"title":"Kolo srpskih sestara Prijedor: Zbog korona virusa ove godine bez pripreme vaskr\u0161njih peretaka - PrijedorDanas.com - Prijedorski gradski portal","robots":{"index":"index","follow":"follow","max-snippet":"max-snippet:-1","max-image-preview":"max-image-preview:large","max-video-preview":"max-video-preview:-1"},"canonical":"https:\/\/www.prijedordanas.com\/?p=145517","og_locale":"en_US","og_type":"article","og_title":"Kolo srpskih sestara Prijedor: Zbog korona virusa ove godine bez pripreme vaskr\u0161njih peretaka - PrijedorDanas.com - Prijedorski gradski portal","og_description":"Iako nisu \u017eeljele da prekinu dugogodi\u0161nju tradiciju, \u010dlanice Kola srpskih sestara iz Prijedora zbog situacije sa korona virusom, ove godine ne\u0107e pripremati vaskr\u0161nje peretke. -Iako smo prije ove pandemije nabavili [&hellip;]","og_url":"https:\/\/www.prijedordanas.com\/?p=145517","og_site_name":"PrijedorDanas.com - Prijedorski gradski portal","article_publisher":"https:\/\/www.facebook.com\/PrijedorDanasCom\/","article_published_time":"2020-04-13T18:20:19+00:00","og_image":[{"url":"https:\/\/www.prijedordanas.com\/wp-content\/uploads\/2019\/04\/kss-prijedor-vaskrsnji-pereci-1-300x222.jpg"}],"author":"admin","twitter_card":"summary_large_image","twitter_misc":{"Written by":"admin","Est. reading time":"1 minute"},"schema":{"@context":"https:\/\/schema.org","@graph":[{"@type":"Article","@id":"https:\/\/www.prijedordanas.com\/?p=145517#article","isPartOf":{"@id":"https:\/\/www.prijedordanas.com\/?p=145517"},"author":{"name":"admin","@id":"https:\/\/www.prijedordanas.com\/#\/schema\/person\/4e08ccf29b506ca916ff86d46bb700e6"},"headline":"Kolo srpskih sestara Prijedor: Zbog korona virusa ove godine bez pripreme vaskr\u0161njih peretaka","datePublished":"2020-04-13T18:20:19+00:00","dateModified":"2020-04-13T18:20:19+00:00","mainEntityOfPage":{"@id":"https:\/\/www.prijedordanas.com\/?p=145517"},"wordCount":285,"publisher":{"@id":"https:\/\/www.prijedordanas.com\/#organization"},"keywords":["Kolo srpskih sestara Prijedor","korona","vaskr\u0161nji pereci"],"articleSection":["\u017divot"],"inLanguage":"en-US"},{"@type":"WebPage","@id":"https:\/\/www.prijedordanas.com\/?p=145517","url":"https:\/\/www.prijedordanas.com\/?p=145517","name":"Kolo srpskih sestara Prijedor: Zbog korona virusa ove godine bez pripreme vaskr\u0161njih peretaka - PrijedorDanas.com - Prijedorski gradski portal","isPartOf":{"@id":"https:\/\/www.prijedordanas.com\/#website"},"datePublished":"2020-04-13T18:20:19+00:00","dateModified":"2020-04-13T18:20:19+00:00","breadcrumb":{"@id":"https:\/\/www.prijedordanas.com\/?p=145517#breadcrumb"},"inLanguage":"en-US","potentialAction":[{"@type":"ReadAction","target":["https:\/\/www.prijedordanas.com\/?p=145517"]}]},{"@type":"BreadcrumbList","@id":"https:\/\/www.prijedordanas.com\/?p=145517#breadcrumb","itemListElement":[{"@type":"ListItem","position":1,"name":"Home","item":"https:\/\/www.prijedordanas.com\/"},{"@type":"ListItem","position":2,"name":"Kolo srpskih sestara Prijedor: Zbog korona virusa ove godine bez pripreme vaskr\u0161njih peretaka"}]},{"@type":"WebSite","@id":"https:\/\/www.prijedordanas.com\/#website","url":"https:\/\/www.prijedordanas.com\/","name":"PrijedorDanas.com - Prijedorski gradski portal","description":"Portal o doga\u0111anjima u gradu Prijedoru","publisher":{"@id":"https:\/\/www.prijedordanas.com\/#organization"},"potentialAction":[{"@type":"SearchAction","target":{"@type":"EntryPoint","urlTemplate":"https:\/\/www.prijedordanas.com\/?s={search_term_string}"},"query-input":"required name=search_term_string"}],"inLanguage":"en-US"},{"@type":"Organization","@id":"https:\/\/www.prijedordanas.com\/#organization","name":"PrijedorDanas.com","url":"https:\/\/www.prijedordanas.com\/","logo":{"@type":"ImageObject","inLanguage":"en-US","@id":"https:\/\/www.prijedordanas.com\/#\/schema\/logo\/image\/","url":"http:\/\/www.prijedordanas.com\/wp-content\/uploads\/2021\/12\/logopng.png","contentUrl":"http:\/\/www.prijedordanas.com\/wp-content\/uploads\/2021\/12\/logopng.png","width":1019,"height":776,"caption":"PrijedorDanas.com"},"image":{"@id":"https:\/\/www.prijedordanas.com\/#\/schema\/logo\/image\/"},"sameAs":["https:\/\/www.facebook.com\/PrijedorDanasCom\/"]},{"@type":"Person","@id":"https:\/\/www.prijedordanas.com\/#\/schema\/person\/4e08ccf29b506ca916ff86d46bb700e6","name":"admin","image":{"@type":"ImageObject","inLanguage":"en-US","@id":"https:\/\/www.prijedordanas.com\/#\/schema\/person\/image\/","url":"https:\/\/secure.gravatar.com\/avatar\/1d3fc949d550f0b53a5f0d51e06dfd79?s=96&d=mm&r=g","contentUrl":"https:\/\/secure.gravatar.com\/avatar\/1d3fc949d550f0b53a5f0d51e06dfd79?s=96&d=mm&r=g","caption":"admin"},"url":"https:\/\/www.prijedordanas.com\/?author=1"}]}},"_links":{"self":[{"href":"https:\/\/www.prijedordanas.com\/index.php?rest_route=\/wp\/v2\/posts\/145517"}],"collection":[{"href":"https:\/\/www.prijedordanas.com\/index.php?rest_route=\/wp\/v2\/posts"}],"about":[{"href":"https:\/\/www.prijedordanas.com\/index.php?rest_route=\/wp\/v2\/types\/post"}],"author":[{"embeddable":true,"href":"https:\/\/www.prijedordanas.com\/index.php?rest_route=\/wp\/v2\/users\/1"}],"replies":[{"embeddable":true,"href":"https:\/\/www.prijedordanas.com\/index.php?rest_route=%2Fwp%2Fv2%2Fcomments&post=145517"}],"version-history":[{"count":1,"href":"https:\/\/www.prijedordanas.com\/index.php?rest_route=\/wp\/v2\/posts\/145517\/revisions"}],"predecessor-version":[{"id":145518,"href":"https:\/\/www.prijedordanas.com\/index.php?rest_route=\/wp\/v2\/posts\/145517\/revisions\/145518"}],"wp:attachment":[{"href":"https:\/\/www.prijedordanas.com\/index.php?rest_route=%2Fwp%2Fv2%2Fmedia&parent=145517"}],"wp:term":[{"taxonomy":"category","embeddable":true,"href":"https:\/\/www.prijedordanas.com\/index.php?rest_route=%2Fwp%2Fv2%2Fcategories&post=145517"},{"taxonomy":"post_tag","embeddable":true,"href":"https:\/\/www.prijedordanas.com\/index.php?rest_route=%2Fwp%2Fv2%2Ftags&post=145517"}],"curies":[{"name":"wp","href":"https:\/\/api.w.org\/{rel}","templated":true}]}}