{"id":145495,"date":"2020-04-13T14:08:29","date_gmt":"2020-04-13T12:08:29","guid":{"rendered":"https:\/\/www.prijedordanas.com\/?p=145495"},"modified":"2020-04-14T00:02:49","modified_gmt":"2020-04-13T22:02:49","slug":"ne-zna-kako-je-zarazena-domacica-65-iz-prijedora-ima-korona-virus","status":"publish","type":"post","link":"https:\/\/www.prijedordanas.com\/?p=145495","title":{"rendered":"Ne zna kako je zara\u017eena: Doma\u0107ica (65) iz Prijedora ima korona virus"},"content":{"rendered":"<p><a href=\"https:\/\/www.prijedordanas.com\/wp-content\/uploads\/2020\/04\/stab-12april-3.jpg\"><img loading=\"lazy\" decoding=\"async\" class=\"alignleft size-medium wp-image-145491\" src=\"https:\/\/www.prijedordanas.com\/wp-content\/uploads\/2020\/04\/stab-12april-3-300x222.jpg\" alt=\"\" width=\"300\" height=\"222\" srcset=\"https:\/\/www.prijedordanas.com\/wp-content\/uploads\/2020\/04\/stab-12april-3-300x222.jpg 300w, https:\/\/www.prijedordanas.com\/wp-content\/uploads\/2020\/04\/stab-12april-3.jpg 675w\" sizes=\"(max-width: 300px) 100vw, 300px\" \/><\/a>U Prijedoru je korona virusom zara\u017eena \u017eena (65) i ona je peta osoba iz ovog grada kod koje je potvr\u0111en virus.<\/p>\n<p>Gradona\u010delnik Prijedora Milenko \u0110akovi\u0107, nakon dana\u0161nje sjednice \u0160taba za vanredne situacije grada, saop\u0161tio je da nije poznato od koga je zara\u017eena ova Prijedor\u010dnaka. Prema dostupnim informacijama radi se o doma\u0107ici koja nije imala veliki broj kontakata u posljednjih desetak dana i nije se mnogo kretala. <\/p>\n<p>\u2013 Sada nemamo potpunu klini\u010dku sliku ove osobe koja je novozara\u017eena, ali svi njeni kontakti su tokom no\u0107i obra\u0111eni i izolovani, odnosno stavljeni u samoizolaciju \u2013 rekao je \u0110akovi\u0107.<\/p>\n<p>On je dodao da \u0107e se tek nakon \u0161to budu poznati rezultati testiranja ostalih njenih kontakata znati da li ju je zarazio neko od nih ko jo\u0161 ne zna da je zara\u017een korona virusom.<\/p>\n<p><a href=\"https:\/\/www.prijedordanas.com\/wp-content\/uploads\/2020\/04\/stab-12april-1.jpg\"><img loading=\"lazy\" decoding=\"async\" class=\"alignleft size-medium wp-image-145492\" src=\"https:\/\/www.prijedordanas.com\/wp-content\/uploads\/2020\/04\/stab-12april-1-300x222.jpg\" alt=\"\" width=\"300\" height=\"222\" srcset=\"https:\/\/www.prijedordanas.com\/wp-content\/uploads\/2020\/04\/stab-12april-1-300x222.jpg 300w, https:\/\/www.prijedordanas.com\/wp-content\/uploads\/2020\/04\/stab-12april-1.jpg 675w\" sizes=\"(max-width: 300px) 100vw, 300px\" \/><\/a>\u2013 Specifi\u010dna je situacija, svi su kontakti identifikovani, na prvi pregled niko nema eventualnu epidemiolo\u0161ku sliku da se mo\u017ee sumnjati da je zara\u017een, ali su odabrane osobe sa kojima je najvi\u0161e bila u kontaktu i oni \u0107e na testiranje. \u0160to se ti\u010de svega po opisu gospo\u0111e, djeluje opet jedna pojava kontakta sa osobom koja nema simptome, takozvana asimptomati\u010dna osoba \u2013 rekao je on.<\/p>\n<p>\u0110akovi\u0107 je naveo da se ova zara\u017eena Prijedor\u010danka ne mo\u017ee dovesti u vezi ni sa jednim od ranije zara\u017eenih Prijedor\u010dana.<\/p>\n<p>-Ponavlja se mi\u0161ljenje nadle\u017enih za ono \u0161to se trenutno de\u0161ava, zatvaraju se dotoci virusa iz inostranstva, sada se de\u0161ava lokalna razmjena virusa i to su naj\u010de\u0161\u0107e osobe koje nisu imale puno kontakata, ali najvjerovatnije su imali kontakt sa nekim ko je asimptomati\u010dan, ko nema nikakvih pokazatelja da je zara\u017een-rekao je on.<\/p>\n<p><a href=\"https:\/\/www.prijedordanas.com\/wp-content\/uploads\/2020\/04\/stab-12april-6.jpg\"><img loading=\"lazy\" decoding=\"async\" src=\"https:\/\/www.prijedordanas.com\/wp-content\/uploads\/2020\/04\/stab-12april-6-300x222.jpg\" alt=\"\" width=\"300\" height=\"222\" class=\"alignleft size-medium wp-image-145493\" srcset=\"https:\/\/www.prijedordanas.com\/wp-content\/uploads\/2020\/04\/stab-12april-6-300x222.jpg 300w, https:\/\/www.prijedordanas.com\/wp-content\/uploads\/2020\/04\/stab-12april-6.jpg 675w\" sizes=\"(max-width: 300px) 100vw, 300px\" \/><\/a>Pet zara\u017eeno, dvoje umrlo<\/p>\n<p>\u0110akovi\u0107 je objasnio da je od po\u010detka epidemije u Prijedoru korona virusom bilo zara\u017eeno pet osoba od kojih su dvije preminule. Zatim, zara\u017eena je medicinska sestra iz Ni\u0161evi\u0107a koja je radila u Banjaluci, te medicinski tehni\u010dar iz prijedorske Hitne slu\u017ebe.<\/p>\n<p>\u2013 Jedna osoba koja je radila kao medicinski radnik u Banjaluci je izlije\u010dena i otpu\u0161tena sa lije\u010denja. Osoba koja je zdravstveni radnik iz na\u0161e Hitne pomo\u0107i je u dobrom zdravstvenom stanju i u izolaciji je u bolnici, ali \u0107e vjerovatno pre\u0107i u Studenstki dom \u201cNikola Tesla\u201d u Banjaluci \u2013 rekao je on.<\/p>\n<p>\u0110akovi\u0107 je objasnio da osoba za koju je u subotu saop\u0161teno da je zara\u017eena korona virusom nije iz Prijedora.<\/p>\n<p>\u2013 Ve\u0107 tri mjeseca \u017eivi i radi u Banjaluci, ovdje su samo ostali dokumenti gdje je bila ranije prijavljena, uop\u0161te nije boravila u Prijedoru i sada se vodi kao banjalu\u010dki slu\u010daj \u2013 izjavio je \u0110akovi\u0107.<\/p>\n<p>Za vikend 33 prekr\u0161aja<\/p>\n<p>On ka\u017ee da su tokom vikenda raspu\u0161teni karantini u Sportskoj dvorani \u201cMladost\u201d i u Ma\u0161inskoj \u0161koli, jer su svi testirani bili negativni.<\/p>\n<p>\u2013 Trenutno je 101 osoba pod zdravstvenim nadzorom, 1.088 je iza\u0161lo iz zdravstvenog nadzora. Trenutno imamo 22 osobe u karantinu u Hotelu Prijedor, to su osobe koje nisu jo\u0161 testirane a to \u0107e se desiti u narednim danima. Oni koji su negativni su otpu\u0161teni iz Hotela, ali stavljeni su u ku\u0107nu izolaciju narednih 14 dana \u2013 izjavio je on.<\/p>\n<p>\u0110akovi\u0107 je istakao da su tokom vikenda \u010dak 33 osobe napravile prekr\u0161aje.<\/p>\n<p>\u2013 Tri osobe su preko 65 godina, a ve\u0107ina osoba je ka\u017enjena jer su poku\u0161ali pre\u0107i u druge lokalne zajednice na punktovima koje je policija postavila \u2013 ka\u017ee prvi \u010dovjek Prijedora.<\/p>\n<p>Rusi posjetili bolnicu<br \/>\n\u0110akovi\u0107 je naveo da je u toku je dezinfekcija karantina u Hotelu Prijedor kao i soba u kojima su boravile osobe koje su bile u karantinu.<\/p>\n<p>\u2013 Sve aktivnosti koje su nalo\u017eili Republi\u010dki i Gradski \u0161tabovi su realizovane i nastavljaju se dalje. Upoznati ste da je op\u0161ta dezinfekcija vr\u0161ena i u petak popodne i u subotu i sino\u0107, dezinfikovane su javne povr\u0161ine, ustanove i objekti i u kontinuitetu se dezinfikuju stambene zgrade \u2013 poru\u010dio je on.<\/p>\n<p>\u0110akovi\u0107 ka\u017ee da su ruski stru\u010dnjaci posjetili prijedorsku bolnicu \u201cDoktor Mladen Stojanovi\u0107\u201d te da se o\u010dekuje da je dezinfikuju danas ili sutra.<\/p>\n<p>On je poru\u010dio da je \u0160tab za vanredne situacije grada Prijedora produ\u017eio sve mjere do daljnjeg, te da \u0107e ih uskladiti sa vremenom trajanja koje utvrdi Republi\u010dki \u0161tab za vanredne situacije.<\/p>\n<p>EuroBlic-srpskainfo.com<\/p>\n","protected":false},"excerpt":{"rendered":"<p>U Prijedoru je korona virusom zara\u017eena \u017eena (65) i ona je peta osoba iz ovog grada kod koje je potvr\u0111en virus. Gradona\u010delnik Prijedora Milenko \u0110akovi\u0107, nakon dana\u0161nje sjednice \u0160taba za [&hellip;]<\/p>\n","protected":false},"author":1,"featured_media":0,"comment_status":"closed","ping_status":"open","sticky":false,"template":"","format":"standard","meta":{"_monsterinsights_skip_tracking":false,"_monsterinsights_sitenote_active":false,"_monsterinsights_sitenote_note":"","_monsterinsights_sitenote_category":0,"footnotes":""},"categories":[4],"tags":[11081],"yoast_head":"<!-- This site is optimized with the Yoast SEO plugin v21.6 - https:\/\/yoast.com\/wordpress\/plugins\/seo\/ -->\n<title>Ne zna kako je zara\u017eena: Doma\u0107ica (65) iz Prijedora ima korona virus - PrijedorDanas.com - Prijedorski gradski portal<\/title>\n<meta name=\"robots\" content=\"index, follow, max-snippet:-1, max-image-preview:large, max-video-preview:-1\" \/>\n<link rel=\"canonical\" href=\"https:\/\/www.prijedordanas.com\/?p=145495\" \/>\n<meta property=\"og:locale\" content=\"en_US\" \/>\n<meta property=\"og:type\" content=\"article\" \/>\n<meta property=\"og:title\" content=\"Ne zna kako je zara\u017eena: Doma\u0107ica (65) iz Prijedora ima korona virus - PrijedorDanas.com - Prijedorski gradski portal\" \/>\n<meta property=\"og:description\" content=\"U Prijedoru je korona virusom zara\u017eena \u017eena (65) i ona je peta osoba iz ovog grada kod koje je potvr\u0111en virus. Gradona\u010delnik Prijedora Milenko \u0110akovi\u0107, nakon dana\u0161nje sjednice \u0160taba za [&hellip;]\" \/>\n<meta property=\"og:url\" content=\"https:\/\/www.prijedordanas.com\/?p=145495\" \/>\n<meta property=\"og:site_name\" content=\"PrijedorDanas.com - Prijedorski gradski portal\" \/>\n<meta property=\"article:publisher\" content=\"https:\/\/www.facebook.com\/PrijedorDanasCom\/\" \/>\n<meta property=\"article:published_time\" content=\"2020-04-13T12:08:29+00:00\" \/>\n<meta property=\"article:modified_time\" content=\"2020-04-13T22:02:49+00:00\" \/>\n<meta property=\"og:image\" content=\"https:\/\/www.prijedordanas.com\/wp-content\/uploads\/2020\/04\/stab-12april-3-300x222.jpg\" \/>\n<meta name=\"author\" content=\"admin\" \/>\n<meta name=\"twitter:card\" content=\"summary_large_image\" \/>\n<meta name=\"twitter:label1\" content=\"Written by\" \/>\n\t<meta name=\"twitter:data1\" content=\"admin\" \/>\n\t<meta name=\"twitter:label2\" content=\"Est. reading time\" \/>\n\t<meta name=\"twitter:data2\" content=\"4 minutes\" \/>\n<script type=\"application\/ld+json\" class=\"yoast-schema-graph\">{\"@context\":\"https:\/\/schema.org\",\"@graph\":[{\"@type\":\"Article\",\"@id\":\"https:\/\/www.prijedordanas.com\/?p=145495#article\",\"isPartOf\":{\"@id\":\"https:\/\/www.prijedordanas.com\/?p=145495\"},\"author\":{\"name\":\"admin\",\"@id\":\"https:\/\/www.prijedordanas.com\/#\/schema\/person\/4e08ccf29b506ca916ff86d46bb700e6\"},\"headline\":\"Ne zna kako je zara\u017eena: Doma\u0107ica (65) iz Prijedora ima korona virus\",\"datePublished\":\"2020-04-13T12:08:29+00:00\",\"dateModified\":\"2020-04-13T22:02:49+00:00\",\"mainEntityOfPage\":{\"@id\":\"https:\/\/www.prijedordanas.com\/?p=145495\"},\"wordCount\":744,\"publisher\":{\"@id\":\"https:\/\/www.prijedordanas.com\/#organization\"},\"keywords\":[\"korona\"],\"articleSection\":[\"Dru\u0161tvo\"],\"inLanguage\":\"en-US\"},{\"@type\":\"WebPage\",\"@id\":\"https:\/\/www.prijedordanas.com\/?p=145495\",\"url\":\"https:\/\/www.prijedordanas.com\/?p=145495\",\"name\":\"Ne zna kako je zara\u017eena: Doma\u0107ica (65) iz Prijedora ima korona virus - PrijedorDanas.com - Prijedorski gradski portal\",\"isPartOf\":{\"@id\":\"https:\/\/www.prijedordanas.com\/#website\"},\"datePublished\":\"2020-04-13T12:08:29+00:00\",\"dateModified\":\"2020-04-13T22:02:49+00:00\",\"breadcrumb\":{\"@id\":\"https:\/\/www.prijedordanas.com\/?p=145495#breadcrumb\"},\"inLanguage\":\"en-US\",\"potentialAction\":[{\"@type\":\"ReadAction\",\"target\":[\"https:\/\/www.prijedordanas.com\/?p=145495\"]}]},{\"@type\":\"BreadcrumbList\",\"@id\":\"https:\/\/www.prijedordanas.com\/?p=145495#breadcrumb\",\"itemListElement\":[{\"@type\":\"ListItem\",\"position\":1,\"name\":\"Home\",\"item\":\"https:\/\/www.prijedordanas.com\/\"},{\"@type\":\"ListItem\",\"position\":2,\"name\":\"Ne zna kako je zara\u017eena: Doma\u0107ica (65) iz Prijedora ima korona virus\"}]},{\"@type\":\"WebSite\",\"@id\":\"https:\/\/www.prijedordanas.com\/#website\",\"url\":\"https:\/\/www.prijedordanas.com\/\",\"name\":\"PrijedorDanas.com - Prijedorski gradski portal\",\"description\":\"Portal o doga\u0111anjima u gradu Prijedoru\",\"publisher\":{\"@id\":\"https:\/\/www.prijedordanas.com\/#organization\"},\"potentialAction\":[{\"@type\":\"SearchAction\",\"target\":{\"@type\":\"EntryPoint\",\"urlTemplate\":\"https:\/\/www.prijedordanas.com\/?s={search_term_string}\"},\"query-input\":\"required name=search_term_string\"}],\"inLanguage\":\"en-US\"},{\"@type\":\"Organization\",\"@id\":\"https:\/\/www.prijedordanas.com\/#organization\",\"name\":\"PrijedorDanas.com\",\"url\":\"https:\/\/www.prijedordanas.com\/\",\"logo\":{\"@type\":\"ImageObject\",\"inLanguage\":\"en-US\",\"@id\":\"https:\/\/www.prijedordanas.com\/#\/schema\/logo\/image\/\",\"url\":\"http:\/\/www.prijedordanas.com\/wp-content\/uploads\/2021\/12\/logopng.png\",\"contentUrl\":\"http:\/\/www.prijedordanas.com\/wp-content\/uploads\/2021\/12\/logopng.png\",\"width\":1019,\"height\":776,\"caption\":\"PrijedorDanas.com\"},\"image\":{\"@id\":\"https:\/\/www.prijedordanas.com\/#\/schema\/logo\/image\/\"},\"sameAs\":[\"https:\/\/www.facebook.com\/PrijedorDanasCom\/\"]},{\"@type\":\"Person\",\"@id\":\"https:\/\/www.prijedordanas.com\/#\/schema\/person\/4e08ccf29b506ca916ff86d46bb700e6\",\"name\":\"admin\",\"image\":{\"@type\":\"ImageObject\",\"inLanguage\":\"en-US\",\"@id\":\"https:\/\/www.prijedordanas.com\/#\/schema\/person\/image\/\",\"url\":\"https:\/\/secure.gravatar.com\/avatar\/1d3fc949d550f0b53a5f0d51e06dfd79?s=96&d=mm&r=g\",\"contentUrl\":\"https:\/\/secure.gravatar.com\/avatar\/1d3fc949d550f0b53a5f0d51e06dfd79?s=96&d=mm&r=g\",\"caption\":\"admin\"},\"url\":\"https:\/\/www.prijedordanas.com\/?author=1\"}]}<\/script>\n<!-- \/ Yoast SEO plugin. -->","yoast_head_json":{"title":"Ne zna kako je zara\u017eena: Doma\u0107ica (65) iz Prijedora ima korona virus - PrijedorDanas.com - Prijedorski gradski portal","robots":{"index":"index","follow":"follow","max-snippet":"max-snippet:-1","max-image-preview":"max-image-preview:large","max-video-preview":"max-video-preview:-1"},"canonical":"https:\/\/www.prijedordanas.com\/?p=145495","og_locale":"en_US","og_type":"article","og_title":"Ne zna kako je zara\u017eena: Doma\u0107ica (65) iz Prijedora ima korona virus - PrijedorDanas.com - Prijedorski gradski portal","og_description":"U Prijedoru je korona virusom zara\u017eena \u017eena (65) i ona je peta osoba iz ovog grada kod koje je potvr\u0111en virus. Gradona\u010delnik Prijedora Milenko \u0110akovi\u0107, nakon dana\u0161nje sjednice \u0160taba za [&hellip;]","og_url":"https:\/\/www.prijedordanas.com\/?p=145495","og_site_name":"PrijedorDanas.com - Prijedorski gradski portal","article_publisher":"https:\/\/www.facebook.com\/PrijedorDanasCom\/","article_published_time":"2020-04-13T12:08:29+00:00","article_modified_time":"2020-04-13T22:02:49+00:00","og_image":[{"url":"https:\/\/www.prijedordanas.com\/wp-content\/uploads\/2020\/04\/stab-12april-3-300x222.jpg"}],"author":"admin","twitter_card":"summary_large_image","twitter_misc":{"Written by":"admin","Est. reading time":"4 minutes"},"schema":{"@context":"https:\/\/schema.org","@graph":[{"@type":"Article","@id":"https:\/\/www.prijedordanas.com\/?p=145495#article","isPartOf":{"@id":"https:\/\/www.prijedordanas.com\/?p=145495"},"author":{"name":"admin","@id":"https:\/\/www.prijedordanas.com\/#\/schema\/person\/4e08ccf29b506ca916ff86d46bb700e6"},"headline":"Ne zna kako je zara\u017eena: Doma\u0107ica (65) iz Prijedora ima korona virus","datePublished":"2020-04-13T12:08:29+00:00","dateModified":"2020-04-13T22:02:49+00:00","mainEntityOfPage":{"@id":"https:\/\/www.prijedordanas.com\/?p=145495"},"wordCount":744,"publisher":{"@id":"https:\/\/www.prijedordanas.com\/#organization"},"keywords":["korona"],"articleSection":["Dru\u0161tvo"],"inLanguage":"en-US"},{"@type":"WebPage","@id":"https:\/\/www.prijedordanas.com\/?p=145495","url":"https:\/\/www.prijedordanas.com\/?p=145495","name":"Ne zna kako je zara\u017eena: Doma\u0107ica (65) iz Prijedora ima korona virus - PrijedorDanas.com - Prijedorski gradski portal","isPartOf":{"@id":"https:\/\/www.prijedordanas.com\/#website"},"datePublished":"2020-04-13T12:08:29+00:00","dateModified":"2020-04-13T22:02:49+00:00","breadcrumb":{"@id":"https:\/\/www.prijedordanas.com\/?p=145495#breadcrumb"},"inLanguage":"en-US","potentialAction":[{"@type":"ReadAction","target":["https:\/\/www.prijedordanas.com\/?p=145495"]}]},{"@type":"BreadcrumbList","@id":"https:\/\/www.prijedordanas.com\/?p=145495#breadcrumb","itemListElement":[{"@type":"ListItem","position":1,"name":"Home","item":"https:\/\/www.prijedordanas.com\/"},{"@type":"ListItem","position":2,"name":"Ne zna kako je zara\u017eena: Doma\u0107ica (65) iz Prijedora ima korona virus"}]},{"@type":"WebSite","@id":"https:\/\/www.prijedordanas.com\/#website","url":"https:\/\/www.prijedordanas.com\/","name":"PrijedorDanas.com - Prijedorski gradski portal","description":"Portal o doga\u0111anjima u gradu Prijedoru","publisher":{"@id":"https:\/\/www.prijedordanas.com\/#organization"},"potentialAction":[{"@type":"SearchAction","target":{"@type":"EntryPoint","urlTemplate":"https:\/\/www.prijedordanas.com\/?s={search_term_string}"},"query-input":"required name=search_term_string"}],"inLanguage":"en-US"},{"@type":"Organization","@id":"https:\/\/www.prijedordanas.com\/#organization","name":"PrijedorDanas.com","url":"https:\/\/www.prijedordanas.com\/","logo":{"@type":"ImageObject","inLanguage":"en-US","@id":"https:\/\/www.prijedordanas.com\/#\/schema\/logo\/image\/","url":"http:\/\/www.prijedordanas.com\/wp-content\/uploads\/2021\/12\/logopng.png","contentUrl":"http:\/\/www.prijedordanas.com\/wp-content\/uploads\/2021\/12\/logopng.png","width":1019,"height":776,"caption":"PrijedorDanas.com"},"image":{"@id":"https:\/\/www.prijedordanas.com\/#\/schema\/logo\/image\/"},"sameAs":["https:\/\/www.facebook.com\/PrijedorDanasCom\/"]},{"@type":"Person","@id":"https:\/\/www.prijedordanas.com\/#\/schema\/person\/4e08ccf29b506ca916ff86d46bb700e6","name":"admin","image":{"@type":"ImageObject","inLanguage":"en-US","@id":"https:\/\/www.prijedordanas.com\/#\/schema\/person\/image\/","url":"https:\/\/secure.gravatar.com\/avatar\/1d3fc949d550f0b53a5f0d51e06dfd79?s=96&d=mm&r=g","contentUrl":"https:\/\/secure.gravatar.com\/avatar\/1d3fc949d550f0b53a5f0d51e06dfd79?s=96&d=mm&r=g","caption":"admin"},"url":"https:\/\/www.prijedordanas.com\/?author=1"}]}},"_links":{"self":[{"href":"https:\/\/www.prijedordanas.com\/index.php?rest_route=\/wp\/v2\/posts\/145495"}],"collection":[{"href":"https:\/\/www.prijedordanas.com\/index.php?rest_route=\/wp\/v2\/posts"}],"about":[{"href":"https:\/\/www.prijedordanas.com\/index.php?rest_route=\/wp\/v2\/types\/post"}],"author":[{"embeddable":true,"href":"https:\/\/www.prijedordanas.com\/index.php?rest_route=\/wp\/v2\/users\/1"}],"replies":[{"embeddable":true,"href":"https:\/\/www.prijedordanas.com\/index.php?rest_route=%2Fwp%2Fv2%2Fcomments&post=145495"}],"version-history":[{"count":5,"href":"https:\/\/www.prijedordanas.com\/index.php?rest_route=\/wp\/v2\/posts\/145495\/revisions"}],"predecessor-version":[{"id":145533,"href":"https:\/\/www.prijedordanas.com\/index.php?rest_route=\/wp\/v2\/posts\/145495\/revisions\/145533"}],"wp:attachment":[{"href":"https:\/\/www.prijedordanas.com\/index.php?rest_route=%2Fwp%2Fv2%2Fmedia&parent=145495"}],"wp:term":[{"taxonomy":"category","embeddable":true,"href":"https:\/\/www.prijedordanas.com\/index.php?rest_route=%2Fwp%2Fv2%2Fcategories&post=145495"},{"taxonomy":"post_tag","embeddable":true,"href":"https:\/\/www.prijedordanas.com\/index.php?rest_route=%2Fwp%2Fv2%2Ftags&post=145495"}],"curies":[{"name":"wp","href":"https:\/\/api.w.org\/{rel}","templated":true}]}}