{"id":145429,"date":"2020-04-12T09:58:34","date_gmt":"2020-04-12T07:58:34","guid":{"rendered":"https:\/\/www.prijedordanas.com\/?p=145429"},"modified":"2020-04-12T09:58:34","modified_gmt":"2020-04-12T07:58:34","slug":"izvrsitelji-upali-halidu-muslimovicu-u-kucu-a-onda-se-desilo-neocekivano","status":"publish","type":"post","link":"https:\/\/www.prijedordanas.com\/?p=145429","title":{"rendered":"Izvr\u0161itelji upali Halidu Muslimovi\u0107u u ku\u0107u, a onda se desilo neo\u010dekivano"},"content":{"rendered":"<p><a href=\"https:\/\/www.prijedordanas.com\/wp-content\/uploads\/2020\/04\/halid-foto-josida.jpg\"><img loading=\"lazy\" decoding=\"async\" src=\"https:\/\/www.prijedordanas.com\/wp-content\/uploads\/2020\/04\/halid-foto-josida-300x222.jpg\" alt=\"\" width=\"300\" height=\"222\" class=\"alignleft size-medium wp-image-145431\" srcset=\"https:\/\/www.prijedordanas.com\/wp-content\/uploads\/2020\/04\/halid-foto-josida-300x222.jpg 300w, https:\/\/www.prijedordanas.com\/wp-content\/uploads\/2020\/04\/halid-foto-josida.jpg 675w\" sizes=\"(max-width: 300px) 100vw, 300px\" \/><\/a>Pjeva\u010du Halidu Muslimovi\u0107u, kako pi\u0161u srbijanski mediji, sudski izvr\u0161itelji su htjeli 6. februara da oduzmu pokretnu i nepokretnu imovinu da bi na taj na\u010din isplatili njegov dug prema Erminu Erku Elezovi\u0107u od 32.500 eura.<\/p>\n<p>Me\u0111utim, kako Kurir.rs pi\u0161e postupak je bio neuspje\u0161an jer pjeva\u010d u svom domu u Prijedoru nema nikakvu imovinu.<\/p>\n<p>\u2013 Kod Osnovnog suda u Prijedoru u toku je izvr\u0161ni postupak tra\u017eioca izvr\u0161enja Elezovi\u0107 Ermina iz Jagodine protiv izvr\u0161enika Halida Muslimovi\u0107a iz Prijedora radi naplate nov\u010danog potra\u017eivanja. Obavje\u0161tava se tra\u017eilac izvr\u0161enja (Ermin) da prilikom izlaska na lice mjesta sudski izvr\u0161ilac nije na\u0161ao pokretne stvari koje mogu biti predmet zaplijene. Tra\u017eilac izvr\u0161enja mo\u017ee u roku od tri mjeseca da predlo\u017ei ponovno sprovo\u0111enje pljenidbe tako \u0161to \u0107e predlo\u017eiti novi predmet i sredstvo izvr\u0161enja \u2013 stoji u zaklju\u010dku sudije Vanje Mehad\u017ei\u0107.<\/p>\n<p>Podsjetimo, sudski spor izme\u0111u Elezovi\u0107a i Muslimovi\u0107a datira iz 1992. godine kada su njih dvojica sklopili saradnju u objavljivanju muzi\u010dkog albuma za Halidovu izdava\u010dku ku\u0107u \u201eHaliks\u201c.<\/p>\n<p>Ermin je uplatio neophodna sredstva po ugovoru, ali pjeva\u010d navodno nikada nije ispo\u0161tovao svoj dio dogovora. Zbog toga je Elezovi\u0107 podnio tu\u017ebu, a Apelacioni sud je presudio da je Muslimovi\u0107 du\u017ean da mu plati 32.500 eura od\u0161tete. Halid je to uporno izbjegavao, pa je Ermin zatra\u017eio da mu se zaplijeni imovina i tako naplati svoje potra\u017eivanje.<\/p>\n<p>Kako pi\u0161e gorepomenuti list, Halid Muslimovi\u0107 je nedavno ugasio izdava\u010dku ku\u0107u \u201eHaliks\u201c, iako je ona odli\u010dno poslovala.<\/p>\n<p>Halid je jednom prilike za medije istakao da je cijela pri\u010da izmi\u0161ljena od strane Ermina Elezovi\u0107a.<\/p>\n<p>\u2013 Ma, kakvo oduzimanje imovine? Ermin Elezovi\u0107 la\u017ee i blefira. \u010covjek mi duguje pare koje sam pozajmio kad je meni bilo najte\u017ee, za vrijeme rata. Sud je prihvatio neke stvari koje nemaju veze s tim postupkom. Bio sam nemo\u0107an u Jagodini i oni su radili \u0161ta su htjeli. Do\u0161lo je do toga da oni to ne mogu realizovati. On je jedan obi\u010dan krpelj, le\u0161inar, la\u017ee \u2013 rekao je Halid za Avaz.<\/p>\n<p>expresstabloid.ba<\/p>\n","protected":false},"excerpt":{"rendered":"<p>Pjeva\u010du Halidu Muslimovi\u0107u, kako pi\u0161u srbijanski mediji, sudski izvr\u0161itelji su htjeli 6. februara da oduzmu pokretnu i nepokretnu imovinu da bi na taj na\u010din isplatili njegov dug prema Erminu Erku [&hellip;]<\/p>\n","protected":false},"author":1,"featured_media":0,"comment_status":"closed","ping_status":"open","sticky":false,"template":"","format":"standard","meta":{"_monsterinsights_skip_tracking":false,"_monsterinsights_sitenote_active":false,"_monsterinsights_sitenote_note":"","_monsterinsights_sitenote_category":0,"footnotes":""},"categories":[3],"tags":[2878],"yoast_head":"<!-- This site is optimized with the Yoast SEO plugin v21.6 - https:\/\/yoast.com\/wordpress\/plugins\/seo\/ -->\n<title>Izvr\u0161itelji upali Halidu Muslimovi\u0107u u ku\u0107u, a onda se desilo neo\u010dekivano - PrijedorDanas.com - Prijedorski gradski portal<\/title>\n<meta name=\"robots\" content=\"index, follow, max-snippet:-1, max-image-preview:large, max-video-preview:-1\" \/>\n<link rel=\"canonical\" href=\"https:\/\/www.prijedordanas.com\/?p=145429\" \/>\n<meta property=\"og:locale\" content=\"en_US\" \/>\n<meta property=\"og:type\" content=\"article\" \/>\n<meta property=\"og:title\" content=\"Izvr\u0161itelji upali Halidu Muslimovi\u0107u u ku\u0107u, a onda se desilo neo\u010dekivano - PrijedorDanas.com - Prijedorski gradski portal\" \/>\n<meta property=\"og:description\" content=\"Pjeva\u010du Halidu Muslimovi\u0107u, kako pi\u0161u srbijanski mediji, sudski izvr\u0161itelji su htjeli 6. februara da oduzmu pokretnu i nepokretnu imovinu da bi na taj na\u010din isplatili njegov dug prema Erminu Erku [&hellip;]\" \/>\n<meta property=\"og:url\" content=\"https:\/\/www.prijedordanas.com\/?p=145429\" \/>\n<meta property=\"og:site_name\" content=\"PrijedorDanas.com - Prijedorski gradski portal\" \/>\n<meta property=\"article:publisher\" content=\"https:\/\/www.facebook.com\/PrijedorDanasCom\/\" \/>\n<meta property=\"article:published_time\" content=\"2020-04-12T07:58:34+00:00\" \/>\n<meta property=\"og:image\" content=\"https:\/\/www.prijedordanas.com\/wp-content\/uploads\/2020\/04\/halid-foto-josida-300x222.jpg\" \/>\n<meta name=\"author\" content=\"admin\" \/>\n<meta name=\"twitter:card\" content=\"summary_large_image\" \/>\n<meta name=\"twitter:label1\" content=\"Written by\" \/>\n\t<meta name=\"twitter:data1\" content=\"admin\" \/>\n\t<meta name=\"twitter:label2\" content=\"Est. reading time\" \/>\n\t<meta name=\"twitter:data2\" content=\"2 minutes\" \/>\n<script type=\"application\/ld+json\" class=\"yoast-schema-graph\">{\"@context\":\"https:\/\/schema.org\",\"@graph\":[{\"@type\":\"Article\",\"@id\":\"https:\/\/www.prijedordanas.com\/?p=145429#article\",\"isPartOf\":{\"@id\":\"https:\/\/www.prijedordanas.com\/?p=145429\"},\"author\":{\"name\":\"admin\",\"@id\":\"https:\/\/www.prijedordanas.com\/#\/schema\/person\/4e08ccf29b506ca916ff86d46bb700e6\"},\"headline\":\"Izvr\u0161itelji upali Halidu Muslimovi\u0107u u ku\u0107u, a onda se desilo neo\u010dekivano\",\"datePublished\":\"2020-04-12T07:58:34+00:00\",\"dateModified\":\"2020-04-12T07:58:34+00:00\",\"mainEntityOfPage\":{\"@id\":\"https:\/\/www.prijedordanas.com\/?p=145429\"},\"wordCount\":382,\"publisher\":{\"@id\":\"https:\/\/www.prijedordanas.com\/#organization\"},\"keywords\":[\"Halid Muslimovi\u0107\"],\"articleSection\":[\"\u017divot\"],\"inLanguage\":\"en-US\"},{\"@type\":\"WebPage\",\"@id\":\"https:\/\/www.prijedordanas.com\/?p=145429\",\"url\":\"https:\/\/www.prijedordanas.com\/?p=145429\",\"name\":\"Izvr\u0161itelji upali Halidu Muslimovi\u0107u u ku\u0107u, a onda se desilo neo\u010dekivano - PrijedorDanas.com - Prijedorski gradski portal\",\"isPartOf\":{\"@id\":\"https:\/\/www.prijedordanas.com\/#website\"},\"datePublished\":\"2020-04-12T07:58:34+00:00\",\"dateModified\":\"2020-04-12T07:58:34+00:00\",\"breadcrumb\":{\"@id\":\"https:\/\/www.prijedordanas.com\/?p=145429#breadcrumb\"},\"inLanguage\":\"en-US\",\"potentialAction\":[{\"@type\":\"ReadAction\",\"target\":[\"https:\/\/www.prijedordanas.com\/?p=145429\"]}]},{\"@type\":\"BreadcrumbList\",\"@id\":\"https:\/\/www.prijedordanas.com\/?p=145429#breadcrumb\",\"itemListElement\":[{\"@type\":\"ListItem\",\"position\":1,\"name\":\"Home\",\"item\":\"https:\/\/www.prijedordanas.com\/\"},{\"@type\":\"ListItem\",\"position\":2,\"name\":\"Izvr\u0161itelji upali Halidu Muslimovi\u0107u u ku\u0107u, a onda se desilo neo\u010dekivano\"}]},{\"@type\":\"WebSite\",\"@id\":\"https:\/\/www.prijedordanas.com\/#website\",\"url\":\"https:\/\/www.prijedordanas.com\/\",\"name\":\"PrijedorDanas.com - Prijedorski gradski portal\",\"description\":\"Portal o doga\u0111anjima u gradu Prijedoru\",\"publisher\":{\"@id\":\"https:\/\/www.prijedordanas.com\/#organization\"},\"potentialAction\":[{\"@type\":\"SearchAction\",\"target\":{\"@type\":\"EntryPoint\",\"urlTemplate\":\"https:\/\/www.prijedordanas.com\/?s={search_term_string}\"},\"query-input\":\"required name=search_term_string\"}],\"inLanguage\":\"en-US\"},{\"@type\":\"Organization\",\"@id\":\"https:\/\/www.prijedordanas.com\/#organization\",\"name\":\"PrijedorDanas.com\",\"url\":\"https:\/\/www.prijedordanas.com\/\",\"logo\":{\"@type\":\"ImageObject\",\"inLanguage\":\"en-US\",\"@id\":\"https:\/\/www.prijedordanas.com\/#\/schema\/logo\/image\/\",\"url\":\"http:\/\/www.prijedordanas.com\/wp-content\/uploads\/2021\/12\/logopng.png\",\"contentUrl\":\"http:\/\/www.prijedordanas.com\/wp-content\/uploads\/2021\/12\/logopng.png\",\"width\":1019,\"height\":776,\"caption\":\"PrijedorDanas.com\"},\"image\":{\"@id\":\"https:\/\/www.prijedordanas.com\/#\/schema\/logo\/image\/\"},\"sameAs\":[\"https:\/\/www.facebook.com\/PrijedorDanasCom\/\"]},{\"@type\":\"Person\",\"@id\":\"https:\/\/www.prijedordanas.com\/#\/schema\/person\/4e08ccf29b506ca916ff86d46bb700e6\",\"name\":\"admin\",\"image\":{\"@type\":\"ImageObject\",\"inLanguage\":\"en-US\",\"@id\":\"https:\/\/www.prijedordanas.com\/#\/schema\/person\/image\/\",\"url\":\"https:\/\/secure.gravatar.com\/avatar\/1d3fc949d550f0b53a5f0d51e06dfd79?s=96&d=mm&r=g\",\"contentUrl\":\"https:\/\/secure.gravatar.com\/avatar\/1d3fc949d550f0b53a5f0d51e06dfd79?s=96&d=mm&r=g\",\"caption\":\"admin\"},\"url\":\"https:\/\/www.prijedordanas.com\/?author=1\"}]}<\/script>\n<!-- \/ Yoast SEO plugin. -->","yoast_head_json":{"title":"Izvr\u0161itelji upali Halidu Muslimovi\u0107u u ku\u0107u, a onda se desilo neo\u010dekivano - PrijedorDanas.com - Prijedorski gradski portal","robots":{"index":"index","follow":"follow","max-snippet":"max-snippet:-1","max-image-preview":"max-image-preview:large","max-video-preview":"max-video-preview:-1"},"canonical":"https:\/\/www.prijedordanas.com\/?p=145429","og_locale":"en_US","og_type":"article","og_title":"Izvr\u0161itelji upali Halidu Muslimovi\u0107u u ku\u0107u, a onda se desilo neo\u010dekivano - PrijedorDanas.com - Prijedorski gradski portal","og_description":"Pjeva\u010du Halidu Muslimovi\u0107u, kako pi\u0161u srbijanski mediji, sudski izvr\u0161itelji su htjeli 6. februara da oduzmu pokretnu i nepokretnu imovinu da bi na taj na\u010din isplatili njegov dug prema Erminu Erku [&hellip;]","og_url":"https:\/\/www.prijedordanas.com\/?p=145429","og_site_name":"PrijedorDanas.com - Prijedorski gradski portal","article_publisher":"https:\/\/www.facebook.com\/PrijedorDanasCom\/","article_published_time":"2020-04-12T07:58:34+00:00","og_image":[{"url":"https:\/\/www.prijedordanas.com\/wp-content\/uploads\/2020\/04\/halid-foto-josida-300x222.jpg"}],"author":"admin","twitter_card":"summary_large_image","twitter_misc":{"Written by":"admin","Est. reading time":"2 minutes"},"schema":{"@context":"https:\/\/schema.org","@graph":[{"@type":"Article","@id":"https:\/\/www.prijedordanas.com\/?p=145429#article","isPartOf":{"@id":"https:\/\/www.prijedordanas.com\/?p=145429"},"author":{"name":"admin","@id":"https:\/\/www.prijedordanas.com\/#\/schema\/person\/4e08ccf29b506ca916ff86d46bb700e6"},"headline":"Izvr\u0161itelji upali Halidu Muslimovi\u0107u u ku\u0107u, a onda se desilo neo\u010dekivano","datePublished":"2020-04-12T07:58:34+00:00","dateModified":"2020-04-12T07:58:34+00:00","mainEntityOfPage":{"@id":"https:\/\/www.prijedordanas.com\/?p=145429"},"wordCount":382,"publisher":{"@id":"https:\/\/www.prijedordanas.com\/#organization"},"keywords":["Halid Muslimovi\u0107"],"articleSection":["\u017divot"],"inLanguage":"en-US"},{"@type":"WebPage","@id":"https:\/\/www.prijedordanas.com\/?p=145429","url":"https:\/\/www.prijedordanas.com\/?p=145429","name":"Izvr\u0161itelji upali Halidu Muslimovi\u0107u u ku\u0107u, a onda se desilo neo\u010dekivano - PrijedorDanas.com - Prijedorski gradski portal","isPartOf":{"@id":"https:\/\/www.prijedordanas.com\/#website"},"datePublished":"2020-04-12T07:58:34+00:00","dateModified":"2020-04-12T07:58:34+00:00","breadcrumb":{"@id":"https:\/\/www.prijedordanas.com\/?p=145429#breadcrumb"},"inLanguage":"en-US","potentialAction":[{"@type":"ReadAction","target":["https:\/\/www.prijedordanas.com\/?p=145429"]}]},{"@type":"BreadcrumbList","@id":"https:\/\/www.prijedordanas.com\/?p=145429#breadcrumb","itemListElement":[{"@type":"ListItem","position":1,"name":"Home","item":"https:\/\/www.prijedordanas.com\/"},{"@type":"ListItem","position":2,"name":"Izvr\u0161itelji upali Halidu Muslimovi\u0107u u ku\u0107u, a onda se desilo neo\u010dekivano"}]},{"@type":"WebSite","@id":"https:\/\/www.prijedordanas.com\/#website","url":"https:\/\/www.prijedordanas.com\/","name":"PrijedorDanas.com - Prijedorski gradski portal","description":"Portal o doga\u0111anjima u gradu Prijedoru","publisher":{"@id":"https:\/\/www.prijedordanas.com\/#organization"},"potentialAction":[{"@type":"SearchAction","target":{"@type":"EntryPoint","urlTemplate":"https:\/\/www.prijedordanas.com\/?s={search_term_string}"},"query-input":"required name=search_term_string"}],"inLanguage":"en-US"},{"@type":"Organization","@id":"https:\/\/www.prijedordanas.com\/#organization","name":"PrijedorDanas.com","url":"https:\/\/www.prijedordanas.com\/","logo":{"@type":"ImageObject","inLanguage":"en-US","@id":"https:\/\/www.prijedordanas.com\/#\/schema\/logo\/image\/","url":"http:\/\/www.prijedordanas.com\/wp-content\/uploads\/2021\/12\/logopng.png","contentUrl":"http:\/\/www.prijedordanas.com\/wp-content\/uploads\/2021\/12\/logopng.png","width":1019,"height":776,"caption":"PrijedorDanas.com"},"image":{"@id":"https:\/\/www.prijedordanas.com\/#\/schema\/logo\/image\/"},"sameAs":["https:\/\/www.facebook.com\/PrijedorDanasCom\/"]},{"@type":"Person","@id":"https:\/\/www.prijedordanas.com\/#\/schema\/person\/4e08ccf29b506ca916ff86d46bb700e6","name":"admin","image":{"@type":"ImageObject","inLanguage":"en-US","@id":"https:\/\/www.prijedordanas.com\/#\/schema\/person\/image\/","url":"https:\/\/secure.gravatar.com\/avatar\/1d3fc949d550f0b53a5f0d51e06dfd79?s=96&d=mm&r=g","contentUrl":"https:\/\/secure.gravatar.com\/avatar\/1d3fc949d550f0b53a5f0d51e06dfd79?s=96&d=mm&r=g","caption":"admin"},"url":"https:\/\/www.prijedordanas.com\/?author=1"}]}},"_links":{"self":[{"href":"https:\/\/www.prijedordanas.com\/index.php?rest_route=\/wp\/v2\/posts\/145429"}],"collection":[{"href":"https:\/\/www.prijedordanas.com\/index.php?rest_route=\/wp\/v2\/posts"}],"about":[{"href":"https:\/\/www.prijedordanas.com\/index.php?rest_route=\/wp\/v2\/types\/post"}],"author":[{"embeddable":true,"href":"https:\/\/www.prijedordanas.com\/index.php?rest_route=\/wp\/v2\/users\/1"}],"replies":[{"embeddable":true,"href":"https:\/\/www.prijedordanas.com\/index.php?rest_route=%2Fwp%2Fv2%2Fcomments&post=145429"}],"version-history":[{"count":1,"href":"https:\/\/www.prijedordanas.com\/index.php?rest_route=\/wp\/v2\/posts\/145429\/revisions"}],"predecessor-version":[{"id":145432,"href":"https:\/\/www.prijedordanas.com\/index.php?rest_route=\/wp\/v2\/posts\/145429\/revisions\/145432"}],"wp:attachment":[{"href":"https:\/\/www.prijedordanas.com\/index.php?rest_route=%2Fwp%2Fv2%2Fmedia&parent=145429"}],"wp:term":[{"taxonomy":"category","embeddable":true,"href":"https:\/\/www.prijedordanas.com\/index.php?rest_route=%2Fwp%2Fv2%2Fcategories&post=145429"},{"taxonomy":"post_tag","embeddable":true,"href":"https:\/\/www.prijedordanas.com\/index.php?rest_route=%2Fwp%2Fv2%2Ftags&post=145429"}],"curies":[{"name":"wp","href":"https:\/\/api.w.org\/{rel}","templated":true}]}}